{"id":6785,"date":"2023-07-14T14:32:32","date_gmt":"2023-07-14T12:32:32","guid":{"rendered":"http:\/\/www.frederic-poitou.com\/blog\/?p=6785"},"modified":"2026-04-20T23:57:35","modified_gmt":"2026-04-20T21:57:35","slug":"lecologie-une-valeur-de-droite-bien-sur","status":"publish","type":"post","link":"http:\/\/www.frederic-poitou.com\/blog\/lecologie-une-valeur-de-droite-bien-sur\/","title":{"rendered":"SI L&rsquo;\u00c9COLOGIE \u00c9TAIT UNE VALEUR DE GAUCHE, \u00c7A SE SAURAIT."},"content":{"rendered":"<p><b>C\u2019est la Ministre qui aura le dernier mot !<\/b><\/p>\n<p>L\u2019avenir de l\u2019usine de Gardanne est d\u00e9sormais suspendu \u00e0 la d\u00e9cision de la Ministre de l\u2019environnement, et plus largement du gouvernement.<\/p>\n<p>Contre toute attente, la commission d\u2019enqu\u00eate publique, appuy\u00e9e par l\u2019ensemble des maires des communes\u00a0 concern\u00e9es (avec \u00e0 leur t\u00eate Roger Me\u00ef, maire PC de Gardanne, et de mani\u00e8re plus surprenante le d\u00e9put\u00e9 EELV Fran\u00e7ois-Michel Lambert), \u00e0 rendu un avis favorable \u00e0 la prorogation de l\u2019autorisation conc\u00e9d\u00e9e \u00e0 l\u2019usine Peychiney de rejet des boues rouges au large de Cassis.<\/p>\n<p>Certes, ce n\u2019est qu\u2019un avis consultatif, et on peut se demander quels arguments ont \u00e9t\u00e9 utilis\u00e9s par l\u2019usine Alt\u00e9o-Pechiney pour obtenir un tel r\u00e9sultat, mais c\u2019est finalement le pr\u00e9fet qui aura le dernier mot, en conclusion d\u2019une s\u00e9quence \u00e0 l\u2019occasion de laquelle les enjeux \u00e9conomiques, sociaux, mais surtout politiques (700 emplois concern\u00e9s), ont pris le pas sur la pr\u00e9servation de l\u2019environnement.<\/p>\n<p>Seul un \u00e9lu s\u2019est fortement oppos\u00e9 \u00e0 cette extension d\u2019autorisation, c\u2019est Patrick Bor\u00e9 (maire LR de la Ciotat), mettant en avant la r\u00e9alit\u00e9 inqui\u00e9tante de la situation pour l\u2019environnement marin au large de sa commune (situ\u00e9e sur le territoire d\u2019un parc r\u00e9gional des Calanques \u00e0 l\u2019Est de Marseille)\u00a0 :<\/p>\n<ul>\n<li>rejet de m\u00e9taux lourds Zinc, Plomb, Arsenic, Chrome, Vanadium et Plomb de l\u2019ordre de 25000 tonnes\/an\u00a0 avec pour cons\u00e9quence directe un apport annuel de 2 tonnes d\u2019Arsenic, 8 tonnes de Nickel, 6 tonnes de Cuivre, mais surtout 16 tonnes de Plomb, et 320 tonnes de Chrome dans leurs \u00e9tats purs)<\/li>\n<\/ul>\n<p>Mais Patrick Bor\u00e9 rappelle aussi &#8211; et c\u2019est le plus int\u00e9ressant :<\/p>\n<ul>\n<li>que le groupe Pechiney avait b\u00e9n\u00e9fici\u00e9 de subventions \u00e0 hauteur de 15 millions \u20ac qui lui avaient permis de d\u00e9velopper un proc\u00e9d\u00e9 qui permet de diviser par 5 le tonnage annuel et am\u00e9liorer le traitement des boues, ramenant pratiquement \u00e0 z\u00e9ro le volume de rejet via un proc\u00e9d\u00e9 qui les revalorise en mat\u00e9riaux de construction.<\/li>\n<li>que la p\u00eache en zone c\u00f4ti\u00e8re repr\u00e9sente aussi un gisement de 2000 emplois directs,<\/li>\n<li>que l\u2019enqu\u00eate \u00e9pid\u00e9miologique avait aussi relev\u00e9 le lien de causalit\u00e9 avec les cancers de la pl\u00e8vre identifi\u00e9s chez les anciens employ\u00e9s des chantiers navals situ\u00e9s sur sa commune.<\/li>\n<\/ul>\n<p>On voit donc bien l\u2019opposition entre les int\u00e9r\u00eats d\u2019opportunit\u00e9 plus que r\u00e9ellement politiques ou sociaux entre des maires et un d\u00e9put\u00e9, pr\u00eats \u00e0 instrumentaliser la situation pour des int\u00e9r\u00eats \u00e9lectoralistes, la r\u00e9alit\u00e9 d\u2019une situation \u00e9cologique tr\u00e8s pr\u00e9occupante, la difficult\u00e9 de r\u00e9sister aux pressions exerc\u00e9es par le groupe Pechiney sur l\u2019ex\u00e9cutif, les m\u00e9dias, les scientifiques et la population locale, et le courage d\u2019un maire qui, seul contre tous, soutient l\u2019int\u00e9r\u00eat g\u00e9n\u00e9ral.<\/p>\n<p>Quant \u00e0 l\u2019usine Alt\u00e9o Pechiney, c\u2019est de mani\u00e8re tr\u00e8s peu convaincante qu\u2019elle menace l\u2019usine de fermeture en Janvier prochain dans l\u2019hypoth\u00e8se du refus d\u2019extension de son autorisation de rejet.<\/p>\n<p>C\u2019est donc la Ministre qui d\u00e9cidera, et ses d\u00e9claration au micro de France Inter le 24 Novembre semblent laisser esp\u00e9rer une conclusion favorable qu\u2019elle pourrait imposer au Pr\u00e9fet, contre les avis \u00e9mis par la commission d\u2019enqu\u00eate :\u00a0 \u00abActuellement, je lutte pour arr\u00eater les rejets de boues rouges en M\u00e9diterran\u00e9e par une entreprise qui a eu vingt ans d&rsquo;autorisation de polluer, a d\u00e9clar\u00e9 S\u00e9gol\u00e8ne Royal. Aujourd&rsquo;hui, on me demande de reconduire cette autorisation et je dis non.\u00a0\u00bb Elle ose m\u00eame d\u00e9noncer \u00ab\u00a0le chantage (\u00e0 l&#8217;emploi, Alteo compte quelque 700 emplois directs et indirects, Ndlr) qui est \u00e9mis par une entreprise qui, en plus, a re\u00e7u des fonds publics et qui continuerait \u00e0 rejeter des m\u00e9taux lourds, radioactifs, en M\u00e9diterran\u00e9e\u00a0\u00bb.<\/p>\n<p>Gageons qu\u2019elle aura le courage de maintenir cette position d\u00e9termin\u00e9e et r\u00e9ellement \u00e9cologiste. L\u2019usine Alt\u00e9o Pechiney sera alors contrainte de cesser toute forme de rejet marin. Ce serait un pr\u00e9c\u00e9dent qui pourrait faire fonction de jurisprudence politique pour d\u2019autres situations semblables en France, comme en Europe.<\/p>\n<p><a href=\"http:\/\/www.frederic-poitou.com\/boues-rouges-abstract.pdf\" target=\"_blank\" rel=\"noopener noreferrer\">T\u00e9l\u00e9charger le document dans son int\u00e9gralit\u00e9 (format pdf)<\/a><\/p>\n","protected":false},"excerpt":{"rendered":"<p>C\u2019est la Ministre qui aura le dernier mot ! L\u2019avenir de l\u2019usine de Gardanne est d\u00e9sormais suspendu \u00e0 la d\u00e9cision de la Ministre de l\u2019environnement, et plus largement du gouvernement. Contre toute attente, la commission d\u2019enqu\u00eate publique, appuy\u00e9e par l\u2019ensemble &hellip; <a href=\"http:\/\/www.frederic-poitou.com\/blog\/lecologie-une-valeur-de-droite-bien-sur\/\">Lire la suite\u00ad\u00ad<\/a><\/p>\n","protected":false},"author":4,"featured_media":6786,"comment_status":"closed","ping_status":"closed","sticky":false,"template":"","format":"standard","meta":{"kt_blocks_editor_width":"","_exactmetrics_skip_tracking":false,"_exactmetrics_sitenote_active":false,"_exactmetrics_sitenote_note":"","_exactmetrics_sitenote_category":0,"footnotes":""},"categories":[53,51],"tags":[],"class_list":["post-6785","post","type-post","status-publish","format-standard","has-post-thumbnail","hentry","category-ecologie","category-politique"],"yoast_head":"<!-- This site is optimized with the Yoast SEO plugin v27.1.1 - https:\/\/yoast.com\/product\/yoast-seo-wordpress\/ -->\n<title>SI L&#039;\u00c9COLOGIE \u00c9TAIT UNE VALEUR DE GAUCHE, \u00c7A SE SAURAIT. -<\/title>\n<meta name=\"robots\" content=\"index, follow, max-snippet:-1, max-image-preview:large, max-video-preview:-1\" \/>\n<link rel=\"canonical\" href=\"http:\/\/www.frederic-poitou.com\/blog\/lecologie-une-valeur-de-droite-bien-sur\/\" \/>\n<meta property=\"og:locale\" content=\"fr_FR\" \/>\n<meta property=\"og:type\" content=\"article\" \/>\n<meta property=\"og:title\" content=\"SI L&#039;\u00c9COLOGIE \u00c9TAIT UNE VALEUR DE GAUCHE, \u00c7A SE SAURAIT. -\" \/>\n<meta property=\"og:description\" content=\"C\u2019est la Ministre qui aura le dernier mot ! L\u2019avenir de l\u2019usine de Gardanne est d\u00e9sormais suspendu \u00e0 la d\u00e9cision de la Ministre de l\u2019environnement, et plus largement du gouvernement. Contre toute attente, la commission d\u2019enqu\u00eate publique, appuy\u00e9e par l\u2019ensemble &hellip; Lire la suite\u00ad\u00ad\" \/>\n<meta property=\"og:url\" content=\"http:\/\/www.frederic-poitou.com\/blog\/lecologie-une-valeur-de-droite-bien-sur\/\" \/>\n<meta property=\"article:publisher\" content=\"https:\/\/www.facebook.com\/frederic.poitou\/\" \/>\n<meta property=\"article:published_time\" content=\"2023-07-14T12:32:32+00:00\" \/>\n<meta property=\"article:modified_time\" content=\"2026-04-20T21:57:35+00:00\" \/>\n<meta property=\"og:image\" content=\"http:\/\/www.frederic-poitou.com\/blog\/wp-content\/logo13.jpeg\" \/>\n\t<meta property=\"og:image:width\" content=\"120\" \/>\n\t<meta property=\"og:image:height\" content=\"102\" \/>\n\t<meta property=\"og:image:type\" content=\"image\/jpeg\" \/>\n<meta name=\"author\" content=\"Fr\u00e9d\u00e9ric Poitou\" \/>\n<meta name=\"twitter:card\" content=\"summary_large_image\" \/>\n<meta name=\"twitter:creator\" content=\"@fredericpoitou\" \/>\n<meta name=\"twitter:site\" content=\"@fredericpoitou\" \/>\n<meta name=\"twitter:label1\" content=\"\u00c9crit par\" \/>\n\t<meta name=\"twitter:data1\" content=\"Fr\u00e9d\u00e9ric Poitou\" \/>\n\t<meta name=\"twitter:label2\" content=\"Dur\u00e9e de lecture estim\u00e9e\" \/>\n\t<meta name=\"twitter:data2\" content=\"4 minutes\" \/>\n<script type=\"application\/ld+json\" class=\"yoast-schema-graph\">{\"@context\":\"https:\/\/schema.org\",\"@graph\":[{\"@type\":\"Article\",\"@id\":\"http:\/\/www.frederic-poitou.com\/blog\/lecologie-une-valeur-de-droite-bien-sur\/#article\",\"isPartOf\":{\"@id\":\"http:\/\/www.frederic-poitou.com\/blog\/lecologie-une-valeur-de-droite-bien-sur\/\"},\"author\":{\"name\":\"Fr\u00e9d\u00e9ric Poitou\",\"@id\":\"http:\/\/www.frederic-poitou.com\/blog\/#\/schema\/person\/e2c2d05e978747818533fdce859a7799\"},\"headline\":\"SI L&rsquo;\u00c9COLOGIE \u00c9TAIT UNE VALEUR DE GAUCHE, \u00c7A SE SAURAIT.\",\"datePublished\":\"2023-07-14T12:32:32+00:00\",\"dateModified\":\"2026-04-20T21:57:35+00:00\",\"mainEntityOfPage\":{\"@id\":\"http:\/\/www.frederic-poitou.com\/blog\/lecologie-une-valeur-de-droite-bien-sur\/\"},\"wordCount\":746,\"image\":{\"@id\":\"http:\/\/www.frederic-poitou.com\/blog\/lecologie-une-valeur-de-droite-bien-sur\/#primaryimage\"},\"thumbnailUrl\":\"http:\/\/www.frederic-poitou.com\/blog\/wp-content\/logo13.jpeg\",\"articleSection\":[\"Ecologie\",\"Politique\"],\"inLanguage\":\"fr-FR\"},{\"@type\":\"WebPage\",\"@id\":\"http:\/\/www.frederic-poitou.com\/blog\/lecologie-une-valeur-de-droite-bien-sur\/\",\"url\":\"http:\/\/www.frederic-poitou.com\/blog\/lecologie-une-valeur-de-droite-bien-sur\/\",\"name\":\"SI L'\u00c9COLOGIE \u00c9TAIT UNE VALEUR DE GAUCHE, \u00c7A SE SAURAIT. -\",\"isPartOf\":{\"@id\":\"http:\/\/www.frederic-poitou.com\/blog\/#website\"},\"primaryImageOfPage\":{\"@id\":\"http:\/\/www.frederic-poitou.com\/blog\/lecologie-une-valeur-de-droite-bien-sur\/#primaryimage\"},\"image\":{\"@id\":\"http:\/\/www.frederic-poitou.com\/blog\/lecologie-une-valeur-de-droite-bien-sur\/#primaryimage\"},\"thumbnailUrl\":\"http:\/\/www.frederic-poitou.com\/blog\/wp-content\/logo13.jpeg\",\"datePublished\":\"2023-07-14T12:32:32+00:00\",\"dateModified\":\"2026-04-20T21:57:35+00:00\",\"author\":{\"@id\":\"http:\/\/www.frederic-poitou.com\/blog\/#\/schema\/person\/e2c2d05e978747818533fdce859a7799\"},\"breadcrumb\":{\"@id\":\"http:\/\/www.frederic-poitou.com\/blog\/lecologie-une-valeur-de-droite-bien-sur\/#breadcrumb\"},\"inLanguage\":\"fr-FR\",\"potentialAction\":[{\"@type\":\"ReadAction\",\"target\":[\"http:\/\/www.frederic-poitou.com\/blog\/lecologie-une-valeur-de-droite-bien-sur\/\"]}]},{\"@type\":\"ImageObject\",\"inLanguage\":\"fr-FR\",\"@id\":\"http:\/\/www.frederic-poitou.com\/blog\/lecologie-une-valeur-de-droite-bien-sur\/#primaryimage\",\"url\":\"http:\/\/www.frederic-poitou.com\/blog\/wp-content\/logo13.jpeg\",\"contentUrl\":\"http:\/\/www.frederic-poitou.com\/blog\/wp-content\/logo13.jpeg\",\"width\":120,\"height\":102},{\"@type\":\"BreadcrumbList\",\"@id\":\"http:\/\/www.frederic-poitou.com\/blog\/lecologie-une-valeur-de-droite-bien-sur\/#breadcrumb\",\"itemListElement\":[{\"@type\":\"ListItem\",\"position\":1,\"name\":\"Accueil\",\"item\":\"http:\/\/www.frederic-poitou.com\/blog\/\"},{\"@type\":\"ListItem\",\"position\":2,\"name\":\"SI L&rsquo;\u00c9COLOGIE \u00c9TAIT UNE VALEUR DE GAUCHE, \u00c7A SE SAURAIT.\"}]},{\"@type\":\"WebSite\",\"@id\":\"http:\/\/www.frederic-poitou.com\/blog\/#website\",\"url\":\"http:\/\/www.frederic-poitou.com\/blog\/\",\"name\":\"\",\"description\":\"\",\"potentialAction\":[{\"@type\":\"SearchAction\",\"target\":{\"@type\":\"EntryPoint\",\"urlTemplate\":\"http:\/\/www.frederic-poitou.com\/blog\/?s={search_term_string}\"},\"query-input\":{\"@type\":\"PropertyValueSpecification\",\"valueRequired\":true,\"valueName\":\"search_term_string\"}}],\"inLanguage\":\"fr-FR\"},{\"@type\":\"Person\",\"@id\":\"http:\/\/www.frederic-poitou.com\/blog\/#\/schema\/person\/e2c2d05e978747818533fdce859a7799\",\"name\":\"Fr\u00e9d\u00e9ric Poitou\",\"image\":{\"@type\":\"ImageObject\",\"inLanguage\":\"fr-FR\",\"@id\":\"http:\/\/www.frederic-poitou.com\/blog\/#\/schema\/person\/image\/\",\"url\":\"https:\/\/secure.gravatar.com\/avatar\/1933bcca279a2feafd35d9e0a080c521e11beb51115fe4cfe02e2586ac13424a?s=96&d=mm&r=g\",\"contentUrl\":\"https:\/\/secure.gravatar.com\/avatar\/1933bcca279a2feafd35d9e0a080c521e11beb51115fe4cfe02e2586ac13424a?s=96&d=mm&r=g\",\"caption\":\"Fr\u00e9d\u00e9ric Poitou\"},\"description\":\"Fr\u00e9d\u00e9ric Poitou est n\u00e9 \u00e0 Rouen, et y a fait des \u00e9tudes au Conservatoire en musique-\u00e9tudes en section piano. Il s'est ensuite orient\u00e9 vers des \u00e9tudes scientifiques o\u00f9 il a obtenu un dipl\u00f4me d'ing\u00e9nieur, puis un doctorat en Chimie. Il est Expert Judiciaire en France, en Belgique et \u00e0 Luxembourg, et agr\u00e9e par les Institutions Europ\u00e9ennes.\",\"sameAs\":[\"http:\/\/www.frederic-poitou.com\",\"https:\/\/www.linkedin.com\/in\/frederic-poitou-b045a025\/\"]}]}<\/script>\n<!-- \/ Yoast SEO plugin. -->","yoast_head_json":{"title":"SI L'\u00c9COLOGIE \u00c9TAIT UNE VALEUR DE GAUCHE, \u00c7A SE SAURAIT. -","robots":{"index":"index","follow":"follow","max-snippet":"max-snippet:-1","max-image-preview":"max-image-preview:large","max-video-preview":"max-video-preview:-1"},"canonical":"http:\/\/www.frederic-poitou.com\/blog\/lecologie-une-valeur-de-droite-bien-sur\/","og_locale":"fr_FR","og_type":"article","og_title":"SI L'\u00c9COLOGIE \u00c9TAIT UNE VALEUR DE GAUCHE, \u00c7A SE SAURAIT. -","og_description":"C\u2019est la Ministre qui aura le dernier mot ! L\u2019avenir de l\u2019usine de Gardanne est d\u00e9sormais suspendu \u00e0 la d\u00e9cision de la Ministre de l\u2019environnement, et plus largement du gouvernement. Contre toute attente, la commission d\u2019enqu\u00eate publique, appuy\u00e9e par l\u2019ensemble &hellip; Lire la suite\u00ad\u00ad","og_url":"http:\/\/www.frederic-poitou.com\/blog\/lecologie-une-valeur-de-droite-bien-sur\/","article_publisher":"https:\/\/www.facebook.com\/frederic.poitou\/","article_published_time":"2023-07-14T12:32:32+00:00","article_modified_time":"2026-04-20T21:57:35+00:00","og_image":[{"width":120,"height":102,"url":"http:\/\/www.frederic-poitou.com\/blog\/wp-content\/logo13.jpeg","type":"image\/jpeg"}],"author":"Fr\u00e9d\u00e9ric Poitou","twitter_card":"summary_large_image","twitter_creator":"@fredericpoitou","twitter_site":"@fredericpoitou","twitter_misc":{"\u00c9crit par":"Fr\u00e9d\u00e9ric Poitou","Dur\u00e9e de lecture estim\u00e9e":"4 minutes"},"schema":{"@context":"https:\/\/schema.org","@graph":[{"@type":"Article","@id":"http:\/\/www.frederic-poitou.com\/blog\/lecologie-une-valeur-de-droite-bien-sur\/#article","isPartOf":{"@id":"http:\/\/www.frederic-poitou.com\/blog\/lecologie-une-valeur-de-droite-bien-sur\/"},"author":{"name":"Fr\u00e9d\u00e9ric Poitou","@id":"http:\/\/www.frederic-poitou.com\/blog\/#\/schema\/person\/e2c2d05e978747818533fdce859a7799"},"headline":"SI L&rsquo;\u00c9COLOGIE \u00c9TAIT UNE VALEUR DE GAUCHE, \u00c7A SE SAURAIT.","datePublished":"2023-07-14T12:32:32+00:00","dateModified":"2026-04-20T21:57:35+00:00","mainEntityOfPage":{"@id":"http:\/\/www.frederic-poitou.com\/blog\/lecologie-une-valeur-de-droite-bien-sur\/"},"wordCount":746,"image":{"@id":"http:\/\/www.frederic-poitou.com\/blog\/lecologie-une-valeur-de-droite-bien-sur\/#primaryimage"},"thumbnailUrl":"http:\/\/www.frederic-poitou.com\/blog\/wp-content\/logo13.jpeg","articleSection":["Ecologie","Politique"],"inLanguage":"fr-FR"},{"@type":"WebPage","@id":"http:\/\/www.frederic-poitou.com\/blog\/lecologie-une-valeur-de-droite-bien-sur\/","url":"http:\/\/www.frederic-poitou.com\/blog\/lecologie-une-valeur-de-droite-bien-sur\/","name":"SI L'\u00c9COLOGIE \u00c9TAIT UNE VALEUR DE GAUCHE, \u00c7A SE SAURAIT. -","isPartOf":{"@id":"http:\/\/www.frederic-poitou.com\/blog\/#website"},"primaryImageOfPage":{"@id":"http:\/\/www.frederic-poitou.com\/blog\/lecologie-une-valeur-de-droite-bien-sur\/#primaryimage"},"image":{"@id":"http:\/\/www.frederic-poitou.com\/blog\/lecologie-une-valeur-de-droite-bien-sur\/#primaryimage"},"thumbnailUrl":"http:\/\/www.frederic-poitou.com\/blog\/wp-content\/logo13.jpeg","datePublished":"2023-07-14T12:32:32+00:00","dateModified":"2026-04-20T21:57:35+00:00","author":{"@id":"http:\/\/www.frederic-poitou.com\/blog\/#\/schema\/person\/e2c2d05e978747818533fdce859a7799"},"breadcrumb":{"@id":"http:\/\/www.frederic-poitou.com\/blog\/lecologie-une-valeur-de-droite-bien-sur\/#breadcrumb"},"inLanguage":"fr-FR","potentialAction":[{"@type":"ReadAction","target":["http:\/\/www.frederic-poitou.com\/blog\/lecologie-une-valeur-de-droite-bien-sur\/"]}]},{"@type":"ImageObject","inLanguage":"fr-FR","@id":"http:\/\/www.frederic-poitou.com\/blog\/lecologie-une-valeur-de-droite-bien-sur\/#primaryimage","url":"http:\/\/www.frederic-poitou.com\/blog\/wp-content\/logo13.jpeg","contentUrl":"http:\/\/www.frederic-poitou.com\/blog\/wp-content\/logo13.jpeg","width":120,"height":102},{"@type":"BreadcrumbList","@id":"http:\/\/www.frederic-poitou.com\/blog\/lecologie-une-valeur-de-droite-bien-sur\/#breadcrumb","itemListElement":[{"@type":"ListItem","position":1,"name":"Accueil","item":"http:\/\/www.frederic-poitou.com\/blog\/"},{"@type":"ListItem","position":2,"name":"SI L&rsquo;\u00c9COLOGIE \u00c9TAIT UNE VALEUR DE GAUCHE, \u00c7A SE SAURAIT."}]},{"@type":"WebSite","@id":"http:\/\/www.frederic-poitou.com\/blog\/#website","url":"http:\/\/www.frederic-poitou.com\/blog\/","name":"","description":"","potentialAction":[{"@type":"SearchAction","target":{"@type":"EntryPoint","urlTemplate":"http:\/\/www.frederic-poitou.com\/blog\/?s={search_term_string}"},"query-input":{"@type":"PropertyValueSpecification","valueRequired":true,"valueName":"search_term_string"}}],"inLanguage":"fr-FR"},{"@type":"Person","@id":"http:\/\/www.frederic-poitou.com\/blog\/#\/schema\/person\/e2c2d05e978747818533fdce859a7799","name":"Fr\u00e9d\u00e9ric Poitou","image":{"@type":"ImageObject","inLanguage":"fr-FR","@id":"http:\/\/www.frederic-poitou.com\/blog\/#\/schema\/person\/image\/","url":"https:\/\/secure.gravatar.com\/avatar\/1933bcca279a2feafd35d9e0a080c521e11beb51115fe4cfe02e2586ac13424a?s=96&d=mm&r=g","contentUrl":"https:\/\/secure.gravatar.com\/avatar\/1933bcca279a2feafd35d9e0a080c521e11beb51115fe4cfe02e2586ac13424a?s=96&d=mm&r=g","caption":"Fr\u00e9d\u00e9ric Poitou"},"description":"Fr\u00e9d\u00e9ric Poitou est n\u00e9 \u00e0 Rouen, et y a fait des \u00e9tudes au Conservatoire en musique-\u00e9tudes en section piano. Il s'est ensuite orient\u00e9 vers des \u00e9tudes scientifiques o\u00f9 il a obtenu un dipl\u00f4me d'ing\u00e9nieur, puis un doctorat en Chimie. Il est Expert Judiciaire en France, en Belgique et \u00e0 Luxembourg, et agr\u00e9e par les Institutions Europ\u00e9ennes.","sameAs":["http:\/\/www.frederic-poitou.com","https:\/\/www.linkedin.com\/in\/frederic-poitou-b045a025\/"]}]}},"_links":{"self":[{"href":"http:\/\/www.frederic-poitou.com\/blog\/wp-json\/wp\/v2\/posts\/6785","targetHints":{"allow":["GET"]}}],"collection":[{"href":"http:\/\/www.frederic-poitou.com\/blog\/wp-json\/wp\/v2\/posts"}],"about":[{"href":"http:\/\/www.frederic-poitou.com\/blog\/wp-json\/wp\/v2\/types\/post"}],"author":[{"embeddable":true,"href":"http:\/\/www.frederic-poitou.com\/blog\/wp-json\/wp\/v2\/users\/4"}],"replies":[{"embeddable":true,"href":"http:\/\/www.frederic-poitou.com\/blog\/wp-json\/wp\/v2\/comments?post=6785"}],"version-history":[{"count":1,"href":"http:\/\/www.frederic-poitou.com\/blog\/wp-json\/wp\/v2\/posts\/6785\/revisions"}],"predecessor-version":[{"id":8801,"href":"http:\/\/www.frederic-poitou.com\/blog\/wp-json\/wp\/v2\/posts\/6785\/revisions\/8801"}],"wp:featuredmedia":[{"embeddable":true,"href":"http:\/\/www.frederic-poitou.com\/blog\/wp-json\/wp\/v2\/media\/6786"}],"wp:attachment":[{"href":"http:\/\/www.frederic-poitou.com\/blog\/wp-json\/wp\/v2\/media?parent=6785"}],"wp:term":[{"taxonomy":"category","embeddable":true,"href":"http:\/\/www.frederic-poitou.com\/blog\/wp-json\/wp\/v2\/categories?post=6785"},{"taxonomy":"post_tag","embeddable":true,"href":"http:\/\/www.frederic-poitou.com\/blog\/wp-json\/wp\/v2\/tags?post=6785"}],"curies":[{"name":"wp","href":"https:\/\/api.w.org\/{rel}","templated":true}]}}