{"id":6576,"date":"2023-07-14T14:11:32","date_gmt":"2023-07-14T12:11:32","guid":{"rendered":"http:\/\/www.frederic-poitou.com\/blog\/?p=6576"},"modified":"2026-04-20T18:34:49","modified_gmt":"2026-04-20T16:34:49","slug":"on-se-sent-bien-a-ludi-des-bouches-du-rhone","status":"publish","type":"post","link":"http:\/\/www.frederic-poitou.com\/blog\/on-se-sent-bien-a-ludi-des-bouches-du-rhone\/","title":{"rendered":"ON SE SENT BIEN A L&rsquo;UDI DES BOUCHES DU RHONE &#8230;"},"content":{"rendered":"<p>Entre la candidature de Bruno Genzana avec une investiture annonc\u00e9e, mais dont on a finalement jamais vu la trace \u00e9crite, et les bouillabaisses marseillaises, nous \u00e0 l&rsquo;UDI 13, on est au top. Jugez plut\u00f4t :<\/p>\n<p>Si ce qui est \u00e9crit dans cet article est vrai et v\u00e9rifi\u00e9, il n&rsquo;est pas \u00e9tonnant que certains militants \u00e9taient un peu d\u00e9boussol\u00e9s aujourd&rsquo;hui \u00e0 Paris, pour le lancement de la campagne des europ\u00e9ennes .. !<\/p>\n<p><a href=\"http:\/\/www.frederic-poitou.com\/blog\/wp-content\/1979618_10203326257659059_7101767459979118480_n.jpg\"><img loading=\"lazy\" decoding=\"async\" class=\"alignleft size-full wp-image-6577\" style=\"margin: 20px; border: 20px solid black;\" src=\"http:\/\/www.frederic-poitou.com\/blog\/wp-content\/1979618_10203326257659059_7101767459979118480_n.jpg\" alt=\"1979618_10203326257659059_7101767459979118480_n\" width=\"339\" height=\"226\" srcset=\"http:\/\/www.frederic-poitou.com\/blog\/wp-content\/1979618_10203326257659059_7101767459979118480_n.jpg 339w, http:\/\/www.frederic-poitou.com\/blog\/wp-content\/1979618_10203326257659059_7101767459979118480_n-300x200.jpg 300w\" sizes=\"auto, (max-width: 339px) 100vw, 339px\" \/><\/a><\/p>\n<p>Lu sur \u00ab\u00a0<a href=\"http:\/\/www.lalettrea.fr\/entourages\/politique\/ils-font-la-campagne\/2014\/04\/07\/l-udi-marseillaise-dindon-de-la-farce-du-pacte-gaudin-guerini,108017143-ARL\" target=\"_blank\" rel=\"noopener\">La LettreA<\/a>\u00a0\u00bb<\/p>\n<p><strong>L&rsquo;UDI marseillaise, dindon de la farce du pacte Gaudin-Gu\u00e9rini<\/strong><\/p>\n<p>Pour exister politiquement \u00e0 Marseille, l&rsquo;UDI locale est contrainte de s&rsquo;allier \u00e0 des proches de Jean-No\u00ebl Gu\u00e9rini. Derri\u00e8re cette alliance originale se cache une strat\u00e9gie infaillible mise au point par Jean-Claude Gaudin dans le cadre de son pacte de non-agression avec le pr\u00e9sident des Bouches-du-Rh\u00f4ne.<\/p>\n<p>L&rsquo;alliance entre Jean-Claude Gaudin et Jean-No\u00ebl Gu\u00e9rini a p\u00e9nalis\u00e9 l&rsquo;UDI locale<br \/>\nUne v\u00e9ritable bouillabaisse ! Le 2 avril, \u00e0 midi, les quatre \u00e9lus UDI du conseil municipal de Marseille ont pos\u00e9 les jalons d&rsquo;une alliance avec les proches de Jean-No\u00ebl Gu\u00e9rini, le tr\u00e8s controvers\u00e9 pr\u00e9sident du conseil g\u00e9n\u00e9ral des Bouches-du-Rh\u00f4ne. Ils n&rsquo;avaient g\u00e8re le choix, puisqu&rsquo;un groupe politique au conseil municipal doit \u00eatre compos\u00e9 de cinq \u00e9lus minimum. Cette \u00e9tonnante association est le fruit de l&rsquo;habilit\u00e9 tactique du maire UMP Jean-Claude Gaudin. Avant m\u00eame le d\u00e9but de la campagne municipale, celui-ci avait contraint le parti de Jean-Louis Borloo \u00e0 se rallier \u00e0 lui, l&#8217;emp\u00eachant, de fait, de pr\u00e9senter ses propres listes. En position de force, Jean-Claude Gaudin avait ensuite pris soin de prendre \u00e0 ses c\u00f4t\u00e9s des centristes issus comme lui de l&rsquo;UDF et acquis \u00e0 sa cause, \u00e0 l&rsquo;image des quatre nouveaux conseillers municipaux centristes : la chef de file de l&rsquo;UDI \u00e0 Marseille, Arlette Fructus, r\u00e9\u00e9lue dans le 8e secteur et fille de Ren\u00e9 Olmeta (ancien rival PS de Jean-Claude Gaudin !) ; Marie-Laure Rocca-Serra (4e secteur), dont le p\u00e8re, Jacques Rocca-Serra, a pr\u00e9sid\u00e9 l&rsquo;UDF 13 et a \u00e9t\u00e9 adjoint au maire ; ainsi que Fr\u00e9d\u00e9ric Jeanjean (1er secteur) et Maurice Di Nocera (3e secteur), deux anciens du Nouveau Centre.<br \/>\nTractations municipales &#8211; Les quatre \u00e9lus UDI ont donc balay\u00e9 l&rsquo;hypoth\u00e8se d&rsquo;une alliance au conseil municipal avec le dissident UMP Robert Assante (6e secteur), ancien membre de l&rsquo;UDI, et le MoDem Patrick Zaoui (4e secteur). T\u00e9l\u00e9guid\u00e9s par Jean-Claude Gaudin, ils ont pris contact avec les gu\u00e9rinistes du conseil municipal. Parmi eux figurent Michel Dary, pr\u00e9sident d\u00e9partemental du Parti radical de gauche (PRG) et Lisette Narducci, vice-pr\u00e9sidente du conseil g\u00e9n\u00e9ral. Tous deux avaient \u00e9t\u00e9 impos\u00e9s par le maire de Marseille sur la liste de l&rsquo;UMP Solange Biaggi pour conserver la mairie du 2e secteur face au socialiste Eug\u00e8ne Caselli, pr\u00e9sident sortant de la communaut\u00e9 urbaine de Marseille Provence m\u00e9tropole. Cet accord a permis \u00e0 Jean-Claude Gaudin de r\u00e9cup\u00e9rer au second tour trois conseillers municipaux suppl\u00e9mentaires, lui offrant la majorit\u00e9 absolue au sein de l&rsquo;instance marseillaise (61 \u00e9lus sur 101, soit dix de plus qu&rsquo;en 2008).<br \/>\nCe jeu compliqu\u00e9 d&rsquo;alliances est la cons\u00e9quence du pacte de non-agression conclu entre Jean-Claude Gaudin, r\u00e9\u00e9lu maire pour la quatri\u00e8me fois, et Jean-No\u00ebl Gu\u00e9rini, b\u00eate noire du PS. Les tractations municipales entre ces deux poids lourds issus de deux camps politiques ennemis pr\u00e9sentaient plusieurs avantages. Elles ont permis \u00e0 Jean-No\u00ebl Gu\u00e9rini, menac\u00e9 d&rsquo;exclusion par le PS, d&rsquo;\u00e9vincer du paysage local ses anciens compagnons socialistes Patrick Mennucci et Marie-Arlette Carlotti ; de conserver sa mainmise sur le d\u00e9partement ; et d&rsquo;assurer sa r\u00e9\u00e9lection au S\u00e9nat. Quant \u00e0 Jean-Claude Gaudin, il b\u00e9n\u00e9ficie d\u00e9sormais de l&rsquo;appui des r\u00e9seaux gu\u00e9rinistes et centristes pour promouvoir sa candidature \u00e0 la pr\u00e9sidence du S\u00e9nat en vue des \u00e9lections de septembre 2014 et du tr\u00e8s probable basculement \u00e0 droite du palais du Luxembourg.<\/p>\n<p>Lu sur \u00ab\u00a0La lettre A\u00a0\u00bb,<\/p>\n<p><a href=\"http:\/\/www.lalettrea.fr\/entourages\/politique\/ils-font-la-campagne\/2014\/04\/07\/l-udi-marseillaise-dindon-de-la-farce-du-pacte-gaudin-guerini,108017143-ARL\" target=\"_blank\" rel=\"nofollow noopener\">http:\/\/www.lalettrea.fr\/entourages\/politique\/ils-font-la-campagne\/2014\/04\/07\/l-udi-marseillaise-dindon-de-la-farce-du-pacte-gaudin-guerini,108017143-ARL<\/a><\/p>\n","protected":false},"excerpt":{"rendered":"<p>Entre la candidature de Bruno Genzana avec une investiture annonc\u00e9e, mais dont on a finalement jamais vu la trace \u00e9crite, et les bouillabaisses marseillaises, nous \u00e0 l&rsquo;UDI 13, on est au top. Jugez plut\u00f4t : Si ce qui est \u00e9crit &hellip; <a href=\"http:\/\/www.frederic-poitou.com\/blog\/on-se-sent-bien-a-ludi-des-bouches-du-rhone\/\">Lire la suite\u00ad\u00ad<\/a><\/p>\n","protected":false},"author":4,"featured_media":6705,"comment_status":"closed","ping_status":"closed","sticky":false,"template":"","format":"gallery","meta":{"kt_blocks_editor_width":"","_exactmetrics_skip_tracking":false,"_exactmetrics_sitenote_active":false,"_exactmetrics_sitenote_note":"","_exactmetrics_sitenote_category":0,"footnotes":""},"categories":[51],"tags":[27,24],"class_list":["post-6576","post","type-post","status-publish","format-gallery","has-post-thumbnail","hentry","category-politique","tag-actualite","tag-politique","post_format-post-format-gallery"],"yoast_head":"<!-- This site is optimized with the Yoast SEO plugin v27.1.1 - https:\/\/yoast.com\/product\/yoast-seo-wordpress\/ -->\n<title>ON SE SENT BIEN A L&#039;UDI DES BOUCHES DU RHONE ... -<\/title>\n<meta name=\"robots\" content=\"index, follow, max-snippet:-1, max-image-preview:large, max-video-preview:-1\" \/>\n<link rel=\"canonical\" href=\"https:\/\/www.frederic-poitou.com\/blog\/on-se-sent-bien-a-ludi-des-bouches-du-rhone\/\" \/>\n<meta property=\"og:locale\" content=\"fr_FR\" \/>\n<meta property=\"og:type\" content=\"article\" \/>\n<meta property=\"og:title\" content=\"ON SE SENT BIEN A L&#039;UDI DES BOUCHES DU RHONE ... -\" \/>\n<meta property=\"og:description\" content=\"Entre la candidature de Bruno Genzana avec une investiture annonc\u00e9e, mais dont on a finalement jamais vu la trace \u00e9crite, et les bouillabaisses marseillaises, nous \u00e0 l&rsquo;UDI 13, on est au top. Jugez plut\u00f4t : Si ce qui est \u00e9crit &hellip; Lire la suite\u00ad\u00ad\" \/>\n<meta property=\"og:url\" content=\"https:\/\/www.frederic-poitou.com\/blog\/on-se-sent-bien-a-ludi-des-bouches-du-rhone\/\" \/>\n<meta property=\"article:publisher\" content=\"https:\/\/www.facebook.com\/frederic.poitou\/\" \/>\n<meta property=\"article:published_time\" content=\"2023-07-14T12:11:32+00:00\" \/>\n<meta property=\"article:modified_time\" content=\"2026-04-20T16:34:49+00:00\" \/>\n<meta property=\"og:image\" content=\"https:\/\/www.frederic-poitou.com\/blog\/wp-content\/1979618_10203326257659059_7101767459979118480_n1.jpg\" \/>\n\t<meta property=\"og:image:width\" content=\"339\" \/>\n\t<meta property=\"og:image:height\" content=\"226\" \/>\n\t<meta property=\"og:image:type\" content=\"image\/jpeg\" \/>\n<meta name=\"author\" content=\"Fr\u00e9d\u00e9ric Poitou\" \/>\n<meta name=\"twitter:card\" content=\"summary_large_image\" \/>\n<meta name=\"twitter:creator\" content=\"@fredericpoitou\" \/>\n<meta name=\"twitter:site\" content=\"@fredericpoitou\" \/>\n<meta name=\"twitter:label1\" content=\"\u00c9crit par\" \/>\n\t<meta name=\"twitter:data1\" content=\"Fr\u00e9d\u00e9ric Poitou\" \/>\n\t<meta name=\"twitter:label2\" content=\"Dur\u00e9e de lecture estim\u00e9e\" \/>\n\t<meta name=\"twitter:data2\" content=\"3 minutes\" \/>\n<script type=\"application\/ld+json\" class=\"yoast-schema-graph\">{\"@context\":\"https:\/\/schema.org\",\"@graph\":[{\"@type\":\"Article\",\"@id\":\"https:\/\/www.frederic-poitou.com\/blog\/on-se-sent-bien-a-ludi-des-bouches-du-rhone\/#article\",\"isPartOf\":{\"@id\":\"https:\/\/www.frederic-poitou.com\/blog\/on-se-sent-bien-a-ludi-des-bouches-du-rhone\/\"},\"author\":{\"name\":\"Fr\u00e9d\u00e9ric Poitou\",\"@id\":\"https:\/\/www.frederic-poitou.com\/blog\/#\/schema\/person\/e2c2d05e978747818533fdce859a7799\"},\"headline\":\"ON SE SENT BIEN A L&rsquo;UDI DES BOUCHES DU RHONE &#8230;\",\"datePublished\":\"2023-07-14T12:11:32+00:00\",\"dateModified\":\"2026-04-20T16:34:49+00:00\",\"mainEntityOfPage\":{\"@id\":\"https:\/\/www.frederic-poitou.com\/blog\/on-se-sent-bien-a-ludi-des-bouches-du-rhone\/\"},\"wordCount\":703,\"image\":{\"@id\":\"https:\/\/www.frederic-poitou.com\/blog\/on-se-sent-bien-a-ludi-des-bouches-du-rhone\/#primaryimage\"},\"thumbnailUrl\":\"http:\/\/www.frederic-poitou.com\/blog\/wp-content\/1979618_10203326257659059_7101767459979118480_n1.jpg\",\"keywords\":[\"Actualit\u00e9\",\"Politique\"],\"articleSection\":[\"Politique\"],\"inLanguage\":\"fr-FR\"},{\"@type\":\"WebPage\",\"@id\":\"https:\/\/www.frederic-poitou.com\/blog\/on-se-sent-bien-a-ludi-des-bouches-du-rhone\/\",\"url\":\"https:\/\/www.frederic-poitou.com\/blog\/on-se-sent-bien-a-ludi-des-bouches-du-rhone\/\",\"name\":\"ON SE SENT BIEN A L'UDI DES BOUCHES DU RHONE ... -\",\"isPartOf\":{\"@id\":\"https:\/\/www.frederic-poitou.com\/blog\/#website\"},\"primaryImageOfPage\":{\"@id\":\"https:\/\/www.frederic-poitou.com\/blog\/on-se-sent-bien-a-ludi-des-bouches-du-rhone\/#primaryimage\"},\"image\":{\"@id\":\"https:\/\/www.frederic-poitou.com\/blog\/on-se-sent-bien-a-ludi-des-bouches-du-rhone\/#primaryimage\"},\"thumbnailUrl\":\"http:\/\/www.frederic-poitou.com\/blog\/wp-content\/1979618_10203326257659059_7101767459979118480_n1.jpg\",\"datePublished\":\"2023-07-14T12:11:32+00:00\",\"dateModified\":\"2026-04-20T16:34:49+00:00\",\"author\":{\"@id\":\"https:\/\/www.frederic-poitou.com\/blog\/#\/schema\/person\/e2c2d05e978747818533fdce859a7799\"},\"breadcrumb\":{\"@id\":\"https:\/\/www.frederic-poitou.com\/blog\/on-se-sent-bien-a-ludi-des-bouches-du-rhone\/#breadcrumb\"},\"inLanguage\":\"fr-FR\",\"potentialAction\":[{\"@type\":\"ReadAction\",\"target\":[\"https:\/\/www.frederic-poitou.com\/blog\/on-se-sent-bien-a-ludi-des-bouches-du-rhone\/\"]}]},{\"@type\":\"ImageObject\",\"inLanguage\":\"fr-FR\",\"@id\":\"https:\/\/www.frederic-poitou.com\/blog\/on-se-sent-bien-a-ludi-des-bouches-du-rhone\/#primaryimage\",\"url\":\"http:\/\/www.frederic-poitou.com\/blog\/wp-content\/1979618_10203326257659059_7101767459979118480_n1.jpg\",\"contentUrl\":\"http:\/\/www.frederic-poitou.com\/blog\/wp-content\/1979618_10203326257659059_7101767459979118480_n1.jpg\",\"width\":339,\"height\":226},{\"@type\":\"BreadcrumbList\",\"@id\":\"https:\/\/www.frederic-poitou.com\/blog\/on-se-sent-bien-a-ludi-des-bouches-du-rhone\/#breadcrumb\",\"itemListElement\":[{\"@type\":\"ListItem\",\"position\":1,\"name\":\"Accueil\",\"item\":\"https:\/\/www.frederic-poitou.com\/blog\/\"},{\"@type\":\"ListItem\",\"position\":2,\"name\":\"ON SE SENT BIEN A L&rsquo;UDI DES BOUCHES DU RHONE &#8230;\"}]},{\"@type\":\"WebSite\",\"@id\":\"https:\/\/www.frederic-poitou.com\/blog\/#website\",\"url\":\"https:\/\/www.frederic-poitou.com\/blog\/\",\"name\":\"\",\"description\":\"\",\"potentialAction\":[{\"@type\":\"SearchAction\",\"target\":{\"@type\":\"EntryPoint\",\"urlTemplate\":\"https:\/\/www.frederic-poitou.com\/blog\/?s={search_term_string}\"},\"query-input\":{\"@type\":\"PropertyValueSpecification\",\"valueRequired\":true,\"valueName\":\"search_term_string\"}}],\"inLanguage\":\"fr-FR\"},{\"@type\":\"Person\",\"@id\":\"https:\/\/www.frederic-poitou.com\/blog\/#\/schema\/person\/e2c2d05e978747818533fdce859a7799\",\"name\":\"Fr\u00e9d\u00e9ric Poitou\",\"image\":{\"@type\":\"ImageObject\",\"inLanguage\":\"fr-FR\",\"@id\":\"https:\/\/www.frederic-poitou.com\/blog\/#\/schema\/person\/image\/\",\"url\":\"https:\/\/secure.gravatar.com\/avatar\/1933bcca279a2feafd35d9e0a080c521e11beb51115fe4cfe02e2586ac13424a?s=96&d=mm&r=g\",\"contentUrl\":\"https:\/\/secure.gravatar.com\/avatar\/1933bcca279a2feafd35d9e0a080c521e11beb51115fe4cfe02e2586ac13424a?s=96&d=mm&r=g\",\"caption\":\"Fr\u00e9d\u00e9ric Poitou\"},\"description\":\"Fr\u00e9d\u00e9ric Poitou est n\u00e9 \u00e0 Rouen, et y a fait des \u00e9tudes au Conservatoire en musique-\u00e9tudes en section piano. Il s'est ensuite orient\u00e9 vers des \u00e9tudes scientifiques o\u00f9 il a obtenu un dipl\u00f4me d'ing\u00e9nieur, puis un doctorat en Chimie. Il est Expert Judiciaire en France, en Belgique et \u00e0 Luxembourg, et agr\u00e9e par les Institutions Europ\u00e9ennes.\",\"sameAs\":[\"http:\/\/www.frederic-poitou.com\",\"https:\/\/www.linkedin.com\/in\/frederic-poitou-b045a025\/\"]}]}<\/script>\n<!-- \/ Yoast SEO plugin. -->","yoast_head_json":{"title":"ON SE SENT BIEN A L'UDI DES BOUCHES DU RHONE ... -","robots":{"index":"index","follow":"follow","max-snippet":"max-snippet:-1","max-image-preview":"max-image-preview:large","max-video-preview":"max-video-preview:-1"},"canonical":"https:\/\/www.frederic-poitou.com\/blog\/on-se-sent-bien-a-ludi-des-bouches-du-rhone\/","og_locale":"fr_FR","og_type":"article","og_title":"ON SE SENT BIEN A L'UDI DES BOUCHES DU RHONE ... -","og_description":"Entre la candidature de Bruno Genzana avec une investiture annonc\u00e9e, mais dont on a finalement jamais vu la trace \u00e9crite, et les bouillabaisses marseillaises, nous \u00e0 l&rsquo;UDI 13, on est au top. Jugez plut\u00f4t : Si ce qui est \u00e9crit &hellip; Lire la suite\u00ad\u00ad","og_url":"https:\/\/www.frederic-poitou.com\/blog\/on-se-sent-bien-a-ludi-des-bouches-du-rhone\/","article_publisher":"https:\/\/www.facebook.com\/frederic.poitou\/","article_published_time":"2023-07-14T12:11:32+00:00","article_modified_time":"2026-04-20T16:34:49+00:00","og_image":[{"width":339,"height":226,"url":"https:\/\/www.frederic-poitou.com\/blog\/wp-content\/1979618_10203326257659059_7101767459979118480_n1.jpg","type":"image\/jpeg"}],"author":"Fr\u00e9d\u00e9ric Poitou","twitter_card":"summary_large_image","twitter_creator":"@fredericpoitou","twitter_site":"@fredericpoitou","twitter_misc":{"\u00c9crit par":"Fr\u00e9d\u00e9ric Poitou","Dur\u00e9e de lecture estim\u00e9e":"3 minutes"},"schema":{"@context":"https:\/\/schema.org","@graph":[{"@type":"Article","@id":"https:\/\/www.frederic-poitou.com\/blog\/on-se-sent-bien-a-ludi-des-bouches-du-rhone\/#article","isPartOf":{"@id":"https:\/\/www.frederic-poitou.com\/blog\/on-se-sent-bien-a-ludi-des-bouches-du-rhone\/"},"author":{"name":"Fr\u00e9d\u00e9ric Poitou","@id":"https:\/\/www.frederic-poitou.com\/blog\/#\/schema\/person\/e2c2d05e978747818533fdce859a7799"},"headline":"ON SE SENT BIEN A L&rsquo;UDI DES BOUCHES DU RHONE &#8230;","datePublished":"2023-07-14T12:11:32+00:00","dateModified":"2026-04-20T16:34:49+00:00","mainEntityOfPage":{"@id":"https:\/\/www.frederic-poitou.com\/blog\/on-se-sent-bien-a-ludi-des-bouches-du-rhone\/"},"wordCount":703,"image":{"@id":"https:\/\/www.frederic-poitou.com\/blog\/on-se-sent-bien-a-ludi-des-bouches-du-rhone\/#primaryimage"},"thumbnailUrl":"http:\/\/www.frederic-poitou.com\/blog\/wp-content\/1979618_10203326257659059_7101767459979118480_n1.jpg","keywords":["Actualit\u00e9","Politique"],"articleSection":["Politique"],"inLanguage":"fr-FR"},{"@type":"WebPage","@id":"https:\/\/www.frederic-poitou.com\/blog\/on-se-sent-bien-a-ludi-des-bouches-du-rhone\/","url":"https:\/\/www.frederic-poitou.com\/blog\/on-se-sent-bien-a-ludi-des-bouches-du-rhone\/","name":"ON SE SENT BIEN A L'UDI DES BOUCHES DU RHONE ... -","isPartOf":{"@id":"https:\/\/www.frederic-poitou.com\/blog\/#website"},"primaryImageOfPage":{"@id":"https:\/\/www.frederic-poitou.com\/blog\/on-se-sent-bien-a-ludi-des-bouches-du-rhone\/#primaryimage"},"image":{"@id":"https:\/\/www.frederic-poitou.com\/blog\/on-se-sent-bien-a-ludi-des-bouches-du-rhone\/#primaryimage"},"thumbnailUrl":"http:\/\/www.frederic-poitou.com\/blog\/wp-content\/1979618_10203326257659059_7101767459979118480_n1.jpg","datePublished":"2023-07-14T12:11:32+00:00","dateModified":"2026-04-20T16:34:49+00:00","author":{"@id":"https:\/\/www.frederic-poitou.com\/blog\/#\/schema\/person\/e2c2d05e978747818533fdce859a7799"},"breadcrumb":{"@id":"https:\/\/www.frederic-poitou.com\/blog\/on-se-sent-bien-a-ludi-des-bouches-du-rhone\/#breadcrumb"},"inLanguage":"fr-FR","potentialAction":[{"@type":"ReadAction","target":["https:\/\/www.frederic-poitou.com\/blog\/on-se-sent-bien-a-ludi-des-bouches-du-rhone\/"]}]},{"@type":"ImageObject","inLanguage":"fr-FR","@id":"https:\/\/www.frederic-poitou.com\/blog\/on-se-sent-bien-a-ludi-des-bouches-du-rhone\/#primaryimage","url":"http:\/\/www.frederic-poitou.com\/blog\/wp-content\/1979618_10203326257659059_7101767459979118480_n1.jpg","contentUrl":"http:\/\/www.frederic-poitou.com\/blog\/wp-content\/1979618_10203326257659059_7101767459979118480_n1.jpg","width":339,"height":226},{"@type":"BreadcrumbList","@id":"https:\/\/www.frederic-poitou.com\/blog\/on-se-sent-bien-a-ludi-des-bouches-du-rhone\/#breadcrumb","itemListElement":[{"@type":"ListItem","position":1,"name":"Accueil","item":"https:\/\/www.frederic-poitou.com\/blog\/"},{"@type":"ListItem","position":2,"name":"ON SE SENT BIEN A L&rsquo;UDI DES BOUCHES DU RHONE &#8230;"}]},{"@type":"WebSite","@id":"https:\/\/www.frederic-poitou.com\/blog\/#website","url":"https:\/\/www.frederic-poitou.com\/blog\/","name":"","description":"","potentialAction":[{"@type":"SearchAction","target":{"@type":"EntryPoint","urlTemplate":"https:\/\/www.frederic-poitou.com\/blog\/?s={search_term_string}"},"query-input":{"@type":"PropertyValueSpecification","valueRequired":true,"valueName":"search_term_string"}}],"inLanguage":"fr-FR"},{"@type":"Person","@id":"https:\/\/www.frederic-poitou.com\/blog\/#\/schema\/person\/e2c2d05e978747818533fdce859a7799","name":"Fr\u00e9d\u00e9ric Poitou","image":{"@type":"ImageObject","inLanguage":"fr-FR","@id":"https:\/\/www.frederic-poitou.com\/blog\/#\/schema\/person\/image\/","url":"https:\/\/secure.gravatar.com\/avatar\/1933bcca279a2feafd35d9e0a080c521e11beb51115fe4cfe02e2586ac13424a?s=96&d=mm&r=g","contentUrl":"https:\/\/secure.gravatar.com\/avatar\/1933bcca279a2feafd35d9e0a080c521e11beb51115fe4cfe02e2586ac13424a?s=96&d=mm&r=g","caption":"Fr\u00e9d\u00e9ric Poitou"},"description":"Fr\u00e9d\u00e9ric Poitou est n\u00e9 \u00e0 Rouen, et y a fait des \u00e9tudes au Conservatoire en musique-\u00e9tudes en section piano. Il s'est ensuite orient\u00e9 vers des \u00e9tudes scientifiques o\u00f9 il a obtenu un dipl\u00f4me d'ing\u00e9nieur, puis un doctorat en Chimie. Il est Expert Judiciaire en France, en Belgique et \u00e0 Luxembourg, et agr\u00e9e par les Institutions Europ\u00e9ennes.","sameAs":["http:\/\/www.frederic-poitou.com","https:\/\/www.linkedin.com\/in\/frederic-poitou-b045a025\/"]}]}},"_links":{"self":[{"href":"http:\/\/www.frederic-poitou.com\/blog\/wp-json\/wp\/v2\/posts\/6576","targetHints":{"allow":["GET"]}}],"collection":[{"href":"http:\/\/www.frederic-poitou.com\/blog\/wp-json\/wp\/v2\/posts"}],"about":[{"href":"http:\/\/www.frederic-poitou.com\/blog\/wp-json\/wp\/v2\/types\/post"}],"author":[{"embeddable":true,"href":"http:\/\/www.frederic-poitou.com\/blog\/wp-json\/wp\/v2\/users\/4"}],"replies":[{"embeddable":true,"href":"http:\/\/www.frederic-poitou.com\/blog\/wp-json\/wp\/v2\/comments?post=6576"}],"version-history":[{"count":1,"href":"http:\/\/www.frederic-poitou.com\/blog\/wp-json\/wp\/v2\/posts\/6576\/revisions"}],"predecessor-version":[{"id":10312,"href":"http:\/\/www.frederic-poitou.com\/blog\/wp-json\/wp\/v2\/posts\/6576\/revisions\/10312"}],"wp:featuredmedia":[{"embeddable":true,"href":"http:\/\/www.frederic-poitou.com\/blog\/wp-json\/wp\/v2\/media\/6705"}],"wp:attachment":[{"href":"http:\/\/www.frederic-poitou.com\/blog\/wp-json\/wp\/v2\/media?parent=6576"}],"wp:term":[{"taxonomy":"category","embeddable":true,"href":"http:\/\/www.frederic-poitou.com\/blog\/wp-json\/wp\/v2\/categories?post=6576"},{"taxonomy":"post_tag","embeddable":true,"href":"http:\/\/www.frederic-poitou.com\/blog\/wp-json\/wp\/v2\/tags?post=6576"}],"curies":[{"name":"wp","href":"https:\/\/api.w.org\/{rel}","templated":true}]}}