{"id":6558,"date":"2023-07-14T01:04:32","date_gmt":"2023-07-13T23:04:32","guid":{"rendered":"http:\/\/www.frederic-poitou.com\/blog\/?p=6558"},"modified":"2026-04-14T19:28:25","modified_gmt":"2026-04-14T17:28:25","slug":"etre-antisemite-ca-rapporte","status":"publish","type":"post","link":"http:\/\/www.frederic-poitou.com\/blog\/etre-antisemite-ca-rapporte\/","title":{"rendered":"\u00caTRE ANTIS\u00c9MITE, CA RAPPORTE !"},"content":{"rendered":"<p>Etre antis\u00e9mite, ca rapporte !<\/p>\n<p>\u00ab\u00a0Le Canard encha\u00een\u00e9 a sorti hier une minutieuse et r\u00e9v\u00e9latrice enqu\u00eate sur \u201cla fortune planqu\u00e9e\u201d de Dieudonn\u00e9. L\u2019article sign\u00e9 par Anne-Sophie Mercier et Christophe Nobili apporte les preuves de ce que tous soup\u00e7onnaient depuis bien longtemps : l\u2019orchestration de l\u2019insolvabilit\u00e9 de Dieudonn\u00e9 M\u2019Bala M\u2019Bala. Ce qui surprend toutefois, c\u2019est la fragilit\u00e9 de certaines \u201dplanques\u201d, pas si planqu\u00e9es que \u00e7a\u2026<br \/>\nC\u2019est d\u00e9sormais au fisc de faire son travail !\u00a0\u00bb<br \/>\nVoir le r\u00e9sum\u00e9 de l&rsquo;article <a href=\"http:\/\/laregledujeu.org\/2014\/02\/13\/15856\/la-fortune-de-dieudonne-revelee-par-le-canard-enchaine\/\" target=\"_blank\" rel=\"noopener noreferrer\">ICI<\/a><\/p>\n<p>Sur le dessins de P\u00e9tillon dans le Canard cette semaine, il faut \u00e9videmment inverser les propositions de Dieudonn\u00e9 :<br \/>\n\u00ab\u00a0Je suis antis\u00e9mite\u00a0\u00bb, \u00ab\u00a0je suis solvable\u00a0\u00bb.<\/p>\n<p>Quand on pense que pour une bonne partie, ces actifs proviennent des souscriptions que cet usurpateur \u00e0 lanc\u00e9 pr\u00e8s de ses admirateurs qui ne se sont m\u00eame pas rendu compte qu&rsquo;ils allaient contribuer \u00e0 augmenter la fortune de leur mentor.<\/p>\n<p>Il est fort ! Tr\u00e8s fort.<\/p>\n<p>&nbsp;<\/p>\n<p><a href=\"http:\/\/www.frederic-poitou.com\/blog\/wp-content\/dieudonne-canard.jpg\"><img loading=\"lazy\" decoding=\"async\" class=\"size-full wp-image-6559 aligncenter\" src=\"http:\/\/www.frederic-poitou.com\/blog\/wp-content\/dieudonne-canard.jpg\" alt=\"dieudonne-canard\" width=\"726\" height=\"436\" srcset=\"http:\/\/www.frederic-poitou.com\/blog\/wp-content\/dieudonne-canard.jpg 726w, http:\/\/www.frederic-poitou.com\/blog\/wp-content\/dieudonne-canard-300x180.jpg 300w\" sizes=\"auto, (max-width: 726px) 100vw, 726px\" \/><\/a><\/p>\n","protected":false},"excerpt":{"rendered":"<p>Etre antis\u00e9mite, ca rapporte ! \u00ab\u00a0Le Canard encha\u00een\u00e9 a sorti hier une minutieuse et r\u00e9v\u00e9latrice enqu\u00eate sur \u201cla fortune planqu\u00e9e\u201d de Dieudonn\u00e9. L\u2019article sign\u00e9 par Anne-Sophie Mercier et Christophe Nobili apporte les preuves de ce que tous soup\u00e7onnaient depuis bien &hellip; <a href=\"http:\/\/www.frederic-poitou.com\/blog\/etre-antisemite-ca-rapporte\/\">Lire la suite\u00ad\u00ad<\/a><\/p>\n","protected":false},"author":4,"featured_media":6707,"comment_status":"closed","ping_status":"closed","sticky":false,"template":"","format":"standard","meta":{"kt_blocks_editor_width":"","_exactmetrics_skip_tracking":false,"_exactmetrics_sitenote_active":false,"_exactmetrics_sitenote_note":"","_exactmetrics_sitenote_category":0,"footnotes":""},"categories":[44],"tags":[27,16],"class_list":["post-6558","post","type-post","status-publish","format-standard","has-post-thumbnail","hentry","category-culture","tag-actualite","tag-divers"],"yoast_head":"<!-- This site is optimized with the Yoast SEO plugin v27.1.1 - https:\/\/yoast.com\/product\/yoast-seo-wordpress\/ -->\n<title>\u00caTRE ANTIS\u00c9MITE, CA RAPPORTE ! -<\/title>\n<meta name=\"robots\" content=\"index, follow, max-snippet:-1, max-image-preview:large, max-video-preview:-1\" \/>\n<link rel=\"canonical\" href=\"http:\/\/www.frederic-poitou.com\/blog\/etre-antisemite-ca-rapporte\/\" \/>\n<meta property=\"og:locale\" content=\"fr_FR\" \/>\n<meta property=\"og:type\" content=\"article\" \/>\n<meta property=\"og:title\" content=\"\u00caTRE ANTIS\u00c9MITE, CA RAPPORTE ! -\" \/>\n<meta property=\"og:description\" content=\"Etre antis\u00e9mite, ca rapporte ! \u00ab\u00a0Le Canard encha\u00een\u00e9 a sorti hier une minutieuse et r\u00e9v\u00e9latrice enqu\u00eate sur \u201cla fortune planqu\u00e9e\u201d de Dieudonn\u00e9. L\u2019article sign\u00e9 par Anne-Sophie Mercier et Christophe Nobili apporte les preuves de ce que tous soup\u00e7onnaient depuis bien &hellip; Lire la suite\u00ad\u00ad\" \/>\n<meta property=\"og:url\" content=\"http:\/\/www.frederic-poitou.com\/blog\/etre-antisemite-ca-rapporte\/\" \/>\n<meta property=\"article:publisher\" content=\"https:\/\/www.facebook.com\/frederic.poitou\/\" \/>\n<meta property=\"article:published_time\" content=\"2023-07-13T23:04:32+00:00\" \/>\n<meta property=\"article:modified_time\" content=\"2026-04-14T17:28:25+00:00\" \/>\n<meta property=\"og:image\" content=\"http:\/\/www.frederic-poitou.com\/blog\/wp-content\/607559-dieudonne-le-13-decembre-2013-au-palais-de-justice-a-paris.jpg\" \/>\n\t<meta property=\"og:image:width\" content=\"750\" \/>\n\t<meta property=\"og:image:height\" content=\"500\" \/>\n\t<meta property=\"og:image:type\" content=\"image\/jpeg\" \/>\n<meta name=\"author\" content=\"Fr\u00e9d\u00e9ric Poitou\" \/>\n<meta name=\"twitter:card\" content=\"summary_large_image\" \/>\n<meta name=\"twitter:creator\" content=\"@fredericpoitou\" \/>\n<meta name=\"twitter:site\" content=\"@fredericpoitou\" \/>\n<meta name=\"twitter:label1\" content=\"\u00c9crit par\" \/>\n\t<meta name=\"twitter:data1\" content=\"Fr\u00e9d\u00e9ric Poitou\" \/>\n\t<meta name=\"twitter:label2\" content=\"Dur\u00e9e de lecture estim\u00e9e\" \/>\n\t<meta name=\"twitter:data2\" content=\"1 minute\" \/>\n<script type=\"application\/ld+json\" class=\"yoast-schema-graph\">{\"@context\":\"https:\/\/schema.org\",\"@graph\":[{\"@type\":\"Article\",\"@id\":\"http:\/\/www.frederic-poitou.com\/blog\/etre-antisemite-ca-rapporte\/#article\",\"isPartOf\":{\"@id\":\"http:\/\/www.frederic-poitou.com\/blog\/etre-antisemite-ca-rapporte\/\"},\"author\":{\"name\":\"Fr\u00e9d\u00e9ric Poitou\",\"@id\":\"https:\/\/www.frederic-poitou.com\/blog\/#\/schema\/person\/e2c2d05e978747818533fdce859a7799\"},\"headline\":\"\u00caTRE ANTIS\u00c9MITE, CA RAPPORTE !\",\"datePublished\":\"2023-07-13T23:04:32+00:00\",\"dateModified\":\"2026-04-14T17:28:25+00:00\",\"mainEntityOfPage\":{\"@id\":\"http:\/\/www.frederic-poitou.com\/blog\/etre-antisemite-ca-rapporte\/\"},\"wordCount\":173,\"image\":{\"@id\":\"http:\/\/www.frederic-poitou.com\/blog\/etre-antisemite-ca-rapporte\/#primaryimage\"},\"thumbnailUrl\":\"http:\/\/www.frederic-poitou.com\/blog\/wp-content\/607559-dieudonne-le-13-decembre-2013-au-palais-de-justice-a-paris.jpg\",\"keywords\":[\"Actualit\u00e9\",\"DIVERS\"],\"articleSection\":[\"Culture\"],\"inLanguage\":\"fr-FR\"},{\"@type\":\"WebPage\",\"@id\":\"http:\/\/www.frederic-poitou.com\/blog\/etre-antisemite-ca-rapporte\/\",\"url\":\"http:\/\/www.frederic-poitou.com\/blog\/etre-antisemite-ca-rapporte\/\",\"name\":\"\u00caTRE ANTIS\u00c9MITE, CA RAPPORTE ! -\",\"isPartOf\":{\"@id\":\"https:\/\/www.frederic-poitou.com\/blog\/#website\"},\"primaryImageOfPage\":{\"@id\":\"http:\/\/www.frederic-poitou.com\/blog\/etre-antisemite-ca-rapporte\/#primaryimage\"},\"image\":{\"@id\":\"http:\/\/www.frederic-poitou.com\/blog\/etre-antisemite-ca-rapporte\/#primaryimage\"},\"thumbnailUrl\":\"http:\/\/www.frederic-poitou.com\/blog\/wp-content\/607559-dieudonne-le-13-decembre-2013-au-palais-de-justice-a-paris.jpg\",\"datePublished\":\"2023-07-13T23:04:32+00:00\",\"dateModified\":\"2026-04-14T17:28:25+00:00\",\"author\":{\"@id\":\"https:\/\/www.frederic-poitou.com\/blog\/#\/schema\/person\/e2c2d05e978747818533fdce859a7799\"},\"breadcrumb\":{\"@id\":\"http:\/\/www.frederic-poitou.com\/blog\/etre-antisemite-ca-rapporte\/#breadcrumb\"},\"inLanguage\":\"fr-FR\",\"potentialAction\":[{\"@type\":\"ReadAction\",\"target\":[\"http:\/\/www.frederic-poitou.com\/blog\/etre-antisemite-ca-rapporte\/\"]}]},{\"@type\":\"ImageObject\",\"inLanguage\":\"fr-FR\",\"@id\":\"http:\/\/www.frederic-poitou.com\/blog\/etre-antisemite-ca-rapporte\/#primaryimage\",\"url\":\"http:\/\/www.frederic-poitou.com\/blog\/wp-content\/607559-dieudonne-le-13-decembre-2013-au-palais-de-justice-a-paris.jpg\",\"contentUrl\":\"http:\/\/www.frederic-poitou.com\/blog\/wp-content\/607559-dieudonne-le-13-decembre-2013-au-palais-de-justice-a-paris.jpg\",\"width\":750,\"height\":500},{\"@type\":\"BreadcrumbList\",\"@id\":\"http:\/\/www.frederic-poitou.com\/blog\/etre-antisemite-ca-rapporte\/#breadcrumb\",\"itemListElement\":[{\"@type\":\"ListItem\",\"position\":1,\"name\":\"Accueil\",\"item\":\"https:\/\/www.frederic-poitou.com\/blog\/\"},{\"@type\":\"ListItem\",\"position\":2,\"name\":\"\u00caTRE ANTIS\u00c9MITE, CA RAPPORTE !\"}]},{\"@type\":\"WebSite\",\"@id\":\"https:\/\/www.frederic-poitou.com\/blog\/#website\",\"url\":\"https:\/\/www.frederic-poitou.com\/blog\/\",\"name\":\"\",\"description\":\"\",\"potentialAction\":[{\"@type\":\"SearchAction\",\"target\":{\"@type\":\"EntryPoint\",\"urlTemplate\":\"https:\/\/www.frederic-poitou.com\/blog\/?s={search_term_string}\"},\"query-input\":{\"@type\":\"PropertyValueSpecification\",\"valueRequired\":true,\"valueName\":\"search_term_string\"}}],\"inLanguage\":\"fr-FR\"},{\"@type\":\"Person\",\"@id\":\"https:\/\/www.frederic-poitou.com\/blog\/#\/schema\/person\/e2c2d05e978747818533fdce859a7799\",\"name\":\"Fr\u00e9d\u00e9ric Poitou\",\"image\":{\"@type\":\"ImageObject\",\"inLanguage\":\"fr-FR\",\"@id\":\"https:\/\/www.frederic-poitou.com\/blog\/#\/schema\/person\/image\/\",\"url\":\"https:\/\/secure.gravatar.com\/avatar\/1933bcca279a2feafd35d9e0a080c521e11beb51115fe4cfe02e2586ac13424a?s=96&d=mm&r=g\",\"contentUrl\":\"https:\/\/secure.gravatar.com\/avatar\/1933bcca279a2feafd35d9e0a080c521e11beb51115fe4cfe02e2586ac13424a?s=96&d=mm&r=g\",\"caption\":\"Fr\u00e9d\u00e9ric Poitou\"},\"description\":\"Fr\u00e9d\u00e9ric Poitou est n\u00e9 \u00e0 Rouen, et y a fait des \u00e9tudes au Conservatoire en musique-\u00e9tudes en section piano. Il s'est ensuite orient\u00e9 vers des \u00e9tudes scientifiques o\u00f9 il a obtenu un dipl\u00f4me d'ing\u00e9nieur, puis un doctorat en Chimie. Il est Expert Judiciaire en France, en Belgique et \u00e0 Luxembourg, et agr\u00e9e par les Institutions Europ\u00e9ennes.\",\"sameAs\":[\"http:\/\/www.frederic-poitou.com\",\"https:\/\/www.linkedin.com\/in\/frederic-poitou-b045a025\/\"]}]}<\/script>\n<!-- \/ Yoast SEO plugin. -->","yoast_head_json":{"title":"\u00caTRE ANTIS\u00c9MITE, CA RAPPORTE ! -","robots":{"index":"index","follow":"follow","max-snippet":"max-snippet:-1","max-image-preview":"max-image-preview:large","max-video-preview":"max-video-preview:-1"},"canonical":"http:\/\/www.frederic-poitou.com\/blog\/etre-antisemite-ca-rapporte\/","og_locale":"fr_FR","og_type":"article","og_title":"\u00caTRE ANTIS\u00c9MITE, CA RAPPORTE ! -","og_description":"Etre antis\u00e9mite, ca rapporte ! \u00ab\u00a0Le Canard encha\u00een\u00e9 a sorti hier une minutieuse et r\u00e9v\u00e9latrice enqu\u00eate sur \u201cla fortune planqu\u00e9e\u201d de Dieudonn\u00e9. L\u2019article sign\u00e9 par Anne-Sophie Mercier et Christophe Nobili apporte les preuves de ce que tous soup\u00e7onnaient depuis bien &hellip; Lire la suite\u00ad\u00ad","og_url":"http:\/\/www.frederic-poitou.com\/blog\/etre-antisemite-ca-rapporte\/","article_publisher":"https:\/\/www.facebook.com\/frederic.poitou\/","article_published_time":"2023-07-13T23:04:32+00:00","article_modified_time":"2026-04-14T17:28:25+00:00","og_image":[{"width":750,"height":500,"url":"http:\/\/www.frederic-poitou.com\/blog\/wp-content\/607559-dieudonne-le-13-decembre-2013-au-palais-de-justice-a-paris.jpg","type":"image\/jpeg"}],"author":"Fr\u00e9d\u00e9ric Poitou","twitter_card":"summary_large_image","twitter_creator":"@fredericpoitou","twitter_site":"@fredericpoitou","twitter_misc":{"\u00c9crit par":"Fr\u00e9d\u00e9ric Poitou","Dur\u00e9e de lecture estim\u00e9e":"1 minute"},"schema":{"@context":"https:\/\/schema.org","@graph":[{"@type":"Article","@id":"http:\/\/www.frederic-poitou.com\/blog\/etre-antisemite-ca-rapporte\/#article","isPartOf":{"@id":"http:\/\/www.frederic-poitou.com\/blog\/etre-antisemite-ca-rapporte\/"},"author":{"name":"Fr\u00e9d\u00e9ric Poitou","@id":"https:\/\/www.frederic-poitou.com\/blog\/#\/schema\/person\/e2c2d05e978747818533fdce859a7799"},"headline":"\u00caTRE ANTIS\u00c9MITE, CA RAPPORTE !","datePublished":"2023-07-13T23:04:32+00:00","dateModified":"2026-04-14T17:28:25+00:00","mainEntityOfPage":{"@id":"http:\/\/www.frederic-poitou.com\/blog\/etre-antisemite-ca-rapporte\/"},"wordCount":173,"image":{"@id":"http:\/\/www.frederic-poitou.com\/blog\/etre-antisemite-ca-rapporte\/#primaryimage"},"thumbnailUrl":"http:\/\/www.frederic-poitou.com\/blog\/wp-content\/607559-dieudonne-le-13-decembre-2013-au-palais-de-justice-a-paris.jpg","keywords":["Actualit\u00e9","DIVERS"],"articleSection":["Culture"],"inLanguage":"fr-FR"},{"@type":"WebPage","@id":"http:\/\/www.frederic-poitou.com\/blog\/etre-antisemite-ca-rapporte\/","url":"http:\/\/www.frederic-poitou.com\/blog\/etre-antisemite-ca-rapporte\/","name":"\u00caTRE ANTIS\u00c9MITE, CA RAPPORTE ! -","isPartOf":{"@id":"https:\/\/www.frederic-poitou.com\/blog\/#website"},"primaryImageOfPage":{"@id":"http:\/\/www.frederic-poitou.com\/blog\/etre-antisemite-ca-rapporte\/#primaryimage"},"image":{"@id":"http:\/\/www.frederic-poitou.com\/blog\/etre-antisemite-ca-rapporte\/#primaryimage"},"thumbnailUrl":"http:\/\/www.frederic-poitou.com\/blog\/wp-content\/607559-dieudonne-le-13-decembre-2013-au-palais-de-justice-a-paris.jpg","datePublished":"2023-07-13T23:04:32+00:00","dateModified":"2026-04-14T17:28:25+00:00","author":{"@id":"https:\/\/www.frederic-poitou.com\/blog\/#\/schema\/person\/e2c2d05e978747818533fdce859a7799"},"breadcrumb":{"@id":"http:\/\/www.frederic-poitou.com\/blog\/etre-antisemite-ca-rapporte\/#breadcrumb"},"inLanguage":"fr-FR","potentialAction":[{"@type":"ReadAction","target":["http:\/\/www.frederic-poitou.com\/blog\/etre-antisemite-ca-rapporte\/"]}]},{"@type":"ImageObject","inLanguage":"fr-FR","@id":"http:\/\/www.frederic-poitou.com\/blog\/etre-antisemite-ca-rapporte\/#primaryimage","url":"http:\/\/www.frederic-poitou.com\/blog\/wp-content\/607559-dieudonne-le-13-decembre-2013-au-palais-de-justice-a-paris.jpg","contentUrl":"http:\/\/www.frederic-poitou.com\/blog\/wp-content\/607559-dieudonne-le-13-decembre-2013-au-palais-de-justice-a-paris.jpg","width":750,"height":500},{"@type":"BreadcrumbList","@id":"http:\/\/www.frederic-poitou.com\/blog\/etre-antisemite-ca-rapporte\/#breadcrumb","itemListElement":[{"@type":"ListItem","position":1,"name":"Accueil","item":"https:\/\/www.frederic-poitou.com\/blog\/"},{"@type":"ListItem","position":2,"name":"\u00caTRE ANTIS\u00c9MITE, CA RAPPORTE !"}]},{"@type":"WebSite","@id":"https:\/\/www.frederic-poitou.com\/blog\/#website","url":"https:\/\/www.frederic-poitou.com\/blog\/","name":"","description":"","potentialAction":[{"@type":"SearchAction","target":{"@type":"EntryPoint","urlTemplate":"https:\/\/www.frederic-poitou.com\/blog\/?s={search_term_string}"},"query-input":{"@type":"PropertyValueSpecification","valueRequired":true,"valueName":"search_term_string"}}],"inLanguage":"fr-FR"},{"@type":"Person","@id":"https:\/\/www.frederic-poitou.com\/blog\/#\/schema\/person\/e2c2d05e978747818533fdce859a7799","name":"Fr\u00e9d\u00e9ric Poitou","image":{"@type":"ImageObject","inLanguage":"fr-FR","@id":"https:\/\/www.frederic-poitou.com\/blog\/#\/schema\/person\/image\/","url":"https:\/\/secure.gravatar.com\/avatar\/1933bcca279a2feafd35d9e0a080c521e11beb51115fe4cfe02e2586ac13424a?s=96&d=mm&r=g","contentUrl":"https:\/\/secure.gravatar.com\/avatar\/1933bcca279a2feafd35d9e0a080c521e11beb51115fe4cfe02e2586ac13424a?s=96&d=mm&r=g","caption":"Fr\u00e9d\u00e9ric Poitou"},"description":"Fr\u00e9d\u00e9ric Poitou est n\u00e9 \u00e0 Rouen, et y a fait des \u00e9tudes au Conservatoire en musique-\u00e9tudes en section piano. Il s'est ensuite orient\u00e9 vers des \u00e9tudes scientifiques o\u00f9 il a obtenu un dipl\u00f4me d'ing\u00e9nieur, puis un doctorat en Chimie. Il est Expert Judiciaire en France, en Belgique et \u00e0 Luxembourg, et agr\u00e9e par les Institutions Europ\u00e9ennes.","sameAs":["http:\/\/www.frederic-poitou.com","https:\/\/www.linkedin.com\/in\/frederic-poitou-b045a025\/"]}]}},"_links":{"self":[{"href":"http:\/\/www.frederic-poitou.com\/blog\/wp-json\/wp\/v2\/posts\/6558","targetHints":{"allow":["GET"]}}],"collection":[{"href":"http:\/\/www.frederic-poitou.com\/blog\/wp-json\/wp\/v2\/posts"}],"about":[{"href":"http:\/\/www.frederic-poitou.com\/blog\/wp-json\/wp\/v2\/types\/post"}],"author":[{"embeddable":true,"href":"http:\/\/www.frederic-poitou.com\/blog\/wp-json\/wp\/v2\/users\/4"}],"replies":[{"embeddable":true,"href":"http:\/\/www.frederic-poitou.com\/blog\/wp-json\/wp\/v2\/comments?post=6558"}],"version-history":[{"count":1,"href":"http:\/\/www.frederic-poitou.com\/blog\/wp-json\/wp\/v2\/posts\/6558\/revisions"}],"predecessor-version":[{"id":8791,"href":"http:\/\/www.frederic-poitou.com\/blog\/wp-json\/wp\/v2\/posts\/6558\/revisions\/8791"}],"wp:featuredmedia":[{"embeddable":true,"href":"http:\/\/www.frederic-poitou.com\/blog\/wp-json\/wp\/v2\/media\/6707"}],"wp:attachment":[{"href":"http:\/\/www.frederic-poitou.com\/blog\/wp-json\/wp\/v2\/media?parent=6558"}],"wp:term":[{"taxonomy":"category","embeddable":true,"href":"http:\/\/www.frederic-poitou.com\/blog\/wp-json\/wp\/v2\/categories?post=6558"},{"taxonomy":"post_tag","embeddable":true,"href":"http:\/\/www.frederic-poitou.com\/blog\/wp-json\/wp\/v2\/tags?post=6558"}],"curies":[{"name":"wp","href":"https:\/\/api.w.org\/{rel}","templated":true}]}}