{"id":6520,"date":"2023-07-14T09:34:32","date_gmt":"2023-07-14T07:34:32","guid":{"rendered":"http:\/\/www.frederic-poitou.com\/blog\/?p=6520"},"modified":"2026-04-17T09:04:26","modified_gmt":"2026-04-17T07:04:26","slug":"chassez-le-naturel-il-revient-vite-au-galop-bis","status":"publish","type":"post","link":"http:\/\/www.frederic-poitou.com\/blog\/chassez-le-naturel-il-revient-vite-au-galop-bis\/","title":{"rendered":"CHASSEZ LE NATUREL, IL REVIENT VITE AU GALOP (bis)"},"content":{"rendered":"<p>Apr\u00e8s la scandaleuse allusion de Marine le Pen sur les tenues et barbes port\u00e9es par les otages \u00e0 leur sortie d&rsquo;avion le jour de leur lib\u00e9ration, c&rsquo;est d\u00e9sormais une candidate du Front national en Haute-Garonne s&rsquo;est retir\u00e9e de la liste, d\u00e9non\u00e7ant des propos racistes r\u00e9p\u00e9t\u00e9s au sein du parti. Le parti serait en train de formuler une plainte en diffamation \u00e0 son encontre.<\/p>\n<p>&nbsp;<\/p>\n<p>D&rsquo;origine alg\u00e9rienne, elle s&rsquo;est retir\u00e9e de la course aux municipales, lass\u00e9e des injures racistes entendues au sein du parti, r\u00e9v\u00e8le La voix du midi. \u00ab\u00a0Je ne suis pas d\u2019accord avec certains discours de certains responsables du FN dans mon d\u00e9partement\u00a0\u00bb, a-t-elle expliqu\u00e9 \u00e0 l&rsquo;hebdomadaire toulousain. Nadia Portheault et son mari Thierry ont constat\u00e9 \u00ab\u00a0un d\u00e9calage entre le discours de Marine (Le Pen) et celui de la base militante\u00a0\u00bb, a dit la jeune femme cit\u00e9e dans l&rsquo;hebdomadaire de cette semaine, \u00ab\u00a0cette ambigu\u00eft\u00e9 permanente, entre la vitrine et une arri\u00e8re-boutique sp\u00e9cialis\u00e9e dans les blagues vaseuses sur les Arabes et les homos, n&rsquo;\u00e9tait plus supportable\u00a0\u00bb.<\/p>\n<p>La veille elle a r\u00e9v\u00e9l\u00e9 dans l&rsquo;hebdomadaire La Voix du Midi avoir \u00e9t\u00e9 stigmatis\u00e9e par des cadres et militants du FN \u00e0 cause de ses origines. \u00ab\u00a0<em>Je voulais \u00eatre candidate sous mon nom de jeune fille, Djelida. On m&rsquo;a vivement conseill\u00e9 de privil\u00e9gier mon nom d&rsquo;\u00e9pouse, allant m\u00eame jusqu&rsquo;\u00e0 me dire que mon pr\u00e9nom \u00e9tait presque un handicap<\/em>\u00ab\u00a0.<\/p>\n<p>Le secr\u00e9taire d\u00e9partemental du Front national, Julien Leonardelli, a indiqu\u00e9 qu&rsquo;une plainte en diffamation \u00e9tait en cours de formulation: les Portheault \u00ab\u00a0devront r\u00e9pondre devant la justice et apporter des preuves de tout ce qu&rsquo;ils avancent\u00a0\u00bb. Il a cat\u00e9goriquement rejet\u00e9 les accusations du couple. Il a assur\u00e9 avoir fait proc\u00e9der au sein du parti \u00e0 des v\u00e9rifications sur ces affirmations, et pouvoir exclure de telles attitudes de la part de cadres ou de militants du parti. \u00ab\u00a0Tous les membres de mon bureau, je les connais personnellement. Aucun d&rsquo;entre eux n&rsquo;est capable de tenir des propos aussi ignobles et inqualifiables\u00a0\u00bb, a-t-il dit \u00e0 l&rsquo;AFP. Il a mis les accusations sur le compte de l&rsquo;aigreur de Nadia Portheault de ne pas avoir un poste de responsabilit\u00e9 au sein du Front national, et sur le d\u00e9couragement de Nadia Portheault devant les r\u00e9alit\u00e9s d&rsquo;une campagne municipale.<\/p>\n<p>\u00ab\u00a0Un d\u00e9calage entre le discours de Marine et celui de la base\u00a0\u00bb<\/p>\n<p>Investie t\u00eate de liste \u00e0 Saint-Alban, une commune de 6.000 habitants, Nadia Portheault \u00e9tait jusque l\u00e0 tr\u00e8s engag\u00e9e dans les activit\u00e9s du Front national. \u00ab\u00a0Tout d\u2019un coup, ces militants tr\u00e8s engag\u00e9s disent qu\u2019ils se sont tromp\u00e9s, qu\u2019il y aurait un autre visage au Front\u00a0\u00bb, regrette Serge Laroze, pr\u00e9sident d\u00e9partemental du FN en Haute-Garonne. M\u00eame s&rsquo;il reconna\u00eet qu&rsquo;il peut y avoir des \u00ab\u00a0d\u00e9bordements\u00a0\u00bb, le responsable du parti nie que Nadia Portheault, d&rsquo;origine alg\u00e9rienne, ait \u00e9t\u00e9 stigmatis\u00e9e \u00e0 cause de ses origines.<br \/>\nLa militante affirme quant \u00e0 elle qu&rsquo;on lui aurait demand\u00e9 de se pr\u00e9senter sous son nom d&rsquo;\u00e9pouse, plut\u00f4t que son nom de jeune fille. \u00ab\u00a0On m\u2019a vivement conseill\u00e9 de privil\u00e9gier mon nom d\u2019\u00e9pouse, allant m\u00eame jusqu\u2019\u00e0 me dire que mon pr\u00e9nom \u00e9tait d\u00e9j\u00e0 presque un handicap\u00a0\u00bb, explique-t-elle.<\/p>\n<p>Bien \u00e9videmment, le Front va crier \u00e0 la diffamation, argumentant du fait qu&rsquo;il n&rsquo;y a aucun raciste dans ce parti. Mais les masques tombent curieusement petit \u00e0 petit.<\/p>\n<p><a href=\"http:\/\/www.frederic-poitou.com\/blog\/wp-content\/000_Par7696374.jpeg\"><img loading=\"lazy\" decoding=\"async\" class=\"size-medium wp-image-6521 aligncenter\" alt=\"000_Par7696374\" src=\"http:\/\/www.frederic-poitou.com\/blog\/wp-content\/000_Par7696374-300x150.jpeg\" width=\"300\" height=\"150\" srcset=\"http:\/\/www.frederic-poitou.com\/blog\/wp-content\/000_Par7696374-300x150.jpeg 300w, http:\/\/www.frederic-poitou.com\/blog\/wp-content\/000_Par7696374.jpeg 858w\" sizes=\"auto, (max-width: 300px) 100vw, 300px\" \/><\/a><\/p>\n<p>&nbsp;<\/p>\n","protected":false},"excerpt":{"rendered":"<p>Apr\u00e8s la scandaleuse allusion de Marine le Pen sur les tenues et barbes port\u00e9es par les otages \u00e0 leur sortie d&rsquo;avion le jour de leur lib\u00e9ration, c&rsquo;est d\u00e9sormais une candidate du Front national en Haute-Garonne s&rsquo;est retir\u00e9e de la liste, &hellip; <a href=\"http:\/\/www.frederic-poitou.com\/blog\/chassez-le-naturel-il-revient-vite-au-galop-bis\/\">Lire la suite\u00ad\u00ad<\/a><\/p>\n","protected":false},"author":4,"featured_media":0,"comment_status":"closed","ping_status":"closed","sticky":false,"template":"","format":"standard","meta":{"kt_blocks_editor_width":"","_exactmetrics_skip_tracking":false,"_exactmetrics_sitenote_active":false,"_exactmetrics_sitenote_note":"","_exactmetrics_sitenote_category":0,"footnotes":""},"categories":[48],"tags":[27,24],"class_list":["post-6520","post","type-post","status-publish","format-standard","hentry","category-accueil","tag-actualite","tag-politique"],"yoast_head":"<!-- This site is optimized with the Yoast SEO plugin v27.1.1 - https:\/\/yoast.com\/product\/yoast-seo-wordpress\/ -->\n<title>CHASSEZ LE NATUREL, IL REVIENT VITE AU GALOP (bis) -<\/title>\n<meta name=\"robots\" content=\"index, follow, max-snippet:-1, max-image-preview:large, max-video-preview:-1\" \/>\n<link rel=\"canonical\" href=\"http:\/\/www.frederic-poitou.com\/blog\/chassez-le-naturel-il-revient-vite-au-galop-bis\/\" \/>\n<meta property=\"og:locale\" content=\"fr_FR\" \/>\n<meta property=\"og:type\" content=\"article\" \/>\n<meta property=\"og:title\" content=\"CHASSEZ LE NATUREL, IL REVIENT VITE AU GALOP (bis) -\" \/>\n<meta property=\"og:description\" content=\"Apr\u00e8s la scandaleuse allusion de Marine le Pen sur les tenues et barbes port\u00e9es par les otages \u00e0 leur sortie d&rsquo;avion le jour de leur lib\u00e9ration, c&rsquo;est d\u00e9sormais une candidate du Front national en Haute-Garonne s&rsquo;est retir\u00e9e de la liste, &hellip; Lire la suite\u00ad\u00ad\" \/>\n<meta property=\"og:url\" content=\"http:\/\/www.frederic-poitou.com\/blog\/chassez-le-naturel-il-revient-vite-au-galop-bis\/\" \/>\n<meta property=\"article:publisher\" content=\"https:\/\/www.facebook.com\/frederic.poitou\/\" \/>\n<meta property=\"article:published_time\" content=\"2023-07-14T07:34:32+00:00\" \/>\n<meta property=\"article:modified_time\" content=\"2026-04-17T07:04:26+00:00\" \/>\n<meta property=\"og:image\" content=\"http:\/\/www.frederic-poitou.com\/blog\/wp-content\/000_Par7696374-300x150.jpeg\" \/>\n<meta name=\"author\" content=\"Fr\u00e9d\u00e9ric Poitou\" \/>\n<meta name=\"twitter:card\" content=\"summary_large_image\" \/>\n<meta name=\"twitter:creator\" content=\"@fredericpoitou\" \/>\n<meta name=\"twitter:site\" content=\"@fredericpoitou\" \/>\n<meta name=\"twitter:label1\" content=\"\u00c9crit par\" \/>\n\t<meta name=\"twitter:data1\" content=\"Fr\u00e9d\u00e9ric Poitou\" \/>\n\t<meta name=\"twitter:label2\" content=\"Dur\u00e9e de lecture estim\u00e9e\" \/>\n\t<meta name=\"twitter:data2\" content=\"3 minutes\" \/>\n<script type=\"application\/ld+json\" class=\"yoast-schema-graph\">{\"@context\":\"https:\/\/schema.org\",\"@graph\":[{\"@type\":\"Article\",\"@id\":\"http:\/\/www.frederic-poitou.com\/blog\/chassez-le-naturel-il-revient-vite-au-galop-bis\/#article\",\"isPartOf\":{\"@id\":\"http:\/\/www.frederic-poitou.com\/blog\/chassez-le-naturel-il-revient-vite-au-galop-bis\/\"},\"author\":{\"name\":\"Fr\u00e9d\u00e9ric Poitou\",\"@id\":\"http:\/\/www.frederic-poitou.com\/blog\/#\/schema\/person\/e2c2d05e978747818533fdce859a7799\"},\"headline\":\"CHASSEZ LE NATUREL, IL REVIENT VITE AU GALOP (bis)\",\"datePublished\":\"2023-07-14T07:34:32+00:00\",\"dateModified\":\"2026-04-17T07:04:26+00:00\",\"mainEntityOfPage\":{\"@id\":\"http:\/\/www.frederic-poitou.com\/blog\/chassez-le-naturel-il-revient-vite-au-galop-bis\/\"},\"wordCount\":619,\"image\":{\"@id\":\"http:\/\/www.frederic-poitou.com\/blog\/chassez-le-naturel-il-revient-vite-au-galop-bis\/#primaryimage\"},\"thumbnailUrl\":\"http:\/\/www.frederic-poitou.com\/blog\/wp-content\/000_Par7696374-300x150.jpeg\",\"keywords\":[\"Actualit\u00e9\",\"Politique\"],\"articleSection\":[\"Accueil\"],\"inLanguage\":\"fr-FR\"},{\"@type\":\"WebPage\",\"@id\":\"http:\/\/www.frederic-poitou.com\/blog\/chassez-le-naturel-il-revient-vite-au-galop-bis\/\",\"url\":\"http:\/\/www.frederic-poitou.com\/blog\/chassez-le-naturel-il-revient-vite-au-galop-bis\/\",\"name\":\"CHASSEZ LE NATUREL, IL REVIENT VITE AU GALOP (bis) -\",\"isPartOf\":{\"@id\":\"http:\/\/www.frederic-poitou.com\/blog\/#website\"},\"primaryImageOfPage\":{\"@id\":\"http:\/\/www.frederic-poitou.com\/blog\/chassez-le-naturel-il-revient-vite-au-galop-bis\/#primaryimage\"},\"image\":{\"@id\":\"http:\/\/www.frederic-poitou.com\/blog\/chassez-le-naturel-il-revient-vite-au-galop-bis\/#primaryimage\"},\"thumbnailUrl\":\"http:\/\/www.frederic-poitou.com\/blog\/wp-content\/000_Par7696374-300x150.jpeg\",\"datePublished\":\"2023-07-14T07:34:32+00:00\",\"dateModified\":\"2026-04-17T07:04:26+00:00\",\"author\":{\"@id\":\"http:\/\/www.frederic-poitou.com\/blog\/#\/schema\/person\/e2c2d05e978747818533fdce859a7799\"},\"breadcrumb\":{\"@id\":\"http:\/\/www.frederic-poitou.com\/blog\/chassez-le-naturel-il-revient-vite-au-galop-bis\/#breadcrumb\"},\"inLanguage\":\"fr-FR\",\"potentialAction\":[{\"@type\":\"ReadAction\",\"target\":[\"http:\/\/www.frederic-poitou.com\/blog\/chassez-le-naturel-il-revient-vite-au-galop-bis\/\"]}]},{\"@type\":\"ImageObject\",\"inLanguage\":\"fr-FR\",\"@id\":\"http:\/\/www.frederic-poitou.com\/blog\/chassez-le-naturel-il-revient-vite-au-galop-bis\/#primaryimage\",\"url\":\"http:\/\/www.frederic-poitou.com\/blog\/wp-content\/000_Par7696374.jpeg\",\"contentUrl\":\"http:\/\/www.frederic-poitou.com\/blog\/wp-content\/000_Par7696374.jpeg\",\"width\":858,\"height\":429},{\"@type\":\"BreadcrumbList\",\"@id\":\"http:\/\/www.frederic-poitou.com\/blog\/chassez-le-naturel-il-revient-vite-au-galop-bis\/#breadcrumb\",\"itemListElement\":[{\"@type\":\"ListItem\",\"position\":1,\"name\":\"Accueil\",\"item\":\"http:\/\/www.frederic-poitou.com\/blog\/\"},{\"@type\":\"ListItem\",\"position\":2,\"name\":\"CHASSEZ LE NATUREL, IL REVIENT VITE AU GALOP (bis)\"}]},{\"@type\":\"WebSite\",\"@id\":\"http:\/\/www.frederic-poitou.com\/blog\/#website\",\"url\":\"http:\/\/www.frederic-poitou.com\/blog\/\",\"name\":\"\",\"description\":\"\",\"potentialAction\":[{\"@type\":\"SearchAction\",\"target\":{\"@type\":\"EntryPoint\",\"urlTemplate\":\"http:\/\/www.frederic-poitou.com\/blog\/?s={search_term_string}\"},\"query-input\":{\"@type\":\"PropertyValueSpecification\",\"valueRequired\":true,\"valueName\":\"search_term_string\"}}],\"inLanguage\":\"fr-FR\"},{\"@type\":\"Person\",\"@id\":\"http:\/\/www.frederic-poitou.com\/blog\/#\/schema\/person\/e2c2d05e978747818533fdce859a7799\",\"name\":\"Fr\u00e9d\u00e9ric Poitou\",\"image\":{\"@type\":\"ImageObject\",\"inLanguage\":\"fr-FR\",\"@id\":\"http:\/\/www.frederic-poitou.com\/blog\/#\/schema\/person\/image\/\",\"url\":\"https:\/\/secure.gravatar.com\/avatar\/1933bcca279a2feafd35d9e0a080c521e11beb51115fe4cfe02e2586ac13424a?s=96&d=mm&r=g\",\"contentUrl\":\"https:\/\/secure.gravatar.com\/avatar\/1933bcca279a2feafd35d9e0a080c521e11beb51115fe4cfe02e2586ac13424a?s=96&d=mm&r=g\",\"caption\":\"Fr\u00e9d\u00e9ric Poitou\"},\"description\":\"Fr\u00e9d\u00e9ric Poitou est n\u00e9 \u00e0 Rouen, et y a fait des \u00e9tudes au Conservatoire en musique-\u00e9tudes en section piano. Il s'est ensuite orient\u00e9 vers des \u00e9tudes scientifiques o\u00f9 il a obtenu un dipl\u00f4me d'ing\u00e9nieur, puis un doctorat en Chimie. Il est Expert Judiciaire en France, en Belgique et \u00e0 Luxembourg, et agr\u00e9e par les Institutions Europ\u00e9ennes.\",\"sameAs\":[\"http:\/\/www.frederic-poitou.com\",\"https:\/\/www.linkedin.com\/in\/frederic-poitou-b045a025\/\"]}]}<\/script>\n<!-- \/ Yoast SEO plugin. -->","yoast_head_json":{"title":"CHASSEZ LE NATUREL, IL REVIENT VITE AU GALOP (bis) -","robots":{"index":"index","follow":"follow","max-snippet":"max-snippet:-1","max-image-preview":"max-image-preview:large","max-video-preview":"max-video-preview:-1"},"canonical":"http:\/\/www.frederic-poitou.com\/blog\/chassez-le-naturel-il-revient-vite-au-galop-bis\/","og_locale":"fr_FR","og_type":"article","og_title":"CHASSEZ LE NATUREL, IL REVIENT VITE AU GALOP (bis) -","og_description":"Apr\u00e8s la scandaleuse allusion de Marine le Pen sur les tenues et barbes port\u00e9es par les otages \u00e0 leur sortie d&rsquo;avion le jour de leur lib\u00e9ration, c&rsquo;est d\u00e9sormais une candidate du Front national en Haute-Garonne s&rsquo;est retir\u00e9e de la liste, &hellip; Lire la suite\u00ad\u00ad","og_url":"http:\/\/www.frederic-poitou.com\/blog\/chassez-le-naturel-il-revient-vite-au-galop-bis\/","article_publisher":"https:\/\/www.facebook.com\/frederic.poitou\/","article_published_time":"2023-07-14T07:34:32+00:00","article_modified_time":"2026-04-17T07:04:26+00:00","og_image":[{"url":"http:\/\/www.frederic-poitou.com\/blog\/wp-content\/000_Par7696374-300x150.jpeg","type":"","width":"","height":""}],"author":"Fr\u00e9d\u00e9ric Poitou","twitter_card":"summary_large_image","twitter_creator":"@fredericpoitou","twitter_site":"@fredericpoitou","twitter_misc":{"\u00c9crit par":"Fr\u00e9d\u00e9ric Poitou","Dur\u00e9e de lecture estim\u00e9e":"3 minutes"},"schema":{"@context":"https:\/\/schema.org","@graph":[{"@type":"Article","@id":"http:\/\/www.frederic-poitou.com\/blog\/chassez-le-naturel-il-revient-vite-au-galop-bis\/#article","isPartOf":{"@id":"http:\/\/www.frederic-poitou.com\/blog\/chassez-le-naturel-il-revient-vite-au-galop-bis\/"},"author":{"name":"Fr\u00e9d\u00e9ric Poitou","@id":"http:\/\/www.frederic-poitou.com\/blog\/#\/schema\/person\/e2c2d05e978747818533fdce859a7799"},"headline":"CHASSEZ LE NATUREL, IL REVIENT VITE AU GALOP (bis)","datePublished":"2023-07-14T07:34:32+00:00","dateModified":"2026-04-17T07:04:26+00:00","mainEntityOfPage":{"@id":"http:\/\/www.frederic-poitou.com\/blog\/chassez-le-naturel-il-revient-vite-au-galop-bis\/"},"wordCount":619,"image":{"@id":"http:\/\/www.frederic-poitou.com\/blog\/chassez-le-naturel-il-revient-vite-au-galop-bis\/#primaryimage"},"thumbnailUrl":"http:\/\/www.frederic-poitou.com\/blog\/wp-content\/000_Par7696374-300x150.jpeg","keywords":["Actualit\u00e9","Politique"],"articleSection":["Accueil"],"inLanguage":"fr-FR"},{"@type":"WebPage","@id":"http:\/\/www.frederic-poitou.com\/blog\/chassez-le-naturel-il-revient-vite-au-galop-bis\/","url":"http:\/\/www.frederic-poitou.com\/blog\/chassez-le-naturel-il-revient-vite-au-galop-bis\/","name":"CHASSEZ LE NATUREL, IL REVIENT VITE AU GALOP (bis) -","isPartOf":{"@id":"http:\/\/www.frederic-poitou.com\/blog\/#website"},"primaryImageOfPage":{"@id":"http:\/\/www.frederic-poitou.com\/blog\/chassez-le-naturel-il-revient-vite-au-galop-bis\/#primaryimage"},"image":{"@id":"http:\/\/www.frederic-poitou.com\/blog\/chassez-le-naturel-il-revient-vite-au-galop-bis\/#primaryimage"},"thumbnailUrl":"http:\/\/www.frederic-poitou.com\/blog\/wp-content\/000_Par7696374-300x150.jpeg","datePublished":"2023-07-14T07:34:32+00:00","dateModified":"2026-04-17T07:04:26+00:00","author":{"@id":"http:\/\/www.frederic-poitou.com\/blog\/#\/schema\/person\/e2c2d05e978747818533fdce859a7799"},"breadcrumb":{"@id":"http:\/\/www.frederic-poitou.com\/blog\/chassez-le-naturel-il-revient-vite-au-galop-bis\/#breadcrumb"},"inLanguage":"fr-FR","potentialAction":[{"@type":"ReadAction","target":["http:\/\/www.frederic-poitou.com\/blog\/chassez-le-naturel-il-revient-vite-au-galop-bis\/"]}]},{"@type":"ImageObject","inLanguage":"fr-FR","@id":"http:\/\/www.frederic-poitou.com\/blog\/chassez-le-naturel-il-revient-vite-au-galop-bis\/#primaryimage","url":"http:\/\/www.frederic-poitou.com\/blog\/wp-content\/000_Par7696374.jpeg","contentUrl":"http:\/\/www.frederic-poitou.com\/blog\/wp-content\/000_Par7696374.jpeg","width":858,"height":429},{"@type":"BreadcrumbList","@id":"http:\/\/www.frederic-poitou.com\/blog\/chassez-le-naturel-il-revient-vite-au-galop-bis\/#breadcrumb","itemListElement":[{"@type":"ListItem","position":1,"name":"Accueil","item":"http:\/\/www.frederic-poitou.com\/blog\/"},{"@type":"ListItem","position":2,"name":"CHASSEZ LE NATUREL, IL REVIENT VITE AU GALOP (bis)"}]},{"@type":"WebSite","@id":"http:\/\/www.frederic-poitou.com\/blog\/#website","url":"http:\/\/www.frederic-poitou.com\/blog\/","name":"","description":"","potentialAction":[{"@type":"SearchAction","target":{"@type":"EntryPoint","urlTemplate":"http:\/\/www.frederic-poitou.com\/blog\/?s={search_term_string}"},"query-input":{"@type":"PropertyValueSpecification","valueRequired":true,"valueName":"search_term_string"}}],"inLanguage":"fr-FR"},{"@type":"Person","@id":"http:\/\/www.frederic-poitou.com\/blog\/#\/schema\/person\/e2c2d05e978747818533fdce859a7799","name":"Fr\u00e9d\u00e9ric Poitou","image":{"@type":"ImageObject","inLanguage":"fr-FR","@id":"http:\/\/www.frederic-poitou.com\/blog\/#\/schema\/person\/image\/","url":"https:\/\/secure.gravatar.com\/avatar\/1933bcca279a2feafd35d9e0a080c521e11beb51115fe4cfe02e2586ac13424a?s=96&d=mm&r=g","contentUrl":"https:\/\/secure.gravatar.com\/avatar\/1933bcca279a2feafd35d9e0a080c521e11beb51115fe4cfe02e2586ac13424a?s=96&d=mm&r=g","caption":"Fr\u00e9d\u00e9ric Poitou"},"description":"Fr\u00e9d\u00e9ric Poitou est n\u00e9 \u00e0 Rouen, et y a fait des \u00e9tudes au Conservatoire en musique-\u00e9tudes en section piano. Il s'est ensuite orient\u00e9 vers des \u00e9tudes scientifiques o\u00f9 il a obtenu un dipl\u00f4me d'ing\u00e9nieur, puis un doctorat en Chimie. Il est Expert Judiciaire en France, en Belgique et \u00e0 Luxembourg, et agr\u00e9e par les Institutions Europ\u00e9ennes.","sameAs":["http:\/\/www.frederic-poitou.com","https:\/\/www.linkedin.com\/in\/frederic-poitou-b045a025\/"]}]}},"_links":{"self":[{"href":"http:\/\/www.frederic-poitou.com\/blog\/wp-json\/wp\/v2\/posts\/6520","targetHints":{"allow":["GET"]}}],"collection":[{"href":"http:\/\/www.frederic-poitou.com\/blog\/wp-json\/wp\/v2\/posts"}],"about":[{"href":"http:\/\/www.frederic-poitou.com\/blog\/wp-json\/wp\/v2\/types\/post"}],"author":[{"embeddable":true,"href":"http:\/\/www.frederic-poitou.com\/blog\/wp-json\/wp\/v2\/users\/4"}],"replies":[{"embeddable":true,"href":"http:\/\/www.frederic-poitou.com\/blog\/wp-json\/wp\/v2\/comments?post=6520"}],"version-history":[{"count":1,"href":"http:\/\/www.frederic-poitou.com\/blog\/wp-json\/wp\/v2\/posts\/6520\/revisions"}],"predecessor-version":[{"id":10305,"href":"http:\/\/www.frederic-poitou.com\/blog\/wp-json\/wp\/v2\/posts\/6520\/revisions\/10305"}],"wp:attachment":[{"href":"http:\/\/www.frederic-poitou.com\/blog\/wp-json\/wp\/v2\/media?parent=6520"}],"wp:term":[{"taxonomy":"category","embeddable":true,"href":"http:\/\/www.frederic-poitou.com\/blog\/wp-json\/wp\/v2\/categories?post=6520"},{"taxonomy":"post_tag","embeddable":true,"href":"http:\/\/www.frederic-poitou.com\/blog\/wp-json\/wp\/v2\/tags?post=6520"}],"curies":[{"name":"wp","href":"https:\/\/api.w.org\/{rel}","templated":true}]}}