{"id":6496,"date":"2023-07-14T14:26:32","date_gmt":"2023-07-14T12:26:32","guid":{"rendered":"http:\/\/www.frederic-poitou.com\/blog\/?p=6496"},"modified":"2026-04-20T21:15:10","modified_gmt":"2026-04-20T19:15:10","slug":"albert-ii-tire-sa-reverence-philippe-le-remplace","status":"publish","type":"post","link":"http:\/\/www.frederic-poitou.com\/blog\/albert-ii-tire-sa-reverence-philippe-le-remplace\/","title":{"rendered":"ALBERT II TIRE SA REVERENCE, PHILIPPE LE REMPLACE &#8230;"},"content":{"rendered":"<p>Albert II annoncera son abdication ce soir \u00e0 18h. C&rsquo;est avec lui que j&rsquo;ai d\u00e9couvert la monarchie constitutionnelle, et, bien que R\u00e9publicain, je dois reconna\u00eetre qu&rsquo;un Roi paternel, incarnant la continuit\u00e9 de l&rsquo;Etat, ca a tout de m\u00eame du bon.<\/p>\n<p>Heureusement, ca n&rsquo;est pas Gros Lulu qui va lui succ\u00e9der, mais son fr\u00e8re, le prince Philippe. Seul b\u00e9mol, ce dernier n&rsquo;est pas appr\u00e9ci\u00e9 des Flamands. Encore un bon argument que trouveront les deux principales communaut\u00e9s belges de se d\u00e9chirer un peu plus.<\/p>\n<p>Gageons que le futur Roi Philippe parviendra \u00e0 restaurer l&rsquo;unit\u00e9 nationale.<\/p>\n<p>&nbsp;<\/p>\n<p style=\"text-align: center;\"><a href=\"http:\/\/www.frederic-poitou.com\/blog\/wp-content\/Albert-et-Philippe-600x392.jpg\"><img loading=\"lazy\" decoding=\"async\" class=\" size-full wp-image-6752 aligncenter\" src=\"http:\/\/www.frederic-poitou.com\/blog\/wp-content\/Albert-et-Philippe-600x392.jpg\" alt=\"Albert-et-Philippe-600x392\" width=\"600\" height=\"392\" srcset=\"http:\/\/www.frederic-poitou.com\/blog\/wp-content\/Albert-et-Philippe-600x392.jpg 600w, http:\/\/www.frederic-poitou.com\/blog\/wp-content\/Albert-et-Philippe-600x392-300x196.jpg 300w\" sizes=\"auto, (max-width: 600px) 100vw, 600px\" \/><\/a><\/p>\n","protected":false},"excerpt":{"rendered":"<p>Albert II annoncera son abdication ce soir \u00e0 18h. C&rsquo;est avec lui que j&rsquo;ai d\u00e9couvert la monarchie constitutionnelle, et, bien que R\u00e9publicain, je dois reconna\u00eetre qu&rsquo;un Roi paternel, incarnant la continuit\u00e9 de l&rsquo;Etat, ca a tout de m\u00eame du bon. &hellip; <a href=\"http:\/\/www.frederic-poitou.com\/blog\/albert-ii-tire-sa-reverence-philippe-le-remplace\/\">Lire la suite\u00ad\u00ad<\/a><\/p>\n","protected":false},"author":4,"featured_media":6753,"comment_status":"closed","ping_status":"closed","sticky":false,"template":"","format":"standard","meta":{"kt_blocks_editor_width":"","_exactmetrics_skip_tracking":false,"_exactmetrics_sitenote_active":false,"_exactmetrics_sitenote_note":"","_exactmetrics_sitenote_category":0,"footnotes":""},"categories":[52],"tags":[27],"class_list":["post-6496","post","type-post","status-publish","format-standard","has-post-thumbnail","hentry","category-belgique-2","tag-actualite"],"yoast_head":"<!-- This site is optimized with the Yoast SEO plugin v27.1.1 - https:\/\/yoast.com\/product\/yoast-seo-wordpress\/ -->\n<title>ALBERT II TIRE SA REVERENCE, PHILIPPE LE REMPLACE ... -<\/title>\n<meta name=\"robots\" content=\"index, follow, max-snippet:-1, max-image-preview:large, max-video-preview:-1\" \/>\n<link rel=\"canonical\" href=\"http:\/\/www.frederic-poitou.com\/blog\/albert-ii-tire-sa-reverence-philippe-le-remplace\/\" \/>\n<meta property=\"og:locale\" content=\"fr_FR\" \/>\n<meta property=\"og:type\" content=\"article\" \/>\n<meta property=\"og:title\" content=\"ALBERT II TIRE SA REVERENCE, PHILIPPE LE REMPLACE ... -\" \/>\n<meta property=\"og:description\" content=\"Albert II annoncera son abdication ce soir \u00e0 18h. C&rsquo;est avec lui que j&rsquo;ai d\u00e9couvert la monarchie constitutionnelle, et, bien que R\u00e9publicain, je dois reconna\u00eetre qu&rsquo;un Roi paternel, incarnant la continuit\u00e9 de l&rsquo;Etat, ca a tout de m\u00eame du bon. &hellip; Lire la suite\u00ad\u00ad\" \/>\n<meta property=\"og:url\" content=\"http:\/\/www.frederic-poitou.com\/blog\/albert-ii-tire-sa-reverence-philippe-le-remplace\/\" \/>\n<meta property=\"article:publisher\" content=\"https:\/\/www.facebook.com\/frederic.poitou\/\" \/>\n<meta property=\"article:published_time\" content=\"2023-07-14T12:26:32+00:00\" \/>\n<meta property=\"article:modified_time\" content=\"2026-04-20T19:15:10+00:00\" \/>\n<meta property=\"og:image\" content=\"http:\/\/www.frederic-poitou.com\/blog\/wp-content\/Albert-et-Philippe-mini.jpeg\" \/>\n\t<meta property=\"og:image:width\" content=\"389\" \/>\n\t<meta property=\"og:image:height\" content=\"389\" \/>\n\t<meta property=\"og:image:type\" content=\"image\/jpeg\" \/>\n<meta name=\"author\" content=\"Fr\u00e9d\u00e9ric Poitou\" \/>\n<meta name=\"twitter:card\" content=\"summary_large_image\" \/>\n<meta name=\"twitter:creator\" content=\"@fredericpoitou\" \/>\n<meta name=\"twitter:site\" content=\"@fredericpoitou\" \/>\n<meta name=\"twitter:label1\" content=\"\u00c9crit par\" \/>\n\t<meta name=\"twitter:data1\" content=\"Fr\u00e9d\u00e9ric Poitou\" \/>\n\t<meta name=\"twitter:label2\" content=\"Dur\u00e9e de lecture estim\u00e9e\" \/>\n\t<meta name=\"twitter:data2\" content=\"1 minute\" \/>\n<script type=\"application\/ld+json\" class=\"yoast-schema-graph\">{\"@context\":\"https:\/\/schema.org\",\"@graph\":[{\"@type\":\"Article\",\"@id\":\"http:\/\/www.frederic-poitou.com\/blog\/albert-ii-tire-sa-reverence-philippe-le-remplace\/#article\",\"isPartOf\":{\"@id\":\"http:\/\/www.frederic-poitou.com\/blog\/albert-ii-tire-sa-reverence-philippe-le-remplace\/\"},\"author\":{\"name\":\"Fr\u00e9d\u00e9ric Poitou\",\"@id\":\"http:\/\/www.frederic-poitou.com\/blog\/#\/schema\/person\/e2c2d05e978747818533fdce859a7799\"},\"headline\":\"ALBERT II TIRE SA REVERENCE, PHILIPPE LE REMPLACE &#8230;\",\"datePublished\":\"2023-07-14T12:26:32+00:00\",\"dateModified\":\"2026-04-20T19:15:10+00:00\",\"mainEntityOfPage\":{\"@id\":\"http:\/\/www.frederic-poitou.com\/blog\/albert-ii-tire-sa-reverence-philippe-le-remplace\/\"},\"wordCount\":117,\"image\":{\"@id\":\"http:\/\/www.frederic-poitou.com\/blog\/albert-ii-tire-sa-reverence-philippe-le-remplace\/#primaryimage\"},\"thumbnailUrl\":\"http:\/\/www.frederic-poitou.com\/blog\/wp-content\/Albert-et-Philippe-mini.jpeg\",\"keywords\":[\"Actualit\u00e9\"],\"articleSection\":[\"Belgique\"],\"inLanguage\":\"fr-FR\"},{\"@type\":\"WebPage\",\"@id\":\"http:\/\/www.frederic-poitou.com\/blog\/albert-ii-tire-sa-reverence-philippe-le-remplace\/\",\"url\":\"http:\/\/www.frederic-poitou.com\/blog\/albert-ii-tire-sa-reverence-philippe-le-remplace\/\",\"name\":\"ALBERT II TIRE SA REVERENCE, PHILIPPE LE REMPLACE ... -\",\"isPartOf\":{\"@id\":\"http:\/\/www.frederic-poitou.com\/blog\/#website\"},\"primaryImageOfPage\":{\"@id\":\"http:\/\/www.frederic-poitou.com\/blog\/albert-ii-tire-sa-reverence-philippe-le-remplace\/#primaryimage\"},\"image\":{\"@id\":\"http:\/\/www.frederic-poitou.com\/blog\/albert-ii-tire-sa-reverence-philippe-le-remplace\/#primaryimage\"},\"thumbnailUrl\":\"http:\/\/www.frederic-poitou.com\/blog\/wp-content\/Albert-et-Philippe-mini.jpeg\",\"datePublished\":\"2023-07-14T12:26:32+00:00\",\"dateModified\":\"2026-04-20T19:15:10+00:00\",\"author\":{\"@id\":\"http:\/\/www.frederic-poitou.com\/blog\/#\/schema\/person\/e2c2d05e978747818533fdce859a7799\"},\"breadcrumb\":{\"@id\":\"http:\/\/www.frederic-poitou.com\/blog\/albert-ii-tire-sa-reverence-philippe-le-remplace\/#breadcrumb\"},\"inLanguage\":\"fr-FR\",\"potentialAction\":[{\"@type\":\"ReadAction\",\"target\":[\"http:\/\/www.frederic-poitou.com\/blog\/albert-ii-tire-sa-reverence-philippe-le-remplace\/\"]}]},{\"@type\":\"ImageObject\",\"inLanguage\":\"fr-FR\",\"@id\":\"http:\/\/www.frederic-poitou.com\/blog\/albert-ii-tire-sa-reverence-philippe-le-remplace\/#primaryimage\",\"url\":\"http:\/\/www.frederic-poitou.com\/blog\/wp-content\/Albert-et-Philippe-mini.jpeg\",\"contentUrl\":\"http:\/\/www.frederic-poitou.com\/blog\/wp-content\/Albert-et-Philippe-mini.jpeg\",\"width\":389,\"height\":389},{\"@type\":\"BreadcrumbList\",\"@id\":\"http:\/\/www.frederic-poitou.com\/blog\/albert-ii-tire-sa-reverence-philippe-le-remplace\/#breadcrumb\",\"itemListElement\":[{\"@type\":\"ListItem\",\"position\":1,\"name\":\"Accueil\",\"item\":\"http:\/\/www.frederic-poitou.com\/blog\/\"},{\"@type\":\"ListItem\",\"position\":2,\"name\":\"ALBERT II TIRE SA REVERENCE, PHILIPPE LE REMPLACE &#8230;\"}]},{\"@type\":\"WebSite\",\"@id\":\"http:\/\/www.frederic-poitou.com\/blog\/#website\",\"url\":\"http:\/\/www.frederic-poitou.com\/blog\/\",\"name\":\"\",\"description\":\"\",\"potentialAction\":[{\"@type\":\"SearchAction\",\"target\":{\"@type\":\"EntryPoint\",\"urlTemplate\":\"http:\/\/www.frederic-poitou.com\/blog\/?s={search_term_string}\"},\"query-input\":{\"@type\":\"PropertyValueSpecification\",\"valueRequired\":true,\"valueName\":\"search_term_string\"}}],\"inLanguage\":\"fr-FR\"},{\"@type\":\"Person\",\"@id\":\"http:\/\/www.frederic-poitou.com\/blog\/#\/schema\/person\/e2c2d05e978747818533fdce859a7799\",\"name\":\"Fr\u00e9d\u00e9ric Poitou\",\"image\":{\"@type\":\"ImageObject\",\"inLanguage\":\"fr-FR\",\"@id\":\"http:\/\/www.frederic-poitou.com\/blog\/#\/schema\/person\/image\/\",\"url\":\"https:\/\/secure.gravatar.com\/avatar\/1933bcca279a2feafd35d9e0a080c521e11beb51115fe4cfe02e2586ac13424a?s=96&d=mm&r=g\",\"contentUrl\":\"https:\/\/secure.gravatar.com\/avatar\/1933bcca279a2feafd35d9e0a080c521e11beb51115fe4cfe02e2586ac13424a?s=96&d=mm&r=g\",\"caption\":\"Fr\u00e9d\u00e9ric Poitou\"},\"description\":\"Fr\u00e9d\u00e9ric Poitou est n\u00e9 \u00e0 Rouen, et y a fait des \u00e9tudes au Conservatoire en musique-\u00e9tudes en section piano. Il s'est ensuite orient\u00e9 vers des \u00e9tudes scientifiques o\u00f9 il a obtenu un dipl\u00f4me d'ing\u00e9nieur, puis un doctorat en Chimie. Il est Expert Judiciaire en France, en Belgique et \u00e0 Luxembourg, et agr\u00e9e par les Institutions Europ\u00e9ennes.\",\"sameAs\":[\"http:\/\/www.frederic-poitou.com\",\"https:\/\/www.linkedin.com\/in\/frederic-poitou-b045a025\/\"]}]}<\/script>\n<!-- \/ Yoast SEO plugin. -->","yoast_head_json":{"title":"ALBERT II TIRE SA REVERENCE, PHILIPPE LE REMPLACE ... -","robots":{"index":"index","follow":"follow","max-snippet":"max-snippet:-1","max-image-preview":"max-image-preview:large","max-video-preview":"max-video-preview:-1"},"canonical":"http:\/\/www.frederic-poitou.com\/blog\/albert-ii-tire-sa-reverence-philippe-le-remplace\/","og_locale":"fr_FR","og_type":"article","og_title":"ALBERT II TIRE SA REVERENCE, PHILIPPE LE REMPLACE ... -","og_description":"Albert II annoncera son abdication ce soir \u00e0 18h. C&rsquo;est avec lui que j&rsquo;ai d\u00e9couvert la monarchie constitutionnelle, et, bien que R\u00e9publicain, je dois reconna\u00eetre qu&rsquo;un Roi paternel, incarnant la continuit\u00e9 de l&rsquo;Etat, ca a tout de m\u00eame du bon. &hellip; Lire la suite\u00ad\u00ad","og_url":"http:\/\/www.frederic-poitou.com\/blog\/albert-ii-tire-sa-reverence-philippe-le-remplace\/","article_publisher":"https:\/\/www.facebook.com\/frederic.poitou\/","article_published_time":"2023-07-14T12:26:32+00:00","article_modified_time":"2026-04-20T19:15:10+00:00","og_image":[{"width":389,"height":389,"url":"http:\/\/www.frederic-poitou.com\/blog\/wp-content\/Albert-et-Philippe-mini.jpeg","type":"image\/jpeg"}],"author":"Fr\u00e9d\u00e9ric Poitou","twitter_card":"summary_large_image","twitter_creator":"@fredericpoitou","twitter_site":"@fredericpoitou","twitter_misc":{"\u00c9crit par":"Fr\u00e9d\u00e9ric Poitou","Dur\u00e9e de lecture estim\u00e9e":"1 minute"},"schema":{"@context":"https:\/\/schema.org","@graph":[{"@type":"Article","@id":"http:\/\/www.frederic-poitou.com\/blog\/albert-ii-tire-sa-reverence-philippe-le-remplace\/#article","isPartOf":{"@id":"http:\/\/www.frederic-poitou.com\/blog\/albert-ii-tire-sa-reverence-philippe-le-remplace\/"},"author":{"name":"Fr\u00e9d\u00e9ric Poitou","@id":"http:\/\/www.frederic-poitou.com\/blog\/#\/schema\/person\/e2c2d05e978747818533fdce859a7799"},"headline":"ALBERT II TIRE SA REVERENCE, PHILIPPE LE REMPLACE &#8230;","datePublished":"2023-07-14T12:26:32+00:00","dateModified":"2026-04-20T19:15:10+00:00","mainEntityOfPage":{"@id":"http:\/\/www.frederic-poitou.com\/blog\/albert-ii-tire-sa-reverence-philippe-le-remplace\/"},"wordCount":117,"image":{"@id":"http:\/\/www.frederic-poitou.com\/blog\/albert-ii-tire-sa-reverence-philippe-le-remplace\/#primaryimage"},"thumbnailUrl":"http:\/\/www.frederic-poitou.com\/blog\/wp-content\/Albert-et-Philippe-mini.jpeg","keywords":["Actualit\u00e9"],"articleSection":["Belgique"],"inLanguage":"fr-FR"},{"@type":"WebPage","@id":"http:\/\/www.frederic-poitou.com\/blog\/albert-ii-tire-sa-reverence-philippe-le-remplace\/","url":"http:\/\/www.frederic-poitou.com\/blog\/albert-ii-tire-sa-reverence-philippe-le-remplace\/","name":"ALBERT II TIRE SA REVERENCE, PHILIPPE LE REMPLACE ... -","isPartOf":{"@id":"http:\/\/www.frederic-poitou.com\/blog\/#website"},"primaryImageOfPage":{"@id":"http:\/\/www.frederic-poitou.com\/blog\/albert-ii-tire-sa-reverence-philippe-le-remplace\/#primaryimage"},"image":{"@id":"http:\/\/www.frederic-poitou.com\/blog\/albert-ii-tire-sa-reverence-philippe-le-remplace\/#primaryimage"},"thumbnailUrl":"http:\/\/www.frederic-poitou.com\/blog\/wp-content\/Albert-et-Philippe-mini.jpeg","datePublished":"2023-07-14T12:26:32+00:00","dateModified":"2026-04-20T19:15:10+00:00","author":{"@id":"http:\/\/www.frederic-poitou.com\/blog\/#\/schema\/person\/e2c2d05e978747818533fdce859a7799"},"breadcrumb":{"@id":"http:\/\/www.frederic-poitou.com\/blog\/albert-ii-tire-sa-reverence-philippe-le-remplace\/#breadcrumb"},"inLanguage":"fr-FR","potentialAction":[{"@type":"ReadAction","target":["http:\/\/www.frederic-poitou.com\/blog\/albert-ii-tire-sa-reverence-philippe-le-remplace\/"]}]},{"@type":"ImageObject","inLanguage":"fr-FR","@id":"http:\/\/www.frederic-poitou.com\/blog\/albert-ii-tire-sa-reverence-philippe-le-remplace\/#primaryimage","url":"http:\/\/www.frederic-poitou.com\/blog\/wp-content\/Albert-et-Philippe-mini.jpeg","contentUrl":"http:\/\/www.frederic-poitou.com\/blog\/wp-content\/Albert-et-Philippe-mini.jpeg","width":389,"height":389},{"@type":"BreadcrumbList","@id":"http:\/\/www.frederic-poitou.com\/blog\/albert-ii-tire-sa-reverence-philippe-le-remplace\/#breadcrumb","itemListElement":[{"@type":"ListItem","position":1,"name":"Accueil","item":"http:\/\/www.frederic-poitou.com\/blog\/"},{"@type":"ListItem","position":2,"name":"ALBERT II TIRE SA REVERENCE, PHILIPPE LE REMPLACE &#8230;"}]},{"@type":"WebSite","@id":"http:\/\/www.frederic-poitou.com\/blog\/#website","url":"http:\/\/www.frederic-poitou.com\/blog\/","name":"","description":"","potentialAction":[{"@type":"SearchAction","target":{"@type":"EntryPoint","urlTemplate":"http:\/\/www.frederic-poitou.com\/blog\/?s={search_term_string}"},"query-input":{"@type":"PropertyValueSpecification","valueRequired":true,"valueName":"search_term_string"}}],"inLanguage":"fr-FR"},{"@type":"Person","@id":"http:\/\/www.frederic-poitou.com\/blog\/#\/schema\/person\/e2c2d05e978747818533fdce859a7799","name":"Fr\u00e9d\u00e9ric Poitou","image":{"@type":"ImageObject","inLanguage":"fr-FR","@id":"http:\/\/www.frederic-poitou.com\/blog\/#\/schema\/person\/image\/","url":"https:\/\/secure.gravatar.com\/avatar\/1933bcca279a2feafd35d9e0a080c521e11beb51115fe4cfe02e2586ac13424a?s=96&d=mm&r=g","contentUrl":"https:\/\/secure.gravatar.com\/avatar\/1933bcca279a2feafd35d9e0a080c521e11beb51115fe4cfe02e2586ac13424a?s=96&d=mm&r=g","caption":"Fr\u00e9d\u00e9ric Poitou"},"description":"Fr\u00e9d\u00e9ric Poitou est n\u00e9 \u00e0 Rouen, et y a fait des \u00e9tudes au Conservatoire en musique-\u00e9tudes en section piano. Il s'est ensuite orient\u00e9 vers des \u00e9tudes scientifiques o\u00f9 il a obtenu un dipl\u00f4me d'ing\u00e9nieur, puis un doctorat en Chimie. Il est Expert Judiciaire en France, en Belgique et \u00e0 Luxembourg, et agr\u00e9e par les Institutions Europ\u00e9ennes.","sameAs":["http:\/\/www.frederic-poitou.com","https:\/\/www.linkedin.com\/in\/frederic-poitou-b045a025\/"]}]}},"_links":{"self":[{"href":"http:\/\/www.frederic-poitou.com\/blog\/wp-json\/wp\/v2\/posts\/6496","targetHints":{"allow":["GET"]}}],"collection":[{"href":"http:\/\/www.frederic-poitou.com\/blog\/wp-json\/wp\/v2\/posts"}],"about":[{"href":"http:\/\/www.frederic-poitou.com\/blog\/wp-json\/wp\/v2\/types\/post"}],"author":[{"embeddable":true,"href":"http:\/\/www.frederic-poitou.com\/blog\/wp-json\/wp\/v2\/users\/4"}],"replies":[{"embeddable":true,"href":"http:\/\/www.frederic-poitou.com\/blog\/wp-json\/wp\/v2\/comments?post=6496"}],"version-history":[{"count":1,"href":"http:\/\/www.frederic-poitou.com\/blog\/wp-json\/wp\/v2\/posts\/6496\/revisions"}],"predecessor-version":[{"id":10310,"href":"http:\/\/www.frederic-poitou.com\/blog\/wp-json\/wp\/v2\/posts\/6496\/revisions\/10310"}],"wp:featuredmedia":[{"embeddable":true,"href":"http:\/\/www.frederic-poitou.com\/blog\/wp-json\/wp\/v2\/media\/6753"}],"wp:attachment":[{"href":"http:\/\/www.frederic-poitou.com\/blog\/wp-json\/wp\/v2\/media?parent=6496"}],"wp:term":[{"taxonomy":"category","embeddable":true,"href":"http:\/\/www.frederic-poitou.com\/blog\/wp-json\/wp\/v2\/categories?post=6496"},{"taxonomy":"post_tag","embeddable":true,"href":"http:\/\/www.frederic-poitou.com\/blog\/wp-json\/wp\/v2\/tags?post=6496"}],"curies":[{"name":"wp","href":"https:\/\/api.w.org\/{rel}","templated":true}]}}