{"id":6339,"date":"2023-07-15T05:22:32","date_gmt":"2023-07-15T03:22:32","guid":{"rendered":"http:\/\/www.frederic-poitou.com\/blog\/?p=6339"},"modified":"2026-04-27T15:17:36","modified_gmt":"2026-04-27T13:17:36","slug":"apres-audrez-pulvard-on-va-trouver-une-place-a-segolene","status":"publish","type":"post","link":"http:\/\/www.frederic-poitou.com\/blog\/apres-audrez-pulvard-on-va-trouver-une-place-a-segolene\/","title":{"rendered":"TIENS, REVOIL\u00c0 SEGOL\u00c8NE !"},"content":{"rendered":"<p style=\"margin: 0.0px 0.0px 0.0px 0.0px; font: 14.0px Arial;\">Source Reuters, d&rsquo;apr\u00e8s les Echos :<\/p>\n<p style=\"margin: 0.0px 0.0px 0.0px 0.0px; font: 14.0px Arial;\">\n<p style=\"margin: 0.0px 0.0px 0.0px 0.0px; font: 14.0px Arial;\">Le gouvernement fran\u00e7ais cherche une \u00ab\u00a0fonction\u00a0\u00bb pour S\u00e9gol\u00e8ne Royal, qui \u00e9tale dans la presse son malaise apr\u00e8s sa d\u00e9faite aux \u00e9lections l\u00e9gislatives de juin et l&rsquo;attaque qu&rsquo;elle a subie de la part de la nouvelle compagne de Fran\u00e7ois Hollande.<\/p>\n<p style=\"margin: 0.0px 0.0px 0.0px 0.0px; font: 14.0px Arial;\">Le Figaro de lundi publie les \u00ab\u00a0confidences\u00a0\u00bb de l&rsquo;ancienne candidate \u00e0 la pr\u00e9sidentielle de 2007, qui admet avoir envisag\u00e9 de faire une retraite religieuse avant d&rsquo;y renoncer pour que l&rsquo;on ne dise pas une fois de plus qu&rsquo;elle est \u00ab\u00a0originale\u00a0\u00bb. \u00ab\u00a0J&rsquo;\u00e9prouvais le besoin d&rsquo;un retour sur soi, d&rsquo;une remise en place de la hi\u00e9rarchie des priorit\u00e9s\u00a0\u00bb, a-t-elle dit.<\/p>\n<p style=\"margin: 0.0px 0.0px 0.0px 0.0px; font: 14.0px Arial;\">S\u00e9gol\u00e8ne Royal dit avoir \u00ab\u00a0besoin de temps\u00a0\u00bb pour remonter sur la sc\u00e8ne politique apr\u00e8s le \u00ab\u00a0double choc\u00a0\u00bb constitu\u00e9 par sa d\u00e9faite \u00e0 La Rochelle face au dissident socialiste Olivier Falorni soutenu pendant la campagne par un \u00ab\u00a0tweet\u00a0\u00bb de Val\u00e9rie Trierweiler, la compagne du pr\u00e9sident fran\u00e7ais.<\/p>\n<p style=\"margin: 0.0px 0.0px 0.0px 0.0px; font: 14.0px Arial;\">\u00ab\u00a0Je ne m\u00e9rite pas \u00e7a\u00a0\u00bb, explique-t-elle. \u00ab\u00a0Subir une humiliation comme \u00e7a, sous plusieurs angles, c&rsquo;est violent.\u00a0\u00bb<\/p>\n<p style=\"margin: 0.0px 0.0px 0.0px 0.0px; font: 14.0px Arial;\">Elle raconte que Fran\u00e7ois Hollande, au lendemain de la pr\u00e9sidentielle, lui a offert le poste de ministre de la Justice mais qu&rsquo;elle a pr\u00e9f\u00e9r\u00e9 poursuivre son objectif de pr\u00e9sider l&rsquo;Assembl\u00e9e nationale, bris\u00e9 par sa d\u00e9faite. Le gouvernement envisage d&rsquo;ailleurs de lui trouver une \u00ab\u00a0fonction\u00a0\u00bb, a d\u00e9clar\u00e9 lundi Najat Vallaud-Belkacem sur Canal +.<\/p>\n<p style=\"margin: 0.0px 0.0px 0.0px 0.0px; font: 14.0px Arial;\">\u00ab\u00a0Elle a eu une ann\u00e9e difficile\u00a0\u00bb, a dit la porte-parole du gouvernement. \u00ab\u00a0Son utilit\u00e9 est d&rsquo;ores et d\u00e9j\u00e0 av\u00e9r\u00e9e et on saura sans doute lui trouver une fonction, une responsabilit\u00e9 qui permette aux Fran\u00e7ais de continuer \u00e0 b\u00e9n\u00e9ficier de son exp\u00e9rience et de son volontarisme\u00a0\u00bb.<\/p>\n<p style=\"margin: 0.0px 0.0px 0.0px 0.0px; font: 14.0px Arial;\">L&rsquo;int\u00e9ress\u00e9e a r\u00e9pondu de mani\u00e8re ambigu\u00eb. \u00ab\u00a0<em>Je ne vais pas entrer au couvent! <\/em>\u00bb, souligne-t-elle avant d&rsquo;ajouter : \u00ab\u00a0<em>Je ne veux pas qu&rsquo;on parle d&rsquo;un point de chute, c&rsquo;est d\u00e9gradant. Je ne suis pas dans la chute. Je n&rsquo;ai pas besoin de lot de consolation. On a parl\u00e9 de tout cela avec Fran\u00e7ois, il a le souci de rassembler les comp\u00e9tences. Si je peux \u00eatre utile, j&rsquo;assumerai les responsabilit\u00e9s que l&rsquo;on me proposera.<\/em> \u00bb<\/p>\n<p style=\"margin: 0.0px 0.0px 0.0px 0.0px; font: 14.0px Arial;\">_________________________________________<\/p>\n<p><!--more--><!--more--><!--more--><\/p>\n<p style=\"font: normal normal normal 14px\/normal Arial; margin: 0px;\">_________________________________________<\/p>\n<p style=\"font: normal normal normal 14px\/normal Arial; margin: 0px;\">\n<p style=\"margin: 0.0px 0.0px 0.0px 0.0px; font: 14.0px Arial;\">Ca promet d&rsquo;\u00eatre rock n roll, entre Val\u00e9rie Trierweller, S\u00e9gol\u00e8ne et Anne Hidalgo, candidate aux municipales \u00e0 Paris. Les trois ma\u00eetresses de notre Pr\u00e9sident s&rsquo;adorent parait-il &#8230;<\/p>\n<p style=\"margin: 0.0px 0.0px 0.0px 0.0px; font: 14.0px Arial;\">\n<p style=\"margin: 0.0px 0.0px 0.0px 0.0px; font: 14.0px Arial;\">Quelque chose me dit que lorsque les trois vont vraiment s&rsquo;entretuer, ca n&rsquo;est pas celle qu&rsquo;on attend qui gagnera.\u00a0Pour de nombreuses raisons Anne Hidalgo dont les journalistes se gardent bien de parler, n&rsquo;a pas dit son dernier mot &#8230;<\/p>\n<p style=\"margin: 0.0px 0.0px 0.0px 0.0px; font: 14.0px Arial;\">\n<p style=\"margin: 0.0px 0.0px 0.0px 0.0px; font: 14.0px Arial;\">Mais au fait : Pourquoi les journalistes ne parlent ils pas de la relation qu&rsquo;aurait eu Anne Hidalgo avec Fran\u00e7ois Hollande ?<\/p>\n<p style=\"margin: 0.0px 0.0px 0.0px 0.0px; font: 14.0px Arial;\"><!--more--><\/p>\n<p style=\"margin: 0.0px 0.0px 0.0px 0.0px; font: 14.0px Arial;\">Que n&rsquo;aurait on pas dit si cette grande sauterie publique avait \u00e9man\u00e9 d&rsquo;un Pr\u00e9sident de droite &#8230;<\/p>\n<p style=\"margin: 0.0px 0.0px 0.0px 0.0px; font: 14.0px Arial;\">\n<p style=\"margin: 0.0px 0.0px 0.0px 0.0px; font: 14.0px Arial;\"><img loading=\"lazy\" decoding=\"async\" class=\"aligncenter size-full wp-image-6340\" title=\"3\" src=\"http:\/\/www.frederic-poitou.com\/blog\/wp-content\/3.jpeg\" alt=\"3\" width=\"644\" height=\"150\" srcset=\"http:\/\/www.frederic-poitou.com\/blog\/wp-content\/3.jpeg 644w, http:\/\/www.frederic-poitou.com\/blog\/wp-content\/3-300x69.jpg 300w\" sizes=\"auto, (max-width: 644px) 100vw, 644px\" \/><\/p>\n<p style=\"margin: 0.0px 0.0px 0.0px 0.0px; font: 14.0px Arial;\">\n<p style=\"margin: 0.0px 0.0px 0.0px 0.0px; font: 14.0px Arial;\">\n<p style=\"margin: 0.0px 0.0px 0.0px 0.0px; font: 14.0px Arial;\">\n<p style=\"margin: 0.0px 0.0px 0.0px 0.0px; font: 14.0px Arial;\">Sans oublier l&rsquo;\u00e9g\u00e9rie : Najat Vallaud Belkacem &#8230; \u00a0S\u00e9gol\u00e8ne l&rsquo;adore semble t il, puisqu&rsquo;elle d\u00e9clarait \u00e0 son sujet en Juillet dernier :<\/p>\n<p style=\"margin: 0.0px 0.0px 0.0px 0.0px; font: 13.0px Arial;\">\n<p style=\"margin: 0.0px 0.0px 0.0px 0.0px; font: 13.0px Arial;\"><em>\u00ab\u00a0Elle s&rsquo;appellerait Claudine Dupont, elle ne serait peut-\u00eatre pas l\u00e0. Elle doit assumer son identit\u00e9 et en \u00eatre fi\u00e8re\u00a0\u00bb, <\/em>a d\u00e9clar\u00e9 S\u00e9gol\u00e8ne Royal, cit\u00e9e par Le Point dans un portrait de Mme Vallaud-Belkacem, \u00e9galement ministre des Droits des femmes.<\/p>\n<p style=\"margin: 0.0px 0.0px 0.0px 0.0px; font: 13.0px Arial;\"><em>\u00ab\u00a0J&rsquo;ai toujours voulu des ouvriers, des exclus, des jeunes issus de la diversit\u00e9 autour de moi\u00a0\u00bb, <\/em>a ajout\u00e9, selon l&rsquo;hebdomadaire, Mme Royal, dont Najat Vallaud-Belkacem a \u00e9t\u00e9 l&rsquo;une des porte-parole \u00e0 la pr\u00e9sidentielle de 2007 et la primaire de 2011.<\/p>\n<p style=\"margin: 0.0px 0.0px 0.0px 0.0px; font: 13.0px Arial;\">Mme Royal ajoute que la ministre, n\u00e9e au Maroc en 1977, doit <em>\u00ab\u00a0accepter d&rsquo;\u00eatre l\u00e0 pour \u00e7a\u00a0\u00bb, d&rsquo;apr\u00e8s Le Point dat\u00e9 du 26 juillet.<\/em><\/p>\n<p style=\"margin: 0.0px 0.0px 0.0px 0.0px; font: 13.0px Arial;\">\n<p style=\"margin: 0.0px 0.0px 0.0px 0.0px; font: 13.0px Arial;\">En voil\u00e0 deux autres qui s&rsquo;adorent !<\/p>\n<p style=\"margin: 0.0px 0.0px 0.0px 0.0px; font: 13.0px Arial;\">___________________________<\/p>\n<p style=\"margin: 0.0px 0.0px 0.0px 0.0px; font: 13.0px Arial;\">\n<p style=\"margin: 0.0px 0.0px 0.0px 0.0px; font: 13.0px Arial;\"><img loading=\"lazy\" decoding=\"async\" class=\"aligncenter size-full wp-image-6347\" title=\"article_photo_1343418533081-3-HD\" src=\"http:\/\/www.frederic-poitou.com\/blog\/wp-content\/article_photo_1343418533081-3-HD.jpg\" alt=\"article_photo_1343418533081-3-HD\" width=\"616\" height=\"411\" srcset=\"http:\/\/www.frederic-poitou.com\/blog\/wp-content\/article_photo_1343418533081-3-HD.jpg 616w, http:\/\/www.frederic-poitou.com\/blog\/wp-content\/article_photo_1343418533081-3-HD-300x200.jpg 300w\" sizes=\"auto, (max-width: 616px) 100vw, 616px\" \/><\/p>\n","protected":false},"excerpt":{"rendered":"<p>Source Reuters, d&rsquo;apr\u00e8s les Echos : Le gouvernement fran\u00e7ais cherche une \u00ab\u00a0fonction\u00a0\u00bb pour S\u00e9gol\u00e8ne Royal, qui \u00e9tale dans la presse son malaise apr\u00e8s sa d\u00e9faite aux \u00e9lections l\u00e9gislatives de juin et l&rsquo;attaque qu&rsquo;elle a subie de la part de la &hellip; <a href=\"http:\/\/www.frederic-poitou.com\/blog\/apres-audrez-pulvard-on-va-trouver-une-place-a-segolene\/\">Lire la suite\u00ad\u00ad<\/a><\/p>\n","protected":false},"author":4,"featured_media":0,"comment_status":"closed","ping_status":"closed","sticky":false,"template":"","format":"standard","meta":{"kt_blocks_editor_width":"","_exactmetrics_skip_tracking":false,"_exactmetrics_sitenote_active":false,"_exactmetrics_sitenote_note":"","_exactmetrics_sitenote_category":0,"footnotes":""},"categories":[48],"tags":[27],"class_list":["post-6339","post","type-post","status-publish","format-standard","hentry","category-accueil","tag-actualite"],"yoast_head":"<!-- This site is optimized with the Yoast SEO plugin v27.1.1 - https:\/\/yoast.com\/product\/yoast-seo-wordpress\/ -->\n<title>TIENS, REVOIL\u00c0 SEGOL\u00c8NE ! -<\/title>\n<meta name=\"robots\" content=\"index, follow, max-snippet:-1, max-image-preview:large, max-video-preview:-1\" \/>\n<link rel=\"canonical\" href=\"http:\/\/www.frederic-poitou.com\/blog\/apres-audrez-pulvard-on-va-trouver-une-place-a-segolene\/\" \/>\n<meta property=\"og:locale\" content=\"fr_FR\" \/>\n<meta property=\"og:type\" content=\"article\" \/>\n<meta property=\"og:title\" content=\"TIENS, REVOIL\u00c0 SEGOL\u00c8NE ! -\" \/>\n<meta property=\"og:description\" content=\"Source Reuters, d&rsquo;apr\u00e8s les Echos : Le gouvernement fran\u00e7ais cherche une \u00ab\u00a0fonction\u00a0\u00bb pour S\u00e9gol\u00e8ne Royal, qui \u00e9tale dans la presse son malaise apr\u00e8s sa d\u00e9faite aux \u00e9lections l\u00e9gislatives de juin et l&rsquo;attaque qu&rsquo;elle a subie de la part de la &hellip; Lire la suite\u00ad\u00ad\" \/>\n<meta property=\"og:url\" content=\"http:\/\/www.frederic-poitou.com\/blog\/apres-audrez-pulvard-on-va-trouver-une-place-a-segolene\/\" \/>\n<meta property=\"article:publisher\" content=\"https:\/\/www.facebook.com\/frederic.poitou\/\" \/>\n<meta property=\"article:published_time\" content=\"2023-07-15T03:22:32+00:00\" \/>\n<meta property=\"article:modified_time\" content=\"2026-04-27T13:17:36+00:00\" \/>\n<meta property=\"og:image\" content=\"http:\/\/www.frederic-poitou.com\/blog\/wp-content\/3.jpeg\" \/>\n<meta name=\"author\" content=\"Fr\u00e9d\u00e9ric Poitou\" \/>\n<meta name=\"twitter:card\" content=\"summary_large_image\" \/>\n<meta name=\"twitter:creator\" content=\"@fredericpoitou\" \/>\n<meta name=\"twitter:site\" content=\"@fredericpoitou\" \/>\n<meta name=\"twitter:label1\" content=\"\u00c9crit par\" \/>\n\t<meta name=\"twitter:data1\" content=\"Fr\u00e9d\u00e9ric Poitou\" \/>\n\t<meta name=\"twitter:label2\" content=\"Dur\u00e9e de lecture estim\u00e9e\" \/>\n\t<meta name=\"twitter:data2\" content=\"3 minutes\" \/>\n<script type=\"application\/ld+json\" class=\"yoast-schema-graph\">{\"@context\":\"https:\/\/schema.org\",\"@graph\":[{\"@type\":\"Article\",\"@id\":\"http:\/\/www.frederic-poitou.com\/blog\/apres-audrez-pulvard-on-va-trouver-une-place-a-segolene\/#article\",\"isPartOf\":{\"@id\":\"http:\/\/www.frederic-poitou.com\/blog\/apres-audrez-pulvard-on-va-trouver-une-place-a-segolene\/\"},\"author\":{\"name\":\"Fr\u00e9d\u00e9ric Poitou\",\"@id\":\"http:\/\/www.frederic-poitou.com\/blog\/#\/schema\/person\/e2c2d05e978747818533fdce859a7799\"},\"headline\":\"TIENS, REVOIL\u00c0 SEGOL\u00c8NE !\",\"datePublished\":\"2023-07-15T03:22:32+00:00\",\"dateModified\":\"2026-04-27T13:17:36+00:00\",\"mainEntityOfPage\":{\"@id\":\"http:\/\/www.frederic-poitou.com\/blog\/apres-audrez-pulvard-on-va-trouver-une-place-a-segolene\/\"},\"wordCount\":658,\"image\":{\"@id\":\"http:\/\/www.frederic-poitou.com\/blog\/apres-audrez-pulvard-on-va-trouver-une-place-a-segolene\/#primaryimage\"},\"thumbnailUrl\":\"http:\/\/www.frederic-poitou.com\/blog\/wp-content\/3.jpeg\",\"keywords\":[\"Actualit\u00e9\"],\"articleSection\":[\"Accueil\"],\"inLanguage\":\"fr-FR\"},{\"@type\":\"WebPage\",\"@id\":\"http:\/\/www.frederic-poitou.com\/blog\/apres-audrez-pulvard-on-va-trouver-une-place-a-segolene\/\",\"url\":\"http:\/\/www.frederic-poitou.com\/blog\/apres-audrez-pulvard-on-va-trouver-une-place-a-segolene\/\",\"name\":\"TIENS, REVOIL\u00c0 SEGOL\u00c8NE ! -\",\"isPartOf\":{\"@id\":\"http:\/\/www.frederic-poitou.com\/blog\/#website\"},\"primaryImageOfPage\":{\"@id\":\"http:\/\/www.frederic-poitou.com\/blog\/apres-audrez-pulvard-on-va-trouver-une-place-a-segolene\/#primaryimage\"},\"image\":{\"@id\":\"http:\/\/www.frederic-poitou.com\/blog\/apres-audrez-pulvard-on-va-trouver-une-place-a-segolene\/#primaryimage\"},\"thumbnailUrl\":\"http:\/\/www.frederic-poitou.com\/blog\/wp-content\/3.jpeg\",\"datePublished\":\"2023-07-15T03:22:32+00:00\",\"dateModified\":\"2026-04-27T13:17:36+00:00\",\"author\":{\"@id\":\"http:\/\/www.frederic-poitou.com\/blog\/#\/schema\/person\/e2c2d05e978747818533fdce859a7799\"},\"breadcrumb\":{\"@id\":\"http:\/\/www.frederic-poitou.com\/blog\/apres-audrez-pulvard-on-va-trouver-une-place-a-segolene\/#breadcrumb\"},\"inLanguage\":\"fr-FR\",\"potentialAction\":[{\"@type\":\"ReadAction\",\"target\":[\"http:\/\/www.frederic-poitou.com\/blog\/apres-audrez-pulvard-on-va-trouver-une-place-a-segolene\/\"]}]},{\"@type\":\"ImageObject\",\"inLanguage\":\"fr-FR\",\"@id\":\"http:\/\/www.frederic-poitou.com\/blog\/apres-audrez-pulvard-on-va-trouver-une-place-a-segolene\/#primaryimage\",\"url\":\"http:\/\/www.frederic-poitou.com\/blog\/wp-content\/3.jpeg\",\"contentUrl\":\"http:\/\/www.frederic-poitou.com\/blog\/wp-content\/3.jpeg\",\"width\":\"644\",\"height\":\"150\"},{\"@type\":\"BreadcrumbList\",\"@id\":\"http:\/\/www.frederic-poitou.com\/blog\/apres-audrez-pulvard-on-va-trouver-une-place-a-segolene\/#breadcrumb\",\"itemListElement\":[{\"@type\":\"ListItem\",\"position\":1,\"name\":\"Accueil\",\"item\":\"http:\/\/www.frederic-poitou.com\/blog\/\"},{\"@type\":\"ListItem\",\"position\":2,\"name\":\"TIENS, REVOIL\u00c0 SEGOL\u00c8NE !\"}]},{\"@type\":\"WebSite\",\"@id\":\"http:\/\/www.frederic-poitou.com\/blog\/#website\",\"url\":\"http:\/\/www.frederic-poitou.com\/blog\/\",\"name\":\"\",\"description\":\"\",\"potentialAction\":[{\"@type\":\"SearchAction\",\"target\":{\"@type\":\"EntryPoint\",\"urlTemplate\":\"http:\/\/www.frederic-poitou.com\/blog\/?s={search_term_string}\"},\"query-input\":{\"@type\":\"PropertyValueSpecification\",\"valueRequired\":true,\"valueName\":\"search_term_string\"}}],\"inLanguage\":\"fr-FR\"},{\"@type\":\"Person\",\"@id\":\"http:\/\/www.frederic-poitou.com\/blog\/#\/schema\/person\/e2c2d05e978747818533fdce859a7799\",\"name\":\"Fr\u00e9d\u00e9ric Poitou\",\"image\":{\"@type\":\"ImageObject\",\"inLanguage\":\"fr-FR\",\"@id\":\"http:\/\/www.frederic-poitou.com\/blog\/#\/schema\/person\/image\/\",\"url\":\"https:\/\/secure.gravatar.com\/avatar\/1933bcca279a2feafd35d9e0a080c521e11beb51115fe4cfe02e2586ac13424a?s=96&d=mm&r=g\",\"contentUrl\":\"https:\/\/secure.gravatar.com\/avatar\/1933bcca279a2feafd35d9e0a080c521e11beb51115fe4cfe02e2586ac13424a?s=96&d=mm&r=g\",\"caption\":\"Fr\u00e9d\u00e9ric Poitou\"},\"description\":\"Fr\u00e9d\u00e9ric Poitou est n\u00e9 \u00e0 Rouen, et y a fait des \u00e9tudes au Conservatoire en musique-\u00e9tudes en section piano. Il s'est ensuite orient\u00e9 vers des \u00e9tudes scientifiques o\u00f9 il a obtenu un dipl\u00f4me d'ing\u00e9nieur, puis un doctorat en Chimie. Il est Expert Judiciaire en France, en Belgique et \u00e0 Luxembourg, et agr\u00e9e par les Institutions Europ\u00e9ennes.\",\"sameAs\":[\"http:\/\/www.frederic-poitou.com\",\"https:\/\/www.linkedin.com\/in\/frederic-poitou-b045a025\/\"]}]}<\/script>\n<!-- \/ Yoast SEO plugin. -->","yoast_head_json":{"title":"TIENS, REVOIL\u00c0 SEGOL\u00c8NE ! -","robots":{"index":"index","follow":"follow","max-snippet":"max-snippet:-1","max-image-preview":"max-image-preview:large","max-video-preview":"max-video-preview:-1"},"canonical":"http:\/\/www.frederic-poitou.com\/blog\/apres-audrez-pulvard-on-va-trouver-une-place-a-segolene\/","og_locale":"fr_FR","og_type":"article","og_title":"TIENS, REVOIL\u00c0 SEGOL\u00c8NE ! -","og_description":"Source Reuters, d&rsquo;apr\u00e8s les Echos : Le gouvernement fran\u00e7ais cherche une \u00ab\u00a0fonction\u00a0\u00bb pour S\u00e9gol\u00e8ne Royal, qui \u00e9tale dans la presse son malaise apr\u00e8s sa d\u00e9faite aux \u00e9lections l\u00e9gislatives de juin et l&rsquo;attaque qu&rsquo;elle a subie de la part de la &hellip; Lire la suite\u00ad\u00ad","og_url":"http:\/\/www.frederic-poitou.com\/blog\/apres-audrez-pulvard-on-va-trouver-une-place-a-segolene\/","article_publisher":"https:\/\/www.facebook.com\/frederic.poitou\/","article_published_time":"2023-07-15T03:22:32+00:00","article_modified_time":"2026-04-27T13:17:36+00:00","og_image":[{"url":"http:\/\/www.frederic-poitou.com\/blog\/wp-content\/3.jpeg","type":"","width":"","height":""}],"author":"Fr\u00e9d\u00e9ric Poitou","twitter_card":"summary_large_image","twitter_creator":"@fredericpoitou","twitter_site":"@fredericpoitou","twitter_misc":{"\u00c9crit par":"Fr\u00e9d\u00e9ric Poitou","Dur\u00e9e de lecture estim\u00e9e":"3 minutes"},"schema":{"@context":"https:\/\/schema.org","@graph":[{"@type":"Article","@id":"http:\/\/www.frederic-poitou.com\/blog\/apres-audrez-pulvard-on-va-trouver-une-place-a-segolene\/#article","isPartOf":{"@id":"http:\/\/www.frederic-poitou.com\/blog\/apres-audrez-pulvard-on-va-trouver-une-place-a-segolene\/"},"author":{"name":"Fr\u00e9d\u00e9ric Poitou","@id":"http:\/\/www.frederic-poitou.com\/blog\/#\/schema\/person\/e2c2d05e978747818533fdce859a7799"},"headline":"TIENS, REVOIL\u00c0 SEGOL\u00c8NE !","datePublished":"2023-07-15T03:22:32+00:00","dateModified":"2026-04-27T13:17:36+00:00","mainEntityOfPage":{"@id":"http:\/\/www.frederic-poitou.com\/blog\/apres-audrez-pulvard-on-va-trouver-une-place-a-segolene\/"},"wordCount":658,"image":{"@id":"http:\/\/www.frederic-poitou.com\/blog\/apres-audrez-pulvard-on-va-trouver-une-place-a-segolene\/#primaryimage"},"thumbnailUrl":"http:\/\/www.frederic-poitou.com\/blog\/wp-content\/3.jpeg","keywords":["Actualit\u00e9"],"articleSection":["Accueil"],"inLanguage":"fr-FR"},{"@type":"WebPage","@id":"http:\/\/www.frederic-poitou.com\/blog\/apres-audrez-pulvard-on-va-trouver-une-place-a-segolene\/","url":"http:\/\/www.frederic-poitou.com\/blog\/apres-audrez-pulvard-on-va-trouver-une-place-a-segolene\/","name":"TIENS, REVOIL\u00c0 SEGOL\u00c8NE ! -","isPartOf":{"@id":"http:\/\/www.frederic-poitou.com\/blog\/#website"},"primaryImageOfPage":{"@id":"http:\/\/www.frederic-poitou.com\/blog\/apres-audrez-pulvard-on-va-trouver-une-place-a-segolene\/#primaryimage"},"image":{"@id":"http:\/\/www.frederic-poitou.com\/blog\/apres-audrez-pulvard-on-va-trouver-une-place-a-segolene\/#primaryimage"},"thumbnailUrl":"http:\/\/www.frederic-poitou.com\/blog\/wp-content\/3.jpeg","datePublished":"2023-07-15T03:22:32+00:00","dateModified":"2026-04-27T13:17:36+00:00","author":{"@id":"http:\/\/www.frederic-poitou.com\/blog\/#\/schema\/person\/e2c2d05e978747818533fdce859a7799"},"breadcrumb":{"@id":"http:\/\/www.frederic-poitou.com\/blog\/apres-audrez-pulvard-on-va-trouver-une-place-a-segolene\/#breadcrumb"},"inLanguage":"fr-FR","potentialAction":[{"@type":"ReadAction","target":["http:\/\/www.frederic-poitou.com\/blog\/apres-audrez-pulvard-on-va-trouver-une-place-a-segolene\/"]}]},{"@type":"ImageObject","inLanguage":"fr-FR","@id":"http:\/\/www.frederic-poitou.com\/blog\/apres-audrez-pulvard-on-va-trouver-une-place-a-segolene\/#primaryimage","url":"http:\/\/www.frederic-poitou.com\/blog\/wp-content\/3.jpeg","contentUrl":"http:\/\/www.frederic-poitou.com\/blog\/wp-content\/3.jpeg","width":"644","height":"150"},{"@type":"BreadcrumbList","@id":"http:\/\/www.frederic-poitou.com\/blog\/apres-audrez-pulvard-on-va-trouver-une-place-a-segolene\/#breadcrumb","itemListElement":[{"@type":"ListItem","position":1,"name":"Accueil","item":"http:\/\/www.frederic-poitou.com\/blog\/"},{"@type":"ListItem","position":2,"name":"TIENS, REVOIL\u00c0 SEGOL\u00c8NE !"}]},{"@type":"WebSite","@id":"http:\/\/www.frederic-poitou.com\/blog\/#website","url":"http:\/\/www.frederic-poitou.com\/blog\/","name":"","description":"","potentialAction":[{"@type":"SearchAction","target":{"@type":"EntryPoint","urlTemplate":"http:\/\/www.frederic-poitou.com\/blog\/?s={search_term_string}"},"query-input":{"@type":"PropertyValueSpecification","valueRequired":true,"valueName":"search_term_string"}}],"inLanguage":"fr-FR"},{"@type":"Person","@id":"http:\/\/www.frederic-poitou.com\/blog\/#\/schema\/person\/e2c2d05e978747818533fdce859a7799","name":"Fr\u00e9d\u00e9ric Poitou","image":{"@type":"ImageObject","inLanguage":"fr-FR","@id":"http:\/\/www.frederic-poitou.com\/blog\/#\/schema\/person\/image\/","url":"https:\/\/secure.gravatar.com\/avatar\/1933bcca279a2feafd35d9e0a080c521e11beb51115fe4cfe02e2586ac13424a?s=96&d=mm&r=g","contentUrl":"https:\/\/secure.gravatar.com\/avatar\/1933bcca279a2feafd35d9e0a080c521e11beb51115fe4cfe02e2586ac13424a?s=96&d=mm&r=g","caption":"Fr\u00e9d\u00e9ric Poitou"},"description":"Fr\u00e9d\u00e9ric Poitou est n\u00e9 \u00e0 Rouen, et y a fait des \u00e9tudes au Conservatoire en musique-\u00e9tudes en section piano. Il s'est ensuite orient\u00e9 vers des \u00e9tudes scientifiques o\u00f9 il a obtenu un dipl\u00f4me d'ing\u00e9nieur, puis un doctorat en Chimie. Il est Expert Judiciaire en France, en Belgique et \u00e0 Luxembourg, et agr\u00e9e par les Institutions Europ\u00e9ennes.","sameAs":["http:\/\/www.frederic-poitou.com","https:\/\/www.linkedin.com\/in\/frederic-poitou-b045a025\/"]}]}},"_links":{"self":[{"href":"http:\/\/www.frederic-poitou.com\/blog\/wp-json\/wp\/v2\/posts\/6339","targetHints":{"allow":["GET"]}}],"collection":[{"href":"http:\/\/www.frederic-poitou.com\/blog\/wp-json\/wp\/v2\/posts"}],"about":[{"href":"http:\/\/www.frederic-poitou.com\/blog\/wp-json\/wp\/v2\/types\/post"}],"author":[{"embeddable":true,"href":"http:\/\/www.frederic-poitou.com\/blog\/wp-json\/wp\/v2\/users\/4"}],"replies":[{"embeddable":true,"href":"http:\/\/www.frederic-poitou.com\/blog\/wp-json\/wp\/v2\/comments?post=6339"}],"version-history":[{"count":1,"href":"http:\/\/www.frederic-poitou.com\/blog\/wp-json\/wp\/v2\/posts\/6339\/revisions"}],"predecessor-version":[{"id":10290,"href":"http:\/\/www.frederic-poitou.com\/blog\/wp-json\/wp\/v2\/posts\/6339\/revisions\/10290"}],"wp:attachment":[{"href":"http:\/\/www.frederic-poitou.com\/blog\/wp-json\/wp\/v2\/media?parent=6339"}],"wp:term":[{"taxonomy":"category","embeddable":true,"href":"http:\/\/www.frederic-poitou.com\/blog\/wp-json\/wp\/v2\/categories?post=6339"},{"taxonomy":"post_tag","embeddable":true,"href":"http:\/\/www.frederic-poitou.com\/blog\/wp-json\/wp\/v2\/tags?post=6339"}],"curies":[{"name":"wp","href":"https:\/\/api.w.org\/{rel}","templated":true}]}}