{"id":6306,"date":"2023-07-14T01:20:32","date_gmt":"2023-07-13T23:20:32","guid":{"rendered":"http:\/\/www.frederic-poitou.com\/blog\/?p=6306"},"modified":"2026-04-14T21:17:23","modified_gmt":"2026-04-14T19:17:23","slug":"pour-vos-photos-de-vacances-faites-du-harcourt","status":"publish","type":"post","link":"http:\/\/www.frederic-poitou.com\/blog\/pour-vos-photos-de-vacances-faites-du-harcourt\/","title":{"rendered":"POUR VOS PHOTOS DE VACANCES, FAITES DU HARCOURT !"},"content":{"rendered":"<p>Une photo rapproch\u00e9e de grand Maman prise sous son meilleur angle, \u00e9clair\u00e9e par une lumi\u00e8re de projecteur de cin\u00e9ma en lat\u00e9ral (avec quelques compl\u00e9ments derri\u00e8re pour amener les fameuses \u00ab\u00a0d\u00e9coupes\u00a0\u00bb), le tout cr\u00e9ant le fameux halo clair obscur, sur fond gris-noir.<br \/>\nLe petit truc : Il faut que Grand Maman ait un petit sourire presque ironique, et surtout qu&rsquo;elle soitl \u00e9g\u00e8rement maquill\u00e9e en jaune (v\u00e9ridique !)<\/p>\n<p><iframe loading=\"lazy\" frameborder=\"0\" width=\"560\" height=\"420\" src=\"http:\/\/www.dailymotion.com\/embed\/video\/xsvm1w\"><\/iframe><br \/><a href=\"http:\/\/www.dailymotion.com\/video\/xsvm1w_studios-harcourt-la-technique_creation\" target=\"_blank\" rel=\"noopener\">Studios Harcourt, la technique !<\/a> <i>par <a href=\"http:\/\/www.dailymotion.com\/ATTACHEE-PRESSE13\" target=\"_blank\" rel=\"noopener\">ATTACHEE-PRESSE13<\/a><\/i><\/p>\n","protected":false},"excerpt":{"rendered":"<p>Une photo rapproch\u00e9e de grand Maman prise sous son meilleur angle, \u00e9clair\u00e9e par une lumi\u00e8re de projecteur de cin\u00e9ma en lat\u00e9ral (avec quelques compl\u00e9ments derri\u00e8re pour amener les fameuses \u00ab\u00a0d\u00e9coupes\u00a0\u00bb), le tout cr\u00e9ant le fameux halo clair obscur, sur fond &hellip; <a href=\"http:\/\/www.frederic-poitou.com\/blog\/pour-vos-photos-de-vacances-faites-du-harcourt\/\">Lire la suite\u00ad\u00ad<\/a><\/p>\n","protected":false},"author":4,"featured_media":0,"comment_status":"closed","ping_status":"closed","sticky":false,"template":"","format":"standard","meta":{"kt_blocks_editor_width":"","_exactmetrics_skip_tracking":false,"_exactmetrics_sitenote_active":false,"_exactmetrics_sitenote_note":"","_exactmetrics_sitenote_category":0,"footnotes":""},"categories":[48],"tags":[27,21],"class_list":["post-6306","post","type-post","status-publish","format-standard","hentry","category-accueil","tag-actualite","tag-arts-et-culture"],"yoast_head":"<!-- This site is optimized with the Yoast SEO plugin v27.1.1 - https:\/\/yoast.com\/product\/yoast-seo-wordpress\/ -->\n<title>POUR VOS PHOTOS DE VACANCES, FAITES DU HARCOURT ! -<\/title>\n<meta name=\"robots\" content=\"index, follow, max-snippet:-1, max-image-preview:large, max-video-preview:-1\" \/>\n<link rel=\"canonical\" href=\"http:\/\/www.frederic-poitou.com\/blog\/pour-vos-photos-de-vacances-faites-du-harcourt\/\" \/>\n<meta property=\"og:locale\" content=\"fr_FR\" \/>\n<meta property=\"og:type\" content=\"article\" \/>\n<meta property=\"og:title\" content=\"POUR VOS PHOTOS DE VACANCES, FAITES DU HARCOURT ! -\" \/>\n<meta property=\"og:description\" content=\"Une photo rapproch\u00e9e de grand Maman prise sous son meilleur angle, \u00e9clair\u00e9e par une lumi\u00e8re de projecteur de cin\u00e9ma en lat\u00e9ral (avec quelques compl\u00e9ments derri\u00e8re pour amener les fameuses \u00ab\u00a0d\u00e9coupes\u00a0\u00bb), le tout cr\u00e9ant le fameux halo clair obscur, sur fond &hellip; Lire la suite\u00ad\u00ad\" \/>\n<meta property=\"og:url\" content=\"http:\/\/www.frederic-poitou.com\/blog\/pour-vos-photos-de-vacances-faites-du-harcourt\/\" \/>\n<meta property=\"article:publisher\" content=\"https:\/\/www.facebook.com\/frederic.poitou\/\" \/>\n<meta property=\"article:published_time\" content=\"2023-07-13T23:20:32+00:00\" \/>\n<meta property=\"article:modified_time\" content=\"2026-04-14T19:17:23+00:00\" \/>\n<meta name=\"author\" content=\"Fr\u00e9d\u00e9ric Poitou\" \/>\n<meta name=\"twitter:card\" content=\"summary_large_image\" \/>\n<meta name=\"twitter:creator\" content=\"@fredericpoitou\" \/>\n<meta name=\"twitter:site\" content=\"@fredericpoitou\" \/>\n<meta name=\"twitter:label1\" content=\"\u00c9crit par\" \/>\n\t<meta name=\"twitter:data1\" content=\"Fr\u00e9d\u00e9ric Poitou\" \/>\n<script type=\"application\/ld+json\" class=\"yoast-schema-graph\">{\"@context\":\"https:\/\/schema.org\",\"@graph\":[{\"@type\":\"Article\",\"@id\":\"http:\/\/www.frederic-poitou.com\/blog\/pour-vos-photos-de-vacances-faites-du-harcourt\/#article\",\"isPartOf\":{\"@id\":\"http:\/\/www.frederic-poitou.com\/blog\/pour-vos-photos-de-vacances-faites-du-harcourt\/\"},\"author\":{\"name\":\"Fr\u00e9d\u00e9ric Poitou\",\"@id\":\"https:\/\/www.frederic-poitou.com\/blog\/#\/schema\/person\/e2c2d05e978747818533fdce859a7799\"},\"headline\":\"POUR VOS PHOTOS DE VACANCES, FAITES DU HARCOURT !\",\"datePublished\":\"2023-07-13T23:20:32+00:00\",\"dateModified\":\"2026-04-14T19:17:23+00:00\",\"mainEntityOfPage\":{\"@id\":\"http:\/\/www.frederic-poitou.com\/blog\/pour-vos-photos-de-vacances-faites-du-harcourt\/\"},\"wordCount\":91,\"keywords\":[\"Actualit\u00e9\",\"Arts et Culture\"],\"articleSection\":[\"Accueil\"],\"inLanguage\":\"fr-FR\"},{\"@type\":\"WebPage\",\"@id\":\"http:\/\/www.frederic-poitou.com\/blog\/pour-vos-photos-de-vacances-faites-du-harcourt\/\",\"url\":\"http:\/\/www.frederic-poitou.com\/blog\/pour-vos-photos-de-vacances-faites-du-harcourt\/\",\"name\":\"POUR VOS PHOTOS DE VACANCES, FAITES DU HARCOURT ! -\",\"isPartOf\":{\"@id\":\"https:\/\/www.frederic-poitou.com\/blog\/#website\"},\"datePublished\":\"2023-07-13T23:20:32+00:00\",\"dateModified\":\"2026-04-14T19:17:23+00:00\",\"author\":{\"@id\":\"https:\/\/www.frederic-poitou.com\/blog\/#\/schema\/person\/e2c2d05e978747818533fdce859a7799\"},\"breadcrumb\":{\"@id\":\"http:\/\/www.frederic-poitou.com\/blog\/pour-vos-photos-de-vacances-faites-du-harcourt\/#breadcrumb\"},\"inLanguage\":\"fr-FR\",\"potentialAction\":[{\"@type\":\"ReadAction\",\"target\":[\"http:\/\/www.frederic-poitou.com\/blog\/pour-vos-photos-de-vacances-faites-du-harcourt\/\"]}]},{\"@type\":\"BreadcrumbList\",\"@id\":\"http:\/\/www.frederic-poitou.com\/blog\/pour-vos-photos-de-vacances-faites-du-harcourt\/#breadcrumb\",\"itemListElement\":[{\"@type\":\"ListItem\",\"position\":1,\"name\":\"Accueil\",\"item\":\"https:\/\/www.frederic-poitou.com\/blog\/\"},{\"@type\":\"ListItem\",\"position\":2,\"name\":\"POUR VOS PHOTOS DE VACANCES, FAITES DU HARCOURT !\"}]},{\"@type\":\"WebSite\",\"@id\":\"https:\/\/www.frederic-poitou.com\/blog\/#website\",\"url\":\"https:\/\/www.frederic-poitou.com\/blog\/\",\"name\":\"\",\"description\":\"\",\"potentialAction\":[{\"@type\":\"SearchAction\",\"target\":{\"@type\":\"EntryPoint\",\"urlTemplate\":\"https:\/\/www.frederic-poitou.com\/blog\/?s={search_term_string}\"},\"query-input\":{\"@type\":\"PropertyValueSpecification\",\"valueRequired\":true,\"valueName\":\"search_term_string\"}}],\"inLanguage\":\"fr-FR\"},{\"@type\":\"Person\",\"@id\":\"https:\/\/www.frederic-poitou.com\/blog\/#\/schema\/person\/e2c2d05e978747818533fdce859a7799\",\"name\":\"Fr\u00e9d\u00e9ric Poitou\",\"image\":{\"@type\":\"ImageObject\",\"inLanguage\":\"fr-FR\",\"@id\":\"https:\/\/www.frederic-poitou.com\/blog\/#\/schema\/person\/image\/\",\"url\":\"https:\/\/secure.gravatar.com\/avatar\/1933bcca279a2feafd35d9e0a080c521e11beb51115fe4cfe02e2586ac13424a?s=96&d=mm&r=g\",\"contentUrl\":\"https:\/\/secure.gravatar.com\/avatar\/1933bcca279a2feafd35d9e0a080c521e11beb51115fe4cfe02e2586ac13424a?s=96&d=mm&r=g\",\"caption\":\"Fr\u00e9d\u00e9ric Poitou\"},\"description\":\"Fr\u00e9d\u00e9ric Poitou est n\u00e9 \u00e0 Rouen, et y a fait des \u00e9tudes au Conservatoire en musique-\u00e9tudes en section piano. Il s'est ensuite orient\u00e9 vers des \u00e9tudes scientifiques o\u00f9 il a obtenu un dipl\u00f4me d'ing\u00e9nieur, puis un doctorat en Chimie. Il est Expert Judiciaire en France, en Belgique et \u00e0 Luxembourg, et agr\u00e9e par les Institutions Europ\u00e9ennes.\",\"sameAs\":[\"http:\/\/www.frederic-poitou.com\",\"https:\/\/www.linkedin.com\/in\/frederic-poitou-b045a025\/\"]}]}<\/script>\n<!-- \/ Yoast SEO plugin. -->","yoast_head_json":{"title":"POUR VOS PHOTOS DE VACANCES, FAITES DU HARCOURT ! -","robots":{"index":"index","follow":"follow","max-snippet":"max-snippet:-1","max-image-preview":"max-image-preview:large","max-video-preview":"max-video-preview:-1"},"canonical":"http:\/\/www.frederic-poitou.com\/blog\/pour-vos-photos-de-vacances-faites-du-harcourt\/","og_locale":"fr_FR","og_type":"article","og_title":"POUR VOS PHOTOS DE VACANCES, FAITES DU HARCOURT ! -","og_description":"Une photo rapproch\u00e9e de grand Maman prise sous son meilleur angle, \u00e9clair\u00e9e par une lumi\u00e8re de projecteur de cin\u00e9ma en lat\u00e9ral (avec quelques compl\u00e9ments derri\u00e8re pour amener les fameuses \u00ab\u00a0d\u00e9coupes\u00a0\u00bb), le tout cr\u00e9ant le fameux halo clair obscur, sur fond &hellip; Lire la suite\u00ad\u00ad","og_url":"http:\/\/www.frederic-poitou.com\/blog\/pour-vos-photos-de-vacances-faites-du-harcourt\/","article_publisher":"https:\/\/www.facebook.com\/frederic.poitou\/","article_published_time":"2023-07-13T23:20:32+00:00","article_modified_time":"2026-04-14T19:17:23+00:00","author":"Fr\u00e9d\u00e9ric Poitou","twitter_card":"summary_large_image","twitter_creator":"@fredericpoitou","twitter_site":"@fredericpoitou","twitter_misc":{"\u00c9crit par":"Fr\u00e9d\u00e9ric Poitou"},"schema":{"@context":"https:\/\/schema.org","@graph":[{"@type":"Article","@id":"http:\/\/www.frederic-poitou.com\/blog\/pour-vos-photos-de-vacances-faites-du-harcourt\/#article","isPartOf":{"@id":"http:\/\/www.frederic-poitou.com\/blog\/pour-vos-photos-de-vacances-faites-du-harcourt\/"},"author":{"name":"Fr\u00e9d\u00e9ric Poitou","@id":"https:\/\/www.frederic-poitou.com\/blog\/#\/schema\/person\/e2c2d05e978747818533fdce859a7799"},"headline":"POUR VOS PHOTOS DE VACANCES, FAITES DU HARCOURT !","datePublished":"2023-07-13T23:20:32+00:00","dateModified":"2026-04-14T19:17:23+00:00","mainEntityOfPage":{"@id":"http:\/\/www.frederic-poitou.com\/blog\/pour-vos-photos-de-vacances-faites-du-harcourt\/"},"wordCount":91,"keywords":["Actualit\u00e9","Arts et Culture"],"articleSection":["Accueil"],"inLanguage":"fr-FR"},{"@type":"WebPage","@id":"http:\/\/www.frederic-poitou.com\/blog\/pour-vos-photos-de-vacances-faites-du-harcourt\/","url":"http:\/\/www.frederic-poitou.com\/blog\/pour-vos-photos-de-vacances-faites-du-harcourt\/","name":"POUR VOS PHOTOS DE VACANCES, FAITES DU HARCOURT ! -","isPartOf":{"@id":"https:\/\/www.frederic-poitou.com\/blog\/#website"},"datePublished":"2023-07-13T23:20:32+00:00","dateModified":"2026-04-14T19:17:23+00:00","author":{"@id":"https:\/\/www.frederic-poitou.com\/blog\/#\/schema\/person\/e2c2d05e978747818533fdce859a7799"},"breadcrumb":{"@id":"http:\/\/www.frederic-poitou.com\/blog\/pour-vos-photos-de-vacances-faites-du-harcourt\/#breadcrumb"},"inLanguage":"fr-FR","potentialAction":[{"@type":"ReadAction","target":["http:\/\/www.frederic-poitou.com\/blog\/pour-vos-photos-de-vacances-faites-du-harcourt\/"]}]},{"@type":"BreadcrumbList","@id":"http:\/\/www.frederic-poitou.com\/blog\/pour-vos-photos-de-vacances-faites-du-harcourt\/#breadcrumb","itemListElement":[{"@type":"ListItem","position":1,"name":"Accueil","item":"https:\/\/www.frederic-poitou.com\/blog\/"},{"@type":"ListItem","position":2,"name":"POUR VOS PHOTOS DE VACANCES, FAITES DU HARCOURT !"}]},{"@type":"WebSite","@id":"https:\/\/www.frederic-poitou.com\/blog\/#website","url":"https:\/\/www.frederic-poitou.com\/blog\/","name":"","description":"","potentialAction":[{"@type":"SearchAction","target":{"@type":"EntryPoint","urlTemplate":"https:\/\/www.frederic-poitou.com\/blog\/?s={search_term_string}"},"query-input":{"@type":"PropertyValueSpecification","valueRequired":true,"valueName":"search_term_string"}}],"inLanguage":"fr-FR"},{"@type":"Person","@id":"https:\/\/www.frederic-poitou.com\/blog\/#\/schema\/person\/e2c2d05e978747818533fdce859a7799","name":"Fr\u00e9d\u00e9ric Poitou","image":{"@type":"ImageObject","inLanguage":"fr-FR","@id":"https:\/\/www.frederic-poitou.com\/blog\/#\/schema\/person\/image\/","url":"https:\/\/secure.gravatar.com\/avatar\/1933bcca279a2feafd35d9e0a080c521e11beb51115fe4cfe02e2586ac13424a?s=96&d=mm&r=g","contentUrl":"https:\/\/secure.gravatar.com\/avatar\/1933bcca279a2feafd35d9e0a080c521e11beb51115fe4cfe02e2586ac13424a?s=96&d=mm&r=g","caption":"Fr\u00e9d\u00e9ric Poitou"},"description":"Fr\u00e9d\u00e9ric Poitou est n\u00e9 \u00e0 Rouen, et y a fait des \u00e9tudes au Conservatoire en musique-\u00e9tudes en section piano. Il s'est ensuite orient\u00e9 vers des \u00e9tudes scientifiques o\u00f9 il a obtenu un dipl\u00f4me d'ing\u00e9nieur, puis un doctorat en Chimie. Il est Expert Judiciaire en France, en Belgique et \u00e0 Luxembourg, et agr\u00e9e par les Institutions Europ\u00e9ennes.","sameAs":["http:\/\/www.frederic-poitou.com","https:\/\/www.linkedin.com\/in\/frederic-poitou-b045a025\/"]}]}},"_links":{"self":[{"href":"http:\/\/www.frederic-poitou.com\/blog\/wp-json\/wp\/v2\/posts\/6306","targetHints":{"allow":["GET"]}}],"collection":[{"href":"http:\/\/www.frederic-poitou.com\/blog\/wp-json\/wp\/v2\/posts"}],"about":[{"href":"http:\/\/www.frederic-poitou.com\/blog\/wp-json\/wp\/v2\/types\/post"}],"author":[{"embeddable":true,"href":"http:\/\/www.frederic-poitou.com\/blog\/wp-json\/wp\/v2\/users\/4"}],"replies":[{"embeddable":true,"href":"http:\/\/www.frederic-poitou.com\/blog\/wp-json\/wp\/v2\/comments?post=6306"}],"version-history":[{"count":1,"href":"http:\/\/www.frederic-poitou.com\/blog\/wp-json\/wp\/v2\/posts\/6306\/revisions"}],"predecessor-version":[{"id":10297,"href":"http:\/\/www.frederic-poitou.com\/blog\/wp-json\/wp\/v2\/posts\/6306\/revisions\/10297"}],"wp:attachment":[{"href":"http:\/\/www.frederic-poitou.com\/blog\/wp-json\/wp\/v2\/media?parent=6306"}],"wp:term":[{"taxonomy":"category","embeddable":true,"href":"http:\/\/www.frederic-poitou.com\/blog\/wp-json\/wp\/v2\/categories?post=6306"},{"taxonomy":"post_tag","embeddable":true,"href":"http:\/\/www.frederic-poitou.com\/blog\/wp-json\/wp\/v2\/tags?post=6306"}],"curies":[{"name":"wp","href":"https:\/\/api.w.org\/{rel}","templated":true}]}}