{"id":6277,"date":"2023-07-14T03:10:32","date_gmt":"2023-07-14T01:10:32","guid":{"rendered":"http:\/\/www.frederic-poitou.com\/blog\/?p=6277"},"modified":"2026-04-15T11:15:35","modified_gmt":"2026-04-15T09:15:35","slug":"la-fifa-leve-le-voile","status":"publish","type":"post","link":"http:\/\/www.frederic-poitou.com\/blog\/la-fifa-leve-le-voile\/","title":{"rendered":"LA FIFA LEVE LE VOILE !"},"content":{"rendered":"<p>Heureusement que le ridicule ne tue pas &#8230;<\/p>\n<p><img loading=\"lazy\" decoding=\"async\" class=\"aligncenter size-full wp-image-6278\" title=\"SOCCER\/\" src=\"http:\/\/www.frederic-poitou.com\/blog\/wp-content\/FOOTBALL-FEMININ-ET-PORT-DU-VOILE.jpg\" alt=\"SOCCER\/\" width=\"549\" height=\"366\" srcset=\"http:\/\/www.frederic-poitou.com\/blog\/wp-content\/FOOTBALL-FEMININ-ET-PORT-DU-VOILE.jpg 549w, http:\/\/www.frederic-poitou.com\/blog\/wp-content\/FOOTBALL-FEMININ-ET-PORT-DU-VOILE-300x200.jpg 300w\" sizes=\"auto, (max-width: 549px) 100vw, 549px\" \/><br \/>\nUne belle mascarade, et un pied de nez \u00e0 la la\u00efcit\u00e9 &#8230;<\/p>\n<p style=\"margin-top: 0px; margin-right: 0px; margin-bottom: 20px; margin-left: 0px; padding-top: 0px; padding-right: 3px; padding-bottom: 0px; padding-left: 3px;\">\n<p style=\"margin-top: 0px; margin-right: 0px; margin-bottom: 20px; margin-left: 0px; padding-top: 0px; padding-right: 3px; padding-bottom: 0px; padding-left: 3px;\">D\u00e9p\u00eache AFP<\/p>\n<p style=\"margin-top: 0px; margin-right: 0px; margin-bottom: 20px; margin-left: 0px; padding-top: 0px; padding-right: 3px; padding-bottom: 0px; padding-left: 3px;\"><em>\u00ab\u00a0Le port du voile (ou hijab) pour les joueuses a \u00e9t\u00e9 autoris\u00e9 jeudi par l&rsquo;International Football Association Board (Ifab), organe garant des lois du jeu, a annonc\u00e9 la Fifa lors d&rsquo;une conf\u00e9rence de presse. Cette mesure, demand\u00e9e par la Conf\u00e9d\u00e9ration asiatique (AFC) et le Prince Ali Bin al Hussein de Jordanie, un des six vice-pr\u00e9sidents de la Fifa, avait b\u00e9n\u00e9fici\u00e9 en mars d&rsquo;un \u00abaccord de principe\u00bb de l&rsquo;Ifab qui avait toutefois souhait\u00e9 attendre le \u00abr\u00e9sultat d&rsquo;un examen acc\u00e9l\u00e9r\u00e9 de toutes les questions li\u00e9es, notamment sur le plan de la sant\u00e9 et de la s\u00e9curit\u00e9\u00bb.<\/em><\/p>\n<p style=\"margin-top: 0px; margin-right: 0px; margin-bottom: 20px; margin-left: 0px; padding-top: 0px; padding-right: 3px; padding-bottom: 0px; padding-left: 3px;\"><em>\u00abCette initiative prise lors de notre dernier congr\u00e8s avait \u00e9t\u00e9 soumise \u00e0 une d\u00e9cision finale du comit\u00e9 m\u00e9dical de la Fifa. Les r\u00e9serves m\u00e9dicales et sur la s\u00e9curit\u00e9 ont \u00e9t\u00e9 supprim\u00e9es pour le port du voile et la mesure est donc approuv\u00e9e\u00bb, a d\u00e9clar\u00e9 J\u00e9r\u00f4me Valcke, le secr\u00e9taire g\u00e9n\u00e9ral de la Fifa. Adopt\u00e9e \u00e0 l&rsquo;unanimit\u00e9, cette mesure b\u00e9n\u00e9ficiera d&rsquo;abord d&rsquo;une p\u00e9riode d&rsquo;essais. La couleur, le design et la nature m\u00eame des voiles seront maintenant d\u00e9battus en novembre \u00e0 Glasgow lors d&rsquo;une r\u00e9union de l&rsquo;IFAB. Cette d\u00e9cision doit permettre la pratique du\u00a0<a style=\"text-decoration: none; color: #2785cf;\" href=\"http:\/\/www.20minutes.fr\/thematique\/football\">football<\/a> \u00e0 toutes les femmes, ce qui n&rsquo;\u00e9tait jusque-l\u00e0 pas le cas en raison de restrictions religieuses visant certaines communaut\u00e9s.<\/em><\/p>\n<p style=\"margin-top: 0px; margin-right: 0px; margin-bottom: 20px; margin-left: 0px; padding-top: 0px; padding-right: 3px; padding-bottom: 0px; padding-left: 3px;\"><em>Des associations f\u00e9ministes ont n\u00e9anmoins exprim\u00e9 leur d\u00e9saccord, comme la Ligue internationale des femmes, Femix&rsquo;sports et la Coordination fran\u00e7aise pour le lobby europ\u00e9en des femmes (Clef), dans une lettre ouverte \u00e0 Joseph Blatter en d\u00e9cembre dernier. Dans le monde musulman, en revanche, la nouvelle a \u00e9t\u00e9 bien accueillie. \u00abC&rsquo;est une bonne nouvelle pour nous. C&rsquo;est bon pour la communaut\u00e9 musulmane\u00bb, a d\u00e9clar\u00e9 \u00e0 l&rsquo;AFP peu avant la d\u00e9cision Alex Soosay, secr\u00e9taire g\u00e9n\u00e9ral de la Conf\u00e9d\u00e9ration asiatique de football, dont le si\u00e8ge se trouve \u00e0 Kuala Lumpur, capitale de la Malaisie, pays majoritairement musulman.<\/em><\/p>\n<p style=\"margin-top: 0px; margin-right: 0px; margin-bottom: 20px; margin-left: 0px; padding-top: 0px; padding-right: 3px; padding-bottom: 0px; padding-left: 3px;\"><strong><em>Les pays du Golfe applaudissent<\/em><\/strong><\/p>\n<p style=\"margin-top: 0px; margin-right: 0px; margin-bottom: 20px; margin-left: 0px; padding-top: 0px; padding-right: 3px; padding-bottom: 0px; padding-left: 3px;\"><em>Des responsables de la F\u00e9d\u00e9ration malaisienne (FAM) ont toutefois pr\u00e9cis\u00e9 que cette d\u00e9cision aurait peu d&rsquo;impact sur les joueuses de la s\u00e9lection malaisienne puisqu&rsquo;elles ne portent pas le voile en match. Les monarchies du Golfe ont aussi salu\u00e9 cette nouvelle. \u00abCette d\u00e9cision, attendue avec impatience, fait notre tr\u00e8s grande joie\u00bb, a d\u00e9clar\u00e9 \u00e0 l&rsquo;AFP la pr\u00e9sidente de la commission du sport f\u00e9minin au sein de la f\u00e9d\u00e9ration kowe\u00eftienne de football\u00a0(FKT), cheikha Na\u00efma Al-Sabah, dont la s\u00e9lection f\u00e9minine de football\u00a0participe \u00e0 diverses comp\u00e9titions, tout comme celles des Emirats arabes unis, du Qatar et de Bahre\u00efn.<\/em><\/p>\n<p style=\"margin-top: 0px; margin-right: 0px; margin-bottom: 20px; margin-left: 0px; padding-top: 0px; padding-right: 3px; padding-bottom: 0px; padding-left: 3px;\"><em>Le sultanat d&rsquo;Oman ne compte pas de s\u00e9lection f\u00e9minine, tout comme l&rsquo;Arabie saoudite, la plus conservatrice des six monarchies du Golfe, o\u00f9 les femmes sont interdites de toute activit\u00e9 sportive publique. Ryad n&rsquo;a d&rsquo;ailleurs pas encore fait savoir si des Saoudiennes pourraient participer aux jeux Olympiques de Londres. Jeudi, les responsables de la f\u00e9d\u00e9ration de football\u00a0et du comit\u00e9 olympique saoudiens interrog\u00e9s par l&rsquo;AFP se sont refus\u00e9s \u00e0 tout commentaire sur la d\u00e9cision de la Fifa.\u00a0\u00bb<\/em><\/p>\n<p style=\"margin-top: 0px; margin-right: 0px; margin-bottom: 20px; margin-left: 0px; padding-top: 0px; padding-right: 3px; padding-bottom: 0px; padding-left: 3px;\"><em><span style=\"color: #ffffff;\">&#8211;<\/span><\/em><\/p>\n<p>Finalement, on a rien \u00e0 dire, et nous avons notre part de responsabilit\u00e9 ! Qui n&rsquo;a jamais remarqu\u00e9 ces footballeurs, grands pratiquants devant l&rsquo;\u00e9ternel, qui se signent &#8211; et parfois touchent la pelouse du stade &#8211; avant d&rsquo;entrer en jeu. Le ridicule ne tue pas, m\u00eame chez les Chr\u00e9tiens.<\/p>\n<p>A trop \u00eatre laxiste avec nous m\u00eames et avec l&rsquo;application stricte de notre la\u00efcit\u00e9, on ouvre la porte au plus grotesques mascarades. Et pourquoi pas la pri\u00e8re pendant l&rsquo;hymne national !<\/p>\n<p>Je trouve cette d\u00e9cision et cette pratique absolument grotesque, mais il faut ire que \u00a0c&rsquo;est une demande qui \u00e9manait de certains pays du golf, actuellement principaux pourvoyeurs de financement pour nos clubs de foot, alors &#8230;<br \/>\nIl se tid plus pr\u00e9cis\u00e9ment que cette autorisation donnerait droit \u00e0 la demande de l&rsquo;influent Prince Ali Bin al Hussein de Jordanie, l&rsquo;un des vice pr\u00e9sident de la FICA.\u00a0C&rsquo;est celui qui paye qui a toujours le dernier mot !<\/p>\n<p>Prions, Fr\u00e8res et Soeurs, pour que cette mascarade ridicule n&rsquo;atteigne pas le Rugby, ou pire, le beach volley !<\/p>\n<p><span style=\"color: #ffffff;\">&#8211;<\/span><\/p>\n<p>Fr\u00e9d\u00e9ric<\/p>\n<p style=\"text-align: center;\"><img loading=\"lazy\" decoding=\"async\" class=\"aligncenter size-full wp-image-6283\" title=\"images\" src=\"http:\/\/www.frederic-poitou.com\/blog\/wp-content\/images1.jpeg\" alt=\"images\" width=\"184\" height=\"274\" \/><\/p>\n","protected":false},"excerpt":{"rendered":"<p>Heureusement que le ridicule ne tue pas &#8230; Une belle mascarade, et un pied de nez \u00e0 la la\u00efcit\u00e9 &#8230; D\u00e9p\u00eache AFP \u00ab\u00a0Le port du voile (ou hijab) pour les joueuses a \u00e9t\u00e9 autoris\u00e9 jeudi par l&rsquo;International Football Association Board &hellip; <a href=\"http:\/\/www.frederic-poitou.com\/blog\/la-fifa-leve-le-voile\/\">Lire la suite\u00ad\u00ad<\/a><\/p>\n","protected":false},"author":4,"featured_media":0,"comment_status":"closed","ping_status":"closed","sticky":false,"template":"","format":"standard","meta":{"kt_blocks_editor_width":"","_exactmetrics_skip_tracking":false,"_exactmetrics_sitenote_active":false,"_exactmetrics_sitenote_note":"","_exactmetrics_sitenote_category":0,"footnotes":""},"categories":[1],"tags":[50,26],"class_list":["post-6277","post","type-post","status-publish","format-standard","hentry","category-politique-economie","tag-politique-economie","tag-laicite"],"yoast_head":"<!-- This site is optimized with the Yoast SEO plugin v27.1.1 - https:\/\/yoast.com\/product\/yoast-seo-wordpress\/ -->\n<title>LA FIFA LEVE LE VOILE ! -<\/title>\n<meta name=\"robots\" content=\"index, follow, max-snippet:-1, max-image-preview:large, max-video-preview:-1\" \/>\n<link rel=\"canonical\" href=\"https:\/\/www.frederic-poitou.com\/blog\/la-fifa-leve-le-voile\/\" \/>\n<meta property=\"og:locale\" content=\"fr_FR\" \/>\n<meta property=\"og:type\" content=\"article\" \/>\n<meta property=\"og:title\" content=\"LA FIFA LEVE LE VOILE ! -\" \/>\n<meta property=\"og:description\" content=\"Heureusement que le ridicule ne tue pas &#8230; Une belle mascarade, et un pied de nez \u00e0 la la\u00efcit\u00e9 &#8230; D\u00e9p\u00eache AFP \u00ab\u00a0Le port du voile (ou hijab) pour les joueuses a \u00e9t\u00e9 autoris\u00e9 jeudi par l&rsquo;International Football Association Board &hellip; Lire la suite\u00ad\u00ad\" \/>\n<meta property=\"og:url\" content=\"https:\/\/www.frederic-poitou.com\/blog\/la-fifa-leve-le-voile\/\" \/>\n<meta property=\"article:publisher\" content=\"https:\/\/www.facebook.com\/frederic.poitou\/\" \/>\n<meta property=\"article:published_time\" content=\"2023-07-14T01:10:32+00:00\" \/>\n<meta property=\"article:modified_time\" content=\"2026-04-15T09:15:35+00:00\" \/>\n<meta property=\"og:image\" content=\"http:\/\/www.frederic-poitou.com\/blog\/wp-content\/FOOTBALL-FEMININ-ET-PORT-DU-VOILE.jpg\" \/>\n<meta name=\"author\" content=\"Fr\u00e9d\u00e9ric Poitou\" \/>\n<meta name=\"twitter:card\" content=\"summary_large_image\" \/>\n<meta name=\"twitter:creator\" content=\"@fredericpoitou\" \/>\n<meta name=\"twitter:site\" content=\"@fredericpoitou\" \/>\n<meta name=\"twitter:label1\" content=\"\u00c9crit par\" \/>\n\t<meta name=\"twitter:data1\" content=\"Fr\u00e9d\u00e9ric Poitou\" \/>\n\t<meta name=\"twitter:label2\" content=\"Dur\u00e9e de lecture estim\u00e9e\" \/>\n\t<meta name=\"twitter:data2\" content=\"4 minutes\" \/>\n<script type=\"application\/ld+json\" class=\"yoast-schema-graph\">{\"@context\":\"https:\/\/schema.org\",\"@graph\":[{\"@type\":\"Article\",\"@id\":\"https:\/\/www.frederic-poitou.com\/blog\/la-fifa-leve-le-voile\/#article\",\"isPartOf\":{\"@id\":\"https:\/\/www.frederic-poitou.com\/blog\/la-fifa-leve-le-voile\/\"},\"author\":{\"name\":\"Fr\u00e9d\u00e9ric Poitou\",\"@id\":\"http:\/\/www.frederic-poitou.com\/blog\/#\/schema\/person\/e2c2d05e978747818533fdce859a7799\"},\"headline\":\"LA FIFA LEVE LE VOILE !\",\"datePublished\":\"2023-07-14T01:10:32+00:00\",\"dateModified\":\"2026-04-15T09:15:35+00:00\",\"mainEntityOfPage\":{\"@id\":\"https:\/\/www.frederic-poitou.com\/blog\/la-fifa-leve-le-voile\/\"},\"wordCount\":783,\"image\":{\"@id\":\"https:\/\/www.frederic-poitou.com\/blog\/la-fifa-leve-le-voile\/#primaryimage\"},\"thumbnailUrl\":\"http:\/\/www.frederic-poitou.com\/blog\/wp-content\/FOOTBALL-FEMININ-ET-PORT-DU-VOILE.jpg\",\"keywords\":[\"Divers\",\"La\u00efcit\u00e9\"],\"articleSection\":[\"Divers\"],\"inLanguage\":\"fr-FR\"},{\"@type\":\"WebPage\",\"@id\":\"https:\/\/www.frederic-poitou.com\/blog\/la-fifa-leve-le-voile\/\",\"url\":\"https:\/\/www.frederic-poitou.com\/blog\/la-fifa-leve-le-voile\/\",\"name\":\"LA FIFA LEVE LE VOILE ! -\",\"isPartOf\":{\"@id\":\"http:\/\/www.frederic-poitou.com\/blog\/#website\"},\"primaryImageOfPage\":{\"@id\":\"https:\/\/www.frederic-poitou.com\/blog\/la-fifa-leve-le-voile\/#primaryimage\"},\"image\":{\"@id\":\"https:\/\/www.frederic-poitou.com\/blog\/la-fifa-leve-le-voile\/#primaryimage\"},\"thumbnailUrl\":\"http:\/\/www.frederic-poitou.com\/blog\/wp-content\/FOOTBALL-FEMININ-ET-PORT-DU-VOILE.jpg\",\"datePublished\":\"2023-07-14T01:10:32+00:00\",\"dateModified\":\"2026-04-15T09:15:35+00:00\",\"author\":{\"@id\":\"http:\/\/www.frederic-poitou.com\/blog\/#\/schema\/person\/e2c2d05e978747818533fdce859a7799\"},\"breadcrumb\":{\"@id\":\"https:\/\/www.frederic-poitou.com\/blog\/la-fifa-leve-le-voile\/#breadcrumb\"},\"inLanguage\":\"fr-FR\",\"potentialAction\":[{\"@type\":\"ReadAction\",\"target\":[\"https:\/\/www.frederic-poitou.com\/blog\/la-fifa-leve-le-voile\/\"]}]},{\"@type\":\"ImageObject\",\"inLanguage\":\"fr-FR\",\"@id\":\"https:\/\/www.frederic-poitou.com\/blog\/la-fifa-leve-le-voile\/#primaryimage\",\"url\":\"http:\/\/www.frederic-poitou.com\/blog\/wp-content\/FOOTBALL-FEMININ-ET-PORT-DU-VOILE.jpg\",\"contentUrl\":\"http:\/\/www.frederic-poitou.com\/blog\/wp-content\/FOOTBALL-FEMININ-ET-PORT-DU-VOILE.jpg\",\"width\":\"549\",\"height\":\"366\"},{\"@type\":\"BreadcrumbList\",\"@id\":\"https:\/\/www.frederic-poitou.com\/blog\/la-fifa-leve-le-voile\/#breadcrumb\",\"itemListElement\":[{\"@type\":\"ListItem\",\"position\":1,\"name\":\"Accueil\",\"item\":\"http:\/\/www.frederic-poitou.com\/blog\/\"},{\"@type\":\"ListItem\",\"position\":2,\"name\":\"LA FIFA LEVE LE VOILE !\"}]},{\"@type\":\"WebSite\",\"@id\":\"http:\/\/www.frederic-poitou.com\/blog\/#website\",\"url\":\"http:\/\/www.frederic-poitou.com\/blog\/\",\"name\":\"\",\"description\":\"\",\"potentialAction\":[{\"@type\":\"SearchAction\",\"target\":{\"@type\":\"EntryPoint\",\"urlTemplate\":\"http:\/\/www.frederic-poitou.com\/blog\/?s={search_term_string}\"},\"query-input\":{\"@type\":\"PropertyValueSpecification\",\"valueRequired\":true,\"valueName\":\"search_term_string\"}}],\"inLanguage\":\"fr-FR\"},{\"@type\":\"Person\",\"@id\":\"http:\/\/www.frederic-poitou.com\/blog\/#\/schema\/person\/e2c2d05e978747818533fdce859a7799\",\"name\":\"Fr\u00e9d\u00e9ric Poitou\",\"image\":{\"@type\":\"ImageObject\",\"inLanguage\":\"fr-FR\",\"@id\":\"http:\/\/www.frederic-poitou.com\/blog\/#\/schema\/person\/image\/\",\"url\":\"https:\/\/secure.gravatar.com\/avatar\/1933bcca279a2feafd35d9e0a080c521e11beb51115fe4cfe02e2586ac13424a?s=96&d=mm&r=g\",\"contentUrl\":\"https:\/\/secure.gravatar.com\/avatar\/1933bcca279a2feafd35d9e0a080c521e11beb51115fe4cfe02e2586ac13424a?s=96&d=mm&r=g\",\"caption\":\"Fr\u00e9d\u00e9ric Poitou\"},\"description\":\"Fr\u00e9d\u00e9ric Poitou est n\u00e9 \u00e0 Rouen, et y a fait des \u00e9tudes au Conservatoire en musique-\u00e9tudes en section piano. Il s'est ensuite orient\u00e9 vers des \u00e9tudes scientifiques o\u00f9 il a obtenu un dipl\u00f4me d'ing\u00e9nieur, puis un doctorat en Chimie. Il est Expert Judiciaire en France, en Belgique et \u00e0 Luxembourg, et agr\u00e9e par les Institutions Europ\u00e9ennes.\",\"sameAs\":[\"http:\/\/www.frederic-poitou.com\",\"https:\/\/www.linkedin.com\/in\/frederic-poitou-b045a025\/\"]}]}<\/script>\n<!-- \/ Yoast SEO plugin. -->","yoast_head_json":{"title":"LA FIFA LEVE LE VOILE ! -","robots":{"index":"index","follow":"follow","max-snippet":"max-snippet:-1","max-image-preview":"max-image-preview:large","max-video-preview":"max-video-preview:-1"},"canonical":"https:\/\/www.frederic-poitou.com\/blog\/la-fifa-leve-le-voile\/","og_locale":"fr_FR","og_type":"article","og_title":"LA FIFA LEVE LE VOILE ! -","og_description":"Heureusement que le ridicule ne tue pas &#8230; Une belle mascarade, et un pied de nez \u00e0 la la\u00efcit\u00e9 &#8230; D\u00e9p\u00eache AFP \u00ab\u00a0Le port du voile (ou hijab) pour les joueuses a \u00e9t\u00e9 autoris\u00e9 jeudi par l&rsquo;International Football Association Board &hellip; Lire la suite\u00ad\u00ad","og_url":"https:\/\/www.frederic-poitou.com\/blog\/la-fifa-leve-le-voile\/","article_publisher":"https:\/\/www.facebook.com\/frederic.poitou\/","article_published_time":"2023-07-14T01:10:32+00:00","article_modified_time":"2026-04-15T09:15:35+00:00","og_image":[{"url":"http:\/\/www.frederic-poitou.com\/blog\/wp-content\/FOOTBALL-FEMININ-ET-PORT-DU-VOILE.jpg","type":"","width":"","height":""}],"author":"Fr\u00e9d\u00e9ric Poitou","twitter_card":"summary_large_image","twitter_creator":"@fredericpoitou","twitter_site":"@fredericpoitou","twitter_misc":{"\u00c9crit par":"Fr\u00e9d\u00e9ric Poitou","Dur\u00e9e de lecture estim\u00e9e":"4 minutes"},"schema":{"@context":"https:\/\/schema.org","@graph":[{"@type":"Article","@id":"https:\/\/www.frederic-poitou.com\/blog\/la-fifa-leve-le-voile\/#article","isPartOf":{"@id":"https:\/\/www.frederic-poitou.com\/blog\/la-fifa-leve-le-voile\/"},"author":{"name":"Fr\u00e9d\u00e9ric Poitou","@id":"http:\/\/www.frederic-poitou.com\/blog\/#\/schema\/person\/e2c2d05e978747818533fdce859a7799"},"headline":"LA FIFA LEVE LE VOILE !","datePublished":"2023-07-14T01:10:32+00:00","dateModified":"2026-04-15T09:15:35+00:00","mainEntityOfPage":{"@id":"https:\/\/www.frederic-poitou.com\/blog\/la-fifa-leve-le-voile\/"},"wordCount":783,"image":{"@id":"https:\/\/www.frederic-poitou.com\/blog\/la-fifa-leve-le-voile\/#primaryimage"},"thumbnailUrl":"http:\/\/www.frederic-poitou.com\/blog\/wp-content\/FOOTBALL-FEMININ-ET-PORT-DU-VOILE.jpg","keywords":["Divers","La\u00efcit\u00e9"],"articleSection":["Divers"],"inLanguage":"fr-FR"},{"@type":"WebPage","@id":"https:\/\/www.frederic-poitou.com\/blog\/la-fifa-leve-le-voile\/","url":"https:\/\/www.frederic-poitou.com\/blog\/la-fifa-leve-le-voile\/","name":"LA FIFA LEVE LE VOILE ! -","isPartOf":{"@id":"http:\/\/www.frederic-poitou.com\/blog\/#website"},"primaryImageOfPage":{"@id":"https:\/\/www.frederic-poitou.com\/blog\/la-fifa-leve-le-voile\/#primaryimage"},"image":{"@id":"https:\/\/www.frederic-poitou.com\/blog\/la-fifa-leve-le-voile\/#primaryimage"},"thumbnailUrl":"http:\/\/www.frederic-poitou.com\/blog\/wp-content\/FOOTBALL-FEMININ-ET-PORT-DU-VOILE.jpg","datePublished":"2023-07-14T01:10:32+00:00","dateModified":"2026-04-15T09:15:35+00:00","author":{"@id":"http:\/\/www.frederic-poitou.com\/blog\/#\/schema\/person\/e2c2d05e978747818533fdce859a7799"},"breadcrumb":{"@id":"https:\/\/www.frederic-poitou.com\/blog\/la-fifa-leve-le-voile\/#breadcrumb"},"inLanguage":"fr-FR","potentialAction":[{"@type":"ReadAction","target":["https:\/\/www.frederic-poitou.com\/blog\/la-fifa-leve-le-voile\/"]}]},{"@type":"ImageObject","inLanguage":"fr-FR","@id":"https:\/\/www.frederic-poitou.com\/blog\/la-fifa-leve-le-voile\/#primaryimage","url":"http:\/\/www.frederic-poitou.com\/blog\/wp-content\/FOOTBALL-FEMININ-ET-PORT-DU-VOILE.jpg","contentUrl":"http:\/\/www.frederic-poitou.com\/blog\/wp-content\/FOOTBALL-FEMININ-ET-PORT-DU-VOILE.jpg","width":"549","height":"366"},{"@type":"BreadcrumbList","@id":"https:\/\/www.frederic-poitou.com\/blog\/la-fifa-leve-le-voile\/#breadcrumb","itemListElement":[{"@type":"ListItem","position":1,"name":"Accueil","item":"http:\/\/www.frederic-poitou.com\/blog\/"},{"@type":"ListItem","position":2,"name":"LA FIFA LEVE LE VOILE !"}]},{"@type":"WebSite","@id":"http:\/\/www.frederic-poitou.com\/blog\/#website","url":"http:\/\/www.frederic-poitou.com\/blog\/","name":"","description":"","potentialAction":[{"@type":"SearchAction","target":{"@type":"EntryPoint","urlTemplate":"http:\/\/www.frederic-poitou.com\/blog\/?s={search_term_string}"},"query-input":{"@type":"PropertyValueSpecification","valueRequired":true,"valueName":"search_term_string"}}],"inLanguage":"fr-FR"},{"@type":"Person","@id":"http:\/\/www.frederic-poitou.com\/blog\/#\/schema\/person\/e2c2d05e978747818533fdce859a7799","name":"Fr\u00e9d\u00e9ric Poitou","image":{"@type":"ImageObject","inLanguage":"fr-FR","@id":"http:\/\/www.frederic-poitou.com\/blog\/#\/schema\/person\/image\/","url":"https:\/\/secure.gravatar.com\/avatar\/1933bcca279a2feafd35d9e0a080c521e11beb51115fe4cfe02e2586ac13424a?s=96&d=mm&r=g","contentUrl":"https:\/\/secure.gravatar.com\/avatar\/1933bcca279a2feafd35d9e0a080c521e11beb51115fe4cfe02e2586ac13424a?s=96&d=mm&r=g","caption":"Fr\u00e9d\u00e9ric Poitou"},"description":"Fr\u00e9d\u00e9ric Poitou est n\u00e9 \u00e0 Rouen, et y a fait des \u00e9tudes au Conservatoire en musique-\u00e9tudes en section piano. Il s'est ensuite orient\u00e9 vers des \u00e9tudes scientifiques o\u00f9 il a obtenu un dipl\u00f4me d'ing\u00e9nieur, puis un doctorat en Chimie. Il est Expert Judiciaire en France, en Belgique et \u00e0 Luxembourg, et agr\u00e9e par les Institutions Europ\u00e9ennes.","sameAs":["http:\/\/www.frederic-poitou.com","https:\/\/www.linkedin.com\/in\/frederic-poitou-b045a025\/"]}]}},"_links":{"self":[{"href":"http:\/\/www.frederic-poitou.com\/blog\/wp-json\/wp\/v2\/posts\/6277","targetHints":{"allow":["GET"]}}],"collection":[{"href":"http:\/\/www.frederic-poitou.com\/blog\/wp-json\/wp\/v2\/posts"}],"about":[{"href":"http:\/\/www.frederic-poitou.com\/blog\/wp-json\/wp\/v2\/types\/post"}],"author":[{"embeddable":true,"href":"http:\/\/www.frederic-poitou.com\/blog\/wp-json\/wp\/v2\/users\/4"}],"replies":[{"embeddable":true,"href":"http:\/\/www.frederic-poitou.com\/blog\/wp-json\/wp\/v2\/comments?post=6277"}],"version-history":[{"count":1,"href":"http:\/\/www.frederic-poitou.com\/blog\/wp-json\/wp\/v2\/posts\/6277\/revisions"}],"predecessor-version":[{"id":10284,"href":"http:\/\/www.frederic-poitou.com\/blog\/wp-json\/wp\/v2\/posts\/6277\/revisions\/10284"}],"wp:attachment":[{"href":"http:\/\/www.frederic-poitou.com\/blog\/wp-json\/wp\/v2\/media?parent=6277"}],"wp:term":[{"taxonomy":"category","embeddable":true,"href":"http:\/\/www.frederic-poitou.com\/blog\/wp-json\/wp\/v2\/categories?post=6277"},{"taxonomy":"post_tag","embeddable":true,"href":"http:\/\/www.frederic-poitou.com\/blog\/wp-json\/wp\/v2\/tags?post=6277"}],"curies":[{"name":"wp","href":"https:\/\/api.w.org\/{rel}","templated":true}]}}