{"id":6246,"date":"2023-07-15T05:33:32","date_gmt":"2023-07-15T03:33:32","guid":{"rendered":"http:\/\/www.frederic-poitou.com\/blog\/?p=6246"},"modified":"2026-04-27T16:25:22","modified_gmt":"2026-04-27T14:25:22","slug":"morin-le-revait-cest-borloo-qui-la-fait","status":"publish","type":"post","link":"http:\/\/www.frederic-poitou.com\/blog\/morin-le-revait-cest-borloo-qui-la-fait\/","title":{"rendered":"MORIN LE R\u00caVAIT, C&rsquo;EST BORLOO QUI L&rsquo;A FAIT !"},"content":{"rendered":"<p>En d\u00e9pit des regrets exprim\u00e9s par Christian Jacob, et de nombreux UMP, Borloo a officialis\u00e9 la cr\u00e9ation de son groupe parlementaire centriste \u00e0 l&rsquo;assembl\u00e9e nationale. Fort de 22 d\u00e9put\u00e9s, on peut imaginer que son objectif est de recr\u00e9er une force centriste en France, pour \u00e9viter les \u00e9checs sans pr\u00e9c\u00e9dent de toutes les pr\u00e9c\u00e9dentes \u00e9lections interm\u00e9diaires (municipales, cantonales, r\u00e9gionales, europ\u00e9ennes, s\u00e9natoriales, pr\u00e9sidentielles et l\u00e9gislatives).<br \/>\nL&rsquo;UMP est un parti qui doit se moderniser, et rester en son sein n&rsquo;aurait rien apport\u00e9 de plus aux centristes, que ce qu&rsquo;ils ont obtenu depuis des ann\u00e9es !<\/p>\n<p>L&rsquo;exp\u00e9rience est int\u00e9ressante, et il faut la suivre. Deux regrets. Jean L\u00e9onetti et Christian Kert n&rsquo;en sont pas, pas encore en tout cas.<\/p>\n<p><iframe loading=\"lazy\" frameborder=\"0\" width=\"480\" height=\"276\" src=\"http:\/\/www.dailymotion.com\/embed\/video\/xrnwoz\"><\/iframe><br \/><a href=\"http:\/\/www.dailymotion.com\/video\/xrnwoz_borloo-president-du-groupe-centriste-udi-a-l-assemblee-nationale-frederic-poitou-borloo-president-du_news\" target=\"_blank\" rel=\"noopener\">Borloo pr&eacute;sident du groupe Centriste UDI &agrave;&#8230;<\/a> <i>par <a href=\"http:\/\/www.dailymotion.com\/ATTACHEE-PRESSE13\" target=\"_blank\" rel=\"noopener\">ATTACHEE-PRESSE13<\/a><\/i><\/p>\n","protected":false},"excerpt":{"rendered":"<p>En d\u00e9pit des regrets exprim\u00e9s par Christian Jacob, et de nombreux UMP, Borloo a officialis\u00e9 la cr\u00e9ation de son groupe parlementaire centriste \u00e0 l&rsquo;assembl\u00e9e nationale. Fort de 22 d\u00e9put\u00e9s, on peut imaginer que son objectif est de recr\u00e9er une force &hellip; <a href=\"http:\/\/www.frederic-poitou.com\/blog\/morin-le-revait-cest-borloo-qui-la-fait\/\">Lire la suite\u00ad\u00ad<\/a><\/p>\n","protected":false},"author":4,"featured_media":0,"comment_status":"closed","ping_status":"closed","sticky":false,"template":"","format":"standard","meta":{"kt_blocks_editor_width":"","_exactmetrics_skip_tracking":false,"_exactmetrics_sitenote_active":false,"_exactmetrics_sitenote_note":"","_exactmetrics_sitenote_category":0,"footnotes":""},"categories":[48],"tags":[25,24],"class_list":["post-6246","post","type-post","status-publish","format-standard","hentry","category-accueil","tag-parti-radical","tag-politique"],"yoast_head":"<!-- This site is optimized with the Yoast SEO plugin v27.1.1 - https:\/\/yoast.com\/product\/yoast-seo-wordpress\/ -->\n<title>MORIN LE R\u00caVAIT, C&#039;EST BORLOO QUI L&#039;A FAIT ! -<\/title>\n<meta name=\"robots\" content=\"index, follow, max-snippet:-1, max-image-preview:large, max-video-preview:-1\" \/>\n<link rel=\"canonical\" href=\"https:\/\/www.frederic-poitou.com\/blog\/morin-le-revait-cest-borloo-qui-la-fait\/\" \/>\n<meta property=\"og:locale\" content=\"fr_FR\" \/>\n<meta property=\"og:type\" content=\"article\" \/>\n<meta property=\"og:title\" content=\"MORIN LE R\u00caVAIT, C&#039;EST BORLOO QUI L&#039;A FAIT ! -\" \/>\n<meta property=\"og:description\" content=\"En d\u00e9pit des regrets exprim\u00e9s par Christian Jacob, et de nombreux UMP, Borloo a officialis\u00e9 la cr\u00e9ation de son groupe parlementaire centriste \u00e0 l&rsquo;assembl\u00e9e nationale. Fort de 22 d\u00e9put\u00e9s, on peut imaginer que son objectif est de recr\u00e9er une force &hellip; Lire la suite\u00ad\u00ad\" \/>\n<meta property=\"og:url\" content=\"https:\/\/www.frederic-poitou.com\/blog\/morin-le-revait-cest-borloo-qui-la-fait\/\" \/>\n<meta property=\"article:publisher\" content=\"https:\/\/www.facebook.com\/frederic.poitou\/\" \/>\n<meta property=\"article:published_time\" content=\"2023-07-15T03:33:32+00:00\" \/>\n<meta property=\"article:modified_time\" content=\"2026-04-27T14:25:22+00:00\" \/>\n<meta name=\"author\" content=\"Fr\u00e9d\u00e9ric Poitou\" \/>\n<meta name=\"twitter:card\" content=\"summary_large_image\" \/>\n<meta name=\"twitter:creator\" content=\"@fredericpoitou\" \/>\n<meta name=\"twitter:site\" content=\"@fredericpoitou\" \/>\n<meta name=\"twitter:label1\" content=\"\u00c9crit par\" \/>\n\t<meta name=\"twitter:data1\" content=\"Fr\u00e9d\u00e9ric Poitou\" \/>\n\t<meta name=\"twitter:label2\" content=\"Dur\u00e9e de lecture estim\u00e9e\" \/>\n\t<meta name=\"twitter:data2\" content=\"1 minute\" \/>\n<script type=\"application\/ld+json\" class=\"yoast-schema-graph\">{\"@context\":\"https:\/\/schema.org\",\"@graph\":[{\"@type\":\"Article\",\"@id\":\"https:\/\/www.frederic-poitou.com\/blog\/morin-le-revait-cest-borloo-qui-la-fait\/#article\",\"isPartOf\":{\"@id\":\"https:\/\/www.frederic-poitou.com\/blog\/morin-le-revait-cest-borloo-qui-la-fait\/\"},\"author\":{\"name\":\"Fr\u00e9d\u00e9ric Poitou\",\"@id\":\"http:\/\/www.frederic-poitou.com\/blog\/#\/schema\/person\/e2c2d05e978747818533fdce859a7799\"},\"headline\":\"MORIN LE R\u00caVAIT, C&rsquo;EST BORLOO QUI L&rsquo;A FAIT !\",\"datePublished\":\"2023-07-15T03:33:32+00:00\",\"dateModified\":\"2026-04-27T14:25:22+00:00\",\"mainEntityOfPage\":{\"@id\":\"https:\/\/www.frederic-poitou.com\/blog\/morin-le-revait-cest-borloo-qui-la-fait\/\"},\"wordCount\":161,\"keywords\":[\"PARTI RADICAL\",\"Politique\"],\"articleSection\":[\"Accueil\"],\"inLanguage\":\"fr-FR\"},{\"@type\":\"WebPage\",\"@id\":\"https:\/\/www.frederic-poitou.com\/blog\/morin-le-revait-cest-borloo-qui-la-fait\/\",\"url\":\"https:\/\/www.frederic-poitou.com\/blog\/morin-le-revait-cest-borloo-qui-la-fait\/\",\"name\":\"MORIN LE R\u00caVAIT, C'EST BORLOO QUI L'A FAIT ! -\",\"isPartOf\":{\"@id\":\"http:\/\/www.frederic-poitou.com\/blog\/#website\"},\"datePublished\":\"2023-07-15T03:33:32+00:00\",\"dateModified\":\"2026-04-27T14:25:22+00:00\",\"author\":{\"@id\":\"http:\/\/www.frederic-poitou.com\/blog\/#\/schema\/person\/e2c2d05e978747818533fdce859a7799\"},\"breadcrumb\":{\"@id\":\"https:\/\/www.frederic-poitou.com\/blog\/morin-le-revait-cest-borloo-qui-la-fait\/#breadcrumb\"},\"inLanguage\":\"fr-FR\",\"potentialAction\":[{\"@type\":\"ReadAction\",\"target\":[\"https:\/\/www.frederic-poitou.com\/blog\/morin-le-revait-cest-borloo-qui-la-fait\/\"]}]},{\"@type\":\"BreadcrumbList\",\"@id\":\"https:\/\/www.frederic-poitou.com\/blog\/morin-le-revait-cest-borloo-qui-la-fait\/#breadcrumb\",\"itemListElement\":[{\"@type\":\"ListItem\",\"position\":1,\"name\":\"Accueil\",\"item\":\"http:\/\/www.frederic-poitou.com\/blog\/\"},{\"@type\":\"ListItem\",\"position\":2,\"name\":\"MORIN LE R\u00caVAIT, C&rsquo;EST BORLOO QUI L&rsquo;A FAIT !\"}]},{\"@type\":\"WebSite\",\"@id\":\"http:\/\/www.frederic-poitou.com\/blog\/#website\",\"url\":\"http:\/\/www.frederic-poitou.com\/blog\/\",\"name\":\"\",\"description\":\"\",\"potentialAction\":[{\"@type\":\"SearchAction\",\"target\":{\"@type\":\"EntryPoint\",\"urlTemplate\":\"http:\/\/www.frederic-poitou.com\/blog\/?s={search_term_string}\"},\"query-input\":{\"@type\":\"PropertyValueSpecification\",\"valueRequired\":true,\"valueName\":\"search_term_string\"}}],\"inLanguage\":\"fr-FR\"},{\"@type\":\"Person\",\"@id\":\"http:\/\/www.frederic-poitou.com\/blog\/#\/schema\/person\/e2c2d05e978747818533fdce859a7799\",\"name\":\"Fr\u00e9d\u00e9ric Poitou\",\"image\":{\"@type\":\"ImageObject\",\"inLanguage\":\"fr-FR\",\"@id\":\"http:\/\/www.frederic-poitou.com\/blog\/#\/schema\/person\/image\/\",\"url\":\"https:\/\/secure.gravatar.com\/avatar\/1933bcca279a2feafd35d9e0a080c521e11beb51115fe4cfe02e2586ac13424a?s=96&d=mm&r=g\",\"contentUrl\":\"https:\/\/secure.gravatar.com\/avatar\/1933bcca279a2feafd35d9e0a080c521e11beb51115fe4cfe02e2586ac13424a?s=96&d=mm&r=g\",\"caption\":\"Fr\u00e9d\u00e9ric Poitou\"},\"description\":\"Fr\u00e9d\u00e9ric Poitou est n\u00e9 \u00e0 Rouen, et y a fait des \u00e9tudes au Conservatoire en musique-\u00e9tudes en section piano. Il s'est ensuite orient\u00e9 vers des \u00e9tudes scientifiques o\u00f9 il a obtenu un dipl\u00f4me d'ing\u00e9nieur, puis un doctorat en Chimie. Il est Expert Judiciaire en France, en Belgique et \u00e0 Luxembourg, et agr\u00e9e par les Institutions Europ\u00e9ennes.\",\"sameAs\":[\"http:\/\/www.frederic-poitou.com\",\"https:\/\/www.linkedin.com\/in\/frederic-poitou-b045a025\/\"]}]}<\/script>\n<!-- \/ Yoast SEO plugin. -->","yoast_head_json":{"title":"MORIN LE R\u00caVAIT, C'EST BORLOO QUI L'A FAIT ! -","robots":{"index":"index","follow":"follow","max-snippet":"max-snippet:-1","max-image-preview":"max-image-preview:large","max-video-preview":"max-video-preview:-1"},"canonical":"https:\/\/www.frederic-poitou.com\/blog\/morin-le-revait-cest-borloo-qui-la-fait\/","og_locale":"fr_FR","og_type":"article","og_title":"MORIN LE R\u00caVAIT, C'EST BORLOO QUI L'A FAIT ! -","og_description":"En d\u00e9pit des regrets exprim\u00e9s par Christian Jacob, et de nombreux UMP, Borloo a officialis\u00e9 la cr\u00e9ation de son groupe parlementaire centriste \u00e0 l&rsquo;assembl\u00e9e nationale. Fort de 22 d\u00e9put\u00e9s, on peut imaginer que son objectif est de recr\u00e9er une force &hellip; Lire la suite\u00ad\u00ad","og_url":"https:\/\/www.frederic-poitou.com\/blog\/morin-le-revait-cest-borloo-qui-la-fait\/","article_publisher":"https:\/\/www.facebook.com\/frederic.poitou\/","article_published_time":"2023-07-15T03:33:32+00:00","article_modified_time":"2026-04-27T14:25:22+00:00","author":"Fr\u00e9d\u00e9ric Poitou","twitter_card":"summary_large_image","twitter_creator":"@fredericpoitou","twitter_site":"@fredericpoitou","twitter_misc":{"\u00c9crit par":"Fr\u00e9d\u00e9ric Poitou","Dur\u00e9e de lecture estim\u00e9e":"1 minute"},"schema":{"@context":"https:\/\/schema.org","@graph":[{"@type":"Article","@id":"https:\/\/www.frederic-poitou.com\/blog\/morin-le-revait-cest-borloo-qui-la-fait\/#article","isPartOf":{"@id":"https:\/\/www.frederic-poitou.com\/blog\/morin-le-revait-cest-borloo-qui-la-fait\/"},"author":{"name":"Fr\u00e9d\u00e9ric Poitou","@id":"http:\/\/www.frederic-poitou.com\/blog\/#\/schema\/person\/e2c2d05e978747818533fdce859a7799"},"headline":"MORIN LE R\u00caVAIT, C&rsquo;EST BORLOO QUI L&rsquo;A FAIT !","datePublished":"2023-07-15T03:33:32+00:00","dateModified":"2026-04-27T14:25:22+00:00","mainEntityOfPage":{"@id":"https:\/\/www.frederic-poitou.com\/blog\/morin-le-revait-cest-borloo-qui-la-fait\/"},"wordCount":161,"keywords":["PARTI RADICAL","Politique"],"articleSection":["Accueil"],"inLanguage":"fr-FR"},{"@type":"WebPage","@id":"https:\/\/www.frederic-poitou.com\/blog\/morin-le-revait-cest-borloo-qui-la-fait\/","url":"https:\/\/www.frederic-poitou.com\/blog\/morin-le-revait-cest-borloo-qui-la-fait\/","name":"MORIN LE R\u00caVAIT, C'EST BORLOO QUI L'A FAIT ! -","isPartOf":{"@id":"http:\/\/www.frederic-poitou.com\/blog\/#website"},"datePublished":"2023-07-15T03:33:32+00:00","dateModified":"2026-04-27T14:25:22+00:00","author":{"@id":"http:\/\/www.frederic-poitou.com\/blog\/#\/schema\/person\/e2c2d05e978747818533fdce859a7799"},"breadcrumb":{"@id":"https:\/\/www.frederic-poitou.com\/blog\/morin-le-revait-cest-borloo-qui-la-fait\/#breadcrumb"},"inLanguage":"fr-FR","potentialAction":[{"@type":"ReadAction","target":["https:\/\/www.frederic-poitou.com\/blog\/morin-le-revait-cest-borloo-qui-la-fait\/"]}]},{"@type":"BreadcrumbList","@id":"https:\/\/www.frederic-poitou.com\/blog\/morin-le-revait-cest-borloo-qui-la-fait\/#breadcrumb","itemListElement":[{"@type":"ListItem","position":1,"name":"Accueil","item":"http:\/\/www.frederic-poitou.com\/blog\/"},{"@type":"ListItem","position":2,"name":"MORIN LE R\u00caVAIT, C&rsquo;EST BORLOO QUI L&rsquo;A FAIT !"}]},{"@type":"WebSite","@id":"http:\/\/www.frederic-poitou.com\/blog\/#website","url":"http:\/\/www.frederic-poitou.com\/blog\/","name":"","description":"","potentialAction":[{"@type":"SearchAction","target":{"@type":"EntryPoint","urlTemplate":"http:\/\/www.frederic-poitou.com\/blog\/?s={search_term_string}"},"query-input":{"@type":"PropertyValueSpecification","valueRequired":true,"valueName":"search_term_string"}}],"inLanguage":"fr-FR"},{"@type":"Person","@id":"http:\/\/www.frederic-poitou.com\/blog\/#\/schema\/person\/e2c2d05e978747818533fdce859a7799","name":"Fr\u00e9d\u00e9ric Poitou","image":{"@type":"ImageObject","inLanguage":"fr-FR","@id":"http:\/\/www.frederic-poitou.com\/blog\/#\/schema\/person\/image\/","url":"https:\/\/secure.gravatar.com\/avatar\/1933bcca279a2feafd35d9e0a080c521e11beb51115fe4cfe02e2586ac13424a?s=96&d=mm&r=g","contentUrl":"https:\/\/secure.gravatar.com\/avatar\/1933bcca279a2feafd35d9e0a080c521e11beb51115fe4cfe02e2586ac13424a?s=96&d=mm&r=g","caption":"Fr\u00e9d\u00e9ric Poitou"},"description":"Fr\u00e9d\u00e9ric Poitou est n\u00e9 \u00e0 Rouen, et y a fait des \u00e9tudes au Conservatoire en musique-\u00e9tudes en section piano. Il s'est ensuite orient\u00e9 vers des \u00e9tudes scientifiques o\u00f9 il a obtenu un dipl\u00f4me d'ing\u00e9nieur, puis un doctorat en Chimie. Il est Expert Judiciaire en France, en Belgique et \u00e0 Luxembourg, et agr\u00e9e par les Institutions Europ\u00e9ennes.","sameAs":["http:\/\/www.frederic-poitou.com","https:\/\/www.linkedin.com\/in\/frederic-poitou-b045a025\/"]}]}},"_links":{"self":[{"href":"http:\/\/www.frederic-poitou.com\/blog\/wp-json\/wp\/v2\/posts\/6246","targetHints":{"allow":["GET"]}}],"collection":[{"href":"http:\/\/www.frederic-poitou.com\/blog\/wp-json\/wp\/v2\/posts"}],"about":[{"href":"http:\/\/www.frederic-poitou.com\/blog\/wp-json\/wp\/v2\/types\/post"}],"author":[{"embeddable":true,"href":"http:\/\/www.frederic-poitou.com\/blog\/wp-json\/wp\/v2\/users\/4"}],"replies":[{"embeddable":true,"href":"http:\/\/www.frederic-poitou.com\/blog\/wp-json\/wp\/v2\/comments?post=6246"}],"version-history":[{"count":1,"href":"http:\/\/www.frederic-poitou.com\/blog\/wp-json\/wp\/v2\/posts\/6246\/revisions"}],"predecessor-version":[{"id":10282,"href":"http:\/\/www.frederic-poitou.com\/blog\/wp-json\/wp\/v2\/posts\/6246\/revisions\/10282"}],"wp:attachment":[{"href":"http:\/\/www.frederic-poitou.com\/blog\/wp-json\/wp\/v2\/media?parent=6246"}],"wp:term":[{"taxonomy":"category","embeddable":true,"href":"http:\/\/www.frederic-poitou.com\/blog\/wp-json\/wp\/v2\/categories?post=6246"},{"taxonomy":"post_tag","embeddable":true,"href":"http:\/\/www.frederic-poitou.com\/blog\/wp-json\/wp\/v2\/tags?post=6246"}],"curies":[{"name":"wp","href":"https:\/\/api.w.org\/{rel}","templated":true}]}}