{"id":6168,"date":"2023-07-13T16:15:32","date_gmt":"2023-07-13T14:15:32","guid":{"rendered":"http:\/\/www.frederic-poitou.com\/blog\/?p=6168"},"modified":"2026-04-09T22:18:25","modified_gmt":"2026-04-09T20:18:25","slug":"chorale-sans-partition","status":"publish","type":"post","link":"http:\/\/www.frederic-poitou.com\/blog\/chorale-sans-partition\/","title":{"rendered":"CHORALE, SANS PARTITION"},"content":{"rendered":"<p>Vraiment, une chorale sp\u00e9ciale&#8230;originale&#8230;.<br \/>\nPas de musiciens \u00e0 accorder&#8230;<br \/>\nPas de paroles \u00e0 m\u00e9moriser, pas de cahier dans les mains<br \/>\nMais il faut \u00eatre attentif, un peu com\u00e9dien, avoir un ma\u00eetre de choeur d\u00e9lirant, et ne pas \u00eatre trop dans la lune !<\/p>\n<p>&nbsp;<\/p>\n<p>Moi je trouve ca tr\u00e8s amusant.<\/p>\n<p>&nbsp;<\/p>\n<div class=\"entry-content-asset videofit\"><iframe loading=\"lazy\" title=\"Perpetuum Jazzile - Avsenik Medley\" width=\"500\" height=\"281\" src=\"https:\/\/www.youtube.com\/embed\/ZjqUH0pvZ0U?feature=oembed\" frameborder=\"0\" allow=\"accelerometer; autoplay; clipboard-write; encrypted-media; gyroscope; picture-in-picture; web-share\" referrerpolicy=\"strict-origin-when-cross-origin\" allowfullscreen><\/iframe><\/div>\n","protected":false},"excerpt":{"rendered":"<p>Vraiment, une chorale sp\u00e9ciale&#8230;originale&#8230;. Pas de musiciens \u00e0 accorder&#8230; Pas de paroles \u00e0 m\u00e9moriser, pas de cahier dans les mains Mais il faut \u00eatre attentif, un peu com\u00e9dien, avoir un ma\u00eetre de choeur d\u00e9lirant, et ne pas \u00eatre trop dans &hellip; <a href=\"http:\/\/www.frederic-poitou.com\/blog\/chorale-sans-partition\/\">Lire la suite\u00ad\u00ad<\/a><\/p>\n","protected":false},"author":4,"featured_media":9609,"comment_status":"closed","ping_status":"closed","sticky":false,"template":"","format":"standard","meta":{"kt_blocks_editor_width":"","_exactmetrics_skip_tracking":false,"_exactmetrics_sitenote_active":false,"_exactmetrics_sitenote_note":"","_exactmetrics_sitenote_category":0,"footnotes":""},"categories":[48,44],"tags":[21,23],"class_list":["post-6168","post","type-post","status-publish","format-standard","has-post-thumbnail","hentry","category-accueil","category-culture","tag-arts-et-culture","tag-belgique-2"],"yoast_head":"<!-- This site is optimized with the Yoast SEO plugin v27.1.1 - https:\/\/yoast.com\/product\/yoast-seo-wordpress\/ -->\n<title>CHORALE, SANS PARTITION -<\/title>\n<meta name=\"robots\" content=\"index, follow, max-snippet:-1, max-image-preview:large, max-video-preview:-1\" \/>\n<link rel=\"canonical\" href=\"https:\/\/www.frederic-poitou.com\/blog\/chorale-sans-partition\/\" \/>\n<meta property=\"og:locale\" content=\"fr_FR\" \/>\n<meta property=\"og:type\" content=\"article\" \/>\n<meta property=\"og:title\" content=\"CHORALE, SANS PARTITION -\" \/>\n<meta property=\"og:description\" content=\"Vraiment, une chorale sp\u00e9ciale&#8230;originale&#8230;. Pas de musiciens \u00e0 accorder&#8230; Pas de paroles \u00e0 m\u00e9moriser, pas de cahier dans les mains Mais il faut \u00eatre attentif, un peu com\u00e9dien, avoir un ma\u00eetre de choeur d\u00e9lirant, et ne pas \u00eatre trop dans &hellip; Lire la suite\u00ad\u00ad\" \/>\n<meta property=\"og:url\" content=\"https:\/\/www.frederic-poitou.com\/blog\/chorale-sans-partition\/\" \/>\n<meta property=\"article:publisher\" content=\"https:\/\/www.facebook.com\/frederic.poitou\/\" \/>\n<meta property=\"article:published_time\" content=\"2023-07-13T14:15:32+00:00\" \/>\n<meta property=\"article:modified_time\" content=\"2026-04-09T20:18:25+00:00\" \/>\n<meta property=\"og:image\" content=\"https:\/\/www.frederic-poitou.com\/blog\/wp-content\/2012\/02\/choeur.jpeg\" \/>\n\t<meta property=\"og:image:width\" content=\"4448\" \/>\n\t<meta property=\"og:image:height\" content=\"4208\" \/>\n\t<meta property=\"og:image:type\" content=\"image\/jpeg\" \/>\n<meta name=\"author\" content=\"Fr\u00e9d\u00e9ric Poitou\" \/>\n<meta name=\"twitter:card\" content=\"summary_large_image\" \/>\n<meta name=\"twitter:creator\" content=\"@fredericpoitou\" \/>\n<meta name=\"twitter:site\" content=\"@fredericpoitou\" \/>\n<meta name=\"twitter:label1\" content=\"\u00c9crit par\" \/>\n\t<meta name=\"twitter:data1\" content=\"Fr\u00e9d\u00e9ric Poitou\" \/>\n<script type=\"application\/ld+json\" class=\"yoast-schema-graph\">{\"@context\":\"https:\/\/schema.org\",\"@graph\":[{\"@type\":\"Article\",\"@id\":\"https:\/\/www.frederic-poitou.com\/blog\/chorale-sans-partition\/#article\",\"isPartOf\":{\"@id\":\"https:\/\/www.frederic-poitou.com\/blog\/chorale-sans-partition\/\"},\"author\":{\"name\":\"Fr\u00e9d\u00e9ric Poitou\",\"@id\":\"http:\/\/www.frederic-poitou.com\/blog\/#\/schema\/person\/e2c2d05e978747818533fdce859a7799\"},\"headline\":\"CHORALE, SANS PARTITION\",\"datePublished\":\"2023-07-13T14:15:32+00:00\",\"dateModified\":\"2026-04-09T20:18:25+00:00\",\"mainEntityOfPage\":{\"@id\":\"https:\/\/www.frederic-poitou.com\/blog\/chorale-sans-partition\/\"},\"wordCount\":66,\"image\":{\"@id\":\"https:\/\/www.frederic-poitou.com\/blog\/chorale-sans-partition\/#primaryimage\"},\"thumbnailUrl\":\"http:\/\/www.frederic-poitou.com\/blog\/wp-content\/2012\/02\/choeur.jpeg\",\"keywords\":[\"Arts et Culture\",\"Belgique\"],\"articleSection\":[\"Accueil\",\"Culture\"],\"inLanguage\":\"fr-FR\"},{\"@type\":\"WebPage\",\"@id\":\"https:\/\/www.frederic-poitou.com\/blog\/chorale-sans-partition\/\",\"url\":\"https:\/\/www.frederic-poitou.com\/blog\/chorale-sans-partition\/\",\"name\":\"CHORALE, SANS PARTITION -\",\"isPartOf\":{\"@id\":\"http:\/\/www.frederic-poitou.com\/blog\/#website\"},\"primaryImageOfPage\":{\"@id\":\"https:\/\/www.frederic-poitou.com\/blog\/chorale-sans-partition\/#primaryimage\"},\"image\":{\"@id\":\"https:\/\/www.frederic-poitou.com\/blog\/chorale-sans-partition\/#primaryimage\"},\"thumbnailUrl\":\"http:\/\/www.frederic-poitou.com\/blog\/wp-content\/2012\/02\/choeur.jpeg\",\"datePublished\":\"2023-07-13T14:15:32+00:00\",\"dateModified\":\"2026-04-09T20:18:25+00:00\",\"author\":{\"@id\":\"http:\/\/www.frederic-poitou.com\/blog\/#\/schema\/person\/e2c2d05e978747818533fdce859a7799\"},\"breadcrumb\":{\"@id\":\"https:\/\/www.frederic-poitou.com\/blog\/chorale-sans-partition\/#breadcrumb\"},\"inLanguage\":\"fr-FR\",\"potentialAction\":[{\"@type\":\"ReadAction\",\"target\":[\"https:\/\/www.frederic-poitou.com\/blog\/chorale-sans-partition\/\"]}]},{\"@type\":\"ImageObject\",\"inLanguage\":\"fr-FR\",\"@id\":\"https:\/\/www.frederic-poitou.com\/blog\/chorale-sans-partition\/#primaryimage\",\"url\":\"http:\/\/www.frederic-poitou.com\/blog\/wp-content\/2012\/02\/choeur.jpeg\",\"contentUrl\":\"http:\/\/www.frederic-poitou.com\/blog\/wp-content\/2012\/02\/choeur.jpeg\",\"width\":4448,\"height\":4208},{\"@type\":\"BreadcrumbList\",\"@id\":\"https:\/\/www.frederic-poitou.com\/blog\/chorale-sans-partition\/#breadcrumb\",\"itemListElement\":[{\"@type\":\"ListItem\",\"position\":1,\"name\":\"Accueil\",\"item\":\"http:\/\/www.frederic-poitou.com\/blog\/\"},{\"@type\":\"ListItem\",\"position\":2,\"name\":\"CHORALE, SANS PARTITION\"}]},{\"@type\":\"WebSite\",\"@id\":\"http:\/\/www.frederic-poitou.com\/blog\/#website\",\"url\":\"http:\/\/www.frederic-poitou.com\/blog\/\",\"name\":\"\",\"description\":\"\",\"potentialAction\":[{\"@type\":\"SearchAction\",\"target\":{\"@type\":\"EntryPoint\",\"urlTemplate\":\"http:\/\/www.frederic-poitou.com\/blog\/?s={search_term_string}\"},\"query-input\":{\"@type\":\"PropertyValueSpecification\",\"valueRequired\":true,\"valueName\":\"search_term_string\"}}],\"inLanguage\":\"fr-FR\"},{\"@type\":\"Person\",\"@id\":\"http:\/\/www.frederic-poitou.com\/blog\/#\/schema\/person\/e2c2d05e978747818533fdce859a7799\",\"name\":\"Fr\u00e9d\u00e9ric Poitou\",\"image\":{\"@type\":\"ImageObject\",\"inLanguage\":\"fr-FR\",\"@id\":\"http:\/\/www.frederic-poitou.com\/blog\/#\/schema\/person\/image\/\",\"url\":\"https:\/\/secure.gravatar.com\/avatar\/1933bcca279a2feafd35d9e0a080c521e11beb51115fe4cfe02e2586ac13424a?s=96&d=mm&r=g\",\"contentUrl\":\"https:\/\/secure.gravatar.com\/avatar\/1933bcca279a2feafd35d9e0a080c521e11beb51115fe4cfe02e2586ac13424a?s=96&d=mm&r=g\",\"caption\":\"Fr\u00e9d\u00e9ric Poitou\"},\"description\":\"Fr\u00e9d\u00e9ric Poitou est n\u00e9 \u00e0 Rouen, et y a fait des \u00e9tudes au Conservatoire en musique-\u00e9tudes en section piano. Il s'est ensuite orient\u00e9 vers des \u00e9tudes scientifiques o\u00f9 il a obtenu un dipl\u00f4me d'ing\u00e9nieur, puis un doctorat en Chimie. Il est Expert Judiciaire en France, en Belgique et \u00e0 Luxembourg, et agr\u00e9e par les Institutions Europ\u00e9ennes.\",\"sameAs\":[\"http:\/\/www.frederic-poitou.com\",\"https:\/\/www.linkedin.com\/in\/frederic-poitou-b045a025\/\"]}]}<\/script>\n<!-- \/ Yoast SEO plugin. -->","yoast_head_json":{"title":"CHORALE, SANS PARTITION -","robots":{"index":"index","follow":"follow","max-snippet":"max-snippet:-1","max-image-preview":"max-image-preview:large","max-video-preview":"max-video-preview:-1"},"canonical":"https:\/\/www.frederic-poitou.com\/blog\/chorale-sans-partition\/","og_locale":"fr_FR","og_type":"article","og_title":"CHORALE, SANS PARTITION -","og_description":"Vraiment, une chorale sp\u00e9ciale&#8230;originale&#8230;. Pas de musiciens \u00e0 accorder&#8230; Pas de paroles \u00e0 m\u00e9moriser, pas de cahier dans les mains Mais il faut \u00eatre attentif, un peu com\u00e9dien, avoir un ma\u00eetre de choeur d\u00e9lirant, et ne pas \u00eatre trop dans &hellip; Lire la suite\u00ad\u00ad","og_url":"https:\/\/www.frederic-poitou.com\/blog\/chorale-sans-partition\/","article_publisher":"https:\/\/www.facebook.com\/frederic.poitou\/","article_published_time":"2023-07-13T14:15:32+00:00","article_modified_time":"2026-04-09T20:18:25+00:00","og_image":[{"width":4448,"height":4208,"url":"https:\/\/www.frederic-poitou.com\/blog\/wp-content\/2012\/02\/choeur.jpeg","type":"image\/jpeg"}],"author":"Fr\u00e9d\u00e9ric Poitou","twitter_card":"summary_large_image","twitter_creator":"@fredericpoitou","twitter_site":"@fredericpoitou","twitter_misc":{"\u00c9crit par":"Fr\u00e9d\u00e9ric Poitou"},"schema":{"@context":"https:\/\/schema.org","@graph":[{"@type":"Article","@id":"https:\/\/www.frederic-poitou.com\/blog\/chorale-sans-partition\/#article","isPartOf":{"@id":"https:\/\/www.frederic-poitou.com\/blog\/chorale-sans-partition\/"},"author":{"name":"Fr\u00e9d\u00e9ric Poitou","@id":"http:\/\/www.frederic-poitou.com\/blog\/#\/schema\/person\/e2c2d05e978747818533fdce859a7799"},"headline":"CHORALE, SANS PARTITION","datePublished":"2023-07-13T14:15:32+00:00","dateModified":"2026-04-09T20:18:25+00:00","mainEntityOfPage":{"@id":"https:\/\/www.frederic-poitou.com\/blog\/chorale-sans-partition\/"},"wordCount":66,"image":{"@id":"https:\/\/www.frederic-poitou.com\/blog\/chorale-sans-partition\/#primaryimage"},"thumbnailUrl":"http:\/\/www.frederic-poitou.com\/blog\/wp-content\/2012\/02\/choeur.jpeg","keywords":["Arts et Culture","Belgique"],"articleSection":["Accueil","Culture"],"inLanguage":"fr-FR"},{"@type":"WebPage","@id":"https:\/\/www.frederic-poitou.com\/blog\/chorale-sans-partition\/","url":"https:\/\/www.frederic-poitou.com\/blog\/chorale-sans-partition\/","name":"CHORALE, SANS PARTITION -","isPartOf":{"@id":"http:\/\/www.frederic-poitou.com\/blog\/#website"},"primaryImageOfPage":{"@id":"https:\/\/www.frederic-poitou.com\/blog\/chorale-sans-partition\/#primaryimage"},"image":{"@id":"https:\/\/www.frederic-poitou.com\/blog\/chorale-sans-partition\/#primaryimage"},"thumbnailUrl":"http:\/\/www.frederic-poitou.com\/blog\/wp-content\/2012\/02\/choeur.jpeg","datePublished":"2023-07-13T14:15:32+00:00","dateModified":"2026-04-09T20:18:25+00:00","author":{"@id":"http:\/\/www.frederic-poitou.com\/blog\/#\/schema\/person\/e2c2d05e978747818533fdce859a7799"},"breadcrumb":{"@id":"https:\/\/www.frederic-poitou.com\/blog\/chorale-sans-partition\/#breadcrumb"},"inLanguage":"fr-FR","potentialAction":[{"@type":"ReadAction","target":["https:\/\/www.frederic-poitou.com\/blog\/chorale-sans-partition\/"]}]},{"@type":"ImageObject","inLanguage":"fr-FR","@id":"https:\/\/www.frederic-poitou.com\/blog\/chorale-sans-partition\/#primaryimage","url":"http:\/\/www.frederic-poitou.com\/blog\/wp-content\/2012\/02\/choeur.jpeg","contentUrl":"http:\/\/www.frederic-poitou.com\/blog\/wp-content\/2012\/02\/choeur.jpeg","width":4448,"height":4208},{"@type":"BreadcrumbList","@id":"https:\/\/www.frederic-poitou.com\/blog\/chorale-sans-partition\/#breadcrumb","itemListElement":[{"@type":"ListItem","position":1,"name":"Accueil","item":"http:\/\/www.frederic-poitou.com\/blog\/"},{"@type":"ListItem","position":2,"name":"CHORALE, SANS PARTITION"}]},{"@type":"WebSite","@id":"http:\/\/www.frederic-poitou.com\/blog\/#website","url":"http:\/\/www.frederic-poitou.com\/blog\/","name":"","description":"","potentialAction":[{"@type":"SearchAction","target":{"@type":"EntryPoint","urlTemplate":"http:\/\/www.frederic-poitou.com\/blog\/?s={search_term_string}"},"query-input":{"@type":"PropertyValueSpecification","valueRequired":true,"valueName":"search_term_string"}}],"inLanguage":"fr-FR"},{"@type":"Person","@id":"http:\/\/www.frederic-poitou.com\/blog\/#\/schema\/person\/e2c2d05e978747818533fdce859a7799","name":"Fr\u00e9d\u00e9ric Poitou","image":{"@type":"ImageObject","inLanguage":"fr-FR","@id":"http:\/\/www.frederic-poitou.com\/blog\/#\/schema\/person\/image\/","url":"https:\/\/secure.gravatar.com\/avatar\/1933bcca279a2feafd35d9e0a080c521e11beb51115fe4cfe02e2586ac13424a?s=96&d=mm&r=g","contentUrl":"https:\/\/secure.gravatar.com\/avatar\/1933bcca279a2feafd35d9e0a080c521e11beb51115fe4cfe02e2586ac13424a?s=96&d=mm&r=g","caption":"Fr\u00e9d\u00e9ric Poitou"},"description":"Fr\u00e9d\u00e9ric Poitou est n\u00e9 \u00e0 Rouen, et y a fait des \u00e9tudes au Conservatoire en musique-\u00e9tudes en section piano. Il s'est ensuite orient\u00e9 vers des \u00e9tudes scientifiques o\u00f9 il a obtenu un dipl\u00f4me d'ing\u00e9nieur, puis un doctorat en Chimie. Il est Expert Judiciaire en France, en Belgique et \u00e0 Luxembourg, et agr\u00e9e par les Institutions Europ\u00e9ennes.","sameAs":["http:\/\/www.frederic-poitou.com","https:\/\/www.linkedin.com\/in\/frederic-poitou-b045a025\/"]}]}},"_links":{"self":[{"href":"http:\/\/www.frederic-poitou.com\/blog\/wp-json\/wp\/v2\/posts\/6168","targetHints":{"allow":["GET"]}}],"collection":[{"href":"http:\/\/www.frederic-poitou.com\/blog\/wp-json\/wp\/v2\/posts"}],"about":[{"href":"http:\/\/www.frederic-poitou.com\/blog\/wp-json\/wp\/v2\/types\/post"}],"author":[{"embeddable":true,"href":"http:\/\/www.frederic-poitou.com\/blog\/wp-json\/wp\/v2\/users\/4"}],"replies":[{"embeddable":true,"href":"http:\/\/www.frederic-poitou.com\/blog\/wp-json\/wp\/v2\/comments?post=6168"}],"version-history":[{"count":3,"href":"http:\/\/www.frederic-poitou.com\/blog\/wp-json\/wp\/v2\/posts\/6168\/revisions"}],"predecessor-version":[{"id":9608,"href":"http:\/\/www.frederic-poitou.com\/blog\/wp-json\/wp\/v2\/posts\/6168\/revisions\/9608"}],"wp:featuredmedia":[{"embeddable":true,"href":"http:\/\/www.frederic-poitou.com\/blog\/wp-json\/wp\/v2\/media\/9609"}],"wp:attachment":[{"href":"http:\/\/www.frederic-poitou.com\/blog\/wp-json\/wp\/v2\/media?parent=6168"}],"wp:term":[{"taxonomy":"category","embeddable":true,"href":"http:\/\/www.frederic-poitou.com\/blog\/wp-json\/wp\/v2\/categories?post=6168"},{"taxonomy":"post_tag","embeddable":true,"href":"http:\/\/www.frederic-poitou.com\/blog\/wp-json\/wp\/v2\/tags?post=6168"}],"curies":[{"name":"wp","href":"https:\/\/api.w.org\/{rel}","templated":true}]}}