{"id":6151,"date":"2023-07-14T04:58:32","date_gmt":"2023-07-14T02:58:32","guid":{"rendered":"http:\/\/www.frederic-poitou.com\/blog\/?p=6151"},"modified":"2026-04-16T03:24:16","modified_gmt":"2026-04-16T01:24:16","slug":"la-femme-est-lavenir-de-la-repulique-comme-de-lhumanite","status":"publish","type":"post","link":"http:\/\/www.frederic-poitou.com\/blog\/la-femme-est-lavenir-de-la-repulique-comme-de-lhumanite\/","title":{"rendered":"LA FEMME EST L&rsquo;AVENIR DE LA R\u00c9PUBLIQUE, COMME DE L&rsquo;HUMANIT\u00c9"},"content":{"rendered":"<p>Tout le monde le sait, mais personne ne le fait.<\/p>\n<p style=\"margin: 0.0px 0.0px 0.0px 0.0px; font: 12.0px Arial;\"><span style=\"letter-spacing: 0.0px;\">Jean Ferrat chantait :<\/span><\/p>\n<p style=\"margin: 0.0px 0.0px 0.0px 0.0px; font: 12.0px Arial;\"><span style=\"letter-spacing: 0.0px;\"><em>\u00abLe po\u00e8te a toujours raison<\/em><\/span><\/p>\n<p style=\"margin: 0.0px 0.0px 0.0px 0.0px; font: 12.0px Arial;\"><span style=\"letter-spacing: 0.0px;\"><em>Qui voit plus haut que l&rsquo;horizon<\/em><\/span><\/p>\n<p style=\"margin: 0.0px 0.0px 0.0px 0.0px; font: 12.0px Arial;\"><span style=\"letter-spacing: 0.0px;\"><em>Et le futur est son royaume<\/em><\/span><\/p>\n<p style=\"margin: 0.0px 0.0px 0.0px 0.0px; font: 12.0px Arial;\"><span style=\"letter-spacing: 0.0px;\"><em>Face \u00e0 notre g\u00e9n\u00e9ration<\/em><\/span><\/p>\n<p style=\"margin: 0.0px 0.0px 0.0px 0.0px; font: 12.0px Arial;\"><span style=\"letter-spacing: 0.0px;\"><em>Je d\u00e9clare avec Aragon<\/em><\/span><\/p>\n<p style=\"margin: 0.0px 0.0px 0.0px 0.0px; font: 12.0px Arial;\"><span style=\"letter-spacing: 0.0px;\"><em>La femme est l&rsquo;avenir de l&rsquo;homme\u00bb<\/em><\/span><\/p>\n<p style=\"margin: 0.0px 0.0px 0.0px 0.0px; font: 12.0px Arial; color: #35373d; min-height: 14.0px;\"><span style=\"letter-spacing: 0.0px;\"> <\/span><\/p>\n<p style=\"margin: 0.0px 0.0px 0.0px 0.0px; font: 12.0px Arial; color: #35373d;\"><span style=\"letter-spacing: 0.0px;\">En r\u00e9alit\u00e9, la citation d\u2019Arragon n\u2019est pas exactement celle-ci . <\/span><\/p>\n<p style=\"margin: 0.0px 0.0px 0.0px 0.0px; font: 12.0px Arial; color: #35373d;\"><span style=\"letter-spacing: 0.0px;\">Il a \u00e9crit dans un po\u00e8me \u00e0 Elsa, <\/span><\/p>\n<p style=\"margin: 0.0px 0.0px 0.0px 0.0px; font: 12.0px Arial; color: #35373d;\"><span style=\"letter-spacing: 0.0px;\"><em>\u00abL\u2019avenir de l\u2019homme est la femme<\/em><\/span><\/p>\n<p style=\"margin: 0.0px 0.0px 0.0px 0.0px; font: 12.0px Arial; color: #35373d;\"><span style=\"letter-spacing: 0.0px;\"><em>Elle est la couleur de son Ame<\/em><\/span><\/p>\n<p style=\"margin: 0.0px 0.0px 0.0px 0.0px; font: 12.0px Arial; color: #35373d;\"><span style=\"letter-spacing: 0.0px;\"><em>Elle est sa rumeur et son bruit<\/em><\/span><\/p>\n<p style=\"margin: 0.0px 0.0px 0.0px 0.0px; font: 12.0px Arial; color: #35373d;\"><span style=\"letter-spacing: 0.0px;\"><em>Et sans Elle, il n\u2019est qu\u2019un blasph\u00e8me\u00a0\u00bb<\/em><\/span><\/p>\n<p style=\"margin: 0.0px 0.0px 0.0px 0.0px; font: 12.0px Arial; color: #cc1414;\"><span style=\"letter-spacing: 0.0px;\">Louis Aragon, dans \u2018le fou d\u2019Elsa &#8211; 1963.<\/span><\/p>\n<p style=\"margin: 0.0px 0.0px 0.0px 0.0px; font: 12.0px Arial; color: #cc1414;\"><span style=\"letter-spacing: 0.0px;\"><br \/>\n<\/span><\/p>\n<p style=\"margin: 0.0px 0.0px 0.0px 0.0px; font: 12.0px Arial; color: #cc1414; min-height: 14.0px;\"><span style=\"letter-spacing: 0.0px;\"> <\/span><\/p>\n<p style=\"margin: 0.0px 0.0px 0.0px 0.0px; font: 12.0px Arial; color: #35373d;\"><span style=\"letter-spacing: 0.0px;\">Et si, apr\u00e8s les Printemps Arabes dont les femmes sont \u00e0 l\u2019origine, on pouvait \u00e9crire \u00ab<em>la femme est l\u2019avenir de la R\u00e9publique \u00e9gale, fraternelle et laique<\/em>\u00bb, ou plus simplement \u00ab<em>la femme est l\u2019avenir de l\u2019humanit\u00e9<\/em>\u00bb<\/span><\/p>\n<p style=\"margin: 0.0px 0.0px 0.0px 0.0px; font: 12.0px Arial; color: #35373d;\">\n<p style=\"margin: 0.0px 0.0px 0.0px 0.0px; font: 12.0px Arial; color: #35373d;\">\n<p style=\"margin: 0.0px 0.0px 0.0px 0.0px; font: 12.0px Arial; color: #35373d;\"><span style=\"letter-spacing: 0.0px;\">Je le pense, sans forfanterie, sans d\u00e9magogie.<\/span><\/p>\n<p style=\"margin: 0.0px 0.0px 0.0px 0.0px; font: 12.0px Arial; color: #35373d;\">\n<p style=\"margin: 0.0px 0.0px 0.0px 0.0px; font: 12.0px Arial; color: #35373d;\">\n<p style=\"font: normal normal normal 12px\/normal Arial; margin: 0px;\"><span style=\"color: #ffffff;\">&#8212;&#8212;&#8212;&#8212;&#8212;-<\/span><\/p>\n<p style=\"margin: 0.0px 0.0px 0.0px 0.0px; font: 12.0px Arial; color: #35373d;\">\n<p style=\"margin: 0.0px 0.0px 0.0px 0.0px; font: 12.0px Arial; color: #35373d;\"><span style=\"letter-spacing: 0.0px;\"><img loading=\"lazy\" decoding=\"async\" class=\"aligncenter size-full wp-image-6152\" title=\"Sans titre\" src=\"http:\/\/www.frederic-poitou.com\/blog\/wp-content\/Sans-titre3.jpeg\" alt=\"Sans titre\" width=\"396\" height=\"636\" srcset=\"http:\/\/www.frederic-poitou.com\/blog\/wp-content\/Sans-titre3.jpeg 396w, http:\/\/www.frederic-poitou.com\/blog\/wp-content\/Sans-titre3-186x300.jpg 186w\" sizes=\"auto, (max-width: 396px) 100vw, 396px\" \/><br \/>\n<\/span><\/p>\n","protected":false},"excerpt":{"rendered":"<p>Tout le monde le sait, mais personne ne le fait. Jean Ferrat chantait : \u00abLe po\u00e8te a toujours raison Qui voit plus haut que l&rsquo;horizon Et le futur est son royaume Face \u00e0 notre g\u00e9n\u00e9ration Je d\u00e9clare avec Aragon La &hellip; <a href=\"http:\/\/www.frederic-poitou.com\/blog\/la-femme-est-lavenir-de-la-repulique-comme-de-lhumanite\/\">Lire la suite\u00ad\u00ad<\/a><\/p>\n","protected":false},"author":4,"featured_media":0,"comment_status":"closed","ping_status":"closed","sticky":false,"template":"","format":"standard","meta":{"kt_blocks_editor_width":"","_exactmetrics_skip_tracking":false,"_exactmetrics_sitenote_active":false,"_exactmetrics_sitenote_note":"","_exactmetrics_sitenote_category":0,"footnotes":""},"categories":[1],"tags":[27,50,26],"class_list":["post-6151","post","type-post","status-publish","format-standard","hentry","category-politique-economie","tag-actualite","tag-politique-economie","tag-laicite"],"yoast_head":"<!-- This site is optimized with the Yoast SEO plugin v27.1.1 - https:\/\/yoast.com\/product\/yoast-seo-wordpress\/ -->\n<title>LA FEMME EST L&#039;AVENIR DE LA R\u00c9PUBLIQUE, COMME DE L&#039;HUMANIT\u00c9 -<\/title>\n<meta name=\"robots\" content=\"index, follow, max-snippet:-1, max-image-preview:large, max-video-preview:-1\" \/>\n<link rel=\"canonical\" href=\"http:\/\/www.frederic-poitou.com\/blog\/la-femme-est-lavenir-de-la-repulique-comme-de-lhumanite\/\" \/>\n<meta property=\"og:locale\" content=\"fr_FR\" \/>\n<meta property=\"og:type\" content=\"article\" \/>\n<meta property=\"og:title\" content=\"LA FEMME EST L&#039;AVENIR DE LA R\u00c9PUBLIQUE, COMME DE L&#039;HUMANIT\u00c9 -\" \/>\n<meta property=\"og:description\" content=\"Tout le monde le sait, mais personne ne le fait. Jean Ferrat chantait : \u00abLe po\u00e8te a toujours raison Qui voit plus haut que l&rsquo;horizon Et le futur est son royaume Face \u00e0 notre g\u00e9n\u00e9ration Je d\u00e9clare avec Aragon La &hellip; Lire la suite\u00ad\u00ad\" \/>\n<meta property=\"og:url\" content=\"http:\/\/www.frederic-poitou.com\/blog\/la-femme-est-lavenir-de-la-repulique-comme-de-lhumanite\/\" \/>\n<meta property=\"article:publisher\" content=\"https:\/\/www.facebook.com\/frederic.poitou\/\" \/>\n<meta property=\"article:published_time\" content=\"2023-07-14T02:58:32+00:00\" \/>\n<meta property=\"article:modified_time\" content=\"2026-04-16T01:24:16+00:00\" \/>\n<meta property=\"og:image\" content=\"http:\/\/www.frederic-poitou.com\/blog\/wp-content\/Sans-titre3.jpeg\" \/>\n<meta name=\"author\" content=\"Fr\u00e9d\u00e9ric Poitou\" \/>\n<meta name=\"twitter:card\" content=\"summary_large_image\" \/>\n<meta name=\"twitter:creator\" content=\"@fredericpoitou\" \/>\n<meta name=\"twitter:site\" content=\"@fredericpoitou\" \/>\n<meta name=\"twitter:label1\" content=\"\u00c9crit par\" \/>\n\t<meta name=\"twitter:data1\" content=\"Fr\u00e9d\u00e9ric Poitou\" \/>\n\t<meta name=\"twitter:label2\" content=\"Dur\u00e9e de lecture estim\u00e9e\" \/>\n\t<meta name=\"twitter:data2\" content=\"1 minute\" \/>\n<script type=\"application\/ld+json\" class=\"yoast-schema-graph\">{\"@context\":\"https:\/\/schema.org\",\"@graph\":[{\"@type\":\"Article\",\"@id\":\"http:\/\/www.frederic-poitou.com\/blog\/la-femme-est-lavenir-de-la-repulique-comme-de-lhumanite\/#article\",\"isPartOf\":{\"@id\":\"http:\/\/www.frederic-poitou.com\/blog\/la-femme-est-lavenir-de-la-repulique-comme-de-lhumanite\/\"},\"author\":{\"name\":\"Fr\u00e9d\u00e9ric Poitou\",\"@id\":\"https:\/\/www.frederic-poitou.com\/blog\/#\/schema\/person\/e2c2d05e978747818533fdce859a7799\"},\"headline\":\"LA FEMME EST L&rsquo;AVENIR DE LA R\u00c9PUBLIQUE, COMME DE L&rsquo;HUMANIT\u00c9\",\"datePublished\":\"2023-07-14T02:58:32+00:00\",\"dateModified\":\"2026-04-16T01:24:16+00:00\",\"mainEntityOfPage\":{\"@id\":\"http:\/\/www.frederic-poitou.com\/blog\/la-femme-est-lavenir-de-la-repulique-comme-de-lhumanite\/\"},\"wordCount\":172,\"image\":{\"@id\":\"http:\/\/www.frederic-poitou.com\/blog\/la-femme-est-lavenir-de-la-repulique-comme-de-lhumanite\/#primaryimage\"},\"thumbnailUrl\":\"http:\/\/www.frederic-poitou.com\/blog\/wp-content\/Sans-titre3.jpeg\",\"keywords\":[\"Actualit\u00e9\",\"Divers\",\"La\u00efcit\u00e9\"],\"articleSection\":[\"Divers\"],\"inLanguage\":\"fr-FR\"},{\"@type\":\"WebPage\",\"@id\":\"http:\/\/www.frederic-poitou.com\/blog\/la-femme-est-lavenir-de-la-repulique-comme-de-lhumanite\/\",\"url\":\"http:\/\/www.frederic-poitou.com\/blog\/la-femme-est-lavenir-de-la-repulique-comme-de-lhumanite\/\",\"name\":\"LA FEMME EST L'AVENIR DE LA R\u00c9PUBLIQUE, COMME DE L'HUMANIT\u00c9 -\",\"isPartOf\":{\"@id\":\"https:\/\/www.frederic-poitou.com\/blog\/#website\"},\"primaryImageOfPage\":{\"@id\":\"http:\/\/www.frederic-poitou.com\/blog\/la-femme-est-lavenir-de-la-repulique-comme-de-lhumanite\/#primaryimage\"},\"image\":{\"@id\":\"http:\/\/www.frederic-poitou.com\/blog\/la-femme-est-lavenir-de-la-repulique-comme-de-lhumanite\/#primaryimage\"},\"thumbnailUrl\":\"http:\/\/www.frederic-poitou.com\/blog\/wp-content\/Sans-titre3.jpeg\",\"datePublished\":\"2023-07-14T02:58:32+00:00\",\"dateModified\":\"2026-04-16T01:24:16+00:00\",\"author\":{\"@id\":\"https:\/\/www.frederic-poitou.com\/blog\/#\/schema\/person\/e2c2d05e978747818533fdce859a7799\"},\"breadcrumb\":{\"@id\":\"http:\/\/www.frederic-poitou.com\/blog\/la-femme-est-lavenir-de-la-repulique-comme-de-lhumanite\/#breadcrumb\"},\"inLanguage\":\"fr-FR\",\"potentialAction\":[{\"@type\":\"ReadAction\",\"target\":[\"http:\/\/www.frederic-poitou.com\/blog\/la-femme-est-lavenir-de-la-repulique-comme-de-lhumanite\/\"]}]},{\"@type\":\"ImageObject\",\"inLanguage\":\"fr-FR\",\"@id\":\"http:\/\/www.frederic-poitou.com\/blog\/la-femme-est-lavenir-de-la-repulique-comme-de-lhumanite\/#primaryimage\",\"url\":\"http:\/\/www.frederic-poitou.com\/blog\/wp-content\/Sans-titre3.jpeg\",\"contentUrl\":\"http:\/\/www.frederic-poitou.com\/blog\/wp-content\/Sans-titre3.jpeg\",\"width\":\"396\",\"height\":\"636\"},{\"@type\":\"BreadcrumbList\",\"@id\":\"http:\/\/www.frederic-poitou.com\/blog\/la-femme-est-lavenir-de-la-repulique-comme-de-lhumanite\/#breadcrumb\",\"itemListElement\":[{\"@type\":\"ListItem\",\"position\":1,\"name\":\"Accueil\",\"item\":\"https:\/\/www.frederic-poitou.com\/blog\/\"},{\"@type\":\"ListItem\",\"position\":2,\"name\":\"LA FEMME EST L&rsquo;AVENIR DE LA R\u00c9PUBLIQUE, COMME DE L&rsquo;HUMANIT\u00c9\"}]},{\"@type\":\"WebSite\",\"@id\":\"https:\/\/www.frederic-poitou.com\/blog\/#website\",\"url\":\"https:\/\/www.frederic-poitou.com\/blog\/\",\"name\":\"\",\"description\":\"\",\"potentialAction\":[{\"@type\":\"SearchAction\",\"target\":{\"@type\":\"EntryPoint\",\"urlTemplate\":\"https:\/\/www.frederic-poitou.com\/blog\/?s={search_term_string}\"},\"query-input\":{\"@type\":\"PropertyValueSpecification\",\"valueRequired\":true,\"valueName\":\"search_term_string\"}}],\"inLanguage\":\"fr-FR\"},{\"@type\":\"Person\",\"@id\":\"https:\/\/www.frederic-poitou.com\/blog\/#\/schema\/person\/e2c2d05e978747818533fdce859a7799\",\"name\":\"Fr\u00e9d\u00e9ric Poitou\",\"image\":{\"@type\":\"ImageObject\",\"inLanguage\":\"fr-FR\",\"@id\":\"https:\/\/www.frederic-poitou.com\/blog\/#\/schema\/person\/image\/\",\"url\":\"https:\/\/secure.gravatar.com\/avatar\/1933bcca279a2feafd35d9e0a080c521e11beb51115fe4cfe02e2586ac13424a?s=96&d=mm&r=g\",\"contentUrl\":\"https:\/\/secure.gravatar.com\/avatar\/1933bcca279a2feafd35d9e0a080c521e11beb51115fe4cfe02e2586ac13424a?s=96&d=mm&r=g\",\"caption\":\"Fr\u00e9d\u00e9ric Poitou\"},\"description\":\"Fr\u00e9d\u00e9ric Poitou est n\u00e9 \u00e0 Rouen, et y a fait des \u00e9tudes au Conservatoire en musique-\u00e9tudes en section piano. Il s'est ensuite orient\u00e9 vers des \u00e9tudes scientifiques o\u00f9 il a obtenu un dipl\u00f4me d'ing\u00e9nieur, puis un doctorat en Chimie. Il est Expert Judiciaire en France, en Belgique et \u00e0 Luxembourg, et agr\u00e9e par les Institutions Europ\u00e9ennes.\",\"sameAs\":[\"http:\/\/www.frederic-poitou.com\",\"https:\/\/www.linkedin.com\/in\/frederic-poitou-b045a025\/\"]}]}<\/script>\n<!-- \/ Yoast SEO plugin. -->","yoast_head_json":{"title":"LA FEMME EST L'AVENIR DE LA R\u00c9PUBLIQUE, COMME DE L'HUMANIT\u00c9 -","robots":{"index":"index","follow":"follow","max-snippet":"max-snippet:-1","max-image-preview":"max-image-preview:large","max-video-preview":"max-video-preview:-1"},"canonical":"http:\/\/www.frederic-poitou.com\/blog\/la-femme-est-lavenir-de-la-repulique-comme-de-lhumanite\/","og_locale":"fr_FR","og_type":"article","og_title":"LA FEMME EST L'AVENIR DE LA R\u00c9PUBLIQUE, COMME DE L'HUMANIT\u00c9 -","og_description":"Tout le monde le sait, mais personne ne le fait. Jean Ferrat chantait : \u00abLe po\u00e8te a toujours raison Qui voit plus haut que l&rsquo;horizon Et le futur est son royaume Face \u00e0 notre g\u00e9n\u00e9ration Je d\u00e9clare avec Aragon La &hellip; Lire la suite\u00ad\u00ad","og_url":"http:\/\/www.frederic-poitou.com\/blog\/la-femme-est-lavenir-de-la-repulique-comme-de-lhumanite\/","article_publisher":"https:\/\/www.facebook.com\/frederic.poitou\/","article_published_time":"2023-07-14T02:58:32+00:00","article_modified_time":"2026-04-16T01:24:16+00:00","og_image":[{"url":"http:\/\/www.frederic-poitou.com\/blog\/wp-content\/Sans-titre3.jpeg","type":"","width":"","height":""}],"author":"Fr\u00e9d\u00e9ric Poitou","twitter_card":"summary_large_image","twitter_creator":"@fredericpoitou","twitter_site":"@fredericpoitou","twitter_misc":{"\u00c9crit par":"Fr\u00e9d\u00e9ric Poitou","Dur\u00e9e de lecture estim\u00e9e":"1 minute"},"schema":{"@context":"https:\/\/schema.org","@graph":[{"@type":"Article","@id":"http:\/\/www.frederic-poitou.com\/blog\/la-femme-est-lavenir-de-la-repulique-comme-de-lhumanite\/#article","isPartOf":{"@id":"http:\/\/www.frederic-poitou.com\/blog\/la-femme-est-lavenir-de-la-repulique-comme-de-lhumanite\/"},"author":{"name":"Fr\u00e9d\u00e9ric Poitou","@id":"https:\/\/www.frederic-poitou.com\/blog\/#\/schema\/person\/e2c2d05e978747818533fdce859a7799"},"headline":"LA FEMME EST L&rsquo;AVENIR DE LA R\u00c9PUBLIQUE, COMME DE L&rsquo;HUMANIT\u00c9","datePublished":"2023-07-14T02:58:32+00:00","dateModified":"2026-04-16T01:24:16+00:00","mainEntityOfPage":{"@id":"http:\/\/www.frederic-poitou.com\/blog\/la-femme-est-lavenir-de-la-repulique-comme-de-lhumanite\/"},"wordCount":172,"image":{"@id":"http:\/\/www.frederic-poitou.com\/blog\/la-femme-est-lavenir-de-la-repulique-comme-de-lhumanite\/#primaryimage"},"thumbnailUrl":"http:\/\/www.frederic-poitou.com\/blog\/wp-content\/Sans-titre3.jpeg","keywords":["Actualit\u00e9","Divers","La\u00efcit\u00e9"],"articleSection":["Divers"],"inLanguage":"fr-FR"},{"@type":"WebPage","@id":"http:\/\/www.frederic-poitou.com\/blog\/la-femme-est-lavenir-de-la-repulique-comme-de-lhumanite\/","url":"http:\/\/www.frederic-poitou.com\/blog\/la-femme-est-lavenir-de-la-repulique-comme-de-lhumanite\/","name":"LA FEMME EST L'AVENIR DE LA R\u00c9PUBLIQUE, COMME DE L'HUMANIT\u00c9 -","isPartOf":{"@id":"https:\/\/www.frederic-poitou.com\/blog\/#website"},"primaryImageOfPage":{"@id":"http:\/\/www.frederic-poitou.com\/blog\/la-femme-est-lavenir-de-la-repulique-comme-de-lhumanite\/#primaryimage"},"image":{"@id":"http:\/\/www.frederic-poitou.com\/blog\/la-femme-est-lavenir-de-la-repulique-comme-de-lhumanite\/#primaryimage"},"thumbnailUrl":"http:\/\/www.frederic-poitou.com\/blog\/wp-content\/Sans-titre3.jpeg","datePublished":"2023-07-14T02:58:32+00:00","dateModified":"2026-04-16T01:24:16+00:00","author":{"@id":"https:\/\/www.frederic-poitou.com\/blog\/#\/schema\/person\/e2c2d05e978747818533fdce859a7799"},"breadcrumb":{"@id":"http:\/\/www.frederic-poitou.com\/blog\/la-femme-est-lavenir-de-la-repulique-comme-de-lhumanite\/#breadcrumb"},"inLanguage":"fr-FR","potentialAction":[{"@type":"ReadAction","target":["http:\/\/www.frederic-poitou.com\/blog\/la-femme-est-lavenir-de-la-repulique-comme-de-lhumanite\/"]}]},{"@type":"ImageObject","inLanguage":"fr-FR","@id":"http:\/\/www.frederic-poitou.com\/blog\/la-femme-est-lavenir-de-la-repulique-comme-de-lhumanite\/#primaryimage","url":"http:\/\/www.frederic-poitou.com\/blog\/wp-content\/Sans-titre3.jpeg","contentUrl":"http:\/\/www.frederic-poitou.com\/blog\/wp-content\/Sans-titre3.jpeg","width":"396","height":"636"},{"@type":"BreadcrumbList","@id":"http:\/\/www.frederic-poitou.com\/blog\/la-femme-est-lavenir-de-la-repulique-comme-de-lhumanite\/#breadcrumb","itemListElement":[{"@type":"ListItem","position":1,"name":"Accueil","item":"https:\/\/www.frederic-poitou.com\/blog\/"},{"@type":"ListItem","position":2,"name":"LA FEMME EST L&rsquo;AVENIR DE LA R\u00c9PUBLIQUE, COMME DE L&rsquo;HUMANIT\u00c9"}]},{"@type":"WebSite","@id":"https:\/\/www.frederic-poitou.com\/blog\/#website","url":"https:\/\/www.frederic-poitou.com\/blog\/","name":"","description":"","potentialAction":[{"@type":"SearchAction","target":{"@type":"EntryPoint","urlTemplate":"https:\/\/www.frederic-poitou.com\/blog\/?s={search_term_string}"},"query-input":{"@type":"PropertyValueSpecification","valueRequired":true,"valueName":"search_term_string"}}],"inLanguage":"fr-FR"},{"@type":"Person","@id":"https:\/\/www.frederic-poitou.com\/blog\/#\/schema\/person\/e2c2d05e978747818533fdce859a7799","name":"Fr\u00e9d\u00e9ric Poitou","image":{"@type":"ImageObject","inLanguage":"fr-FR","@id":"https:\/\/www.frederic-poitou.com\/blog\/#\/schema\/person\/image\/","url":"https:\/\/secure.gravatar.com\/avatar\/1933bcca279a2feafd35d9e0a080c521e11beb51115fe4cfe02e2586ac13424a?s=96&d=mm&r=g","contentUrl":"https:\/\/secure.gravatar.com\/avatar\/1933bcca279a2feafd35d9e0a080c521e11beb51115fe4cfe02e2586ac13424a?s=96&d=mm&r=g","caption":"Fr\u00e9d\u00e9ric Poitou"},"description":"Fr\u00e9d\u00e9ric Poitou est n\u00e9 \u00e0 Rouen, et y a fait des \u00e9tudes au Conservatoire en musique-\u00e9tudes en section piano. Il s'est ensuite orient\u00e9 vers des \u00e9tudes scientifiques o\u00f9 il a obtenu un dipl\u00f4me d'ing\u00e9nieur, puis un doctorat en Chimie. Il est Expert Judiciaire en France, en Belgique et \u00e0 Luxembourg, et agr\u00e9e par les Institutions Europ\u00e9ennes.","sameAs":["http:\/\/www.frederic-poitou.com","https:\/\/www.linkedin.com\/in\/frederic-poitou-b045a025\/"]}]}},"_links":{"self":[{"href":"http:\/\/www.frederic-poitou.com\/blog\/wp-json\/wp\/v2\/posts\/6151","targetHints":{"allow":["GET"]}}],"collection":[{"href":"http:\/\/www.frederic-poitou.com\/blog\/wp-json\/wp\/v2\/posts"}],"about":[{"href":"http:\/\/www.frederic-poitou.com\/blog\/wp-json\/wp\/v2\/types\/post"}],"author":[{"embeddable":true,"href":"http:\/\/www.frederic-poitou.com\/blog\/wp-json\/wp\/v2\/users\/4"}],"replies":[{"embeddable":true,"href":"http:\/\/www.frederic-poitou.com\/blog\/wp-json\/wp\/v2\/comments?post=6151"}],"version-history":[{"count":1,"href":"http:\/\/www.frederic-poitou.com\/blog\/wp-json\/wp\/v2\/posts\/6151\/revisions"}],"predecessor-version":[{"id":10342,"href":"http:\/\/www.frederic-poitou.com\/blog\/wp-json\/wp\/v2\/posts\/6151\/revisions\/10342"}],"wp:attachment":[{"href":"http:\/\/www.frederic-poitou.com\/blog\/wp-json\/wp\/v2\/media?parent=6151"}],"wp:term":[{"taxonomy":"category","embeddable":true,"href":"http:\/\/www.frederic-poitou.com\/blog\/wp-json\/wp\/v2\/categories?post=6151"},{"taxonomy":"post_tag","embeddable":true,"href":"http:\/\/www.frederic-poitou.com\/blog\/wp-json\/wp\/v2\/tags?post=6151"}],"curies":[{"name":"wp","href":"https:\/\/api.w.org\/{rel}","templated":true}]}}