{"id":6138,"date":"2023-07-13T17:35:32","date_gmt":"2023-07-13T15:35:32","guid":{"rendered":"http:\/\/www.frederic-poitou.com\/blog\/?p=6138"},"modified":"2026-04-10T07:15:00","modified_gmt":"2026-04-10T05:15:00","slug":"les-mini-miss-dans-la-tourmente-laissons-les-enfants-a-leur-place","status":"publish","type":"post","link":"http:\/\/www.frederic-poitou.com\/blog\/les-mini-miss-dans-la-tourmente-laissons-les-enfants-a-leur-place\/","title":{"rendered":"LES MINI MISS DANS LA TOURMENTE : LAISSONS LES ENFANTS A LEUR PLACE"},"content":{"rendered":"<p><img loading=\"lazy\" decoding=\"async\" class=\"alignleft size-full wp-image-6141\" style=\"margin: 10px;\" title=\"00553843_000040\" src=\"http:\/\/www.frederic-poitou.com\/blog\/wp-content\/sipa_00553843_000040.jpg\" alt=\"00553843_000040\" width=\"296\" height=\"211\" srcset=\"http:\/\/www.frederic-poitou.com\/blog\/wp-content\/sipa_00553843_000040.jpg 494w, http:\/\/www.frederic-poitou.com\/blog\/wp-content\/sipa_00553843_000040-300x213.jpg 300w\" sizes=\"auto, (max-width: 296px) 100vw, 296px\" \/>Les concours de Minimiss sont dans la tourmente.<\/p>\n<p>J&rsquo;ai d\u00e9j\u00e0 eu l&rsquo;occasion de publier \u00e0 de nombreuses reprises sur le sujet, \u00e0 chaque nouveau concours de MiniMiss, et qui va de Miss embryon, \u00e0 Miss Mamy (cliquer\u00a0<a href=\"http:\/\/www.frederic-poitou.com\/blog\/?p=3811\" target=\"_blank\" rel=\"noopener\">ICI<\/a>)<\/p>\n<p>Tourmente judiciaire avec une d\u00e9cision du Tribunal Correctionnel d&rsquo;Auch\u00a0<span style=\"color: #2d2d2d; font-family: Arial; line-height: normal;\">a d\u00e9bout\u00e9 lundi 20 f\u00e9vrier une organisatrice de concours de beaut\u00e9 pour pr\u00e9-adolescentes qui demandait un d\u00e9dommagement apr\u00e8s l&rsquo;annulation en 2011 d&rsquo;un d\u00e9fil\u00e9 au th\u00e9\u00e2tre municipal de la cit\u00e9 gasconne. Mireille Meignan, propri\u00e9taire \u00e0 Auch d&rsquo;un institut de formation en coiffure et esth\u00e9tique, s&rsquo;estimait l\u00e9s\u00e9e de 9 600 euros suite \u00e0 l&rsquo;annulation du concours par la mairie. <\/span><\/p>\n<p><span style=\"color: #2d2d2d; font-family: Arial; line-height: normal;\"> <\/span><span style=\"color: #2d2d2d; font-family: Arial; line-height: normal;\">Elle a au contraire \u00e9t\u00e9 condamn\u00e9e \u00e0 <span style=\"color: #000000;\">indemniser<\/span> le planning familial et une psychologue, <span style=\"color: #000000;\">Martine Barliac-Bajolle<\/span>, \u00e0 l&rsquo;origine de l&rsquo;annulation de la manifestation, qui s&rsquo;\u00e9taient \u00e9mues que des fillettes de 12 ans puissent <span style=\"color: #000000;\">\u00eatre<\/span> exhib\u00e9es en public dans des postures <em>\u00ab\u00a0d\u00e9gradantes\u00a0\u00bb<\/em>. L&rsquo;organisatrice des concours devra <span style=\"color: #000000;\">verser<\/span> 800 euros de d\u00e9dommagement \u00e0 la psychologue et 1 000 euros au Planning familial.<\/span><\/p>\n<p><span style=\"color: #2d2d2d; font-family: Arial; line-height: normal;\">Chantal Jouanno, s\u00e9natrice de Paris et ex-ministre des sports, a \u00e9t\u00e9 charg\u00e9e en novembre d&rsquo;une mission sur <em>\u00ab\u00a0l&rsquo;hypersexualisation\u00a0\u00bb<\/em> des enfants et doit <span style=\"color: #000000;\">remettre<\/span> le 5 mars un rapport \u00e0 la ministre des solidarit\u00e9s, <span style=\"color: #000000;\">Roselyne Bachelot<\/span>. Elle pourrait <span style=\"color: #000000;\">demander<\/span> que les concours de mini-miss soient mieux encadr\u00e9s \u2013 interdiction du sponsoring, du maquillage, du d\u00e9nud\u00e9 \u2013 pour qu&rsquo;ils restent des concours de <em>\u00ab\u00a0princesses\u00a0\u00bb<\/em>.<\/span><\/p>\n<p><span style=\"font-family: Arial; color: #2d2d2d;\"><span style=\"line-height: normal;\">Ce rapport, d\u00e9j\u00e0 qualifi\u00e9 de rapport \u00ab\u00a0anti lolita\u00a0\u00bb est accueilli tr\u00e8s favorablement par tous les psychologues et pedopsychiatres sp\u00e9cialis\u00e9s, car il pointe enfin du doigt une pratique dangereuse, qui frise parfois la prostitution, et met en tout \u00e9tat de cause des enfants (souvent des filles) en situation d&rsquo;adultisation trop pr\u00e9cose.<\/span><\/span><\/p>\n<h2 style=\"font-weight: normal; font-size: inherit; padding: 0px; margin: 0px;\">L'\u00a0\u00bbhypersexualisation\u00a0\u00bb des enfants est un ph\u00e9nom\u00e8ne encore marginal en France mais qui inqui\u00e8te les parents. Voil\u00e0 les conclusions d&rsquo;un rapport de<img loading=\"lazy\" decoding=\"async\" class=\"alignright size-medium wp-image-6143\" title=\"mini-miss\" src=\"http:\/\/www.frederic-poitou.com\/blog\/wp-content\/mini-miss-197x300.jpg\" alt=\"mini-miss\" width=\"197\" height=\"300\" srcset=\"http:\/\/www.frederic-poitou.com\/blog\/wp-content\/mini-miss-197x300.jpg 197w, http:\/\/www.frederic-poitou.com\/blog\/wp-content\/mini-miss.jpg 263w\" sizes=\"auto, (max-width: 197px) 100vw, 197px\" \/> la s\u00e9natrice UMP\u00a0<a style=\"color: #000000; text-decoration: none; outline-width: 0px; outline-style: initial; outline-color: initial; cursor: text;\" href=\"http:\/\/www.lemonde.fr\/sujet\/bbc1\/chantal-jouanno.html\" target=\"_blank\" rel=\"noopener\">Chantal Jouanno<\/a>, qui propose une s\u00e9rie de mesures, comme l&rsquo;interdiction de la promotion d&rsquo;images sexualis\u00e9es des enfants.<\/h2>\n<p style=\"margin-top: 25px; margin-right: 0px; margin-bottom: 25px; margin-left: 0px; padding: 0px;\">Dans ce rapport, remis lundi 5 mars au minist\u00e8re des solidarit\u00e9s, l&rsquo;ancienne ministre des sports parle d&rsquo;un\u00a0<em>\u00ab\u00a0ph\u00e9nom\u00e8ne de plus en plus pr\u00e9sent\u00a0\u00bb<\/em>. L&rsquo;<em>\u00ab\u00a0hypersexualisation\u00a0\u00bb<\/em> des enfants, et notamment des fillettes, renvoie\u00a0<em>\u00ab\u00a0\u00e0 la sexualisation de leurs expressions, postures ou codes vestimentaires, jug\u00e9s trop pr\u00e9coces\u00a0\u00bb<\/em>, explique le rapport de Chantal Jouanno, charg\u00e9e par la ministre<a style=\"color: #000000; text-decoration: none; outline-width: 0px; outline-style: initial; outline-color: initial; cursor: text;\" href=\"http:\/\/www.lemonde.fr\/sujet\/8413\/roselyne-bachelot.html\" target=\"_blank\" rel=\"noopener\">Roselyne Bachelot<\/a> de\u00a0<a style=\"color: #000000; text-decoration: none; outline-width: 0px; outline-style: initial; outline-color: initial; cursor: text;\" href=\"http:\/\/conjugaison.lemonde.fr\/conjugaison\/search?verb=r%C3%A9fl%C3%A9chir\" target=\"_blank\" rel=\"noopener\">r\u00e9fl\u00e9chir<\/a> au ph\u00e9nom\u00e8ne et aux moyens de l&rsquo;<a style=\"color: #000000; text-decoration: none; outline-width: 0px; outline-style: initial; outline-color: initial; cursor: text;\" href=\"http:\/\/conjugaison.lemonde.fr\/conjugaison\/search?verb=endiguer\" target=\"_blank\" rel=\"noopener\">endiguer<\/a>.<\/p>\n<p style=\"margin-top: 25px; margin-right: 0px; margin-bottom: 25px; margin-left: 0px; padding: 0px;\"><strong>\u00ab\u00a0CONDUITES \u00c0 RISQUE\u00a0\u00bb<\/strong><\/p>\n<p style=\"margin-top: 25px; margin-right: 0px; margin-bottom: 25px; margin-left: 0px; padding: 0px;\">A l&rsquo;origine de cette mission : la parution de photos dans le magazine\u00a0<em>Vogue<\/em> fran\u00e7ais de d\u00e9cembre 2010 mettant en sc\u00e8ne une petite fille dans des tenues et postures suggestives d\u00e9rangeantes, qui ont surtout fait scandale&#8230; aux Etats-Unis.\u00a0<em>\u00ab\u00a0La vague de l&rsquo;hypersexualisation n&rsquo;a pas encore massivement touch\u00e9 nos enfants\u00a0\u00bb<\/em>, constate M<sup>me<\/sup> Jouanno. Pour autant,\u00a0<em>\u00ab\u00a0les parents sont l\u00e9gitimement inquiets\u00a0\u00bb<\/em>, estime-t-elle, soulignant par exemple que l&rsquo;<em>\u00ab\u00a0hypersexualisation participe au d\u00e9veloppement de conduites \u00e0 risque\u00a0\u00bb<\/em>, notamment \u00e0 l&rsquo;anorexie pr\u00e9pub\u00e8re.<\/p>\n<p style=\"margin-top: 25px; margin-right: 0px; margin-bottom: 25px; margin-left: 0px; padding: 0px;\">Si tout le monde en France s&rsquo;accorde \u00e0\u00a0<a style=\"color: #000000; text-decoration: none; outline-width: 0px; outline-style: initial; outline-color: initial; cursor: text;\" href=\"http:\/\/conjugaison.lemonde.fr\/conjugaison\/search?verb=condamner\" target=\"_blank\" rel=\"noopener\">condamner<\/a> le ph\u00e9nom\u00e8ne,\u00a0<em>\u00ab\u00a0le consensus est fragile\u00a0\u00bb<\/em> et\u00a0<em>\u00ab\u00a0susceptible de craquer\u00a0\u00bb<\/em>, explique Chantal Jouanno. En effet,\u00a0<em>\u00ab\u00a0la soci\u00e9t\u00e9 dans son ensemble est hypersexualis\u00e9e, d\u00e8s le plus jeune \u00e2ge on voit<a style=\"color: #000000; text-decoration: none; outline-width: 0px; outline-style: initial; outline-color: initial; cursor: text;\" href=\"http:\/\/conjugaison.lemonde.fr\/conjugaison\/search?verb=appara%C3%AEtre\" target=\"_blank\" rel=\"noopener\">appara\u00eetre<\/a> des st\u00e9r\u00e9otypes tr\u00e8s cliv\u00e9s gar\u00e7ons-filles, et il y a une puissance du marketing colossale pour\u00a0<a style=\"color: #000000; text-decoration: none; outline-width: 0px; outline-style: initial; outline-color: initial; cursor: text;\" href=\"http:\/\/conjugaison.lemonde.fr\/conjugaison\/search?verb=rompre\" target=\"_blank\" rel=\"noopener\">rompre<\/a> la barri\u00e8re des \u00e2ges et\u00a0<a style=\"color: #000000; text-decoration: none; outline-width: 0px; outline-style: initial; outline-color: initial; cursor: text;\" href=\"http:\/\/conjugaison.lemonde.fr\/conjugaison\/search?verb=inciter\" target=\"_blank\" rel=\"noopener\">inciter<\/a> \u00e0\u00a0<a style=\"color: #000000; text-decoration: none; outline-width: 0px; outline-style: initial; outline-color: initial; cursor: text;\" href=\"http:\/\/conjugaison.lemonde.fr\/conjugaison\/search?verb=adopter\" target=\"_blank\" rel=\"noopener\">adopter<\/a> des comportements d&rsquo;adolescents\u00a0\u00bb<\/em>, poursuit-elle. Elle fait donc une s\u00e9rie de recommandations, et sugg\u00e8re par exemple d&rsquo;<a style=\"color: #000000; text-decoration: none; outline-width: 0px; outline-style: initial; outline-color: initial; cursor: text;\" href=\"http:\/\/conjugaison.lemonde.fr\/conjugaison\/search?verb=interdire\" target=\"_blank\" rel=\"noopener\">interdire<\/a> qu&rsquo;un enfant puisse\u00a0<a style=\"color: #000000; text-decoration: none; outline-width: 0px; outline-style: initial; outline-color: initial; cursor: text;\" href=\"http:\/\/conjugaison.lemonde.fr\/conjugaison\/search?verb=%C3%AAtre\" target=\"_blank\" rel=\"noopener\">\u00eatre<\/a>l&rsquo;\u00e9g\u00e9rie d&rsquo;une marque avant l&rsquo;\u00e2ge de 16 ans.\u00a0<em>\u00ab\u00a0Symboliquement, je propose aussi d&rsquo;<a style=\"color: #000000; text-decoration: none; outline-width: 0px; outline-style: initial; outline-color: initial; cursor: text;\" href=\"http:\/\/conjugaison.lemonde.fr\/conjugaison\/search?verb=interdire\" target=\"_blank\" rel=\"noopener\">interdire<\/a> les concours de mini-miss\u00a0\u00bb<\/em>, dit-elle.<\/p>\n<p style=\"margin-top: 25px; margin-right: 0px; margin-bottom: 25px; margin-left: 0px; padding: 0px;\">La rapport sugg\u00e8re encore la mise en place d&rsquo;une\u00a0<em>\u00ab\u00a0charte de l&rsquo;enfant\u00a0\u00bb<\/em>, qui traduise les principes de l&rsquo;int\u00e9r\u00eat sup\u00e9rieur de l&rsquo;enfant dans l&rsquo;\u00e9ducation, la consommation ou les m\u00e9dias. Il propose aussi de s&rsquo;<a style=\"color: #000000; text-decoration: none; outline-width: 0px; outline-style: initial; outline-color: initial; cursor: text;\" href=\"http:\/\/conjugaison.lemonde.fr\/conjugaison\/search?verb=inspirer\" target=\"_blank\" rel=\"noopener\">inspirer<\/a> d&rsquo;un dispositif mis en place au Royaume-Uni qui consiste \u00e0\u00a0<a style=\"color: #000000; text-decoration: none; outline-width: 0px; outline-style: initial; outline-color: initial; cursor: text;\" href=\"http:\/\/conjugaison.lemonde.fr\/conjugaison\/search?verb=%C3%A9laborer\" target=\"_blank\" rel=\"noopener\">\u00e9laborer<\/a> une charte qui serait sign\u00e9e entre les pouvoirs publics et les acteurs \u00e9conomiques et recommanderait les caract\u00e9ristiques de produits destin\u00e9s aux enfants. Par exemple, au Royaume-Uni, le document pr\u00e9conise que les coupes des v\u00eatements soient adapt\u00e9es et demande de\u00a0<a style=\"color: #000000; text-decoration: none; outline-width: 0px; outline-style: initial; outline-color: initial; cursor: text;\" href=\"http:\/\/conjugaison.lemonde.fr\/conjugaison\/search?verb=renoncer\" target=\"_blank\" rel=\"noopener\">renoncer<\/a> aux soutien-gorges ampliformes. Chaque citoyen peut en outre\u00a0<a style=\"color: #000000; text-decoration: none; outline-width: 0px; outline-style: initial; outline-color: initial; cursor: text;\" href=\"http:\/\/conjugaison.lemonde.fr\/conjugaison\/search?verb=signaler\" target=\"_blank\" rel=\"noopener\">signaler<\/a> sur un site Internet les produits qu&rsquo;il juge inappropri\u00e9s.<\/p>\n<p style=\"margin-top: 25px; margin-right: 0px; margin-bottom: 25px; margin-left: 0px; padding: 0px;\">Inutile d\u00a0\u00bbindiquer que je suis tr\u00e8s favorable \u00e0 l&rsquo;ensemble des revendications, motivations, et conclusions de ce rapport. Les petites filles ne doivent pas \u00eatre les instruments de leur m\u00e8res pour exister \u00e0 leur place. Un enfant n&rsquo;est un enfant que si un parent reste un parent. J&rsquo;avais d\u00e9j\u00e0 plaisant\u00e9 sur le concept dans un post ancien que je ressors \u00e0 chaque nouveau concours de MiniMiss, et qui va de Miss embryon, \u00e0 Miss Mamy (cliquer <a href=\"http:\/\/www.frederic-poitou.com\/blog\/?p=3811\" target=\"_blank\" rel=\"noopener\">ICI<\/a>). Ce r\u00e9cent rapport ne fait que conforter ma position.<\/p>\n<p style=\"margin-top: 25px; margin-right: 0px; margin-bottom: 25px; margin-left: 0px; padding: 0px;\">\n","protected":false},"excerpt":{"rendered":"<p>Les concours de Minimiss sont dans la tourmente. J&rsquo;ai d\u00e9j\u00e0 eu l&rsquo;occasion de publier \u00e0 de nombreuses reprises sur le sujet, \u00e0 chaque nouveau concours de MiniMiss, et qui va de Miss embryon, \u00e0 Miss Mamy (cliquer\u00a0ICI) Tourmente judiciaire avec &hellip; <a href=\"http:\/\/www.frederic-poitou.com\/blog\/les-mini-miss-dans-la-tourmente-laissons-les-enfants-a-leur-place\/\">Lire la suite\u00ad\u00ad<\/a><\/p>\n","protected":false},"author":4,"featured_media":0,"comment_status":"closed","ping_status":"closed","sticky":false,"template":"","format":"standard","meta":{"kt_blocks_editor_width":"","_exactmetrics_skip_tracking":false,"_exactmetrics_sitenote_active":false,"_exactmetrics_sitenote_note":"","_exactmetrics_sitenote_category":0,"footnotes":""},"categories":[48],"tags":[27],"class_list":["post-6138","post","type-post","status-publish","format-standard","hentry","category-accueil","tag-actualite"],"yoast_head":"<!-- This site is optimized with the Yoast SEO plugin v27.1.1 - https:\/\/yoast.com\/product\/yoast-seo-wordpress\/ -->\n<title>LES MINI MISS DANS LA TOURMENTE : LAISSONS LES ENFANTS A LEUR PLACE -<\/title>\n<meta name=\"robots\" content=\"index, follow, max-snippet:-1, max-image-preview:large, max-video-preview:-1\" \/>\n<link rel=\"canonical\" href=\"http:\/\/www.frederic-poitou.com\/blog\/les-mini-miss-dans-la-tourmente-laissons-les-enfants-a-leur-place\/\" \/>\n<meta property=\"og:locale\" content=\"fr_FR\" \/>\n<meta property=\"og:type\" content=\"article\" \/>\n<meta property=\"og:title\" content=\"LES MINI MISS DANS LA TOURMENTE : LAISSONS LES ENFANTS A LEUR PLACE -\" \/>\n<meta property=\"og:description\" content=\"Les concours de Minimiss sont dans la tourmente. J&rsquo;ai d\u00e9j\u00e0 eu l&rsquo;occasion de publier \u00e0 de nombreuses reprises sur le sujet, \u00e0 chaque nouveau concours de MiniMiss, et qui va de Miss embryon, \u00e0 Miss Mamy (cliquer\u00a0ICI) Tourmente judiciaire avec &hellip; Lire la suite\u00ad\u00ad\" \/>\n<meta property=\"og:url\" content=\"http:\/\/www.frederic-poitou.com\/blog\/les-mini-miss-dans-la-tourmente-laissons-les-enfants-a-leur-place\/\" \/>\n<meta property=\"article:publisher\" content=\"https:\/\/www.facebook.com\/frederic.poitou\/\" \/>\n<meta property=\"article:published_time\" content=\"2023-07-13T15:35:32+00:00\" \/>\n<meta property=\"article:modified_time\" content=\"2026-04-10T05:15:00+00:00\" \/>\n<meta property=\"og:image\" content=\"http:\/\/www.frederic-poitou.com\/blog\/wp-content\/sipa_00553843_000040.jpg\" \/>\n<meta name=\"author\" content=\"Fr\u00e9d\u00e9ric Poitou\" \/>\n<meta name=\"twitter:card\" content=\"summary_large_image\" \/>\n<meta name=\"twitter:creator\" content=\"@fredericpoitou\" \/>\n<meta name=\"twitter:site\" content=\"@fredericpoitou\" \/>\n<meta name=\"twitter:label1\" content=\"\u00c9crit par\" \/>\n\t<meta name=\"twitter:data1\" content=\"Fr\u00e9d\u00e9ric Poitou\" \/>\n\t<meta name=\"twitter:label2\" content=\"Dur\u00e9e de lecture estim\u00e9e\" \/>\n\t<meta name=\"twitter:data2\" content=\"4 minutes\" \/>\n<script type=\"application\/ld+json\" class=\"yoast-schema-graph\">{\"@context\":\"https:\/\/schema.org\",\"@graph\":[{\"@type\":\"Article\",\"@id\":\"http:\/\/www.frederic-poitou.com\/blog\/les-mini-miss-dans-la-tourmente-laissons-les-enfants-a-leur-place\/#article\",\"isPartOf\":{\"@id\":\"http:\/\/www.frederic-poitou.com\/blog\/les-mini-miss-dans-la-tourmente-laissons-les-enfants-a-leur-place\/\"},\"author\":{\"name\":\"Fr\u00e9d\u00e9ric Poitou\",\"@id\":\"https:\/\/www.frederic-poitou.com\/blog\/#\/schema\/person\/e2c2d05e978747818533fdce859a7799\"},\"headline\":\"LES MINI MISS DANS LA TOURMENTE : LAISSONS LES ENFANTS A LEUR PLACE\",\"datePublished\":\"2023-07-13T15:35:32+00:00\",\"dateModified\":\"2026-04-10T05:15:00+00:00\",\"mainEntityOfPage\":{\"@id\":\"http:\/\/www.frederic-poitou.com\/blog\/les-mini-miss-dans-la-tourmente-laissons-les-enfants-a-leur-place\/\"},\"wordCount\":856,\"image\":{\"@id\":\"http:\/\/www.frederic-poitou.com\/blog\/les-mini-miss-dans-la-tourmente-laissons-les-enfants-a-leur-place\/#primaryimage\"},\"thumbnailUrl\":\"http:\/\/www.frederic-poitou.com\/blog\/wp-content\/sipa_00553843_000040.jpg\",\"keywords\":[\"Actualit\u00e9\"],\"articleSection\":[\"Accueil\"],\"inLanguage\":\"fr-FR\"},{\"@type\":\"WebPage\",\"@id\":\"http:\/\/www.frederic-poitou.com\/blog\/les-mini-miss-dans-la-tourmente-laissons-les-enfants-a-leur-place\/\",\"url\":\"http:\/\/www.frederic-poitou.com\/blog\/les-mini-miss-dans-la-tourmente-laissons-les-enfants-a-leur-place\/\",\"name\":\"LES MINI MISS DANS LA TOURMENTE : LAISSONS LES ENFANTS A LEUR PLACE -\",\"isPartOf\":{\"@id\":\"https:\/\/www.frederic-poitou.com\/blog\/#website\"},\"primaryImageOfPage\":{\"@id\":\"http:\/\/www.frederic-poitou.com\/blog\/les-mini-miss-dans-la-tourmente-laissons-les-enfants-a-leur-place\/#primaryimage\"},\"image\":{\"@id\":\"http:\/\/www.frederic-poitou.com\/blog\/les-mini-miss-dans-la-tourmente-laissons-les-enfants-a-leur-place\/#primaryimage\"},\"thumbnailUrl\":\"http:\/\/www.frederic-poitou.com\/blog\/wp-content\/sipa_00553843_000040.jpg\",\"datePublished\":\"2023-07-13T15:35:32+00:00\",\"dateModified\":\"2026-04-10T05:15:00+00:00\",\"author\":{\"@id\":\"https:\/\/www.frederic-poitou.com\/blog\/#\/schema\/person\/e2c2d05e978747818533fdce859a7799\"},\"breadcrumb\":{\"@id\":\"http:\/\/www.frederic-poitou.com\/blog\/les-mini-miss-dans-la-tourmente-laissons-les-enfants-a-leur-place\/#breadcrumb\"},\"inLanguage\":\"fr-FR\",\"potentialAction\":[{\"@type\":\"ReadAction\",\"target\":[\"http:\/\/www.frederic-poitou.com\/blog\/les-mini-miss-dans-la-tourmente-laissons-les-enfants-a-leur-place\/\"]}]},{\"@type\":\"ImageObject\",\"inLanguage\":\"fr-FR\",\"@id\":\"http:\/\/www.frederic-poitou.com\/blog\/les-mini-miss-dans-la-tourmente-laissons-les-enfants-a-leur-place\/#primaryimage\",\"url\":\"http:\/\/www.frederic-poitou.com\/blog\/wp-content\/sipa_00553843_000040.jpg\",\"contentUrl\":\"http:\/\/www.frederic-poitou.com\/blog\/wp-content\/sipa_00553843_000040.jpg\",\"width\":\"494\",\"height\":\"351\"},{\"@type\":\"BreadcrumbList\",\"@id\":\"http:\/\/www.frederic-poitou.com\/blog\/les-mini-miss-dans-la-tourmente-laissons-les-enfants-a-leur-place\/#breadcrumb\",\"itemListElement\":[{\"@type\":\"ListItem\",\"position\":1,\"name\":\"Accueil\",\"item\":\"https:\/\/www.frederic-poitou.com\/blog\/\"},{\"@type\":\"ListItem\",\"position\":2,\"name\":\"LES MINI MISS DANS LA TOURMENTE : LAISSONS LES ENFANTS A LEUR PLACE\"}]},{\"@type\":\"WebSite\",\"@id\":\"https:\/\/www.frederic-poitou.com\/blog\/#website\",\"url\":\"https:\/\/www.frederic-poitou.com\/blog\/\",\"name\":\"\",\"description\":\"\",\"potentialAction\":[{\"@type\":\"SearchAction\",\"target\":{\"@type\":\"EntryPoint\",\"urlTemplate\":\"https:\/\/www.frederic-poitou.com\/blog\/?s={search_term_string}\"},\"query-input\":{\"@type\":\"PropertyValueSpecification\",\"valueRequired\":true,\"valueName\":\"search_term_string\"}}],\"inLanguage\":\"fr-FR\"},{\"@type\":\"Person\",\"@id\":\"https:\/\/www.frederic-poitou.com\/blog\/#\/schema\/person\/e2c2d05e978747818533fdce859a7799\",\"name\":\"Fr\u00e9d\u00e9ric Poitou\",\"image\":{\"@type\":\"ImageObject\",\"inLanguage\":\"fr-FR\",\"@id\":\"https:\/\/www.frederic-poitou.com\/blog\/#\/schema\/person\/image\/\",\"url\":\"https:\/\/secure.gravatar.com\/avatar\/1933bcca279a2feafd35d9e0a080c521e11beb51115fe4cfe02e2586ac13424a?s=96&d=mm&r=g\",\"contentUrl\":\"https:\/\/secure.gravatar.com\/avatar\/1933bcca279a2feafd35d9e0a080c521e11beb51115fe4cfe02e2586ac13424a?s=96&d=mm&r=g\",\"caption\":\"Fr\u00e9d\u00e9ric Poitou\"},\"description\":\"Fr\u00e9d\u00e9ric Poitou est n\u00e9 \u00e0 Rouen, et y a fait des \u00e9tudes au Conservatoire en musique-\u00e9tudes en section piano. Il s'est ensuite orient\u00e9 vers des \u00e9tudes scientifiques o\u00f9 il a obtenu un dipl\u00f4me d'ing\u00e9nieur, puis un doctorat en Chimie. Il est Expert Judiciaire en France, en Belgique et \u00e0 Luxembourg, et agr\u00e9e par les Institutions Europ\u00e9ennes.\",\"sameAs\":[\"http:\/\/www.frederic-poitou.com\",\"https:\/\/www.linkedin.com\/in\/frederic-poitou-b045a025\/\"]}]}<\/script>\n<!-- \/ Yoast SEO plugin. -->","yoast_head_json":{"title":"LES MINI MISS DANS LA TOURMENTE : LAISSONS LES ENFANTS A LEUR PLACE -","robots":{"index":"index","follow":"follow","max-snippet":"max-snippet:-1","max-image-preview":"max-image-preview:large","max-video-preview":"max-video-preview:-1"},"canonical":"http:\/\/www.frederic-poitou.com\/blog\/les-mini-miss-dans-la-tourmente-laissons-les-enfants-a-leur-place\/","og_locale":"fr_FR","og_type":"article","og_title":"LES MINI MISS DANS LA TOURMENTE : LAISSONS LES ENFANTS A LEUR PLACE -","og_description":"Les concours de Minimiss sont dans la tourmente. J&rsquo;ai d\u00e9j\u00e0 eu l&rsquo;occasion de publier \u00e0 de nombreuses reprises sur le sujet, \u00e0 chaque nouveau concours de MiniMiss, et qui va de Miss embryon, \u00e0 Miss Mamy (cliquer\u00a0ICI) Tourmente judiciaire avec &hellip; Lire la suite\u00ad\u00ad","og_url":"http:\/\/www.frederic-poitou.com\/blog\/les-mini-miss-dans-la-tourmente-laissons-les-enfants-a-leur-place\/","article_publisher":"https:\/\/www.facebook.com\/frederic.poitou\/","article_published_time":"2023-07-13T15:35:32+00:00","article_modified_time":"2026-04-10T05:15:00+00:00","og_image":[{"url":"http:\/\/www.frederic-poitou.com\/blog\/wp-content\/sipa_00553843_000040.jpg","type":"","width":"","height":""}],"author":"Fr\u00e9d\u00e9ric Poitou","twitter_card":"summary_large_image","twitter_creator":"@fredericpoitou","twitter_site":"@fredericpoitou","twitter_misc":{"\u00c9crit par":"Fr\u00e9d\u00e9ric Poitou","Dur\u00e9e de lecture estim\u00e9e":"4 minutes"},"schema":{"@context":"https:\/\/schema.org","@graph":[{"@type":"Article","@id":"http:\/\/www.frederic-poitou.com\/blog\/les-mini-miss-dans-la-tourmente-laissons-les-enfants-a-leur-place\/#article","isPartOf":{"@id":"http:\/\/www.frederic-poitou.com\/blog\/les-mini-miss-dans-la-tourmente-laissons-les-enfants-a-leur-place\/"},"author":{"name":"Fr\u00e9d\u00e9ric Poitou","@id":"https:\/\/www.frederic-poitou.com\/blog\/#\/schema\/person\/e2c2d05e978747818533fdce859a7799"},"headline":"LES MINI MISS DANS LA TOURMENTE : LAISSONS LES ENFANTS A LEUR PLACE","datePublished":"2023-07-13T15:35:32+00:00","dateModified":"2026-04-10T05:15:00+00:00","mainEntityOfPage":{"@id":"http:\/\/www.frederic-poitou.com\/blog\/les-mini-miss-dans-la-tourmente-laissons-les-enfants-a-leur-place\/"},"wordCount":856,"image":{"@id":"http:\/\/www.frederic-poitou.com\/blog\/les-mini-miss-dans-la-tourmente-laissons-les-enfants-a-leur-place\/#primaryimage"},"thumbnailUrl":"http:\/\/www.frederic-poitou.com\/blog\/wp-content\/sipa_00553843_000040.jpg","keywords":["Actualit\u00e9"],"articleSection":["Accueil"],"inLanguage":"fr-FR"},{"@type":"WebPage","@id":"http:\/\/www.frederic-poitou.com\/blog\/les-mini-miss-dans-la-tourmente-laissons-les-enfants-a-leur-place\/","url":"http:\/\/www.frederic-poitou.com\/blog\/les-mini-miss-dans-la-tourmente-laissons-les-enfants-a-leur-place\/","name":"LES MINI MISS DANS LA TOURMENTE : LAISSONS LES ENFANTS A LEUR PLACE -","isPartOf":{"@id":"https:\/\/www.frederic-poitou.com\/blog\/#website"},"primaryImageOfPage":{"@id":"http:\/\/www.frederic-poitou.com\/blog\/les-mini-miss-dans-la-tourmente-laissons-les-enfants-a-leur-place\/#primaryimage"},"image":{"@id":"http:\/\/www.frederic-poitou.com\/blog\/les-mini-miss-dans-la-tourmente-laissons-les-enfants-a-leur-place\/#primaryimage"},"thumbnailUrl":"http:\/\/www.frederic-poitou.com\/blog\/wp-content\/sipa_00553843_000040.jpg","datePublished":"2023-07-13T15:35:32+00:00","dateModified":"2026-04-10T05:15:00+00:00","author":{"@id":"https:\/\/www.frederic-poitou.com\/blog\/#\/schema\/person\/e2c2d05e978747818533fdce859a7799"},"breadcrumb":{"@id":"http:\/\/www.frederic-poitou.com\/blog\/les-mini-miss-dans-la-tourmente-laissons-les-enfants-a-leur-place\/#breadcrumb"},"inLanguage":"fr-FR","potentialAction":[{"@type":"ReadAction","target":["http:\/\/www.frederic-poitou.com\/blog\/les-mini-miss-dans-la-tourmente-laissons-les-enfants-a-leur-place\/"]}]},{"@type":"ImageObject","inLanguage":"fr-FR","@id":"http:\/\/www.frederic-poitou.com\/blog\/les-mini-miss-dans-la-tourmente-laissons-les-enfants-a-leur-place\/#primaryimage","url":"http:\/\/www.frederic-poitou.com\/blog\/wp-content\/sipa_00553843_000040.jpg","contentUrl":"http:\/\/www.frederic-poitou.com\/blog\/wp-content\/sipa_00553843_000040.jpg","width":"494","height":"351"},{"@type":"BreadcrumbList","@id":"http:\/\/www.frederic-poitou.com\/blog\/les-mini-miss-dans-la-tourmente-laissons-les-enfants-a-leur-place\/#breadcrumb","itemListElement":[{"@type":"ListItem","position":1,"name":"Accueil","item":"https:\/\/www.frederic-poitou.com\/blog\/"},{"@type":"ListItem","position":2,"name":"LES MINI MISS DANS LA TOURMENTE : LAISSONS LES ENFANTS A LEUR PLACE"}]},{"@type":"WebSite","@id":"https:\/\/www.frederic-poitou.com\/blog\/#website","url":"https:\/\/www.frederic-poitou.com\/blog\/","name":"","description":"","potentialAction":[{"@type":"SearchAction","target":{"@type":"EntryPoint","urlTemplate":"https:\/\/www.frederic-poitou.com\/blog\/?s={search_term_string}"},"query-input":{"@type":"PropertyValueSpecification","valueRequired":true,"valueName":"search_term_string"}}],"inLanguage":"fr-FR"},{"@type":"Person","@id":"https:\/\/www.frederic-poitou.com\/blog\/#\/schema\/person\/e2c2d05e978747818533fdce859a7799","name":"Fr\u00e9d\u00e9ric Poitou","image":{"@type":"ImageObject","inLanguage":"fr-FR","@id":"https:\/\/www.frederic-poitou.com\/blog\/#\/schema\/person\/image\/","url":"https:\/\/secure.gravatar.com\/avatar\/1933bcca279a2feafd35d9e0a080c521e11beb51115fe4cfe02e2586ac13424a?s=96&d=mm&r=g","contentUrl":"https:\/\/secure.gravatar.com\/avatar\/1933bcca279a2feafd35d9e0a080c521e11beb51115fe4cfe02e2586ac13424a?s=96&d=mm&r=g","caption":"Fr\u00e9d\u00e9ric Poitou"},"description":"Fr\u00e9d\u00e9ric Poitou est n\u00e9 \u00e0 Rouen, et y a fait des \u00e9tudes au Conservatoire en musique-\u00e9tudes en section piano. Il s'est ensuite orient\u00e9 vers des \u00e9tudes scientifiques o\u00f9 il a obtenu un dipl\u00f4me d'ing\u00e9nieur, puis un doctorat en Chimie. Il est Expert Judiciaire en France, en Belgique et \u00e0 Luxembourg, et agr\u00e9e par les Institutions Europ\u00e9ennes.","sameAs":["http:\/\/www.frederic-poitou.com","https:\/\/www.linkedin.com\/in\/frederic-poitou-b045a025\/"]}]}},"_links":{"self":[{"href":"http:\/\/www.frederic-poitou.com\/blog\/wp-json\/wp\/v2\/posts\/6138","targetHints":{"allow":["GET"]}}],"collection":[{"href":"http:\/\/www.frederic-poitou.com\/blog\/wp-json\/wp\/v2\/posts"}],"about":[{"href":"http:\/\/www.frederic-poitou.com\/blog\/wp-json\/wp\/v2\/types\/post"}],"author":[{"embeddable":true,"href":"http:\/\/www.frederic-poitou.com\/blog\/wp-json\/wp\/v2\/users\/4"}],"replies":[{"embeddable":true,"href":"http:\/\/www.frederic-poitou.com\/blog\/wp-json\/wp\/v2\/comments?post=6138"}],"version-history":[{"count":1,"href":"http:\/\/www.frederic-poitou.com\/blog\/wp-json\/wp\/v2\/posts\/6138\/revisions"}],"predecessor-version":[{"id":10276,"href":"http:\/\/www.frederic-poitou.com\/blog\/wp-json\/wp\/v2\/posts\/6138\/revisions\/10276"}],"wp:attachment":[{"href":"http:\/\/www.frederic-poitou.com\/blog\/wp-json\/wp\/v2\/media?parent=6138"}],"wp:term":[{"taxonomy":"category","embeddable":true,"href":"http:\/\/www.frederic-poitou.com\/blog\/wp-json\/wp\/v2\/categories?post=6138"},{"taxonomy":"post_tag","embeddable":true,"href":"http:\/\/www.frederic-poitou.com\/blog\/wp-json\/wp\/v2\/tags?post=6138"}],"curies":[{"name":"wp","href":"https:\/\/api.w.org\/{rel}","templated":true}]}}