{"id":6118,"date":"2023-07-14T06:19:32","date_gmt":"2023-07-14T04:19:32","guid":{"rendered":"http:\/\/www.frederic-poitou.com\/blog\/?p=6118"},"modified":"2026-04-16T11:43:26","modified_gmt":"2026-04-16T09:43:26","slug":"burqa-bla-bla-islam-et-laicite-un-binome-compatible","status":"publish","type":"post","link":"http:\/\/www.frederic-poitou.com\/blog\/burqa-bla-bla-islam-et-laicite-un-binome-compatible\/","title":{"rendered":"BURQA &#8211; BLA BLA : ISLAM ET LAICITE, UN BINOME COMPATIBLE ?"},"content":{"rendered":"<p style=\"text-align: justify;\"><img loading=\"lazy\" decoding=\"async\" class=\"alignleft size-full wp-image-6119\" style=\"margin: 5px; border: 5px solid black;\" title=\"pict_403867\" src=\"http:\/\/www.frederic-poitou.com\/blog\/wp-content\/pict_403867.jpg\" alt=\"pict_403867\" width=\"460\" height=\"320\" \/>Un d\u00e9bat positif autour de l\u2019islam et la la\u00efcit\u00e9 doit \u00eatre possible \u00e0 l\u2019ULB\u2026 Il aura lieu vendredi prochain \u00e0 l\u2019initiative de l\u2019association Tayush.<br \/>\nLorsqu\u2019en Belgique francophone, on d\u00e9bat de la diversit\u00e9 religieuse et de la la\u00efcit\u00e9 de l\u2019Etat, plus pr\u00e9cis\u00e9ment \u00e0 propos de l\u2019islam, il y a souvent un fort fumet \u00ab\u00a0bleu blanc rouge\u00a0\u00bb, constate l\u2019association Tayush. Il faut pourtant faire la part des choses car nos deux soci\u00e9t\u00e9s ne sont pas interchangeables. Puis la \u00ab\u00a0la\u00efcit\u00e9 \u00e0 la fran\u00e7aise\u00a0\u00bb est souvent port\u00e9e au pinacle comme s\u2019il n\u2019y avait pas ailleurs en Europe, des exp\u00e9riences m\u00e9ritant d\u2019\u00eatre examin\u00e9es.<\/p>\n<p style=\"text-align: justify;\">En ces temps o\u00f9 le libre-examen est mis \u00e0 mal jusqu\u2019en son sanctuaire de l\u2019ULB, il est int\u00e9ressant d\u2019entendre des voix atypiques. En France, l\u2019une d\u2019elles est C\u00e9cile Laborde qui, avec Jean Baub\u00e9rot et quelques autres, a pris quelque distance avec la conception dominante du mod\u00e8le r\u00e9publicain. Ce professeur de th\u00e9orie politique \u00e0 l\u2019University College of London, auteur de \u00ab\u00a0Critical republicanism : the Hijab Controversy and Political Philosophy\u00a0\u00bb et de \u00ab\u00a0Fran\u00e7ais, encore un effort pour \u00eatre r\u00e9publicains\u00a0\u00bb sera pr\u00e9cis\u00e9ment \u00e0 l\u2019ULB, ce 2 mars, pour se demander si le mod\u00e8le fran\u00e7ais d\u2019int\u00e9gration est exportable.<\/p>\n<p style=\"text-align: justify;\">Cette politologue nullement adepte du multiculturalisme anglo-saxon a \u00e9labor\u00e9 une th\u00e9orie du \u00ab\u00a0r\u00e9publicanisme critique\u00a0\u00bb qui revisite la tradition r\u00e9publicaine. Elle se demandera, interpell\u00e9e par le sociologue Marc Jacquemain et la politologue Fatima Zibouh (ULg), si cette tradition est exportable dans la soci\u00e9t\u00e9 belge, marqu\u00e9e comme nulle autre par le compromis philosophique et le poids des r\u00e9seaux dans le service public.<\/p>\n<p style=\"text-align: justify;\">L\u2019initiative s\u2019inscrit dans les objectifs de l\u2019association Tayush, de l\u2019arabe classique \u00ab\u00a0Ta\u2019ayush\u00a0\u00bb qui signifie \u00ab\u00a0coexistence\u00a0\u00bb ou \u00ab\u00a0vivre ensemble\u00a0\u00bb (c\u2019est aussi le nom d\u2019un mouvement pacifiste jud\u00e9o-arabe en Isra\u00ebl-Palestine). Il s\u2019agit d\u2019un \u00ab\u00a0groupe de r\u00e9flexion pour un pluralisme actif\u00a0\u00bb n\u00e9 en octobre 2010 de l\u2019initiative d\u2019un groupe de femmes et d\u2019hommes vivant en Belgique et issus de l\u2019immigration ou de la \u00ab\u00a0soci\u00e9t\u00e9 d\u2019accueil\u00a0\u00bb. \u00ab\u00a0<em>Tout est parti d\u2019une r\u00e9flexion sur le malaise identitaire des soci\u00e9t\u00e9s europ\u00e9ennes, expliquent ses responsables. L\u2019ouverture \u00e0 la mondialisation des \u00e9changes et aux migrations a d\u00e9finitivement bris\u00e9 un \u2018entre-soi\u2019 confortable. Nos soci\u00e9t\u00e9s multiculturelles ont du mal \u00e0 int\u00e9grer ce ph\u00e9nom\u00e8ne. Il y a la pr\u00e9carit\u00e9 persistante des populations issues de l\u2019immigration maghr\u00e9bine, turque et subsaharienne mais aussi une attitude crisp\u00e9e autour de caract\u00e9ristiques culturelles de la soci\u00e9t\u00e9 d\u2019accueil. Et celle-ci se cristallise en hostilit\u00e9 face au d\u00e9veloppement d\u2019un islam visible aupr\u00e8s de populations immigr\u00e9es qui aspirent l\u00e9gitimement \u00e0 l\u2019\u00e9galit\u00e9 en droit et en dignit\u00e9. Puis, les personnes d\u2019origine immigr\u00e9e restent largement confront\u00e9es \u00e0 la discrimination, en particulier dans l\u2019emploi, ce qui peut nourrir en retour des tendances au repli communautaire.<\/em>\u00ab\u00a0<\/p>\n<p style=\"text-align: justify;\">C\u2019est contre ces replis que se mobilise Tayush, qui \u00ab\u00a0<em>porte le projet d\u2019une soci\u00e9t\u00e9 inclusive pratiquant le pluralisme actif, qui reconna\u00eet l\u2019apport des diff\u00e9rences culturelles, accepte et valorise leur inscription dans l\u2019espace public et travaille \u00e0 leur int\u00e9gration r\u00e9ciproque<\/em>\u00ab\u00a0. Mais \u00ab\u00a0<em>pareil projet, qui vise \u00e9galit\u00e9 sociale et l\u2019acc\u00e8s \u00e0 la citoyennet\u00e9, ne va pas de soi. Il faut d\u00e8s lors une stricte \u00e9galit\u00e9 des droits, civils et politiques mais aussi sociaux, \u00e9conomiques et culturels<\/em>\u00ab\u00a0. Des droits qui doivent pouvoir \u00eatre exerc\u00e9s sans la moindre pression.<\/p>\n<p style=\"text-align: justify;\">Tayush est aussi pour une stricte \u00e9galit\u00e9 entre les femmes et les hommes. \u00ab\u00a0<em>Elle n\u2019est acquise ni ici ni ailleurs mais les femmes doivent pouvoir d\u00e9terminer librement leur \u00e9mancipation<\/em>.\u00a0\u00bb Autre pierre angulaire du groupe : \u00ab\u00a0<em>C\u2019est la la\u00efcit\u00e9 politique et la neutralit\u00e9 qui vise \u00e0 garantir la s\u00e9paration des Eglises et de l\u2019Etat et les libert\u00e9s fondamentales de personnes et de groupes de personnes partageant des conceptions philosophiques ou religieuses diff\u00e9rentes. La la\u00efcit\u00e9 politique doit constituer un cadre commun de protection, de r\u00e9gulation et d\u2019arbitrage entre toutes les convictions compatibles avec les droits humain<\/em>s.\u00a0\u00bb Si on n\u2019adh\u00e8re pas \u00e0 ces principes, on ne peut rejoindre Tayush qui se pr\u00e9sente toutefois \u00ab\u00a0<em>d\u2019abord comme un think-tank, un lieu de r\u00e9flexion collective et d\u2019\u00e9change qui nourrit ses participants. Et qui ambitionne de peser sur les d\u00e9bats de soci\u00e9t\u00e9 en s\u2019affirmant publiquement aussi souvent que n\u00e9cessaire.<\/em>\u00ab\u00a0<\/p>\n<p style=\"text-align: justify;\">\n<p style=\"text-align: justify;\">La vie de Tayush est rythm\u00e9e par des rencontres mensuelles qui \u00ab\u00a0ont pour objet d\u2019approfondir, avec l\u2019aide d\u2019experts, de scientifiques, de personnalit\u00e9s politiques ou de militants, les questions li\u00e9es \u00e0 son objet\u00a0\u00bb. Ces derniers mois, le groupe a ainsi dialogu\u00e9 avec Sarah Demart (\u00e9meutes \u00e0 Matong\u00e9), Sophie Heine (\u00ab\u00a0Se voiler ou se d\u00e9voiler\u00a0\u00bb) ou encore Felice Dassetto (\u00ab\u00a0L\u2019Iris et le croissant\u00a0\u00bb).<\/p>\n<p style=\"text-align: justify;\">\n<p style=\"text-align: justify;\">Par Christian LAPORTE, La Libre.be, voir en cliquant <a href=\"http:\/\/www.lalibre.be\/actu\/belgique\/article\/722126\/islam-et-laicite-un-binome-compatible.html\" target=\"_blank\" rel=\"noopener\">ICI<\/a><\/p>\n","protected":false},"excerpt":{"rendered":"<p>Un d\u00e9bat positif autour de l\u2019islam et la la\u00efcit\u00e9 doit \u00eatre possible \u00e0 l\u2019ULB\u2026 Il aura lieu vendredi prochain \u00e0 l\u2019initiative de l\u2019association Tayush. Lorsqu\u2019en Belgique francophone, on d\u00e9bat de la diversit\u00e9 religieuse et de la la\u00efcit\u00e9 de l\u2019Etat, plus &hellip; <a href=\"http:\/\/www.frederic-poitou.com\/blog\/burqa-bla-bla-islam-et-laicite-un-binome-compatible\/\">Lire la suite\u00ad\u00ad<\/a><\/p>\n","protected":false},"author":4,"featured_media":0,"comment_status":"open","ping_status":"open","sticky":false,"template":"","format":"standard","meta":{"kt_blocks_editor_width":"","_exactmetrics_skip_tracking":false,"_exactmetrics_sitenote_active":false,"_exactmetrics_sitenote_note":"","_exactmetrics_sitenote_category":0,"footnotes":""},"categories":[1],"tags":[50,26,33,25,24],"class_list":["post-6118","post","type-post","status-publish","format-standard","hentry","category-politique-economie","tag-politique-economie","tag-laicite","tag-mouvement-reformateur","tag-parti-radical","tag-politique"],"yoast_head":"<!-- This site is optimized with the Yoast SEO plugin v27.1.1 - https:\/\/yoast.com\/product\/yoast-seo-wordpress\/ -->\n<title>BURQA - BLA BLA : ISLAM ET LAICITE, UN BINOME COMPATIBLE ? -<\/title>\n<meta name=\"robots\" content=\"index, follow, max-snippet:-1, max-image-preview:large, max-video-preview:-1\" \/>\n<link rel=\"canonical\" href=\"https:\/\/www.frederic-poitou.com\/blog\/burqa-bla-bla-islam-et-laicite-un-binome-compatible\/\" \/>\n<meta property=\"og:locale\" content=\"fr_FR\" \/>\n<meta property=\"og:type\" content=\"article\" \/>\n<meta property=\"og:title\" content=\"BURQA - BLA BLA : ISLAM ET LAICITE, UN BINOME COMPATIBLE ? -\" \/>\n<meta property=\"og:description\" content=\"Un d\u00e9bat positif autour de l\u2019islam et la la\u00efcit\u00e9 doit \u00eatre possible \u00e0 l\u2019ULB\u2026 Il aura lieu vendredi prochain \u00e0 l\u2019initiative de l\u2019association Tayush. Lorsqu\u2019en Belgique francophone, on d\u00e9bat de la diversit\u00e9 religieuse et de la la\u00efcit\u00e9 de l\u2019Etat, plus &hellip; Lire la suite\u00ad\u00ad\" \/>\n<meta property=\"og:url\" content=\"https:\/\/www.frederic-poitou.com\/blog\/burqa-bla-bla-islam-et-laicite-un-binome-compatible\/\" \/>\n<meta property=\"article:publisher\" content=\"https:\/\/www.facebook.com\/frederic.poitou\/\" \/>\n<meta property=\"article:published_time\" content=\"2023-07-14T04:19:32+00:00\" \/>\n<meta property=\"article:modified_time\" content=\"2026-04-16T09:43:26+00:00\" \/>\n<meta property=\"og:image\" content=\"http:\/\/www.frederic-poitou.com\/blog\/wp-content\/pict_403867.jpg\" \/>\n<meta name=\"author\" content=\"Fr\u00e9d\u00e9ric Poitou\" \/>\n<meta name=\"twitter:card\" content=\"summary_large_image\" \/>\n<meta name=\"twitter:creator\" content=\"@fredericpoitou\" \/>\n<meta name=\"twitter:site\" content=\"@fredericpoitou\" \/>\n<meta name=\"twitter:label1\" content=\"\u00c9crit par\" \/>\n\t<meta name=\"twitter:data1\" content=\"Fr\u00e9d\u00e9ric Poitou\" \/>\n\t<meta name=\"twitter:label2\" content=\"Dur\u00e9e de lecture estim\u00e9e\" \/>\n\t<meta name=\"twitter:data2\" content=\"4 minutes\" \/>\n<script type=\"application\/ld+json\" class=\"yoast-schema-graph\">{\"@context\":\"https:\/\/schema.org\",\"@graph\":[{\"@type\":\"Article\",\"@id\":\"https:\/\/www.frederic-poitou.com\/blog\/burqa-bla-bla-islam-et-laicite-un-binome-compatible\/#article\",\"isPartOf\":{\"@id\":\"https:\/\/www.frederic-poitou.com\/blog\/burqa-bla-bla-islam-et-laicite-un-binome-compatible\/\"},\"author\":{\"name\":\"Fr\u00e9d\u00e9ric Poitou\",\"@id\":\"http:\/\/www.frederic-poitou.com\/blog\/#\/schema\/person\/e2c2d05e978747818533fdce859a7799\"},\"headline\":\"BURQA &#8211; BLA BLA : ISLAM ET LAICITE, UN BINOME COMPATIBLE ?\",\"datePublished\":\"2023-07-14T04:19:32+00:00\",\"dateModified\":\"2026-04-16T09:43:26+00:00\",\"mainEntityOfPage\":{\"@id\":\"https:\/\/www.frederic-poitou.com\/blog\/burqa-bla-bla-islam-et-laicite-un-binome-compatible\/\"},\"wordCount\":863,\"commentCount\":0,\"image\":{\"@id\":\"https:\/\/www.frederic-poitou.com\/blog\/burqa-bla-bla-islam-et-laicite-un-binome-compatible\/#primaryimage\"},\"thumbnailUrl\":\"http:\/\/www.frederic-poitou.com\/blog\/wp-content\/pict_403867.jpg\",\"keywords\":[\"Divers\",\"La\u00efcit\u00e9\",\"MOUVEMENT REFORMATEUR\",\"PARTI RADICAL\",\"Politique\"],\"articleSection\":[\"Divers\"],\"inLanguage\":\"fr-FR\",\"potentialAction\":[{\"@type\":\"CommentAction\",\"name\":\"Comment\",\"target\":[\"https:\/\/www.frederic-poitou.com\/blog\/burqa-bla-bla-islam-et-laicite-un-binome-compatible\/#respond\"]}]},{\"@type\":\"WebPage\",\"@id\":\"https:\/\/www.frederic-poitou.com\/blog\/burqa-bla-bla-islam-et-laicite-un-binome-compatible\/\",\"url\":\"https:\/\/www.frederic-poitou.com\/blog\/burqa-bla-bla-islam-et-laicite-un-binome-compatible\/\",\"name\":\"BURQA - BLA BLA : ISLAM ET LAICITE, UN BINOME COMPATIBLE ? -\",\"isPartOf\":{\"@id\":\"http:\/\/www.frederic-poitou.com\/blog\/#website\"},\"primaryImageOfPage\":{\"@id\":\"https:\/\/www.frederic-poitou.com\/blog\/burqa-bla-bla-islam-et-laicite-un-binome-compatible\/#primaryimage\"},\"image\":{\"@id\":\"https:\/\/www.frederic-poitou.com\/blog\/burqa-bla-bla-islam-et-laicite-un-binome-compatible\/#primaryimage\"},\"thumbnailUrl\":\"http:\/\/www.frederic-poitou.com\/blog\/wp-content\/pict_403867.jpg\",\"datePublished\":\"2023-07-14T04:19:32+00:00\",\"dateModified\":\"2026-04-16T09:43:26+00:00\",\"author\":{\"@id\":\"http:\/\/www.frederic-poitou.com\/blog\/#\/schema\/person\/e2c2d05e978747818533fdce859a7799\"},\"breadcrumb\":{\"@id\":\"https:\/\/www.frederic-poitou.com\/blog\/burqa-bla-bla-islam-et-laicite-un-binome-compatible\/#breadcrumb\"},\"inLanguage\":\"fr-FR\",\"potentialAction\":[{\"@type\":\"ReadAction\",\"target\":[\"https:\/\/www.frederic-poitou.com\/blog\/burqa-bla-bla-islam-et-laicite-un-binome-compatible\/\"]}]},{\"@type\":\"ImageObject\",\"inLanguage\":\"fr-FR\",\"@id\":\"https:\/\/www.frederic-poitou.com\/blog\/burqa-bla-bla-islam-et-laicite-un-binome-compatible\/#primaryimage\",\"url\":\"http:\/\/www.frederic-poitou.com\/blog\/wp-content\/pict_403867.jpg\",\"contentUrl\":\"http:\/\/www.frederic-poitou.com\/blog\/wp-content\/pict_403867.jpg\",\"width\":\"230\",\"height\":\"160\"},{\"@type\":\"BreadcrumbList\",\"@id\":\"https:\/\/www.frederic-poitou.com\/blog\/burqa-bla-bla-islam-et-laicite-un-binome-compatible\/#breadcrumb\",\"itemListElement\":[{\"@type\":\"ListItem\",\"position\":1,\"name\":\"Accueil\",\"item\":\"http:\/\/www.frederic-poitou.com\/blog\/\"},{\"@type\":\"ListItem\",\"position\":2,\"name\":\"BURQA &#8211; BLA BLA : ISLAM ET LAICITE, UN BINOME COMPATIBLE ?\"}]},{\"@type\":\"WebSite\",\"@id\":\"http:\/\/www.frederic-poitou.com\/blog\/#website\",\"url\":\"http:\/\/www.frederic-poitou.com\/blog\/\",\"name\":\"\",\"description\":\"\",\"potentialAction\":[{\"@type\":\"SearchAction\",\"target\":{\"@type\":\"EntryPoint\",\"urlTemplate\":\"http:\/\/www.frederic-poitou.com\/blog\/?s={search_term_string}\"},\"query-input\":{\"@type\":\"PropertyValueSpecification\",\"valueRequired\":true,\"valueName\":\"search_term_string\"}}],\"inLanguage\":\"fr-FR\"},{\"@type\":\"Person\",\"@id\":\"http:\/\/www.frederic-poitou.com\/blog\/#\/schema\/person\/e2c2d05e978747818533fdce859a7799\",\"name\":\"Fr\u00e9d\u00e9ric Poitou\",\"image\":{\"@type\":\"ImageObject\",\"inLanguage\":\"fr-FR\",\"@id\":\"http:\/\/www.frederic-poitou.com\/blog\/#\/schema\/person\/image\/\",\"url\":\"https:\/\/secure.gravatar.com\/avatar\/1933bcca279a2feafd35d9e0a080c521e11beb51115fe4cfe02e2586ac13424a?s=96&d=mm&r=g\",\"contentUrl\":\"https:\/\/secure.gravatar.com\/avatar\/1933bcca279a2feafd35d9e0a080c521e11beb51115fe4cfe02e2586ac13424a?s=96&d=mm&r=g\",\"caption\":\"Fr\u00e9d\u00e9ric Poitou\"},\"description\":\"Fr\u00e9d\u00e9ric Poitou est n\u00e9 \u00e0 Rouen, et y a fait des \u00e9tudes au Conservatoire en musique-\u00e9tudes en section piano. Il s'est ensuite orient\u00e9 vers des \u00e9tudes scientifiques o\u00f9 il a obtenu un dipl\u00f4me d'ing\u00e9nieur, puis un doctorat en Chimie. Il est Expert Judiciaire en France, en Belgique et \u00e0 Luxembourg, et agr\u00e9e par les Institutions Europ\u00e9ennes.\",\"sameAs\":[\"http:\/\/www.frederic-poitou.com\",\"https:\/\/www.linkedin.com\/in\/frederic-poitou-b045a025\/\"]}]}<\/script>\n<!-- \/ Yoast SEO plugin. -->","yoast_head_json":{"title":"BURQA - BLA BLA : ISLAM ET LAICITE, UN BINOME COMPATIBLE ? -","robots":{"index":"index","follow":"follow","max-snippet":"max-snippet:-1","max-image-preview":"max-image-preview:large","max-video-preview":"max-video-preview:-1"},"canonical":"https:\/\/www.frederic-poitou.com\/blog\/burqa-bla-bla-islam-et-laicite-un-binome-compatible\/","og_locale":"fr_FR","og_type":"article","og_title":"BURQA - BLA BLA : ISLAM ET LAICITE, UN BINOME COMPATIBLE ? -","og_description":"Un d\u00e9bat positif autour de l\u2019islam et la la\u00efcit\u00e9 doit \u00eatre possible \u00e0 l\u2019ULB\u2026 Il aura lieu vendredi prochain \u00e0 l\u2019initiative de l\u2019association Tayush. Lorsqu\u2019en Belgique francophone, on d\u00e9bat de la diversit\u00e9 religieuse et de la la\u00efcit\u00e9 de l\u2019Etat, plus &hellip; Lire la suite\u00ad\u00ad","og_url":"https:\/\/www.frederic-poitou.com\/blog\/burqa-bla-bla-islam-et-laicite-un-binome-compatible\/","article_publisher":"https:\/\/www.facebook.com\/frederic.poitou\/","article_published_time":"2023-07-14T04:19:32+00:00","article_modified_time":"2026-04-16T09:43:26+00:00","og_image":[{"url":"http:\/\/www.frederic-poitou.com\/blog\/wp-content\/pict_403867.jpg","type":"","width":"","height":""}],"author":"Fr\u00e9d\u00e9ric Poitou","twitter_card":"summary_large_image","twitter_creator":"@fredericpoitou","twitter_site":"@fredericpoitou","twitter_misc":{"\u00c9crit par":"Fr\u00e9d\u00e9ric Poitou","Dur\u00e9e de lecture estim\u00e9e":"4 minutes"},"schema":{"@context":"https:\/\/schema.org","@graph":[{"@type":"Article","@id":"https:\/\/www.frederic-poitou.com\/blog\/burqa-bla-bla-islam-et-laicite-un-binome-compatible\/#article","isPartOf":{"@id":"https:\/\/www.frederic-poitou.com\/blog\/burqa-bla-bla-islam-et-laicite-un-binome-compatible\/"},"author":{"name":"Fr\u00e9d\u00e9ric Poitou","@id":"http:\/\/www.frederic-poitou.com\/blog\/#\/schema\/person\/e2c2d05e978747818533fdce859a7799"},"headline":"BURQA &#8211; BLA BLA : ISLAM ET LAICITE, UN BINOME COMPATIBLE ?","datePublished":"2023-07-14T04:19:32+00:00","dateModified":"2026-04-16T09:43:26+00:00","mainEntityOfPage":{"@id":"https:\/\/www.frederic-poitou.com\/blog\/burqa-bla-bla-islam-et-laicite-un-binome-compatible\/"},"wordCount":863,"commentCount":0,"image":{"@id":"https:\/\/www.frederic-poitou.com\/blog\/burqa-bla-bla-islam-et-laicite-un-binome-compatible\/#primaryimage"},"thumbnailUrl":"http:\/\/www.frederic-poitou.com\/blog\/wp-content\/pict_403867.jpg","keywords":["Divers","La\u00efcit\u00e9","MOUVEMENT REFORMATEUR","PARTI RADICAL","Politique"],"articleSection":["Divers"],"inLanguage":"fr-FR","potentialAction":[{"@type":"CommentAction","name":"Comment","target":["https:\/\/www.frederic-poitou.com\/blog\/burqa-bla-bla-islam-et-laicite-un-binome-compatible\/#respond"]}]},{"@type":"WebPage","@id":"https:\/\/www.frederic-poitou.com\/blog\/burqa-bla-bla-islam-et-laicite-un-binome-compatible\/","url":"https:\/\/www.frederic-poitou.com\/blog\/burqa-bla-bla-islam-et-laicite-un-binome-compatible\/","name":"BURQA - BLA BLA : ISLAM ET LAICITE, UN BINOME COMPATIBLE ? -","isPartOf":{"@id":"http:\/\/www.frederic-poitou.com\/blog\/#website"},"primaryImageOfPage":{"@id":"https:\/\/www.frederic-poitou.com\/blog\/burqa-bla-bla-islam-et-laicite-un-binome-compatible\/#primaryimage"},"image":{"@id":"https:\/\/www.frederic-poitou.com\/blog\/burqa-bla-bla-islam-et-laicite-un-binome-compatible\/#primaryimage"},"thumbnailUrl":"http:\/\/www.frederic-poitou.com\/blog\/wp-content\/pict_403867.jpg","datePublished":"2023-07-14T04:19:32+00:00","dateModified":"2026-04-16T09:43:26+00:00","author":{"@id":"http:\/\/www.frederic-poitou.com\/blog\/#\/schema\/person\/e2c2d05e978747818533fdce859a7799"},"breadcrumb":{"@id":"https:\/\/www.frederic-poitou.com\/blog\/burqa-bla-bla-islam-et-laicite-un-binome-compatible\/#breadcrumb"},"inLanguage":"fr-FR","potentialAction":[{"@type":"ReadAction","target":["https:\/\/www.frederic-poitou.com\/blog\/burqa-bla-bla-islam-et-laicite-un-binome-compatible\/"]}]},{"@type":"ImageObject","inLanguage":"fr-FR","@id":"https:\/\/www.frederic-poitou.com\/blog\/burqa-bla-bla-islam-et-laicite-un-binome-compatible\/#primaryimage","url":"http:\/\/www.frederic-poitou.com\/blog\/wp-content\/pict_403867.jpg","contentUrl":"http:\/\/www.frederic-poitou.com\/blog\/wp-content\/pict_403867.jpg","width":"230","height":"160"},{"@type":"BreadcrumbList","@id":"https:\/\/www.frederic-poitou.com\/blog\/burqa-bla-bla-islam-et-laicite-un-binome-compatible\/#breadcrumb","itemListElement":[{"@type":"ListItem","position":1,"name":"Accueil","item":"http:\/\/www.frederic-poitou.com\/blog\/"},{"@type":"ListItem","position":2,"name":"BURQA &#8211; BLA BLA : ISLAM ET LAICITE, UN BINOME COMPATIBLE ?"}]},{"@type":"WebSite","@id":"http:\/\/www.frederic-poitou.com\/blog\/#website","url":"http:\/\/www.frederic-poitou.com\/blog\/","name":"","description":"","potentialAction":[{"@type":"SearchAction","target":{"@type":"EntryPoint","urlTemplate":"http:\/\/www.frederic-poitou.com\/blog\/?s={search_term_string}"},"query-input":{"@type":"PropertyValueSpecification","valueRequired":true,"valueName":"search_term_string"}}],"inLanguage":"fr-FR"},{"@type":"Person","@id":"http:\/\/www.frederic-poitou.com\/blog\/#\/schema\/person\/e2c2d05e978747818533fdce859a7799","name":"Fr\u00e9d\u00e9ric Poitou","image":{"@type":"ImageObject","inLanguage":"fr-FR","@id":"http:\/\/www.frederic-poitou.com\/blog\/#\/schema\/person\/image\/","url":"https:\/\/secure.gravatar.com\/avatar\/1933bcca279a2feafd35d9e0a080c521e11beb51115fe4cfe02e2586ac13424a?s=96&d=mm&r=g","contentUrl":"https:\/\/secure.gravatar.com\/avatar\/1933bcca279a2feafd35d9e0a080c521e11beb51115fe4cfe02e2586ac13424a?s=96&d=mm&r=g","caption":"Fr\u00e9d\u00e9ric Poitou"},"description":"Fr\u00e9d\u00e9ric Poitou est n\u00e9 \u00e0 Rouen, et y a fait des \u00e9tudes au Conservatoire en musique-\u00e9tudes en section piano. Il s'est ensuite orient\u00e9 vers des \u00e9tudes scientifiques o\u00f9 il a obtenu un dipl\u00f4me d'ing\u00e9nieur, puis un doctorat en Chimie. Il est Expert Judiciaire en France, en Belgique et \u00e0 Luxembourg, et agr\u00e9e par les Institutions Europ\u00e9ennes.","sameAs":["http:\/\/www.frederic-poitou.com","https:\/\/www.linkedin.com\/in\/frederic-poitou-b045a025\/"]}]}},"_links":{"self":[{"href":"http:\/\/www.frederic-poitou.com\/blog\/wp-json\/wp\/v2\/posts\/6118","targetHints":{"allow":["GET"]}}],"collection":[{"href":"http:\/\/www.frederic-poitou.com\/blog\/wp-json\/wp\/v2\/posts"}],"about":[{"href":"http:\/\/www.frederic-poitou.com\/blog\/wp-json\/wp\/v2\/types\/post"}],"author":[{"embeddable":true,"href":"http:\/\/www.frederic-poitou.com\/blog\/wp-json\/wp\/v2\/users\/4"}],"replies":[{"embeddable":true,"href":"http:\/\/www.frederic-poitou.com\/blog\/wp-json\/wp\/v2\/comments?post=6118"}],"version-history":[{"count":1,"href":"http:\/\/www.frederic-poitou.com\/blog\/wp-json\/wp\/v2\/posts\/6118\/revisions"}],"predecessor-version":[{"id":10278,"href":"http:\/\/www.frederic-poitou.com\/blog\/wp-json\/wp\/v2\/posts\/6118\/revisions\/10278"}],"wp:attachment":[{"href":"http:\/\/www.frederic-poitou.com\/blog\/wp-json\/wp\/v2\/media?parent=6118"}],"wp:term":[{"taxonomy":"category","embeddable":true,"href":"http:\/\/www.frederic-poitou.com\/blog\/wp-json\/wp\/v2\/categories?post=6118"},{"taxonomy":"post_tag","embeddable":true,"href":"http:\/\/www.frederic-poitou.com\/blog\/wp-json\/wp\/v2\/tags?post=6118"}],"curies":[{"name":"wp","href":"https:\/\/api.w.org\/{rel}","templated":true}]}}