{"id":6111,"date":"2023-07-15T07:55:32","date_gmt":"2023-07-15T05:55:32","guid":{"rendered":"http:\/\/www.frederic-poitou.com\/blog\/?p=6111"},"modified":"2026-04-28T12:13:08","modified_gmt":"2026-04-28T10:13:08","slug":"refuser-le-debat-cest-le-craindre","status":"publish","type":"post","link":"http:\/\/www.frederic-poitou.com\/blog\/refuser-le-debat-cest-le-craindre\/","title":{"rendered":"REFUSER LE DEBAT, C&rsquo;EST LE CRAINDRE ?"},"content":{"rendered":"<p>Apr\u00e8s s&rsquo;en \u00eatre pris \u00e0 France 2, et \u00e0 David Pujadas \u00ab\u00a0Vous \u00eates le Paul Amar des temps modernes vous auriez pu nous donner des gants de boxe\u00a0\u00bb, dans une allusion au fameux d\u00e9bat, dans les ann\u00e9es 90, entre Jean-Marie Le Pen et Bernard Tapie, Marine Le Pen a simplement refus\u00e9 le d\u00e9bat avec Jean-Luc M\u00e9lenchon.<br \/>\nApr\u00e8s avoir \u00e9t\u00e9 tan\u00e7\u00e9e<br \/>\n&#8212;&#8212;&#8212;&#8212;&#8212;&#8211;<br \/>\n<iframe src=\"http:\/\/www.wat.tv\/embedframe\/263060chuPP3r8198137\" frameborder=\"0\" style=\"width: 480px; height: 270px;\"><\/iframe><\/p>\n<div class=\"watlinks\" style=\"width:WIDTHpx;font-size:11px; background:#CCCCCC; padding:2px 0 4px 0; text-align: center;\"><a target=\"_blank\" class=\"waturl\" href=\"http:\/\/www.wat.tv\/video\/non-debat-entre-marine-pen-4vpq1_2exyv_.html\" title=\"Vid\u00e9o Le non-d&eacute;bat entre Marine Le Pen et M&eacute;lenchon sur wat.tv\" rel=\"noopener\"><strong>Le non-d\u00e9bat entre Marine Le Pen et M\u00e9lenchon<\/strong><\/a> Vid\u00e9o <a class=\"waturl altuser\" href=\"http:\/\/www.wat.tv\/jeanmarcmorandini\" title=\"Retrouvez toutes les vid\u00e9os jeanmarcmorandini sur wat.tv\">jeanmarcmorandini<\/a> s\u00e9lectionn\u00e9e dans <a href=\"http:\/\/www.wat.tv\/guide\/tv\" class=\"waturl alttheme\" title=\"Toutes les vid\u00e9os Replay TV sont sur wat.tv\">Replay TV<\/a> <\/div>\n<p>&#8212;&#8212;&#8212;&#8212;&#8212;<br \/>\nCa n&rsquo;est pas la premi\u00e8re fois que les deux oiseaux se retrouvent, et si l&rsquo;on s&rsquo;en r\u00e9f\u00e8re aux premi\u00e8res joutes, on peut penser que Marine Le Pen craint le M\u00e9lenchon !<\/p>\n<p><iframe loading=\"lazy\" frameborder=\"0\" width=\"480\" height=\"276\" src=\"http:\/\/www.dailymotion.com\/embed\/video\/xh12xb\"><\/iframe><br \/><a href=\"http:\/\/www.dailymotion.com\/video\/xh12xb_debat-le-pen-melenchon-1ere-partie_news\" target=\"_blank\" rel=\"noopener\">D&eacute;bat Le Pen \/M&eacute;lenchon 1&egrave;re partie<\/a> <i>par <a href=\"http:\/\/www.dailymotion.com\/BFMTV\" target=\"_blank\" rel=\"noopener\">BFMTV<\/a><\/i><br \/>\n&#8212;&#8212;&#8212;&#8212;&#8212;&#8212;&#8212;&#8212;&#8212;&#8212;&#8212;&#8212;<br \/>\n&#8212;&#8212;&#8212;&#8212;&#8212;&#8212;&#8212;&#8212;&#8212;&#8212;&#8212;&#8212;<br \/>\n<iframe loading=\"lazy\" frameborder=\"0\" width=\"480\" height=\"276\" src=\"http:\/\/www.dailymotion.com\/embed\/video\/xh13zt\"><\/iframe><br \/><a href=\"http:\/\/www.dailymotion.com\/video\/xh13zt_debat-le-pen-melenchon-2eme-partie_news\" target=\"_blank\" rel=\"noopener\">D&eacute;bat Le Pen \/ M&eacute;lenchon 2&egrave;me partie<\/a> <i>par <a href=\"http:\/\/www.dailymotion.com\/BFMTV\" target=\"_blank\" rel=\"noopener\">BFMTV<\/a><\/i><\/p>\n","protected":false},"excerpt":{"rendered":"<p>Apr\u00e8s s&rsquo;en \u00eatre pris \u00e0 France 2, et \u00e0 David Pujadas \u00ab\u00a0Vous \u00eates le Paul Amar des temps modernes vous auriez pu nous donner des gants de boxe\u00a0\u00bb, dans une allusion au fameux d\u00e9bat, dans les ann\u00e9es 90, entre Jean-Marie &hellip; <a href=\"http:\/\/www.frederic-poitou.com\/blog\/refuser-le-debat-cest-le-craindre\/\">Lire la suite\u00ad\u00ad<\/a><\/p>\n","protected":false},"author":4,"featured_media":0,"comment_status":"open","ping_status":"open","sticky":false,"template":"","format":"standard","meta":{"kt_blocks_editor_width":"","_exactmetrics_skip_tracking":false,"_exactmetrics_sitenote_active":false,"_exactmetrics_sitenote_note":"","_exactmetrics_sitenote_category":0,"footnotes":""},"categories":[48],"tags":[27],"class_list":["post-6111","post","type-post","status-publish","format-standard","hentry","category-accueil","tag-actualite"],"yoast_head":"<!-- This site is optimized with the Yoast SEO plugin v27.1.1 - https:\/\/yoast.com\/product\/yoast-seo-wordpress\/ -->\n<title>REFUSER LE DEBAT, C&#039;EST LE CRAINDRE ? -<\/title>\n<meta name=\"robots\" content=\"index, follow, max-snippet:-1, max-image-preview:large, max-video-preview:-1\" \/>\n<link rel=\"canonical\" href=\"http:\/\/www.frederic-poitou.com\/blog\/refuser-le-debat-cest-le-craindre\/\" \/>\n<meta property=\"og:locale\" content=\"fr_FR\" \/>\n<meta property=\"og:type\" content=\"article\" \/>\n<meta property=\"og:title\" content=\"REFUSER LE DEBAT, C&#039;EST LE CRAINDRE ? -\" \/>\n<meta property=\"og:description\" content=\"Apr\u00e8s s&rsquo;en \u00eatre pris \u00e0 France 2, et \u00e0 David Pujadas \u00ab\u00a0Vous \u00eates le Paul Amar des temps modernes vous auriez pu nous donner des gants de boxe\u00a0\u00bb, dans une allusion au fameux d\u00e9bat, dans les ann\u00e9es 90, entre Jean-Marie &hellip; Lire la suite\u00ad\u00ad\" \/>\n<meta property=\"og:url\" content=\"http:\/\/www.frederic-poitou.com\/blog\/refuser-le-debat-cest-le-craindre\/\" \/>\n<meta property=\"article:publisher\" content=\"https:\/\/www.facebook.com\/frederic.poitou\/\" \/>\n<meta property=\"article:published_time\" content=\"2023-07-15T05:55:32+00:00\" \/>\n<meta property=\"article:modified_time\" content=\"2026-04-28T10:13:08+00:00\" \/>\n<meta name=\"author\" content=\"Fr\u00e9d\u00e9ric Poitou\" \/>\n<meta name=\"twitter:card\" content=\"summary_large_image\" \/>\n<meta name=\"twitter:creator\" content=\"@fredericpoitou\" \/>\n<meta name=\"twitter:site\" content=\"@fredericpoitou\" \/>\n<meta name=\"twitter:label1\" content=\"\u00c9crit par\" \/>\n\t<meta name=\"twitter:data1\" content=\"Fr\u00e9d\u00e9ric Poitou\" \/>\n\t<meta name=\"twitter:label2\" content=\"Dur\u00e9e de lecture estim\u00e9e\" \/>\n\t<meta name=\"twitter:data2\" content=\"1 minute\" \/>\n<script type=\"application\/ld+json\" class=\"yoast-schema-graph\">{\"@context\":\"https:\/\/schema.org\",\"@graph\":[{\"@type\":\"Article\",\"@id\":\"http:\/\/www.frederic-poitou.com\/blog\/refuser-le-debat-cest-le-craindre\/#article\",\"isPartOf\":{\"@id\":\"http:\/\/www.frederic-poitou.com\/blog\/refuser-le-debat-cest-le-craindre\/\"},\"author\":{\"name\":\"Fr\u00e9d\u00e9ric Poitou\",\"@id\":\"https:\/\/www.frederic-poitou.com\/blog\/#\/schema\/person\/e2c2d05e978747818533fdce859a7799\"},\"headline\":\"REFUSER LE DEBAT, C&rsquo;EST LE CRAINDRE ?\",\"datePublished\":\"2023-07-15T05:55:32+00:00\",\"dateModified\":\"2026-04-28T10:13:08+00:00\",\"mainEntityOfPage\":{\"@id\":\"http:\/\/www.frederic-poitou.com\/blog\/refuser-le-debat-cest-le-craindre\/\"},\"wordCount\":158,\"commentCount\":0,\"keywords\":[\"Actualit\u00e9\"],\"articleSection\":[\"Accueil\"],\"inLanguage\":\"fr-FR\",\"potentialAction\":[{\"@type\":\"CommentAction\",\"name\":\"Comment\",\"target\":[\"http:\/\/www.frederic-poitou.com\/blog\/refuser-le-debat-cest-le-craindre\/#respond\"]}]},{\"@type\":\"WebPage\",\"@id\":\"http:\/\/www.frederic-poitou.com\/blog\/refuser-le-debat-cest-le-craindre\/\",\"url\":\"http:\/\/www.frederic-poitou.com\/blog\/refuser-le-debat-cest-le-craindre\/\",\"name\":\"REFUSER LE DEBAT, C'EST LE CRAINDRE ? -\",\"isPartOf\":{\"@id\":\"https:\/\/www.frederic-poitou.com\/blog\/#website\"},\"datePublished\":\"2023-07-15T05:55:32+00:00\",\"dateModified\":\"2026-04-28T10:13:08+00:00\",\"author\":{\"@id\":\"https:\/\/www.frederic-poitou.com\/blog\/#\/schema\/person\/e2c2d05e978747818533fdce859a7799\"},\"breadcrumb\":{\"@id\":\"http:\/\/www.frederic-poitou.com\/blog\/refuser-le-debat-cest-le-craindre\/#breadcrumb\"},\"inLanguage\":\"fr-FR\",\"potentialAction\":[{\"@type\":\"ReadAction\",\"target\":[\"http:\/\/www.frederic-poitou.com\/blog\/refuser-le-debat-cest-le-craindre\/\"]}]},{\"@type\":\"BreadcrumbList\",\"@id\":\"http:\/\/www.frederic-poitou.com\/blog\/refuser-le-debat-cest-le-craindre\/#breadcrumb\",\"itemListElement\":[{\"@type\":\"ListItem\",\"position\":1,\"name\":\"Accueil\",\"item\":\"https:\/\/www.frederic-poitou.com\/blog\/\"},{\"@type\":\"ListItem\",\"position\":2,\"name\":\"REFUSER LE DEBAT, C&rsquo;EST LE CRAINDRE ?\"}]},{\"@type\":\"WebSite\",\"@id\":\"https:\/\/www.frederic-poitou.com\/blog\/#website\",\"url\":\"https:\/\/www.frederic-poitou.com\/blog\/\",\"name\":\"\",\"description\":\"\",\"potentialAction\":[{\"@type\":\"SearchAction\",\"target\":{\"@type\":\"EntryPoint\",\"urlTemplate\":\"https:\/\/www.frederic-poitou.com\/blog\/?s={search_term_string}\"},\"query-input\":{\"@type\":\"PropertyValueSpecification\",\"valueRequired\":true,\"valueName\":\"search_term_string\"}}],\"inLanguage\":\"fr-FR\"},{\"@type\":\"Person\",\"@id\":\"https:\/\/www.frederic-poitou.com\/blog\/#\/schema\/person\/e2c2d05e978747818533fdce859a7799\",\"name\":\"Fr\u00e9d\u00e9ric Poitou\",\"image\":{\"@type\":\"ImageObject\",\"inLanguage\":\"fr-FR\",\"@id\":\"https:\/\/www.frederic-poitou.com\/blog\/#\/schema\/person\/image\/\",\"url\":\"https:\/\/secure.gravatar.com\/avatar\/1933bcca279a2feafd35d9e0a080c521e11beb51115fe4cfe02e2586ac13424a?s=96&d=mm&r=g\",\"contentUrl\":\"https:\/\/secure.gravatar.com\/avatar\/1933bcca279a2feafd35d9e0a080c521e11beb51115fe4cfe02e2586ac13424a?s=96&d=mm&r=g\",\"caption\":\"Fr\u00e9d\u00e9ric Poitou\"},\"description\":\"Fr\u00e9d\u00e9ric Poitou est n\u00e9 \u00e0 Rouen, et y a fait des \u00e9tudes au Conservatoire en musique-\u00e9tudes en section piano. Il s'est ensuite orient\u00e9 vers des \u00e9tudes scientifiques o\u00f9 il a obtenu un dipl\u00f4me d'ing\u00e9nieur, puis un doctorat en Chimie. Il est Expert Judiciaire en France, en Belgique et \u00e0 Luxembourg, et agr\u00e9e par les Institutions Europ\u00e9ennes.\",\"sameAs\":[\"http:\/\/www.frederic-poitou.com\",\"https:\/\/www.linkedin.com\/in\/frederic-poitou-b045a025\/\"]}]}<\/script>\n<!-- \/ Yoast SEO plugin. -->","yoast_head_json":{"title":"REFUSER LE DEBAT, C'EST LE CRAINDRE ? -","robots":{"index":"index","follow":"follow","max-snippet":"max-snippet:-1","max-image-preview":"max-image-preview:large","max-video-preview":"max-video-preview:-1"},"canonical":"http:\/\/www.frederic-poitou.com\/blog\/refuser-le-debat-cest-le-craindre\/","og_locale":"fr_FR","og_type":"article","og_title":"REFUSER LE DEBAT, C'EST LE CRAINDRE ? -","og_description":"Apr\u00e8s s&rsquo;en \u00eatre pris \u00e0 France 2, et \u00e0 David Pujadas \u00ab\u00a0Vous \u00eates le Paul Amar des temps modernes vous auriez pu nous donner des gants de boxe\u00a0\u00bb, dans une allusion au fameux d\u00e9bat, dans les ann\u00e9es 90, entre Jean-Marie &hellip; Lire la suite\u00ad\u00ad","og_url":"http:\/\/www.frederic-poitou.com\/blog\/refuser-le-debat-cest-le-craindre\/","article_publisher":"https:\/\/www.facebook.com\/frederic.poitou\/","article_published_time":"2023-07-15T05:55:32+00:00","article_modified_time":"2026-04-28T10:13:08+00:00","author":"Fr\u00e9d\u00e9ric Poitou","twitter_card":"summary_large_image","twitter_creator":"@fredericpoitou","twitter_site":"@fredericpoitou","twitter_misc":{"\u00c9crit par":"Fr\u00e9d\u00e9ric Poitou","Dur\u00e9e de lecture estim\u00e9e":"1 minute"},"schema":{"@context":"https:\/\/schema.org","@graph":[{"@type":"Article","@id":"http:\/\/www.frederic-poitou.com\/blog\/refuser-le-debat-cest-le-craindre\/#article","isPartOf":{"@id":"http:\/\/www.frederic-poitou.com\/blog\/refuser-le-debat-cest-le-craindre\/"},"author":{"name":"Fr\u00e9d\u00e9ric Poitou","@id":"https:\/\/www.frederic-poitou.com\/blog\/#\/schema\/person\/e2c2d05e978747818533fdce859a7799"},"headline":"REFUSER LE DEBAT, C&rsquo;EST LE CRAINDRE ?","datePublished":"2023-07-15T05:55:32+00:00","dateModified":"2026-04-28T10:13:08+00:00","mainEntityOfPage":{"@id":"http:\/\/www.frederic-poitou.com\/blog\/refuser-le-debat-cest-le-craindre\/"},"wordCount":158,"commentCount":0,"keywords":["Actualit\u00e9"],"articleSection":["Accueil"],"inLanguage":"fr-FR","potentialAction":[{"@type":"CommentAction","name":"Comment","target":["http:\/\/www.frederic-poitou.com\/blog\/refuser-le-debat-cest-le-craindre\/#respond"]}]},{"@type":"WebPage","@id":"http:\/\/www.frederic-poitou.com\/blog\/refuser-le-debat-cest-le-craindre\/","url":"http:\/\/www.frederic-poitou.com\/blog\/refuser-le-debat-cest-le-craindre\/","name":"REFUSER LE DEBAT, C'EST LE CRAINDRE ? -","isPartOf":{"@id":"https:\/\/www.frederic-poitou.com\/blog\/#website"},"datePublished":"2023-07-15T05:55:32+00:00","dateModified":"2026-04-28T10:13:08+00:00","author":{"@id":"https:\/\/www.frederic-poitou.com\/blog\/#\/schema\/person\/e2c2d05e978747818533fdce859a7799"},"breadcrumb":{"@id":"http:\/\/www.frederic-poitou.com\/blog\/refuser-le-debat-cest-le-craindre\/#breadcrumb"},"inLanguage":"fr-FR","potentialAction":[{"@type":"ReadAction","target":["http:\/\/www.frederic-poitou.com\/blog\/refuser-le-debat-cest-le-craindre\/"]}]},{"@type":"BreadcrumbList","@id":"http:\/\/www.frederic-poitou.com\/blog\/refuser-le-debat-cest-le-craindre\/#breadcrumb","itemListElement":[{"@type":"ListItem","position":1,"name":"Accueil","item":"https:\/\/www.frederic-poitou.com\/blog\/"},{"@type":"ListItem","position":2,"name":"REFUSER LE DEBAT, C&rsquo;EST LE CRAINDRE ?"}]},{"@type":"WebSite","@id":"https:\/\/www.frederic-poitou.com\/blog\/#website","url":"https:\/\/www.frederic-poitou.com\/blog\/","name":"","description":"","potentialAction":[{"@type":"SearchAction","target":{"@type":"EntryPoint","urlTemplate":"https:\/\/www.frederic-poitou.com\/blog\/?s={search_term_string}"},"query-input":{"@type":"PropertyValueSpecification","valueRequired":true,"valueName":"search_term_string"}}],"inLanguage":"fr-FR"},{"@type":"Person","@id":"https:\/\/www.frederic-poitou.com\/blog\/#\/schema\/person\/e2c2d05e978747818533fdce859a7799","name":"Fr\u00e9d\u00e9ric Poitou","image":{"@type":"ImageObject","inLanguage":"fr-FR","@id":"https:\/\/www.frederic-poitou.com\/blog\/#\/schema\/person\/image\/","url":"https:\/\/secure.gravatar.com\/avatar\/1933bcca279a2feafd35d9e0a080c521e11beb51115fe4cfe02e2586ac13424a?s=96&d=mm&r=g","contentUrl":"https:\/\/secure.gravatar.com\/avatar\/1933bcca279a2feafd35d9e0a080c521e11beb51115fe4cfe02e2586ac13424a?s=96&d=mm&r=g","caption":"Fr\u00e9d\u00e9ric Poitou"},"description":"Fr\u00e9d\u00e9ric Poitou est n\u00e9 \u00e0 Rouen, et y a fait des \u00e9tudes au Conservatoire en musique-\u00e9tudes en section piano. Il s'est ensuite orient\u00e9 vers des \u00e9tudes scientifiques o\u00f9 il a obtenu un dipl\u00f4me d'ing\u00e9nieur, puis un doctorat en Chimie. Il est Expert Judiciaire en France, en Belgique et \u00e0 Luxembourg, et agr\u00e9e par les Institutions Europ\u00e9ennes.","sameAs":["http:\/\/www.frederic-poitou.com","https:\/\/www.linkedin.com\/in\/frederic-poitou-b045a025\/"]}]}},"_links":{"self":[{"href":"http:\/\/www.frederic-poitou.com\/blog\/wp-json\/wp\/v2\/posts\/6111","targetHints":{"allow":["GET"]}}],"collection":[{"href":"http:\/\/www.frederic-poitou.com\/blog\/wp-json\/wp\/v2\/posts"}],"about":[{"href":"http:\/\/www.frederic-poitou.com\/blog\/wp-json\/wp\/v2\/types\/post"}],"author":[{"embeddable":true,"href":"http:\/\/www.frederic-poitou.com\/blog\/wp-json\/wp\/v2\/users\/4"}],"replies":[{"embeddable":true,"href":"http:\/\/www.frederic-poitou.com\/blog\/wp-json\/wp\/v2\/comments?post=6111"}],"version-history":[{"count":1,"href":"http:\/\/www.frederic-poitou.com\/blog\/wp-json\/wp\/v2\/posts\/6111\/revisions"}],"predecessor-version":[{"id":10275,"href":"http:\/\/www.frederic-poitou.com\/blog\/wp-json\/wp\/v2\/posts\/6111\/revisions\/10275"}],"wp:attachment":[{"href":"http:\/\/www.frederic-poitou.com\/blog\/wp-json\/wp\/v2\/media?parent=6111"}],"wp:term":[{"taxonomy":"category","embeddable":true,"href":"http:\/\/www.frederic-poitou.com\/blog\/wp-json\/wp\/v2\/categories?post=6111"},{"taxonomy":"post_tag","embeddable":true,"href":"http:\/\/www.frederic-poitou.com\/blog\/wp-json\/wp\/v2\/tags?post=6111"}],"curies":[{"name":"wp","href":"https:\/\/api.w.org\/{rel}","templated":true}]}}