{"id":6092,"date":"2023-07-14T17:46:32","date_gmt":"2023-07-14T15:46:32","guid":{"rendered":"http:\/\/www.frederic-poitou.com\/blog\/?p=6092"},"modified":"2026-04-22T00:37:34","modified_gmt":"2026-04-21T22:37:34","slug":"sois-tu-parles-flamand-mon-petit-soit-tes-puni","status":"publish","type":"post","link":"http:\/\/www.frederic-poitou.com\/blog\/sois-tu-parles-flamand-mon-petit-soit-tes-puni\/","title":{"rendered":"SOIT TU PARLES FLAMAND MON PETIT, SOIT T&rsquo;ES PUNI &#8230;"},"content":{"rendered":"<p>D\u00e9lirant !<\/p>\n<p>Bruxelles, capitale de l&rsquo;Europe, ville d&rsquo;ouverture par excellence, a aussi ses canards boiteux &#8230; Ainsi cette \u00e9cole neerlandophone, Sint Jozefsschool \u00e0 St Agathe (BXL), a t elle appos\u00e9 sur le mur d&rsquo;entr\u00e9e de l&rsquo;\u00e9cole, le slogan suivant :<span style=\"color: #ffffff;\">&#8212;&#8212;&#8212;&#8211;<\/span><\/p>\n<figure id=\"attachment_6093\" class=\"thumbnail wp-caption aligncenter\" style=\"width: 300px\"><img loading=\"lazy\" decoding=\"async\" class=\"size-full wp-image-6093 \" title=\"ecole-flamande\" src=\"http:\/\/www.frederic-poitou.com\/blog\/wp-content\/ecole-flamande.jpg\" alt=\"ecole-flamande\" width=\"300\" height=\"218\" \/><figcaption class=\"caption wp-caption-text\">\u00ab\u00a0Dans l&rsquo;int\u00e9r\u00eat de votre enfant, ici, nous parlons neerlandais. Pas vous ?\u00a0\u00bb<\/figcaption><\/figure>\n<p style=\"text-align: justify;\"><span style=\"color: #ffffff;\">&#8212;&#8212;&#8212;&#8212;<\/span><\/p>\n<p style=\"text-align: justify;\"><span style=\"color: #333333;\">Alors que ce pays est riche de trois langues, situ\u00e9 au coeur de l&rsquo;Europe, et de par son histoire un v\u00e9ritable carrefour des diff\u00e9rences, sa partie Nord, la Flandre, est rong\u00e9e par un courant nationaliste, s\u00e9paratiste, et francophobe, incarn\u00e9e par deux partis :<\/span><\/p>\n<p>&#8211; La NVA (<em>Nieuw-Vlaasmse Alliantie &#8211; nouvelle alliance flamande<\/em>) dont le Pr\u00e9sident, Bart de Wever (vieux copain de Le Pen) est issu d&rsquo;une famille dont le Grand p\u00e8re avait \u00e9t\u00e9 secr\u00e9taire du Vlaams National Verbond. Ce faisant, au passage, Jean-Marie le Pen se rapproche d&rsquo;un mouvement anti-francophone ! Mais Papa Le Pen n&rsquo;en est pas \u00e0 une contradiction pr\u00e8s &#8230;<\/p>\n<figure id=\"attachment_6094\" class=\"thumbnail wp-caption aligncenter\" style=\"width: 260px\"><img loading=\"lazy\" decoding=\"async\" class=\"size-full wp-image-6094\" title=\"dewever01\" src=\"http:\/\/www.frederic-poitou.com\/blog\/wp-content\/dewever01.jpg\" alt=\"Bart de Wever avec Jean-Marie Le Pen\" width=\"260\" height=\"350\" srcset=\"http:\/\/www.frederic-poitou.com\/blog\/wp-content\/dewever01.jpg 260w, http:\/\/www.frederic-poitou.com\/blog\/wp-content\/dewever01-222x300.jpg 222w\" sizes=\"auto, (max-width: 260px) 100vw, 260px\" \/><figcaption class=\"caption wp-caption-text\">Bart de Wever avec Jean-Marie Le Pen<\/figcaption><\/figure>\n<p>&#8211; Le Vlaams Blok (Bloc Flamand), directement issu de la mouvance collaborationniste de la seconde guerre mondiale, qui se transformera en parti officiel en \u00a01985, via de jeunes militants provenant principalement du NSV (Syndicat Etudiant d&rsquo;Extr\u00eame droite, tr\u00e8s proche de Le Pen).<\/p>\n<div>Bilan : Certaines \u00e9coles flamandes ont pris la d\u00e9cision de punir les enfants qui parlent fran\u00e7ais dans la cour de r\u00e9cr\u00e9ation, ce qui fait bondir certains parents francophones qui ont inscrit leurs enfants dans cette \u00e9cole, le tout formul\u00e9 de mani\u00e8re \u00e9l\u00e9gante, ainsi :<\/div>\n<div><em>\u00ab\u00a0Le n\u00e9erlandais est obligatoire dans notre \u00e9cole, m\u00eame dans la cour de r\u00e9cr\u00e9ation. Si votre enfant y parle le fran\u00e7ais, il recevra un bon linguistique. S&rsquo;il en re\u00e7oit trois, il devra assister \u00e0 une s\u00e9ance d&rsquo;\u00e9tude linguistique apr\u00e8s les cours\u00a0\u00bb<\/em>, voil\u00e0 le message diffus\u00e9 par le Sint-Pieterscollege de Jette.<\/div>\n<div>Bravo ! On se croirait revenu aux pires heures du IIIeme Reich. Si en plus le gros (et gras) De Wever fait le salut Nazis, il n&rsquo;y a plus de doute &#8230;<\/div>\n<div><span style=\"color: #ffffff;\">&#8212;&#8212;-<\/span><\/div>\n<div><span style=\"color: #ffffff;\">&#8212;&#8212;-<\/span><\/div>\n<div><span style=\"color: #ffffff;\">&#8212;&#8212;-<\/span><\/div>\n<div style=\"text-align: center;\"><span style=\"color: #ffffff;\"><img loading=\"lazy\" decoding=\"async\" class=\"size-full wp-image-6095\" title=\"178296-chef-nouvelle-alliance-flamande-n\" src=\"http:\/\/www.frederic-poitou.com\/blog\/wp-content\/178296-chef-nouvelle-alliance-flamande-n.jpg\" alt=\"178296-chef-nouvelle-alliance-flamande-n\" width=\"435\" height=\"290\" srcset=\"http:\/\/www.frederic-poitou.com\/blog\/wp-content\/178296-chef-nouvelle-alliance-flamande-n.jpg 435w, http:\/\/www.frederic-poitou.com\/blog\/wp-content\/178296-chef-nouvelle-alliance-flamande-n-300x200.jpg 300w\" sizes=\"auto, (max-width: 435px) 100vw, 435px\" \/><br \/>\n<\/span><\/div>\n","protected":false},"excerpt":{"rendered":"<p>D\u00e9lirant ! Bruxelles, capitale de l&rsquo;Europe, ville d&rsquo;ouverture par excellence, a aussi ses canards boiteux &#8230; Ainsi cette \u00e9cole neerlandophone, Sint Jozefsschool \u00e0 St Agathe (BXL), a t elle appos\u00e9 sur le mur d&rsquo;entr\u00e9e de l&rsquo;\u00e9cole, le slogan suivant :&#8212;&#8212;&#8212;&#8211; &hellip; <a href=\"http:\/\/www.frederic-poitou.com\/blog\/sois-tu-parles-flamand-mon-petit-soit-tes-puni\/\">Lire la suite\u00ad\u00ad<\/a><\/p>\n","protected":false},"author":4,"featured_media":9392,"comment_status":"open","ping_status":"open","sticky":false,"template":"","format":"standard","meta":{"kt_blocks_editor_width":"","_exactmetrics_skip_tracking":false,"_exactmetrics_sitenote_active":false,"_exactmetrics_sitenote_note":"","_exactmetrics_sitenote_category":0,"footnotes":""},"categories":[1],"tags":[16],"class_list":["post-6092","post","type-post","status-publish","format-standard","has-post-thumbnail","hentry","category-politique-economie","tag-divers"],"yoast_head":"<!-- This site is optimized with the Yoast SEO plugin v27.1.1 - https:\/\/yoast.com\/product\/yoast-seo-wordpress\/ -->\n<title>SOIT TU PARLES FLAMAND MON PETIT, SOIT T&#039;ES PUNI ... -<\/title>\n<meta name=\"robots\" content=\"index, follow, max-snippet:-1, max-image-preview:large, max-video-preview:-1\" \/>\n<link rel=\"canonical\" href=\"http:\/\/www.frederic-poitou.com\/blog\/sois-tu-parles-flamand-mon-petit-soit-tes-puni\/\" \/>\n<meta property=\"og:locale\" content=\"fr_FR\" \/>\n<meta property=\"og:type\" content=\"article\" \/>\n<meta property=\"og:title\" content=\"SOIT TU PARLES FLAMAND MON PETIT, SOIT T&#039;ES PUNI ... -\" \/>\n<meta property=\"og:description\" content=\"D\u00e9lirant ! Bruxelles, capitale de l&rsquo;Europe, ville d&rsquo;ouverture par excellence, a aussi ses canards boiteux &#8230; Ainsi cette \u00e9cole neerlandophone, Sint Jozefsschool \u00e0 St Agathe (BXL), a t elle appos\u00e9 sur le mur d&rsquo;entr\u00e9e de l&rsquo;\u00e9cole, le slogan suivant :&#8212;&#8212;&#8212;&#8211; &hellip; Lire la suite\u00ad\u00ad\" \/>\n<meta property=\"og:url\" content=\"http:\/\/www.frederic-poitou.com\/blog\/sois-tu-parles-flamand-mon-petit-soit-tes-puni\/\" \/>\n<meta property=\"article:publisher\" content=\"https:\/\/www.facebook.com\/frederic.poitou\/\" \/>\n<meta property=\"article:published_time\" content=\"2023-07-14T15:46:32+00:00\" \/>\n<meta property=\"article:modified_time\" content=\"2026-04-21T22:37:34+00:00\" \/>\n<meta property=\"og:image\" content=\"http:\/\/www.frederic-poitou.com\/blog\/wp-content\/2019\/09\/424bf05c0be15ee6e535ba491a1f845b-1298378632.jpg\" \/>\n\t<meta property=\"og:image:width\" content=\"1248\" \/>\n\t<meta property=\"og:image:height\" content=\"701\" \/>\n\t<meta property=\"og:image:type\" content=\"image\/jpeg\" \/>\n<meta name=\"author\" content=\"Fr\u00e9d\u00e9ric Poitou\" \/>\n<meta name=\"twitter:card\" content=\"summary_large_image\" \/>\n<meta name=\"twitter:creator\" content=\"@fredericpoitou\" \/>\n<meta name=\"twitter:site\" content=\"@fredericpoitou\" \/>\n<meta name=\"twitter:label1\" content=\"\u00c9crit par\" \/>\n\t<meta name=\"twitter:data1\" content=\"Fr\u00e9d\u00e9ric Poitou\" \/>\n\t<meta name=\"twitter:label2\" content=\"Dur\u00e9e de lecture estim\u00e9e\" \/>\n\t<meta name=\"twitter:data2\" content=\"2 minutes\" \/>\n<script type=\"application\/ld+json\" class=\"yoast-schema-graph\">{\"@context\":\"https:\/\/schema.org\",\"@graph\":[{\"@type\":\"Article\",\"@id\":\"http:\/\/www.frederic-poitou.com\/blog\/sois-tu-parles-flamand-mon-petit-soit-tes-puni\/#article\",\"isPartOf\":{\"@id\":\"http:\/\/www.frederic-poitou.com\/blog\/sois-tu-parles-flamand-mon-petit-soit-tes-puni\/\"},\"author\":{\"name\":\"Fr\u00e9d\u00e9ric Poitou\",\"@id\":\"http:\/\/www.frederic-poitou.com\/blog\/#\/schema\/person\/e2c2d05e978747818533fdce859a7799\"},\"headline\":\"SOIT TU PARLES FLAMAND MON PETIT, SOIT T&rsquo;ES PUNI &#8230;\",\"datePublished\":\"2023-07-14T15:46:32+00:00\",\"dateModified\":\"2026-04-21T22:37:34+00:00\",\"mainEntityOfPage\":{\"@id\":\"http:\/\/www.frederic-poitou.com\/blog\/sois-tu-parles-flamand-mon-petit-soit-tes-puni\/\"},\"wordCount\":385,\"commentCount\":0,\"image\":{\"@id\":\"http:\/\/www.frederic-poitou.com\/blog\/sois-tu-parles-flamand-mon-petit-soit-tes-puni\/#primaryimage\"},\"thumbnailUrl\":\"http:\/\/www.frederic-poitou.com\/blog\/wp-content\/2019\/09\/424bf05c0be15ee6e535ba491a1f845b-1298378632.jpg\",\"keywords\":[\"DIVERS\"],\"articleSection\":[\"Divers\"],\"inLanguage\":\"fr-FR\",\"potentialAction\":[{\"@type\":\"CommentAction\",\"name\":\"Comment\",\"target\":[\"http:\/\/www.frederic-poitou.com\/blog\/sois-tu-parles-flamand-mon-petit-soit-tes-puni\/#respond\"]}]},{\"@type\":\"WebPage\",\"@id\":\"http:\/\/www.frederic-poitou.com\/blog\/sois-tu-parles-flamand-mon-petit-soit-tes-puni\/\",\"url\":\"http:\/\/www.frederic-poitou.com\/blog\/sois-tu-parles-flamand-mon-petit-soit-tes-puni\/\",\"name\":\"SOIT TU PARLES FLAMAND MON PETIT, SOIT T'ES PUNI ... -\",\"isPartOf\":{\"@id\":\"http:\/\/www.frederic-poitou.com\/blog\/#website\"},\"primaryImageOfPage\":{\"@id\":\"http:\/\/www.frederic-poitou.com\/blog\/sois-tu-parles-flamand-mon-petit-soit-tes-puni\/#primaryimage\"},\"image\":{\"@id\":\"http:\/\/www.frederic-poitou.com\/blog\/sois-tu-parles-flamand-mon-petit-soit-tes-puni\/#primaryimage\"},\"thumbnailUrl\":\"http:\/\/www.frederic-poitou.com\/blog\/wp-content\/2019\/09\/424bf05c0be15ee6e535ba491a1f845b-1298378632.jpg\",\"datePublished\":\"2023-07-14T15:46:32+00:00\",\"dateModified\":\"2026-04-21T22:37:34+00:00\",\"author\":{\"@id\":\"http:\/\/www.frederic-poitou.com\/blog\/#\/schema\/person\/e2c2d05e978747818533fdce859a7799\"},\"breadcrumb\":{\"@id\":\"http:\/\/www.frederic-poitou.com\/blog\/sois-tu-parles-flamand-mon-petit-soit-tes-puni\/#breadcrumb\"},\"inLanguage\":\"fr-FR\",\"potentialAction\":[{\"@type\":\"ReadAction\",\"target\":[\"http:\/\/www.frederic-poitou.com\/blog\/sois-tu-parles-flamand-mon-petit-soit-tes-puni\/\"]}]},{\"@type\":\"ImageObject\",\"inLanguage\":\"fr-FR\",\"@id\":\"http:\/\/www.frederic-poitou.com\/blog\/sois-tu-parles-flamand-mon-petit-soit-tes-puni\/#primaryimage\",\"url\":\"http:\/\/www.frederic-poitou.com\/blog\/wp-content\/2019\/09\/424bf05c0be15ee6e535ba491a1f845b-1298378632.jpg\",\"contentUrl\":\"http:\/\/www.frederic-poitou.com\/blog\/wp-content\/2019\/09\/424bf05c0be15ee6e535ba491a1f845b-1298378632.jpg\",\"width\":1248,\"height\":701},{\"@type\":\"BreadcrumbList\",\"@id\":\"http:\/\/www.frederic-poitou.com\/blog\/sois-tu-parles-flamand-mon-petit-soit-tes-puni\/#breadcrumb\",\"itemListElement\":[{\"@type\":\"ListItem\",\"position\":1,\"name\":\"Accueil\",\"item\":\"http:\/\/www.frederic-poitou.com\/blog\/\"},{\"@type\":\"ListItem\",\"position\":2,\"name\":\"SOIT TU PARLES FLAMAND MON PETIT, SOIT T&rsquo;ES PUNI &#8230;\"}]},{\"@type\":\"WebSite\",\"@id\":\"http:\/\/www.frederic-poitou.com\/blog\/#website\",\"url\":\"http:\/\/www.frederic-poitou.com\/blog\/\",\"name\":\"\",\"description\":\"\",\"potentialAction\":[{\"@type\":\"SearchAction\",\"target\":{\"@type\":\"EntryPoint\",\"urlTemplate\":\"http:\/\/www.frederic-poitou.com\/blog\/?s={search_term_string}\"},\"query-input\":{\"@type\":\"PropertyValueSpecification\",\"valueRequired\":true,\"valueName\":\"search_term_string\"}}],\"inLanguage\":\"fr-FR\"},{\"@type\":\"Person\",\"@id\":\"http:\/\/www.frederic-poitou.com\/blog\/#\/schema\/person\/e2c2d05e978747818533fdce859a7799\",\"name\":\"Fr\u00e9d\u00e9ric Poitou\",\"image\":{\"@type\":\"ImageObject\",\"inLanguage\":\"fr-FR\",\"@id\":\"http:\/\/www.frederic-poitou.com\/blog\/#\/schema\/person\/image\/\",\"url\":\"https:\/\/secure.gravatar.com\/avatar\/1933bcca279a2feafd35d9e0a080c521e11beb51115fe4cfe02e2586ac13424a?s=96&d=mm&r=g\",\"contentUrl\":\"https:\/\/secure.gravatar.com\/avatar\/1933bcca279a2feafd35d9e0a080c521e11beb51115fe4cfe02e2586ac13424a?s=96&d=mm&r=g\",\"caption\":\"Fr\u00e9d\u00e9ric Poitou\"},\"description\":\"Fr\u00e9d\u00e9ric Poitou est n\u00e9 \u00e0 Rouen, et y a fait des \u00e9tudes au Conservatoire en musique-\u00e9tudes en section piano. Il s'est ensuite orient\u00e9 vers des \u00e9tudes scientifiques o\u00f9 il a obtenu un dipl\u00f4me d'ing\u00e9nieur, puis un doctorat en Chimie. Il est Expert Judiciaire en France, en Belgique et \u00e0 Luxembourg, et agr\u00e9e par les Institutions Europ\u00e9ennes.\",\"sameAs\":[\"http:\/\/www.frederic-poitou.com\",\"https:\/\/www.linkedin.com\/in\/frederic-poitou-b045a025\/\"]}]}<\/script>\n<!-- \/ Yoast SEO plugin. -->","yoast_head_json":{"title":"SOIT TU PARLES FLAMAND MON PETIT, SOIT T'ES PUNI ... -","robots":{"index":"index","follow":"follow","max-snippet":"max-snippet:-1","max-image-preview":"max-image-preview:large","max-video-preview":"max-video-preview:-1"},"canonical":"http:\/\/www.frederic-poitou.com\/blog\/sois-tu-parles-flamand-mon-petit-soit-tes-puni\/","og_locale":"fr_FR","og_type":"article","og_title":"SOIT TU PARLES FLAMAND MON PETIT, SOIT T'ES PUNI ... -","og_description":"D\u00e9lirant ! Bruxelles, capitale de l&rsquo;Europe, ville d&rsquo;ouverture par excellence, a aussi ses canards boiteux &#8230; Ainsi cette \u00e9cole neerlandophone, Sint Jozefsschool \u00e0 St Agathe (BXL), a t elle appos\u00e9 sur le mur d&rsquo;entr\u00e9e de l&rsquo;\u00e9cole, le slogan suivant :&#8212;&#8212;&#8212;&#8211; &hellip; Lire la suite\u00ad\u00ad","og_url":"http:\/\/www.frederic-poitou.com\/blog\/sois-tu-parles-flamand-mon-petit-soit-tes-puni\/","article_publisher":"https:\/\/www.facebook.com\/frederic.poitou\/","article_published_time":"2023-07-14T15:46:32+00:00","article_modified_time":"2026-04-21T22:37:34+00:00","og_image":[{"width":1248,"height":701,"url":"http:\/\/www.frederic-poitou.com\/blog\/wp-content\/2019\/09\/424bf05c0be15ee6e535ba491a1f845b-1298378632.jpg","type":"image\/jpeg"}],"author":"Fr\u00e9d\u00e9ric Poitou","twitter_card":"summary_large_image","twitter_creator":"@fredericpoitou","twitter_site":"@fredericpoitou","twitter_misc":{"\u00c9crit par":"Fr\u00e9d\u00e9ric Poitou","Dur\u00e9e de lecture estim\u00e9e":"2 minutes"},"schema":{"@context":"https:\/\/schema.org","@graph":[{"@type":"Article","@id":"http:\/\/www.frederic-poitou.com\/blog\/sois-tu-parles-flamand-mon-petit-soit-tes-puni\/#article","isPartOf":{"@id":"http:\/\/www.frederic-poitou.com\/blog\/sois-tu-parles-flamand-mon-petit-soit-tes-puni\/"},"author":{"name":"Fr\u00e9d\u00e9ric Poitou","@id":"http:\/\/www.frederic-poitou.com\/blog\/#\/schema\/person\/e2c2d05e978747818533fdce859a7799"},"headline":"SOIT TU PARLES FLAMAND MON PETIT, SOIT T&rsquo;ES PUNI &#8230;","datePublished":"2023-07-14T15:46:32+00:00","dateModified":"2026-04-21T22:37:34+00:00","mainEntityOfPage":{"@id":"http:\/\/www.frederic-poitou.com\/blog\/sois-tu-parles-flamand-mon-petit-soit-tes-puni\/"},"wordCount":385,"commentCount":0,"image":{"@id":"http:\/\/www.frederic-poitou.com\/blog\/sois-tu-parles-flamand-mon-petit-soit-tes-puni\/#primaryimage"},"thumbnailUrl":"http:\/\/www.frederic-poitou.com\/blog\/wp-content\/2019\/09\/424bf05c0be15ee6e535ba491a1f845b-1298378632.jpg","keywords":["DIVERS"],"articleSection":["Divers"],"inLanguage":"fr-FR","potentialAction":[{"@type":"CommentAction","name":"Comment","target":["http:\/\/www.frederic-poitou.com\/blog\/sois-tu-parles-flamand-mon-petit-soit-tes-puni\/#respond"]}]},{"@type":"WebPage","@id":"http:\/\/www.frederic-poitou.com\/blog\/sois-tu-parles-flamand-mon-petit-soit-tes-puni\/","url":"http:\/\/www.frederic-poitou.com\/blog\/sois-tu-parles-flamand-mon-petit-soit-tes-puni\/","name":"SOIT TU PARLES FLAMAND MON PETIT, SOIT T'ES PUNI ... -","isPartOf":{"@id":"http:\/\/www.frederic-poitou.com\/blog\/#website"},"primaryImageOfPage":{"@id":"http:\/\/www.frederic-poitou.com\/blog\/sois-tu-parles-flamand-mon-petit-soit-tes-puni\/#primaryimage"},"image":{"@id":"http:\/\/www.frederic-poitou.com\/blog\/sois-tu-parles-flamand-mon-petit-soit-tes-puni\/#primaryimage"},"thumbnailUrl":"http:\/\/www.frederic-poitou.com\/blog\/wp-content\/2019\/09\/424bf05c0be15ee6e535ba491a1f845b-1298378632.jpg","datePublished":"2023-07-14T15:46:32+00:00","dateModified":"2026-04-21T22:37:34+00:00","author":{"@id":"http:\/\/www.frederic-poitou.com\/blog\/#\/schema\/person\/e2c2d05e978747818533fdce859a7799"},"breadcrumb":{"@id":"http:\/\/www.frederic-poitou.com\/blog\/sois-tu-parles-flamand-mon-petit-soit-tes-puni\/#breadcrumb"},"inLanguage":"fr-FR","potentialAction":[{"@type":"ReadAction","target":["http:\/\/www.frederic-poitou.com\/blog\/sois-tu-parles-flamand-mon-petit-soit-tes-puni\/"]}]},{"@type":"ImageObject","inLanguage":"fr-FR","@id":"http:\/\/www.frederic-poitou.com\/blog\/sois-tu-parles-flamand-mon-petit-soit-tes-puni\/#primaryimage","url":"http:\/\/www.frederic-poitou.com\/blog\/wp-content\/2019\/09\/424bf05c0be15ee6e535ba491a1f845b-1298378632.jpg","contentUrl":"http:\/\/www.frederic-poitou.com\/blog\/wp-content\/2019\/09\/424bf05c0be15ee6e535ba491a1f845b-1298378632.jpg","width":1248,"height":701},{"@type":"BreadcrumbList","@id":"http:\/\/www.frederic-poitou.com\/blog\/sois-tu-parles-flamand-mon-petit-soit-tes-puni\/#breadcrumb","itemListElement":[{"@type":"ListItem","position":1,"name":"Accueil","item":"http:\/\/www.frederic-poitou.com\/blog\/"},{"@type":"ListItem","position":2,"name":"SOIT TU PARLES FLAMAND MON PETIT, SOIT T&rsquo;ES PUNI &#8230;"}]},{"@type":"WebSite","@id":"http:\/\/www.frederic-poitou.com\/blog\/#website","url":"http:\/\/www.frederic-poitou.com\/blog\/","name":"","description":"","potentialAction":[{"@type":"SearchAction","target":{"@type":"EntryPoint","urlTemplate":"http:\/\/www.frederic-poitou.com\/blog\/?s={search_term_string}"},"query-input":{"@type":"PropertyValueSpecification","valueRequired":true,"valueName":"search_term_string"}}],"inLanguage":"fr-FR"},{"@type":"Person","@id":"http:\/\/www.frederic-poitou.com\/blog\/#\/schema\/person\/e2c2d05e978747818533fdce859a7799","name":"Fr\u00e9d\u00e9ric Poitou","image":{"@type":"ImageObject","inLanguage":"fr-FR","@id":"http:\/\/www.frederic-poitou.com\/blog\/#\/schema\/person\/image\/","url":"https:\/\/secure.gravatar.com\/avatar\/1933bcca279a2feafd35d9e0a080c521e11beb51115fe4cfe02e2586ac13424a?s=96&d=mm&r=g","contentUrl":"https:\/\/secure.gravatar.com\/avatar\/1933bcca279a2feafd35d9e0a080c521e11beb51115fe4cfe02e2586ac13424a?s=96&d=mm&r=g","caption":"Fr\u00e9d\u00e9ric Poitou"},"description":"Fr\u00e9d\u00e9ric Poitou est n\u00e9 \u00e0 Rouen, et y a fait des \u00e9tudes au Conservatoire en musique-\u00e9tudes en section piano. Il s'est ensuite orient\u00e9 vers des \u00e9tudes scientifiques o\u00f9 il a obtenu un dipl\u00f4me d'ing\u00e9nieur, puis un doctorat en Chimie. Il est Expert Judiciaire en France, en Belgique et \u00e0 Luxembourg, et agr\u00e9e par les Institutions Europ\u00e9ennes.","sameAs":["http:\/\/www.frederic-poitou.com","https:\/\/www.linkedin.com\/in\/frederic-poitou-b045a025\/"]}]}},"_links":{"self":[{"href":"http:\/\/www.frederic-poitou.com\/blog\/wp-json\/wp\/v2\/posts\/6092","targetHints":{"allow":["GET"]}}],"collection":[{"href":"http:\/\/www.frederic-poitou.com\/blog\/wp-json\/wp\/v2\/posts"}],"about":[{"href":"http:\/\/www.frederic-poitou.com\/blog\/wp-json\/wp\/v2\/types\/post"}],"author":[{"embeddable":true,"href":"http:\/\/www.frederic-poitou.com\/blog\/wp-json\/wp\/v2\/users\/4"}],"replies":[{"embeddable":true,"href":"http:\/\/www.frederic-poitou.com\/blog\/wp-json\/wp\/v2\/comments?post=6092"}],"version-history":[{"count":2,"href":"http:\/\/www.frederic-poitou.com\/blog\/wp-json\/wp\/v2\/posts\/6092\/revisions"}],"predecessor-version":[{"id":9393,"href":"http:\/\/www.frederic-poitou.com\/blog\/wp-json\/wp\/v2\/posts\/6092\/revisions\/9393"}],"wp:featuredmedia":[{"embeddable":true,"href":"http:\/\/www.frederic-poitou.com\/blog\/wp-json\/wp\/v2\/media\/9392"}],"wp:attachment":[{"href":"http:\/\/www.frederic-poitou.com\/blog\/wp-json\/wp\/v2\/media?parent=6092"}],"wp:term":[{"taxonomy":"category","embeddable":true,"href":"http:\/\/www.frederic-poitou.com\/blog\/wp-json\/wp\/v2\/categories?post=6092"},{"taxonomy":"post_tag","embeddable":true,"href":"http:\/\/www.frederic-poitou.com\/blog\/wp-json\/wp\/v2\/tags?post=6092"}],"curies":[{"name":"wp","href":"https:\/\/api.w.org\/{rel}","templated":true}]}}