{"id":6030,"date":"2023-07-14T05:58:32","date_gmt":"2023-07-14T03:58:32","guid":{"rendered":"http:\/\/www.frederic-poitou.com\/blog\/?p=6030"},"modified":"2026-04-16T10:52:21","modified_gmt":"2026-04-16T08:52:21","slug":"concert-gratuit-de-lacademie-bach-daix-en-provence","status":"publish","type":"post","link":"http:\/\/www.frederic-poitou.com\/blog\/concert-gratuit-de-lacademie-bach-daix-en-provence\/","title":{"rendered":"CONCERT GRATUIT DE L&rsquo;ACADEMIE BACH D&rsquo;AIX EN PROVENCE"},"content":{"rendered":"<p style=\"margin: 0.0px 0.0px 0.0px 0.0px; font: 12.0px Helvetica;\">Poursuivant le cycle mensuel de cantates de J.S. Bach, selon l&rsquo;ordre voulu par l&rsquo;ann\u00e9e liturgique,<\/p>\n<p style=\"margin: 0.0px 0.0px 0.0px 0.0px; font: 12.0px Helvetica;\">l&rsquo;Acad\u00e9mie Bach d&rsquo;Aix en Provence donnera le dimanche 5 f\u00e9vrier 2012 la cantate \u00ab Ich bin<\/p>\n<p style=\"margin: 0.0px 0.0px 0.0px 0.0px; font: 12.0px Helvetica;\">vergn\u00fcgt mit meinem Gl\u00fccke \u00bb (\u00ab Mon bonheur me suffit \u00bb) BWV 84 pour la Septuag\u00e9sime.<\/p>\n<p style=\"margin: 0.0px 0.0px 0.0px 0.0px; font: 12.0px Helvetica;\">S&rsquo;inspirant de l&rsquo;\u00e9vangile du jour (\u00ab Les ouvriers de la onzi\u00e8me heure <strong>\u00bb), cette oeuvre b\u00e9n\u00e9ficie d&rsquo;un<\/strong><\/p>\n<p style=\"margin: 0.0px 0.0px 0.0px 0.0px; font: 12.0px Helvetica;\">accompagnement de cordes et de hautbois. Elle est confi\u00e9e \u00e0 la soprano Ga\u00eblle Vitureau &#8230;<\/p>\n<p style=\"margin: 0.0px 0.0px 0.0px 0.0px; font: 12.0px Helvetica;\">\n<p style=\"margin: 0.0px 0.0px 0.0px 0.0px; font: 12.0px Helvetica;\"><span style=\"color: #ffffff;\">&#8212;&#8212;&#8212;&#8212;&#8212;&#8212;&#8212;<\/span><\/p>\n<p style=\"margin: 0.0px 0.0px 0.0px 0.0px; font: 12.0px Helvetica;\"><span style=\"color: #ffffff;\">&#8212;&#8212;&#8212;&#8212;&#8212;&#8212;&#8212;&#8212;&#8212;&#8212;&#8212;&#8212;&#8212;&#8212;<\/span><\/p>\n<p style=\"margin: 0.0px 0.0px 0.0px 0.0px; font: 12.0px Helvetica;\"><span style=\"color: #ffffff;\">&#8212;&#8212;&#8212;&#8212;&#8212;&#8212;&#8212;<\/span><\/p>\n<p style=\"margin: 0.0px 0.0px 0.0px 0.0px; font: 12.0px Helvetica;\"><span style=\"color: #ffffff;\">&#8212;&#8212;&#8212;&#8212;&#8212;&#8212;&#8212;<\/span><\/p>\n<p style=\"margin: 0.0px 0.0px 0.0px 0.0px; font: 12.0px Helvetica;\"><span style=\"color: #ffffff;\">&#8212;&#8212;&#8212;&#8212;&#8212;&#8212;&#8212;<\/span><\/p>\n<p style=\"font: normal normal normal 12px\/normal Helvetica; text-align: center; margin: 0px;\"><span style=\"color: #ffffff;\"><img loading=\"lazy\" decoding=\"async\" class=\"aligncenter size-full wp-image-6031\" title=\"Sans titre\" src=\"http:\/\/www.frederic-poitou.com\/blog\/wp-content\/Sans-titre2.jpeg\" alt=\"Sans titre\" width=\"491\" height=\"699\" srcset=\"http:\/\/www.frederic-poitou.com\/blog\/wp-content\/Sans-titre2.jpeg 491w, http:\/\/www.frederic-poitou.com\/blog\/wp-content\/Sans-titre2-210x300.jpg 210w\" sizes=\"auto, (max-width: 491px) 100vw, 491px\" \/><br \/>\n<\/span><\/p>\n","protected":false},"excerpt":{"rendered":"<p>Poursuivant le cycle mensuel de cantates de J.S. Bach, selon l&rsquo;ordre voulu par l&rsquo;ann\u00e9e liturgique, l&rsquo;Acad\u00e9mie Bach d&rsquo;Aix en Provence donnera le dimanche 5 f\u00e9vrier 2012 la cantate \u00ab Ich bin vergn\u00fcgt mit meinem Gl\u00fccke \u00bb (\u00ab Mon bonheur me &hellip; <a href=\"http:\/\/www.frederic-poitou.com\/blog\/concert-gratuit-de-lacademie-bach-daix-en-provence\/\">Lire la suite\u00ad\u00ad<\/a><\/p>\n","protected":false},"author":4,"featured_media":0,"comment_status":"open","ping_status":"open","sticky":false,"template":"","format":"standard","meta":{"kt_blocks_editor_width":"","_exactmetrics_skip_tracking":false,"_exactmetrics_sitenote_active":false,"_exactmetrics_sitenote_note":"","_exactmetrics_sitenote_category":0,"footnotes":""},"categories":[48],"tags":[27,21,23],"class_list":["post-6030","post","type-post","status-publish","format-standard","hentry","category-accueil","tag-actualite","tag-arts-et-culture","tag-belgique-2"],"yoast_head":"<!-- This site is optimized with the Yoast SEO plugin v27.1.1 - https:\/\/yoast.com\/product\/yoast-seo-wordpress\/ -->\n<title>CONCERT GRATUIT DE L&#039;ACADEMIE BACH D&#039;AIX EN PROVENCE -<\/title>\n<meta name=\"robots\" content=\"index, follow, max-snippet:-1, max-image-preview:large, max-video-preview:-1\" \/>\n<link rel=\"canonical\" href=\"http:\/\/www.frederic-poitou.com\/blog\/concert-gratuit-de-lacademie-bach-daix-en-provence\/\" \/>\n<meta property=\"og:locale\" content=\"fr_FR\" \/>\n<meta property=\"og:type\" content=\"article\" \/>\n<meta property=\"og:title\" content=\"CONCERT GRATUIT DE L&#039;ACADEMIE BACH D&#039;AIX EN PROVENCE -\" \/>\n<meta property=\"og:description\" content=\"Poursuivant le cycle mensuel de cantates de J.S. Bach, selon l&rsquo;ordre voulu par l&rsquo;ann\u00e9e liturgique, l&rsquo;Acad\u00e9mie Bach d&rsquo;Aix en Provence donnera le dimanche 5 f\u00e9vrier 2012 la cantate \u00ab Ich bin vergn\u00fcgt mit meinem Gl\u00fccke \u00bb (\u00ab Mon bonheur me &hellip; Lire la suite\u00ad\u00ad\" \/>\n<meta property=\"og:url\" content=\"http:\/\/www.frederic-poitou.com\/blog\/concert-gratuit-de-lacademie-bach-daix-en-provence\/\" \/>\n<meta property=\"article:publisher\" content=\"https:\/\/www.facebook.com\/frederic.poitou\/\" \/>\n<meta property=\"article:published_time\" content=\"2023-07-14T03:58:32+00:00\" \/>\n<meta property=\"article:modified_time\" content=\"2026-04-16T08:52:21+00:00\" \/>\n<meta property=\"og:image\" content=\"http:\/\/www.frederic-poitou.com\/blog\/wp-content\/Sans-titre2.jpeg\" \/>\n<meta name=\"author\" content=\"Fr\u00e9d\u00e9ric Poitou\" \/>\n<meta name=\"twitter:card\" content=\"summary_large_image\" \/>\n<meta name=\"twitter:creator\" content=\"@fredericpoitou\" \/>\n<meta name=\"twitter:site\" content=\"@fredericpoitou\" \/>\n<meta name=\"twitter:label1\" content=\"\u00c9crit par\" \/>\n\t<meta name=\"twitter:data1\" content=\"Fr\u00e9d\u00e9ric Poitou\" \/>\n<script type=\"application\/ld+json\" class=\"yoast-schema-graph\">{\"@context\":\"https:\/\/schema.org\",\"@graph\":[{\"@type\":\"Article\",\"@id\":\"http:\/\/www.frederic-poitou.com\/blog\/concert-gratuit-de-lacademie-bach-daix-en-provence\/#article\",\"isPartOf\":{\"@id\":\"http:\/\/www.frederic-poitou.com\/blog\/concert-gratuit-de-lacademie-bach-daix-en-provence\/\"},\"author\":{\"name\":\"Fr\u00e9d\u00e9ric Poitou\",\"@id\":\"http:\/\/www.frederic-poitou.com\/blog\/#\/schema\/person\/e2c2d05e978747818533fdce859a7799\"},\"headline\":\"CONCERT GRATUIT DE L&rsquo;ACADEMIE BACH D&rsquo;AIX EN PROVENCE\",\"datePublished\":\"2023-07-14T03:58:32+00:00\",\"dateModified\":\"2026-04-16T08:52:21+00:00\",\"mainEntityOfPage\":{\"@id\":\"http:\/\/www.frederic-poitou.com\/blog\/concert-gratuit-de-lacademie-bach-daix-en-provence\/\"},\"wordCount\":102,\"commentCount\":0,\"image\":{\"@id\":\"http:\/\/www.frederic-poitou.com\/blog\/concert-gratuit-de-lacademie-bach-daix-en-provence\/#primaryimage\"},\"thumbnailUrl\":\"http:\/\/www.frederic-poitou.com\/blog\/wp-content\/Sans-titre2.jpeg\",\"keywords\":[\"Actualit\u00e9\",\"Arts et Culture\",\"Belgique\"],\"articleSection\":[\"Accueil\"],\"inLanguage\":\"fr-FR\",\"potentialAction\":[{\"@type\":\"CommentAction\",\"name\":\"Comment\",\"target\":[\"http:\/\/www.frederic-poitou.com\/blog\/concert-gratuit-de-lacademie-bach-daix-en-provence\/#respond\"]}]},{\"@type\":\"WebPage\",\"@id\":\"http:\/\/www.frederic-poitou.com\/blog\/concert-gratuit-de-lacademie-bach-daix-en-provence\/\",\"url\":\"http:\/\/www.frederic-poitou.com\/blog\/concert-gratuit-de-lacademie-bach-daix-en-provence\/\",\"name\":\"CONCERT GRATUIT DE L'ACADEMIE BACH D'AIX EN PROVENCE -\",\"isPartOf\":{\"@id\":\"http:\/\/www.frederic-poitou.com\/blog\/#website\"},\"primaryImageOfPage\":{\"@id\":\"http:\/\/www.frederic-poitou.com\/blog\/concert-gratuit-de-lacademie-bach-daix-en-provence\/#primaryimage\"},\"image\":{\"@id\":\"http:\/\/www.frederic-poitou.com\/blog\/concert-gratuit-de-lacademie-bach-daix-en-provence\/#primaryimage\"},\"thumbnailUrl\":\"http:\/\/www.frederic-poitou.com\/blog\/wp-content\/Sans-titre2.jpeg\",\"datePublished\":\"2023-07-14T03:58:32+00:00\",\"dateModified\":\"2026-04-16T08:52:21+00:00\",\"author\":{\"@id\":\"http:\/\/www.frederic-poitou.com\/blog\/#\/schema\/person\/e2c2d05e978747818533fdce859a7799\"},\"breadcrumb\":{\"@id\":\"http:\/\/www.frederic-poitou.com\/blog\/concert-gratuit-de-lacademie-bach-daix-en-provence\/#breadcrumb\"},\"inLanguage\":\"fr-FR\",\"potentialAction\":[{\"@type\":\"ReadAction\",\"target\":[\"http:\/\/www.frederic-poitou.com\/blog\/concert-gratuit-de-lacademie-bach-daix-en-provence\/\"]}]},{\"@type\":\"ImageObject\",\"inLanguage\":\"fr-FR\",\"@id\":\"http:\/\/www.frederic-poitou.com\/blog\/concert-gratuit-de-lacademie-bach-daix-en-provence\/#primaryimage\",\"url\":\"http:\/\/www.frederic-poitou.com\/blog\/wp-content\/Sans-titre2.jpeg\",\"contentUrl\":\"http:\/\/www.frederic-poitou.com\/blog\/wp-content\/Sans-titre2.jpeg\",\"width\":\"491\",\"height\":\"699\"},{\"@type\":\"BreadcrumbList\",\"@id\":\"http:\/\/www.frederic-poitou.com\/blog\/concert-gratuit-de-lacademie-bach-daix-en-provence\/#breadcrumb\",\"itemListElement\":[{\"@type\":\"ListItem\",\"position\":1,\"name\":\"Accueil\",\"item\":\"http:\/\/www.frederic-poitou.com\/blog\/\"},{\"@type\":\"ListItem\",\"position\":2,\"name\":\"CONCERT GRATUIT DE L&rsquo;ACADEMIE BACH D&rsquo;AIX EN PROVENCE\"}]},{\"@type\":\"WebSite\",\"@id\":\"http:\/\/www.frederic-poitou.com\/blog\/#website\",\"url\":\"http:\/\/www.frederic-poitou.com\/blog\/\",\"name\":\"\",\"description\":\"\",\"potentialAction\":[{\"@type\":\"SearchAction\",\"target\":{\"@type\":\"EntryPoint\",\"urlTemplate\":\"http:\/\/www.frederic-poitou.com\/blog\/?s={search_term_string}\"},\"query-input\":{\"@type\":\"PropertyValueSpecification\",\"valueRequired\":true,\"valueName\":\"search_term_string\"}}],\"inLanguage\":\"fr-FR\"},{\"@type\":\"Person\",\"@id\":\"http:\/\/www.frederic-poitou.com\/blog\/#\/schema\/person\/e2c2d05e978747818533fdce859a7799\",\"name\":\"Fr\u00e9d\u00e9ric Poitou\",\"image\":{\"@type\":\"ImageObject\",\"inLanguage\":\"fr-FR\",\"@id\":\"http:\/\/www.frederic-poitou.com\/blog\/#\/schema\/person\/image\/\",\"url\":\"https:\/\/secure.gravatar.com\/avatar\/1933bcca279a2feafd35d9e0a080c521e11beb51115fe4cfe02e2586ac13424a?s=96&d=mm&r=g\",\"contentUrl\":\"https:\/\/secure.gravatar.com\/avatar\/1933bcca279a2feafd35d9e0a080c521e11beb51115fe4cfe02e2586ac13424a?s=96&d=mm&r=g\",\"caption\":\"Fr\u00e9d\u00e9ric Poitou\"},\"description\":\"Fr\u00e9d\u00e9ric Poitou est n\u00e9 \u00e0 Rouen, et y a fait des \u00e9tudes au Conservatoire en musique-\u00e9tudes en section piano. Il s'est ensuite orient\u00e9 vers des \u00e9tudes scientifiques o\u00f9 il a obtenu un dipl\u00f4me d'ing\u00e9nieur, puis un doctorat en Chimie. Il est Expert Judiciaire en France, en Belgique et \u00e0 Luxembourg, et agr\u00e9e par les Institutions Europ\u00e9ennes.\",\"sameAs\":[\"http:\/\/www.frederic-poitou.com\",\"https:\/\/www.linkedin.com\/in\/frederic-poitou-b045a025\/\"]}]}<\/script>\n<!-- \/ Yoast SEO plugin. -->","yoast_head_json":{"title":"CONCERT GRATUIT DE L'ACADEMIE BACH D'AIX EN PROVENCE -","robots":{"index":"index","follow":"follow","max-snippet":"max-snippet:-1","max-image-preview":"max-image-preview:large","max-video-preview":"max-video-preview:-1"},"canonical":"http:\/\/www.frederic-poitou.com\/blog\/concert-gratuit-de-lacademie-bach-daix-en-provence\/","og_locale":"fr_FR","og_type":"article","og_title":"CONCERT GRATUIT DE L'ACADEMIE BACH D'AIX EN PROVENCE -","og_description":"Poursuivant le cycle mensuel de cantates de J.S. Bach, selon l&rsquo;ordre voulu par l&rsquo;ann\u00e9e liturgique, l&rsquo;Acad\u00e9mie Bach d&rsquo;Aix en Provence donnera le dimanche 5 f\u00e9vrier 2012 la cantate \u00ab Ich bin vergn\u00fcgt mit meinem Gl\u00fccke \u00bb (\u00ab Mon bonheur me &hellip; Lire la suite\u00ad\u00ad","og_url":"http:\/\/www.frederic-poitou.com\/blog\/concert-gratuit-de-lacademie-bach-daix-en-provence\/","article_publisher":"https:\/\/www.facebook.com\/frederic.poitou\/","article_published_time":"2023-07-14T03:58:32+00:00","article_modified_time":"2026-04-16T08:52:21+00:00","og_image":[{"url":"http:\/\/www.frederic-poitou.com\/blog\/wp-content\/Sans-titre2.jpeg","type":"","width":"","height":""}],"author":"Fr\u00e9d\u00e9ric Poitou","twitter_card":"summary_large_image","twitter_creator":"@fredericpoitou","twitter_site":"@fredericpoitou","twitter_misc":{"\u00c9crit par":"Fr\u00e9d\u00e9ric Poitou"},"schema":{"@context":"https:\/\/schema.org","@graph":[{"@type":"Article","@id":"http:\/\/www.frederic-poitou.com\/blog\/concert-gratuit-de-lacademie-bach-daix-en-provence\/#article","isPartOf":{"@id":"http:\/\/www.frederic-poitou.com\/blog\/concert-gratuit-de-lacademie-bach-daix-en-provence\/"},"author":{"name":"Fr\u00e9d\u00e9ric Poitou","@id":"http:\/\/www.frederic-poitou.com\/blog\/#\/schema\/person\/e2c2d05e978747818533fdce859a7799"},"headline":"CONCERT GRATUIT DE L&rsquo;ACADEMIE BACH D&rsquo;AIX EN PROVENCE","datePublished":"2023-07-14T03:58:32+00:00","dateModified":"2026-04-16T08:52:21+00:00","mainEntityOfPage":{"@id":"http:\/\/www.frederic-poitou.com\/blog\/concert-gratuit-de-lacademie-bach-daix-en-provence\/"},"wordCount":102,"commentCount":0,"image":{"@id":"http:\/\/www.frederic-poitou.com\/blog\/concert-gratuit-de-lacademie-bach-daix-en-provence\/#primaryimage"},"thumbnailUrl":"http:\/\/www.frederic-poitou.com\/blog\/wp-content\/Sans-titre2.jpeg","keywords":["Actualit\u00e9","Arts et Culture","Belgique"],"articleSection":["Accueil"],"inLanguage":"fr-FR","potentialAction":[{"@type":"CommentAction","name":"Comment","target":["http:\/\/www.frederic-poitou.com\/blog\/concert-gratuit-de-lacademie-bach-daix-en-provence\/#respond"]}]},{"@type":"WebPage","@id":"http:\/\/www.frederic-poitou.com\/blog\/concert-gratuit-de-lacademie-bach-daix-en-provence\/","url":"http:\/\/www.frederic-poitou.com\/blog\/concert-gratuit-de-lacademie-bach-daix-en-provence\/","name":"CONCERT GRATUIT DE L'ACADEMIE BACH D'AIX EN PROVENCE -","isPartOf":{"@id":"http:\/\/www.frederic-poitou.com\/blog\/#website"},"primaryImageOfPage":{"@id":"http:\/\/www.frederic-poitou.com\/blog\/concert-gratuit-de-lacademie-bach-daix-en-provence\/#primaryimage"},"image":{"@id":"http:\/\/www.frederic-poitou.com\/blog\/concert-gratuit-de-lacademie-bach-daix-en-provence\/#primaryimage"},"thumbnailUrl":"http:\/\/www.frederic-poitou.com\/blog\/wp-content\/Sans-titre2.jpeg","datePublished":"2023-07-14T03:58:32+00:00","dateModified":"2026-04-16T08:52:21+00:00","author":{"@id":"http:\/\/www.frederic-poitou.com\/blog\/#\/schema\/person\/e2c2d05e978747818533fdce859a7799"},"breadcrumb":{"@id":"http:\/\/www.frederic-poitou.com\/blog\/concert-gratuit-de-lacademie-bach-daix-en-provence\/#breadcrumb"},"inLanguage":"fr-FR","potentialAction":[{"@type":"ReadAction","target":["http:\/\/www.frederic-poitou.com\/blog\/concert-gratuit-de-lacademie-bach-daix-en-provence\/"]}]},{"@type":"ImageObject","inLanguage":"fr-FR","@id":"http:\/\/www.frederic-poitou.com\/blog\/concert-gratuit-de-lacademie-bach-daix-en-provence\/#primaryimage","url":"http:\/\/www.frederic-poitou.com\/blog\/wp-content\/Sans-titre2.jpeg","contentUrl":"http:\/\/www.frederic-poitou.com\/blog\/wp-content\/Sans-titre2.jpeg","width":"491","height":"699"},{"@type":"BreadcrumbList","@id":"http:\/\/www.frederic-poitou.com\/blog\/concert-gratuit-de-lacademie-bach-daix-en-provence\/#breadcrumb","itemListElement":[{"@type":"ListItem","position":1,"name":"Accueil","item":"http:\/\/www.frederic-poitou.com\/blog\/"},{"@type":"ListItem","position":2,"name":"CONCERT GRATUIT DE L&rsquo;ACADEMIE BACH D&rsquo;AIX EN PROVENCE"}]},{"@type":"WebSite","@id":"http:\/\/www.frederic-poitou.com\/blog\/#website","url":"http:\/\/www.frederic-poitou.com\/blog\/","name":"","description":"","potentialAction":[{"@type":"SearchAction","target":{"@type":"EntryPoint","urlTemplate":"http:\/\/www.frederic-poitou.com\/blog\/?s={search_term_string}"},"query-input":{"@type":"PropertyValueSpecification","valueRequired":true,"valueName":"search_term_string"}}],"inLanguage":"fr-FR"},{"@type":"Person","@id":"http:\/\/www.frederic-poitou.com\/blog\/#\/schema\/person\/e2c2d05e978747818533fdce859a7799","name":"Fr\u00e9d\u00e9ric Poitou","image":{"@type":"ImageObject","inLanguage":"fr-FR","@id":"http:\/\/www.frederic-poitou.com\/blog\/#\/schema\/person\/image\/","url":"https:\/\/secure.gravatar.com\/avatar\/1933bcca279a2feafd35d9e0a080c521e11beb51115fe4cfe02e2586ac13424a?s=96&d=mm&r=g","contentUrl":"https:\/\/secure.gravatar.com\/avatar\/1933bcca279a2feafd35d9e0a080c521e11beb51115fe4cfe02e2586ac13424a?s=96&d=mm&r=g","caption":"Fr\u00e9d\u00e9ric Poitou"},"description":"Fr\u00e9d\u00e9ric Poitou est n\u00e9 \u00e0 Rouen, et y a fait des \u00e9tudes au Conservatoire en musique-\u00e9tudes en section piano. Il s'est ensuite orient\u00e9 vers des \u00e9tudes scientifiques o\u00f9 il a obtenu un dipl\u00f4me d'ing\u00e9nieur, puis un doctorat en Chimie. Il est Expert Judiciaire en France, en Belgique et \u00e0 Luxembourg, et agr\u00e9e par les Institutions Europ\u00e9ennes.","sameAs":["http:\/\/www.frederic-poitou.com","https:\/\/www.linkedin.com\/in\/frederic-poitou-b045a025\/"]}]}},"_links":{"self":[{"href":"http:\/\/www.frederic-poitou.com\/blog\/wp-json\/wp\/v2\/posts\/6030","targetHints":{"allow":["GET"]}}],"collection":[{"href":"http:\/\/www.frederic-poitou.com\/blog\/wp-json\/wp\/v2\/posts"}],"about":[{"href":"http:\/\/www.frederic-poitou.com\/blog\/wp-json\/wp\/v2\/types\/post"}],"author":[{"embeddable":true,"href":"http:\/\/www.frederic-poitou.com\/blog\/wp-json\/wp\/v2\/users\/4"}],"replies":[{"embeddable":true,"href":"http:\/\/www.frederic-poitou.com\/blog\/wp-json\/wp\/v2\/comments?post=6030"}],"version-history":[{"count":1,"href":"http:\/\/www.frederic-poitou.com\/blog\/wp-json\/wp\/v2\/posts\/6030\/revisions"}],"predecessor-version":[{"id":10265,"href":"http:\/\/www.frederic-poitou.com\/blog\/wp-json\/wp\/v2\/posts\/6030\/revisions\/10265"}],"wp:attachment":[{"href":"http:\/\/www.frederic-poitou.com\/blog\/wp-json\/wp\/v2\/media?parent=6030"}],"wp:term":[{"taxonomy":"category","embeddable":true,"href":"http:\/\/www.frederic-poitou.com\/blog\/wp-json\/wp\/v2\/categories?post=6030"},{"taxonomy":"post_tag","embeddable":true,"href":"http:\/\/www.frederic-poitou.com\/blog\/wp-json\/wp\/v2\/tags?post=6030"}],"curies":[{"name":"wp","href":"https:\/\/api.w.org\/{rel}","templated":true}]}}