{"id":5911,"date":"2023-07-13T14:23:32","date_gmt":"2023-07-13T12:23:32","guid":{"rendered":"http:\/\/www.frederic-poitou.com\/blog\/?p=5911"},"modified":"2026-04-09T11:34:38","modified_gmt":"2026-04-09T09:34:38","slug":"aux-homophobes-qui-sen-referent-a-la-bible","status":"publish","type":"post","link":"http:\/\/www.frederic-poitou.com\/blog\/aux-homophobes-qui-sen-referent-a-la-bible\/","title":{"rendered":"AUX HOMOPHOBES QUI S&rsquo;EN R\u00c9F\u00c8RENT A LA BIBLE &#8230;"},"content":{"rendered":"<p style=\"margin-top: 0px; margin-right: 0px; margin-bottom: 15px; margin-left: 0px; outline-width: 0px; outline-style: initial; outline-color: initial; font-size: 14px; vertical-align: baseline; background-image: initial; background-attachment: initial; background-origin: initial; background-clip: initial; background-color: transparent; text-align: justify; padding: 0px;\"><img loading=\"lazy\" decoding=\"async\" class=\"alignleft size-full wp-image-5914\" style=\"margin: 10px; border: 10px solid black;\" title=\"homophobie\" src=\"http:\/\/www.frederic-poitou.com\/blog\/wp-content\/homophobie.jpg\" alt=\"homophobie\" width=\"322\" height=\"307\" srcset=\"http:\/\/www.frederic-poitou.com\/blog\/wp-content\/homophobie.jpg 322w, http:\/\/www.frederic-poitou.com\/blog\/wp-content\/homophobie-300x286.jpg 300w\" sizes=\"auto, (max-width: 322px) 100vw, 322px\" \/>Je ne sais pas si cette histoire est vraie, mais peu importe. Les arguments qui y sont d\u00e9velopp\u00e9s sont bien exacts ! C&rsquo;est donc \u00e0 m\u00e9diter.<\/p>\n<p style=\"margin-top: 0px; margin-right: 0px; margin-bottom: 15px; margin-left: 0px; outline-width: 0px; outline-style: initial; outline-color: initial; font-size: 14px; vertical-align: baseline; background-image: initial; background-attachment: initial; background-origin: initial; background-clip: initial; background-color: transparent; text-align: justify; padding: 0px;\">&#8212;&#8212;&#8212;&#8212;&#8211;<\/p>\n<p style=\"margin-top: 0px; margin-right: 0px; margin-bottom: 15px; margin-left: 0px; outline-width: 0px; outline-style: initial; outline-color: initial; font-size: 14px; vertical-align: baseline; background-image: initial; background-attachment: initial; background-origin: initial; background-clip: initial; background-color: transparent; text-align: justify; padding: 0px;\">\n<p style=\"margin-top: 0px; margin-right: 0px; margin-bottom: 15px; margin-left: 0px; outline-width: 0px; outline-style: initial; outline-color: initial; font-size: 14px; vertical-align: baseline; background-image: initial; background-attachment: initial; background-origin: initial; background-clip: initial; background-color: transparent; text-align: justify; padding: 0px;\">Lors d\u2019une de ses \u00e9missions, une c\u00e9l\u00e8bre animatrice radio aux Etats-Unis aurait fait remarquer que l\u2019homosexualit\u00e9 \u00e9tait une perversion, en s&rsquo;appuyant sur \u00a0le livre du L\u00e9vitique, chapitre 18, verset 22 : \u201c<em>Tu ne coucheras pas avec un homme comme on couche avec une femme : ce serait une abomination\u201d. La Bible le dit. Un point c\u2019est tout<\/em>\u201d.<\/p>\n<p style=\"margin-top: 0px; margin-right: 0px; margin-bottom: 15px; margin-left: 0px; outline-width: 0px; outline-style: initial; outline-color: initial; font-size: 14px; vertical-align: baseline; background-image: initial; background-attachment: initial; background-origin: initial; background-clip: initial; background-color: transparent; text-align: justify; padding: 0px;\">Quelques jours plus tard, un auditeur lui aurait adress\u00e9 une lettre ouverte qui disait :<\/p>\n<p style=\"margin-top: 0px; margin-right: 0px; margin-bottom: 15px; margin-left: 0px; outline-width: 0px; outline-style: initial; outline-color: initial; font-size: 14px; vertical-align: baseline; background-image: initial; background-attachment: initial; background-origin: initial; background-clip: initial; background-color: transparent; text-align: justify; padding: 0px;\">\u201c<em>Merci de mettre autant de ferveur \u00e0 \u00e9duquer les gens \u00e0 la Loi de Dieu. J\u2019apprends beaucoup \u00e0 l\u2019\u00e9coute de votre programme et j\u2019essaie d\u2019en faire profiter tout le monde. Mais j\u2019aurais besoin de conseils quant \u00e0 d\u2019autres lois bibliques.<\/em><\/p>\n<p style=\"margin-top: 0px; margin-right: 0px; margin-bottom: 15px; margin-left: 0px; outline-width: 0px; outline-style: initial; outline-color: initial; font-size: 14px; vertical-align: baseline; background-image: initial; background-attachment: initial; background-origin: initial; background-clip: initial; background-color: transparent; text-align: justify; padding: 0px;\"><em>Par exemple, je souhaiterais vendre ma fille comme servante, tel que c\u2019est indiqu\u00e9 dans le livre de l\u2019Exode, chapitre 21, verset 7. A votre avis, quel serait le meilleur prix ?<\/em><\/p>\n<p style=\"margin-top: 0px; margin-right: 0px; margin-bottom: 15px; margin-left: 0px; outline-width: 0px; outline-style: initial; outline-color: initial; font-size: 14px; vertical-align: baseline; background-image: initial; background-attachment: initial; background-origin: initial; background-clip: initial; background-color: transparent; text-align: justify; padding: 0px;\"><em>Le L\u00e9vitique aussi, chapitre 25, verset 44, enseigne que je peux poss\u00e9der des esclaves, hommes ou femmes, \u00e0 condition qu\u2019ils soient achet\u00e9s dans des nations voisines. Un ami affirme que ceci est applicable aux mexicains, mais pas aux canadiens. Pourriez-vous m\u2019\u00e9clairer sur ce point ? Pourquoi est-ce que je ne peux pas poss\u00e9der des esclaves canadiens ?<\/em><\/p>\n<p style=\"margin-top: 0px; margin-right: 0px; margin-bottom: 15px; margin-left: 0px; outline-width: 0px; outline-style: initial; outline-color: initial; font-size: 14px; vertical-align: baseline; background-image: initial; background-attachment: initial; background-origin: initial; background-clip: initial; background-color: transparent; text-align: justify; padding: 0px;\"><em>J\u2019ai un voisin qui tient \u00e0 travailler le samedi. L\u2019Exode, chapitre 35, verset 2, dit clairement qu\u2019il doit \u00eatre condamn\u00e9 \u00e0 mort. Je suis oblig\u00e9 de le tuer moi-m\u00eame ? Pourriez-vous me soulager de cette question g\u00eanante d\u2019une quelconque mani\u00e8re ?<\/em><\/p>\n<p style=\"margin-top: 0px; margin-right: 0px; margin-bottom: 15px; margin-left: 0px; outline-width: 0px; outline-style: initial; outline-color: initial; font-size: 14px; vertical-align: baseline; background-image: initial; background-attachment: initial; background-origin: initial; background-clip: initial; background-color: transparent; text-align: justify; padding: 0px;\"><em>Un de mes amis pense que m\u00eame si c\u2019est abominable de manger des fruits de mer (L\u00e9vitique 11:10), l\u2019homosexualit\u00e9 est encore plus abominable. Je ne suis pas d\u2019accord. Pouvez-vous r\u00e9gler notre diff\u00e9rend ?<\/em><\/p>\n<p style=\"margin-top: 0px; margin-right: 0px; margin-bottom: 15px; margin-left: 0px; outline-width: 0px; outline-style: initial; outline-color: initial; font-size: 14px; vertical-align: baseline; background-image: initial; background-attachment: initial; background-origin: initial; background-clip: initial; background-color: transparent; text-align: justify; padding: 0px;\"><em>La plupart de mes amis de sexe masculin se font couper les cheveux, y compris autour des tempes, alors que c\u2019est express\u00e9ment interdit par Le L\u00e9vitique (19:27). Comment doivent-ils mourir ?<\/em><\/p>\n<p style=\"margin-top: 0px; margin-right: 0px; margin-bottom: 15px; margin-left: 0px; outline-width: 0px; outline-style: initial; outline-color: initial; font-size: 14px; vertical-align: baseline; background-image: initial; background-attachment: initial; background-origin: initial; background-clip: initial; background-color: transparent; text-align: justify; padding: 0px;\"><em>Je sais que l\u2019on ne me permet aucun contact avec une femme tant qu\u2019elle est dans sa p\u00e9riode de r\u00e8gles (Levitique. 15:19-24). Le probl\u00e8me est : comment le dire ? J\u2019ai essay\u00e9 de demander, mais la plupart des femmes s\u2019en offusquent\u2026<\/em><\/p>\n<p style=\"margin-top: 0px; margin-right: 0px; margin-bottom: 15px; margin-left: 0px; outline-width: 0px; outline-style: initial; outline-color: initial; font-size: 14px; vertical-align: baseline; background-image: initial; background-attachment: initial; background-origin: initial; background-clip: initial; background-color: transparent; text-align: justify; padding: 0px;\"><em>Quand je br\u00fble un taureau sur l\u2019autel du sacrifice, je sais que l\u2019odeur qui se d\u00e9gage est apaisante pour le Seigneur (Levitique. 1:9). Le probl\u00e8me, c\u2019est mes voisins : ils trouvent que cette odeur n\u2019est pas apaisante pour eux. Dois-je les ch\u00e2tier en les frappant ?<\/em><\/p>\n<p style=\"margin-top: 0px; margin-right: 0px; margin-bottom: 15px; margin-left: 0px; outline-width: 0px; outline-style: initial; outline-color: initial; font-size: 14px; vertical-align: baseline; background-image: initial; background-attachment: initial; background-origin: initial; background-clip: initial; background-color: transparent; text-align: justify; padding: 0px;\"><em>Un dernier conseil. Mon oncle ne respecte pas ce que dit le L\u00e9vitique, chapitre 19, verset 19, en plantant deux types de culture diff\u00e9rents dans le m\u00eame champ, de m\u00eame que sa femme qui porte des v\u00eatements faits de diff\u00e9rents tissus, coton et polyester. De plus, il passe ses journ\u00e9es \u00e0 m\u00e9dire et \u00e0 blasph\u00e9mer. Est-il n\u00e9cessaire d\u2019aller jusqu\u2019au bout de la proc\u00e9dure embarrassante de r\u00e9unir tous les habitants du village pour lapider mon oncle et ma tante, comme le prescrit le L\u00e9vitique, chapitre 24, versets 10 \u00e0 16 ? On ne pourrait pas plut\u00f4t les br\u00fbler vifs au cours d\u2019une simple r\u00e9union familiale priv\u00e9e, comme \u00e7a se fait avec ceux qui dorment avec des parents proches, tel qu\u2019il est indiqu\u00e9 dans le livre sacr\u00e9, chapitre 20, verset 14 ?<\/em><\/p>\n<p style=\"margin-top: 0px; margin-right: 0px; margin-bottom: 15px; margin-left: 0px; outline-width: 0px; outline-style: initial; outline-color: initial; font-size: 14px; vertical-align: baseline; background-image: initial; background-attachment: initial; background-origin: initial; background-clip: initial; background-color: transparent; text-align: justify; padding: 0px;\"><em>Je sais que vous avez \u00e9tudi\u00e9 \u00e0 fond tous ces cas, aussi ai-je confiance en votre aide.<\/em><\/p>\n<p style=\"margin-top: 0px; margin-right: 0px; margin-bottom: 15px; margin-left: 0px; outline-width: 0px; outline-style: initial; outline-color: initial; font-size: 14px; vertical-align: baseline; background-image: initial; background-attachment: initial; background-origin: initial; background-clip: initial; background-color: transparent; text-align: justify; padding: 0px;\"><em>Merci encore de nous rappeler que la loi de Dieu est \u00e9ternelle et inalt\u00e9rable.<\/em><\/p>\n<p style=\"margin-top: 0px; margin-right: 0px; margin-bottom: 15px; margin-left: 0px; outline-width: 0px; outline-style: initial; outline-color: initial; font-size: 14px; vertical-align: baseline; background-image: initial; background-attachment: initial; background-origin: initial; background-clip: initial; background-color: transparent; text-align: justify; padding: 0px;\"><em>Votre disciple d\u00e9vou\u00e9 et fan admiratif.\u201d<\/em><\/p>\n<p style=\"margin-top: 0px; margin-right: 0px; margin-bottom: 15px; margin-left: 0px; outline-width: 0px; outline-style: initial; outline-color: initial; font-size: 14px; vertical-align: baseline; background-image: initial; background-attachment: initial; background-origin: initial; background-clip: initial; background-color: transparent; text-align: justify; padding: 0px;\">\n<p style=\"margin-top: 0px; margin-right: 0px; margin-bottom: 15px; margin-left: 0px; outline-width: 0px; outline-style: initial; outline-color: initial; font-size: 14px; vertical-align: baseline; background-image: initial; background-attachment: initial; background-origin: initial; background-clip: initial; background-color: transparent; text-align: justify; padding: 0px;\">Marrant non ?<\/p>\n<p style=\"margin-top: 0px; margin-right: 0px; margin-bottom: 15px; margin-left: 0px; outline-width: 0px; outline-style: initial; outline-color: initial; font-size: 14px; vertical-align: baseline; background-image: initial; background-attachment: initial; background-origin: initial; background-clip: initial; background-color: transparent; background-position: initial initial; background-repeat: initial initial; padding: 0px; border: 0px initial initial;\">\n<p style=\"margin-top: 0px; margin-right: 0px; margin-bottom: 15px; margin-left: 0px; outline-width: 0px; outline-style: initial; outline-color: initial; font-size: 14px; vertical-align: baseline; background-image: initial; background-attachment: initial; background-origin: initial; background-clip: initial; background-color: transparent; padding-top: 0px; padding-right: 0px; padding-bottom: 0px; padding-left: 570px;\"><strong><em>Fr\u00e9d\u00e9ric<\/em><\/strong><\/p>\n","protected":false},"excerpt":{"rendered":"<p>Je ne sais pas si cette histoire est vraie, mais peu importe. Les arguments qui y sont d\u00e9velopp\u00e9s sont bien exacts ! C&rsquo;est donc \u00e0 m\u00e9diter. &#8212;&#8212;&#8212;&#8212;&#8211; Lors d\u2019une de ses \u00e9missions, une c\u00e9l\u00e8bre animatrice radio aux Etats-Unis aurait fait &hellip; <a href=\"http:\/\/www.frederic-poitou.com\/blog\/aux-homophobes-qui-sen-referent-a-la-bible\/\">Lire la suite\u00ad\u00ad<\/a><\/p>\n","protected":false},"author":4,"featured_media":0,"comment_status":"open","ping_status":"open","sticky":false,"template":"","format":"standard","meta":{"kt_blocks_editor_width":"","_exactmetrics_skip_tracking":false,"_exactmetrics_sitenote_active":false,"_exactmetrics_sitenote_note":"","_exactmetrics_sitenote_category":0,"footnotes":""},"categories":[48],"tags":[27,24],"class_list":["post-5911","post","type-post","status-publish","format-standard","hentry","category-accueil","tag-actualite","tag-politique"],"yoast_head":"<!-- This site is optimized with the Yoast SEO plugin v27.1.1 - https:\/\/yoast.com\/product\/yoast-seo-wordpress\/ -->\n<title>AUX HOMOPHOBES QUI S&#039;EN R\u00c9F\u00c8RENT A LA BIBLE ... -<\/title>\n<meta name=\"robots\" content=\"index, follow, max-snippet:-1, max-image-preview:large, max-video-preview:-1\" \/>\n<link rel=\"canonical\" href=\"https:\/\/www.frederic-poitou.com\/blog\/aux-homophobes-qui-sen-referent-a-la-bible\/\" \/>\n<meta property=\"og:locale\" content=\"fr_FR\" \/>\n<meta property=\"og:type\" content=\"article\" \/>\n<meta property=\"og:title\" content=\"AUX HOMOPHOBES QUI S&#039;EN R\u00c9F\u00c8RENT A LA BIBLE ... -\" \/>\n<meta property=\"og:description\" content=\"Je ne sais pas si cette histoire est vraie, mais peu importe. Les arguments qui y sont d\u00e9velopp\u00e9s sont bien exacts ! C&rsquo;est donc \u00e0 m\u00e9diter. &#8212;&#8212;&#8212;&#8212;&#8211; Lors d\u2019une de ses \u00e9missions, une c\u00e9l\u00e8bre animatrice radio aux Etats-Unis aurait fait &hellip; Lire la suite\u00ad\u00ad\" \/>\n<meta property=\"og:url\" content=\"https:\/\/www.frederic-poitou.com\/blog\/aux-homophobes-qui-sen-referent-a-la-bible\/\" \/>\n<meta property=\"article:publisher\" content=\"https:\/\/www.facebook.com\/frederic.poitou\/\" \/>\n<meta property=\"article:published_time\" content=\"2023-07-13T12:23:32+00:00\" \/>\n<meta property=\"article:modified_time\" content=\"2026-04-09T09:34:38+00:00\" \/>\n<meta property=\"og:image\" content=\"http:\/\/www.frederic-poitou.com\/blog\/wp-content\/homophobie.jpg\" \/>\n<meta name=\"author\" content=\"Fr\u00e9d\u00e9ric Poitou\" \/>\n<meta name=\"twitter:card\" content=\"summary_large_image\" \/>\n<meta name=\"twitter:creator\" content=\"@fredericpoitou\" \/>\n<meta name=\"twitter:site\" content=\"@fredericpoitou\" \/>\n<meta name=\"twitter:label1\" content=\"\u00c9crit par\" \/>\n\t<meta name=\"twitter:data1\" content=\"Fr\u00e9d\u00e9ric Poitou\" \/>\n\t<meta name=\"twitter:label2\" content=\"Dur\u00e9e de lecture estim\u00e9e\" \/>\n\t<meta name=\"twitter:data2\" content=\"3 minutes\" \/>\n<script type=\"application\/ld+json\" class=\"yoast-schema-graph\">{\"@context\":\"https:\/\/schema.org\",\"@graph\":[{\"@type\":\"Article\",\"@id\":\"https:\/\/www.frederic-poitou.com\/blog\/aux-homophobes-qui-sen-referent-a-la-bible\/#article\",\"isPartOf\":{\"@id\":\"https:\/\/www.frederic-poitou.com\/blog\/aux-homophobes-qui-sen-referent-a-la-bible\/\"},\"author\":{\"name\":\"Fr\u00e9d\u00e9ric Poitou\",\"@id\":\"http:\/\/www.frederic-poitou.com\/blog\/#\/schema\/person\/e2c2d05e978747818533fdce859a7799\"},\"headline\":\"AUX HOMOPHOBES QUI S&rsquo;EN R\u00c9F\u00c8RENT A LA BIBLE &#8230;\",\"datePublished\":\"2023-07-13T12:23:32+00:00\",\"dateModified\":\"2026-04-09T09:34:38+00:00\",\"mainEntityOfPage\":{\"@id\":\"https:\/\/www.frederic-poitou.com\/blog\/aux-homophobes-qui-sen-referent-a-la-bible\/\"},\"wordCount\":635,\"commentCount\":0,\"image\":{\"@id\":\"https:\/\/www.frederic-poitou.com\/blog\/aux-homophobes-qui-sen-referent-a-la-bible\/#primaryimage\"},\"thumbnailUrl\":\"http:\/\/www.frederic-poitou.com\/blog\/wp-content\/homophobie.jpg\",\"keywords\":[\"Actualit\u00e9\",\"Politique\"],\"articleSection\":[\"Accueil\"],\"inLanguage\":\"fr-FR\",\"potentialAction\":[{\"@type\":\"CommentAction\",\"name\":\"Comment\",\"target\":[\"https:\/\/www.frederic-poitou.com\/blog\/aux-homophobes-qui-sen-referent-a-la-bible\/#respond\"]}]},{\"@type\":\"WebPage\",\"@id\":\"https:\/\/www.frederic-poitou.com\/blog\/aux-homophobes-qui-sen-referent-a-la-bible\/\",\"url\":\"https:\/\/www.frederic-poitou.com\/blog\/aux-homophobes-qui-sen-referent-a-la-bible\/\",\"name\":\"AUX HOMOPHOBES QUI S'EN R\u00c9F\u00c8RENT A LA BIBLE ... -\",\"isPartOf\":{\"@id\":\"http:\/\/www.frederic-poitou.com\/blog\/#website\"},\"primaryImageOfPage\":{\"@id\":\"https:\/\/www.frederic-poitou.com\/blog\/aux-homophobes-qui-sen-referent-a-la-bible\/#primaryimage\"},\"image\":{\"@id\":\"https:\/\/www.frederic-poitou.com\/blog\/aux-homophobes-qui-sen-referent-a-la-bible\/#primaryimage\"},\"thumbnailUrl\":\"http:\/\/www.frederic-poitou.com\/blog\/wp-content\/homophobie.jpg\",\"datePublished\":\"2023-07-13T12:23:32+00:00\",\"dateModified\":\"2026-04-09T09:34:38+00:00\",\"author\":{\"@id\":\"http:\/\/www.frederic-poitou.com\/blog\/#\/schema\/person\/e2c2d05e978747818533fdce859a7799\"},\"breadcrumb\":{\"@id\":\"https:\/\/www.frederic-poitou.com\/blog\/aux-homophobes-qui-sen-referent-a-la-bible\/#breadcrumb\"},\"inLanguage\":\"fr-FR\",\"potentialAction\":[{\"@type\":\"ReadAction\",\"target\":[\"https:\/\/www.frederic-poitou.com\/blog\/aux-homophobes-qui-sen-referent-a-la-bible\/\"]}]},{\"@type\":\"ImageObject\",\"inLanguage\":\"fr-FR\",\"@id\":\"https:\/\/www.frederic-poitou.com\/blog\/aux-homophobes-qui-sen-referent-a-la-bible\/#primaryimage\",\"url\":\"http:\/\/www.frederic-poitou.com\/blog\/wp-content\/homophobie.jpg\",\"contentUrl\":\"http:\/\/www.frederic-poitou.com\/blog\/wp-content\/homophobie.jpg\",\"width\":\"322\",\"height\":\"307\"},{\"@type\":\"BreadcrumbList\",\"@id\":\"https:\/\/www.frederic-poitou.com\/blog\/aux-homophobes-qui-sen-referent-a-la-bible\/#breadcrumb\",\"itemListElement\":[{\"@type\":\"ListItem\",\"position\":1,\"name\":\"Accueil\",\"item\":\"http:\/\/www.frederic-poitou.com\/blog\/\"},{\"@type\":\"ListItem\",\"position\":2,\"name\":\"AUX HOMOPHOBES QUI S&rsquo;EN R\u00c9F\u00c8RENT A LA BIBLE &#8230;\"}]},{\"@type\":\"WebSite\",\"@id\":\"http:\/\/www.frederic-poitou.com\/blog\/#website\",\"url\":\"http:\/\/www.frederic-poitou.com\/blog\/\",\"name\":\"\",\"description\":\"\",\"potentialAction\":[{\"@type\":\"SearchAction\",\"target\":{\"@type\":\"EntryPoint\",\"urlTemplate\":\"http:\/\/www.frederic-poitou.com\/blog\/?s={search_term_string}\"},\"query-input\":{\"@type\":\"PropertyValueSpecification\",\"valueRequired\":true,\"valueName\":\"search_term_string\"}}],\"inLanguage\":\"fr-FR\"},{\"@type\":\"Person\",\"@id\":\"http:\/\/www.frederic-poitou.com\/blog\/#\/schema\/person\/e2c2d05e978747818533fdce859a7799\",\"name\":\"Fr\u00e9d\u00e9ric Poitou\",\"image\":{\"@type\":\"ImageObject\",\"inLanguage\":\"fr-FR\",\"@id\":\"http:\/\/www.frederic-poitou.com\/blog\/#\/schema\/person\/image\/\",\"url\":\"https:\/\/secure.gravatar.com\/avatar\/1933bcca279a2feafd35d9e0a080c521e11beb51115fe4cfe02e2586ac13424a?s=96&d=mm&r=g\",\"contentUrl\":\"https:\/\/secure.gravatar.com\/avatar\/1933bcca279a2feafd35d9e0a080c521e11beb51115fe4cfe02e2586ac13424a?s=96&d=mm&r=g\",\"caption\":\"Fr\u00e9d\u00e9ric Poitou\"},\"description\":\"Fr\u00e9d\u00e9ric Poitou est n\u00e9 \u00e0 Rouen, et y a fait des \u00e9tudes au Conservatoire en musique-\u00e9tudes en section piano. Il s'est ensuite orient\u00e9 vers des \u00e9tudes scientifiques o\u00f9 il a obtenu un dipl\u00f4me d'ing\u00e9nieur, puis un doctorat en Chimie. Il est Expert Judiciaire en France, en Belgique et \u00e0 Luxembourg, et agr\u00e9e par les Institutions Europ\u00e9ennes.\",\"sameAs\":[\"http:\/\/www.frederic-poitou.com\",\"https:\/\/www.linkedin.com\/in\/frederic-poitou-b045a025\/\"]}]}<\/script>\n<!-- \/ Yoast SEO plugin. -->","yoast_head_json":{"title":"AUX HOMOPHOBES QUI S'EN R\u00c9F\u00c8RENT A LA BIBLE ... -","robots":{"index":"index","follow":"follow","max-snippet":"max-snippet:-1","max-image-preview":"max-image-preview:large","max-video-preview":"max-video-preview:-1"},"canonical":"https:\/\/www.frederic-poitou.com\/blog\/aux-homophobes-qui-sen-referent-a-la-bible\/","og_locale":"fr_FR","og_type":"article","og_title":"AUX HOMOPHOBES QUI S'EN R\u00c9F\u00c8RENT A LA BIBLE ... -","og_description":"Je ne sais pas si cette histoire est vraie, mais peu importe. Les arguments qui y sont d\u00e9velopp\u00e9s sont bien exacts ! C&rsquo;est donc \u00e0 m\u00e9diter. &#8212;&#8212;&#8212;&#8212;&#8211; Lors d\u2019une de ses \u00e9missions, une c\u00e9l\u00e8bre animatrice radio aux Etats-Unis aurait fait &hellip; Lire la suite\u00ad\u00ad","og_url":"https:\/\/www.frederic-poitou.com\/blog\/aux-homophobes-qui-sen-referent-a-la-bible\/","article_publisher":"https:\/\/www.facebook.com\/frederic.poitou\/","article_published_time":"2023-07-13T12:23:32+00:00","article_modified_time":"2026-04-09T09:34:38+00:00","og_image":[{"url":"http:\/\/www.frederic-poitou.com\/blog\/wp-content\/homophobie.jpg","type":"","width":"","height":""}],"author":"Fr\u00e9d\u00e9ric Poitou","twitter_card":"summary_large_image","twitter_creator":"@fredericpoitou","twitter_site":"@fredericpoitou","twitter_misc":{"\u00c9crit par":"Fr\u00e9d\u00e9ric Poitou","Dur\u00e9e de lecture estim\u00e9e":"3 minutes"},"schema":{"@context":"https:\/\/schema.org","@graph":[{"@type":"Article","@id":"https:\/\/www.frederic-poitou.com\/blog\/aux-homophobes-qui-sen-referent-a-la-bible\/#article","isPartOf":{"@id":"https:\/\/www.frederic-poitou.com\/blog\/aux-homophobes-qui-sen-referent-a-la-bible\/"},"author":{"name":"Fr\u00e9d\u00e9ric Poitou","@id":"http:\/\/www.frederic-poitou.com\/blog\/#\/schema\/person\/e2c2d05e978747818533fdce859a7799"},"headline":"AUX HOMOPHOBES QUI S&rsquo;EN R\u00c9F\u00c8RENT A LA BIBLE &#8230;","datePublished":"2023-07-13T12:23:32+00:00","dateModified":"2026-04-09T09:34:38+00:00","mainEntityOfPage":{"@id":"https:\/\/www.frederic-poitou.com\/blog\/aux-homophobes-qui-sen-referent-a-la-bible\/"},"wordCount":635,"commentCount":0,"image":{"@id":"https:\/\/www.frederic-poitou.com\/blog\/aux-homophobes-qui-sen-referent-a-la-bible\/#primaryimage"},"thumbnailUrl":"http:\/\/www.frederic-poitou.com\/blog\/wp-content\/homophobie.jpg","keywords":["Actualit\u00e9","Politique"],"articleSection":["Accueil"],"inLanguage":"fr-FR","potentialAction":[{"@type":"CommentAction","name":"Comment","target":["https:\/\/www.frederic-poitou.com\/blog\/aux-homophobes-qui-sen-referent-a-la-bible\/#respond"]}]},{"@type":"WebPage","@id":"https:\/\/www.frederic-poitou.com\/blog\/aux-homophobes-qui-sen-referent-a-la-bible\/","url":"https:\/\/www.frederic-poitou.com\/blog\/aux-homophobes-qui-sen-referent-a-la-bible\/","name":"AUX HOMOPHOBES QUI S'EN R\u00c9F\u00c8RENT A LA BIBLE ... -","isPartOf":{"@id":"http:\/\/www.frederic-poitou.com\/blog\/#website"},"primaryImageOfPage":{"@id":"https:\/\/www.frederic-poitou.com\/blog\/aux-homophobes-qui-sen-referent-a-la-bible\/#primaryimage"},"image":{"@id":"https:\/\/www.frederic-poitou.com\/blog\/aux-homophobes-qui-sen-referent-a-la-bible\/#primaryimage"},"thumbnailUrl":"http:\/\/www.frederic-poitou.com\/blog\/wp-content\/homophobie.jpg","datePublished":"2023-07-13T12:23:32+00:00","dateModified":"2026-04-09T09:34:38+00:00","author":{"@id":"http:\/\/www.frederic-poitou.com\/blog\/#\/schema\/person\/e2c2d05e978747818533fdce859a7799"},"breadcrumb":{"@id":"https:\/\/www.frederic-poitou.com\/blog\/aux-homophobes-qui-sen-referent-a-la-bible\/#breadcrumb"},"inLanguage":"fr-FR","potentialAction":[{"@type":"ReadAction","target":["https:\/\/www.frederic-poitou.com\/blog\/aux-homophobes-qui-sen-referent-a-la-bible\/"]}]},{"@type":"ImageObject","inLanguage":"fr-FR","@id":"https:\/\/www.frederic-poitou.com\/blog\/aux-homophobes-qui-sen-referent-a-la-bible\/#primaryimage","url":"http:\/\/www.frederic-poitou.com\/blog\/wp-content\/homophobie.jpg","contentUrl":"http:\/\/www.frederic-poitou.com\/blog\/wp-content\/homophobie.jpg","width":"322","height":"307"},{"@type":"BreadcrumbList","@id":"https:\/\/www.frederic-poitou.com\/blog\/aux-homophobes-qui-sen-referent-a-la-bible\/#breadcrumb","itemListElement":[{"@type":"ListItem","position":1,"name":"Accueil","item":"http:\/\/www.frederic-poitou.com\/blog\/"},{"@type":"ListItem","position":2,"name":"AUX HOMOPHOBES QUI S&rsquo;EN R\u00c9F\u00c8RENT A LA BIBLE &#8230;"}]},{"@type":"WebSite","@id":"http:\/\/www.frederic-poitou.com\/blog\/#website","url":"http:\/\/www.frederic-poitou.com\/blog\/","name":"","description":"","potentialAction":[{"@type":"SearchAction","target":{"@type":"EntryPoint","urlTemplate":"http:\/\/www.frederic-poitou.com\/blog\/?s={search_term_string}"},"query-input":{"@type":"PropertyValueSpecification","valueRequired":true,"valueName":"search_term_string"}}],"inLanguage":"fr-FR"},{"@type":"Person","@id":"http:\/\/www.frederic-poitou.com\/blog\/#\/schema\/person\/e2c2d05e978747818533fdce859a7799","name":"Fr\u00e9d\u00e9ric Poitou","image":{"@type":"ImageObject","inLanguage":"fr-FR","@id":"http:\/\/www.frederic-poitou.com\/blog\/#\/schema\/person\/image\/","url":"https:\/\/secure.gravatar.com\/avatar\/1933bcca279a2feafd35d9e0a080c521e11beb51115fe4cfe02e2586ac13424a?s=96&d=mm&r=g","contentUrl":"https:\/\/secure.gravatar.com\/avatar\/1933bcca279a2feafd35d9e0a080c521e11beb51115fe4cfe02e2586ac13424a?s=96&d=mm&r=g","caption":"Fr\u00e9d\u00e9ric Poitou"},"description":"Fr\u00e9d\u00e9ric Poitou est n\u00e9 \u00e0 Rouen, et y a fait des \u00e9tudes au Conservatoire en musique-\u00e9tudes en section piano. Il s'est ensuite orient\u00e9 vers des \u00e9tudes scientifiques o\u00f9 il a obtenu un dipl\u00f4me d'ing\u00e9nieur, puis un doctorat en Chimie. Il est Expert Judiciaire en France, en Belgique et \u00e0 Luxembourg, et agr\u00e9e par les Institutions Europ\u00e9ennes.","sameAs":["http:\/\/www.frederic-poitou.com","https:\/\/www.linkedin.com\/in\/frederic-poitou-b045a025\/"]}]}},"_links":{"self":[{"href":"http:\/\/www.frederic-poitou.com\/blog\/wp-json\/wp\/v2\/posts\/5911","targetHints":{"allow":["GET"]}}],"collection":[{"href":"http:\/\/www.frederic-poitou.com\/blog\/wp-json\/wp\/v2\/posts"}],"about":[{"href":"http:\/\/www.frederic-poitou.com\/blog\/wp-json\/wp\/v2\/types\/post"}],"author":[{"embeddable":true,"href":"http:\/\/www.frederic-poitou.com\/blog\/wp-json\/wp\/v2\/users\/4"}],"replies":[{"embeddable":true,"href":"http:\/\/www.frederic-poitou.com\/blog\/wp-json\/wp\/v2\/comments?post=5911"}],"version-history":[{"count":1,"href":"http:\/\/www.frederic-poitou.com\/blog\/wp-json\/wp\/v2\/posts\/5911\/revisions"}],"predecessor-version":[{"id":10348,"href":"http:\/\/www.frederic-poitou.com\/blog\/wp-json\/wp\/v2\/posts\/5911\/revisions\/10348"}],"wp:attachment":[{"href":"http:\/\/www.frederic-poitou.com\/blog\/wp-json\/wp\/v2\/media?parent=5911"}],"wp:term":[{"taxonomy":"category","embeddable":true,"href":"http:\/\/www.frederic-poitou.com\/blog\/wp-json\/wp\/v2\/categories?post=5911"},{"taxonomy":"post_tag","embeddable":true,"href":"http:\/\/www.frederic-poitou.com\/blog\/wp-json\/wp\/v2\/tags?post=5911"}],"curies":[{"name":"wp","href":"https:\/\/api.w.org\/{rel}","templated":true}]}}