{"id":5477,"date":"2023-07-13T18:40:32","date_gmt":"2023-07-13T16:40:32","guid":{"rendered":"http:\/\/www.frederic-poitou.com\/blog\/?p=5477"},"modified":"2026-04-10T14:07:23","modified_gmt":"2026-04-10T12:07:23","slug":"delinquance-financiere-francais-et-belges-a-la-pointe-de-la-lutte","status":"publish","type":"post","link":"http:\/\/www.frederic-poitou.com\/blog\/delinquance-financiere-francais-et-belges-a-la-pointe-de-la-lutte\/","title":{"rendered":"DELINQUANCE FINANCIERE : FRAN\u00e7AIS ET BELGES A LA POINTE DE LA LUTTE"},"content":{"rendered":"<p style=\"font-family: Verdana, Arial, Helvetica, sans-serif; font-size: 12px; line-height: 1.5em; color: #000000; margin-top: 1.5em; margin-right: 0px; margin-bottom: 1.5em; margin-left: 0px; text-align: center;\">\n<p style=\"font-family: Verdana, Arial, Helvetica, sans-serif; font-size: 12px; line-height: 1.5em; color: #000000; margin-top: 1.5em; margin-right: 0px; margin-bottom: 1.5em; margin-left: 0px; text-align: justify;\"><img loading=\"lazy\" decoding=\"async\" class=\"aligncenter size-full wp-image-5478\" style=\"margin: 10px; border: 10px solid black;\" title=\"170511SGT01\" src=\"http:\/\/www.frederic-poitou.com\/blog\/wp-content\/2011052118160539.jpg\" alt=\"170511SGT01\" width=\"400\" height=\"360\" srcset=\"http:\/\/www.frederic-poitou.com\/blog\/wp-content\/2011052118160539.jpg 400w, http:\/\/www.frederic-poitou.com\/blog\/wp-content\/2011052118160539-300x270.jpg 300w\" sizes=\"auto, (max-width: 400px) 100vw, 400px\" \/>Ce sont des d\u00e9lits, voire des crimes, qui font rarement la une des journaux. Qui alimentent peu les chroniques judiciaires. Et pourtant, la d\u00e9linquance \u00e9conomique &#8211; sans doute plus polic\u00e9e et immat\u00e9rielle qu&rsquo;un sordide fait divers &#8211; est devenue, en quelques ann\u00e9es, un enjeu majeur pour nos soci\u00e9t\u00e9s.<\/p>\n<p style=\"font-family: Verdana, Arial, Helvetica, sans-serif; font-size: 12px; line-height: 1.5em; color: #000000; margin-top: 1.5em; margin-right: 0px; margin-bottom: 1.5em; margin-left: 0px;\">Prenons un exemple concret- et vertigineux : &#8230;<\/p>\n<p style=\"font-family: Verdana, Arial, Helvetica, sans-serif; font-size: 12px; line-height: 1.5em; color: #000000; margin-top: 1.5em; margin-right: 0px; margin-bottom: 1.5em; margin-left: 0px;\">\n<p style=\"font-family: Verdana, Arial, Helvetica, sans-serif; font-size: 12px; line-height: 1.5em; color: #000000; margin-top: 1.5em; margin-right: 0px; margin-bottom: 1.5em; margin-left: 0px;\"><img loading=\"lazy\" decoding=\"async\" class=\"aligncenter size-full wp-image-5479\" title=\"PROVENCE\" src=\"http:\/\/www.frederic-poitou.com\/blog\/wp-content\/PROVENCE.jpeg\" alt=\"PROVENCE\" width=\"682\" height=\"1007\" srcset=\"http:\/\/www.frederic-poitou.com\/blog\/wp-content\/PROVENCE.jpeg 682w, http:\/\/www.frederic-poitou.com\/blog\/wp-content\/PROVENCE-203x300.jpg 203w\" sizes=\"auto, (max-width: 682px) 100vw, 682px\" \/><\/p>\n","protected":false},"excerpt":{"rendered":"<p>Ce sont des d\u00e9lits, voire des crimes, qui font rarement la une des journaux. Qui alimentent peu les chroniques judiciaires. Et pourtant, la d\u00e9linquance \u00e9conomique &#8211; sans doute plus polic\u00e9e et immat\u00e9rielle qu&rsquo;un sordide fait divers &#8211; est devenue, en &hellip; <a href=\"http:\/\/www.frederic-poitou.com\/blog\/delinquance-financiere-francais-et-belges-a-la-pointe-de-la-lutte\/\">Lire la suite\u00ad\u00ad<\/a><\/p>\n","protected":false},"author":4,"featured_media":0,"comment_status":"open","ping_status":"open","sticky":false,"template":"","format":"standard","meta":{"kt_blocks_editor_width":"","_exactmetrics_skip_tracking":false,"_exactmetrics_sitenote_active":false,"_exactmetrics_sitenote_note":"","_exactmetrics_sitenote_category":0,"footnotes":""},"categories":[48],"tags":[27],"class_list":["post-5477","post","type-post","status-publish","format-standard","hentry","category-accueil","tag-actualite"],"yoast_head":"<!-- This site is optimized with the Yoast SEO plugin v27.1.1 - https:\/\/yoast.com\/product\/yoast-seo-wordpress\/ -->\n<title>DELINQUANCE FINANCIERE : FRAN\u00e7AIS ET BELGES A LA POINTE DE LA LUTTE -<\/title>\n<meta name=\"robots\" content=\"index, follow, max-snippet:-1, max-image-preview:large, max-video-preview:-1\" \/>\n<link rel=\"canonical\" href=\"https:\/\/www.frederic-poitou.com\/blog\/delinquance-financiere-francais-et-belges-a-la-pointe-de-la-lutte\/\" \/>\n<meta property=\"og:locale\" content=\"fr_FR\" \/>\n<meta property=\"og:type\" content=\"article\" \/>\n<meta property=\"og:title\" content=\"DELINQUANCE FINANCIERE : FRAN\u00e7AIS ET BELGES A LA POINTE DE LA LUTTE -\" \/>\n<meta property=\"og:description\" content=\"Ce sont des d\u00e9lits, voire des crimes, qui font rarement la une des journaux. Qui alimentent peu les chroniques judiciaires. Et pourtant, la d\u00e9linquance \u00e9conomique &#8211; sans doute plus polic\u00e9e et immat\u00e9rielle qu&rsquo;un sordide fait divers &#8211; est devenue, en &hellip; Lire la suite\u00ad\u00ad\" \/>\n<meta property=\"og:url\" content=\"https:\/\/www.frederic-poitou.com\/blog\/delinquance-financiere-francais-et-belges-a-la-pointe-de-la-lutte\/\" \/>\n<meta property=\"article:publisher\" content=\"https:\/\/www.facebook.com\/frederic.poitou\/\" \/>\n<meta property=\"article:published_time\" content=\"2023-07-13T16:40:32+00:00\" \/>\n<meta property=\"article:modified_time\" content=\"2026-04-10T12:07:23+00:00\" \/>\n<meta property=\"og:image\" content=\"http:\/\/www.frederic-poitou.com\/blog\/wp-content\/2011052118160539.jpg\" \/>\n<meta name=\"author\" content=\"Fr\u00e9d\u00e9ric Poitou\" \/>\n<meta name=\"twitter:card\" content=\"summary_large_image\" \/>\n<meta name=\"twitter:creator\" content=\"@fredericpoitou\" \/>\n<meta name=\"twitter:site\" content=\"@fredericpoitou\" \/>\n<meta name=\"twitter:label1\" content=\"\u00c9crit par\" \/>\n\t<meta name=\"twitter:data1\" content=\"Fr\u00e9d\u00e9ric Poitou\" \/>\n<script type=\"application\/ld+json\" class=\"yoast-schema-graph\">{\"@context\":\"https:\/\/schema.org\",\"@graph\":[{\"@type\":\"Article\",\"@id\":\"https:\/\/www.frederic-poitou.com\/blog\/delinquance-financiere-francais-et-belges-a-la-pointe-de-la-lutte\/#article\",\"isPartOf\":{\"@id\":\"https:\/\/www.frederic-poitou.com\/blog\/delinquance-financiere-francais-et-belges-a-la-pointe-de-la-lutte\/\"},\"author\":{\"name\":\"Fr\u00e9d\u00e9ric Poitou\",\"@id\":\"http:\/\/www.frederic-poitou.com\/blog\/#\/schema\/person\/e2c2d05e978747818533fdce859a7799\"},\"headline\":\"DELINQUANCE FINANCIERE : FRAN\u00e7AIS ET BELGES A LA POINTE DE LA LUTTE\",\"datePublished\":\"2023-07-13T16:40:32+00:00\",\"dateModified\":\"2026-04-10T12:07:23+00:00\",\"mainEntityOfPage\":{\"@id\":\"https:\/\/www.frederic-poitou.com\/blog\/delinquance-financiere-francais-et-belges-a-la-pointe-de-la-lutte\/\"},\"wordCount\":74,\"commentCount\":0,\"image\":{\"@id\":\"https:\/\/www.frederic-poitou.com\/blog\/delinquance-financiere-francais-et-belges-a-la-pointe-de-la-lutte\/#primaryimage\"},\"thumbnailUrl\":\"http:\/\/www.frederic-poitou.com\/blog\/wp-content\/2011052118160539.jpg\",\"keywords\":[\"Actualit\u00e9\"],\"articleSection\":[\"Accueil\"],\"inLanguage\":\"fr-FR\",\"potentialAction\":[{\"@type\":\"CommentAction\",\"name\":\"Comment\",\"target\":[\"https:\/\/www.frederic-poitou.com\/blog\/delinquance-financiere-francais-et-belges-a-la-pointe-de-la-lutte\/#respond\"]}]},{\"@type\":\"WebPage\",\"@id\":\"https:\/\/www.frederic-poitou.com\/blog\/delinquance-financiere-francais-et-belges-a-la-pointe-de-la-lutte\/\",\"url\":\"https:\/\/www.frederic-poitou.com\/blog\/delinquance-financiere-francais-et-belges-a-la-pointe-de-la-lutte\/\",\"name\":\"DELINQUANCE FINANCIERE : FRAN\u00e7AIS ET BELGES A LA POINTE DE LA LUTTE -\",\"isPartOf\":{\"@id\":\"http:\/\/www.frederic-poitou.com\/blog\/#website\"},\"primaryImageOfPage\":{\"@id\":\"https:\/\/www.frederic-poitou.com\/blog\/delinquance-financiere-francais-et-belges-a-la-pointe-de-la-lutte\/#primaryimage\"},\"image\":{\"@id\":\"https:\/\/www.frederic-poitou.com\/blog\/delinquance-financiere-francais-et-belges-a-la-pointe-de-la-lutte\/#primaryimage\"},\"thumbnailUrl\":\"http:\/\/www.frederic-poitou.com\/blog\/wp-content\/2011052118160539.jpg\",\"datePublished\":\"2023-07-13T16:40:32+00:00\",\"dateModified\":\"2026-04-10T12:07:23+00:00\",\"author\":{\"@id\":\"http:\/\/www.frederic-poitou.com\/blog\/#\/schema\/person\/e2c2d05e978747818533fdce859a7799\"},\"breadcrumb\":{\"@id\":\"https:\/\/www.frederic-poitou.com\/blog\/delinquance-financiere-francais-et-belges-a-la-pointe-de-la-lutte\/#breadcrumb\"},\"inLanguage\":\"fr-FR\",\"potentialAction\":[{\"@type\":\"ReadAction\",\"target\":[\"https:\/\/www.frederic-poitou.com\/blog\/delinquance-financiere-francais-et-belges-a-la-pointe-de-la-lutte\/\"]}]},{\"@type\":\"ImageObject\",\"inLanguage\":\"fr-FR\",\"@id\":\"https:\/\/www.frederic-poitou.com\/blog\/delinquance-financiere-francais-et-belges-a-la-pointe-de-la-lutte\/#primaryimage\",\"url\":\"http:\/\/www.frederic-poitou.com\/blog\/wp-content\/2011052118160539.jpg\",\"contentUrl\":\"http:\/\/www.frederic-poitou.com\/blog\/wp-content\/2011052118160539.jpg\",\"width\":\"400\",\"height\":\"360\"},{\"@type\":\"BreadcrumbList\",\"@id\":\"https:\/\/www.frederic-poitou.com\/blog\/delinquance-financiere-francais-et-belges-a-la-pointe-de-la-lutte\/#breadcrumb\",\"itemListElement\":[{\"@type\":\"ListItem\",\"position\":1,\"name\":\"Accueil\",\"item\":\"http:\/\/www.frederic-poitou.com\/blog\/\"},{\"@type\":\"ListItem\",\"position\":2,\"name\":\"DELINQUANCE FINANCIERE : FRAN\u00e7AIS ET BELGES A LA POINTE DE LA LUTTE\"}]},{\"@type\":\"WebSite\",\"@id\":\"http:\/\/www.frederic-poitou.com\/blog\/#website\",\"url\":\"http:\/\/www.frederic-poitou.com\/blog\/\",\"name\":\"\",\"description\":\"\",\"potentialAction\":[{\"@type\":\"SearchAction\",\"target\":{\"@type\":\"EntryPoint\",\"urlTemplate\":\"http:\/\/www.frederic-poitou.com\/blog\/?s={search_term_string}\"},\"query-input\":{\"@type\":\"PropertyValueSpecification\",\"valueRequired\":true,\"valueName\":\"search_term_string\"}}],\"inLanguage\":\"fr-FR\"},{\"@type\":\"Person\",\"@id\":\"http:\/\/www.frederic-poitou.com\/blog\/#\/schema\/person\/e2c2d05e978747818533fdce859a7799\",\"name\":\"Fr\u00e9d\u00e9ric Poitou\",\"image\":{\"@type\":\"ImageObject\",\"inLanguage\":\"fr-FR\",\"@id\":\"http:\/\/www.frederic-poitou.com\/blog\/#\/schema\/person\/image\/\",\"url\":\"https:\/\/secure.gravatar.com\/avatar\/1933bcca279a2feafd35d9e0a080c521e11beb51115fe4cfe02e2586ac13424a?s=96&d=mm&r=g\",\"contentUrl\":\"https:\/\/secure.gravatar.com\/avatar\/1933bcca279a2feafd35d9e0a080c521e11beb51115fe4cfe02e2586ac13424a?s=96&d=mm&r=g\",\"caption\":\"Fr\u00e9d\u00e9ric Poitou\"},\"description\":\"Fr\u00e9d\u00e9ric Poitou est n\u00e9 \u00e0 Rouen, et y a fait des \u00e9tudes au Conservatoire en musique-\u00e9tudes en section piano. Il s'est ensuite orient\u00e9 vers des \u00e9tudes scientifiques o\u00f9 il a obtenu un dipl\u00f4me d'ing\u00e9nieur, puis un doctorat en Chimie. Il est Expert Judiciaire en France, en Belgique et \u00e0 Luxembourg, et agr\u00e9e par les Institutions Europ\u00e9ennes.\",\"sameAs\":[\"http:\/\/www.frederic-poitou.com\",\"https:\/\/www.linkedin.com\/in\/frederic-poitou-b045a025\/\"]}]}<\/script>\n<!-- \/ Yoast SEO plugin. -->","yoast_head_json":{"title":"DELINQUANCE FINANCIERE : FRAN\u00e7AIS ET BELGES A LA POINTE DE LA LUTTE -","robots":{"index":"index","follow":"follow","max-snippet":"max-snippet:-1","max-image-preview":"max-image-preview:large","max-video-preview":"max-video-preview:-1"},"canonical":"https:\/\/www.frederic-poitou.com\/blog\/delinquance-financiere-francais-et-belges-a-la-pointe-de-la-lutte\/","og_locale":"fr_FR","og_type":"article","og_title":"DELINQUANCE FINANCIERE : FRAN\u00e7AIS ET BELGES A LA POINTE DE LA LUTTE -","og_description":"Ce sont des d\u00e9lits, voire des crimes, qui font rarement la une des journaux. Qui alimentent peu les chroniques judiciaires. Et pourtant, la d\u00e9linquance \u00e9conomique &#8211; sans doute plus polic\u00e9e et immat\u00e9rielle qu&rsquo;un sordide fait divers &#8211; est devenue, en &hellip; Lire la suite\u00ad\u00ad","og_url":"https:\/\/www.frederic-poitou.com\/blog\/delinquance-financiere-francais-et-belges-a-la-pointe-de-la-lutte\/","article_publisher":"https:\/\/www.facebook.com\/frederic.poitou\/","article_published_time":"2023-07-13T16:40:32+00:00","article_modified_time":"2026-04-10T12:07:23+00:00","og_image":[{"url":"http:\/\/www.frederic-poitou.com\/blog\/wp-content\/2011052118160539.jpg","type":"","width":"","height":""}],"author":"Fr\u00e9d\u00e9ric Poitou","twitter_card":"summary_large_image","twitter_creator":"@fredericpoitou","twitter_site":"@fredericpoitou","twitter_misc":{"\u00c9crit par":"Fr\u00e9d\u00e9ric Poitou"},"schema":{"@context":"https:\/\/schema.org","@graph":[{"@type":"Article","@id":"https:\/\/www.frederic-poitou.com\/blog\/delinquance-financiere-francais-et-belges-a-la-pointe-de-la-lutte\/#article","isPartOf":{"@id":"https:\/\/www.frederic-poitou.com\/blog\/delinquance-financiere-francais-et-belges-a-la-pointe-de-la-lutte\/"},"author":{"name":"Fr\u00e9d\u00e9ric Poitou","@id":"http:\/\/www.frederic-poitou.com\/blog\/#\/schema\/person\/e2c2d05e978747818533fdce859a7799"},"headline":"DELINQUANCE FINANCIERE : FRAN\u00e7AIS ET BELGES A LA POINTE DE LA LUTTE","datePublished":"2023-07-13T16:40:32+00:00","dateModified":"2026-04-10T12:07:23+00:00","mainEntityOfPage":{"@id":"https:\/\/www.frederic-poitou.com\/blog\/delinquance-financiere-francais-et-belges-a-la-pointe-de-la-lutte\/"},"wordCount":74,"commentCount":0,"image":{"@id":"https:\/\/www.frederic-poitou.com\/blog\/delinquance-financiere-francais-et-belges-a-la-pointe-de-la-lutte\/#primaryimage"},"thumbnailUrl":"http:\/\/www.frederic-poitou.com\/blog\/wp-content\/2011052118160539.jpg","keywords":["Actualit\u00e9"],"articleSection":["Accueil"],"inLanguage":"fr-FR","potentialAction":[{"@type":"CommentAction","name":"Comment","target":["https:\/\/www.frederic-poitou.com\/blog\/delinquance-financiere-francais-et-belges-a-la-pointe-de-la-lutte\/#respond"]}]},{"@type":"WebPage","@id":"https:\/\/www.frederic-poitou.com\/blog\/delinquance-financiere-francais-et-belges-a-la-pointe-de-la-lutte\/","url":"https:\/\/www.frederic-poitou.com\/blog\/delinquance-financiere-francais-et-belges-a-la-pointe-de-la-lutte\/","name":"DELINQUANCE FINANCIERE : FRAN\u00e7AIS ET BELGES A LA POINTE DE LA LUTTE -","isPartOf":{"@id":"http:\/\/www.frederic-poitou.com\/blog\/#website"},"primaryImageOfPage":{"@id":"https:\/\/www.frederic-poitou.com\/blog\/delinquance-financiere-francais-et-belges-a-la-pointe-de-la-lutte\/#primaryimage"},"image":{"@id":"https:\/\/www.frederic-poitou.com\/blog\/delinquance-financiere-francais-et-belges-a-la-pointe-de-la-lutte\/#primaryimage"},"thumbnailUrl":"http:\/\/www.frederic-poitou.com\/blog\/wp-content\/2011052118160539.jpg","datePublished":"2023-07-13T16:40:32+00:00","dateModified":"2026-04-10T12:07:23+00:00","author":{"@id":"http:\/\/www.frederic-poitou.com\/blog\/#\/schema\/person\/e2c2d05e978747818533fdce859a7799"},"breadcrumb":{"@id":"https:\/\/www.frederic-poitou.com\/blog\/delinquance-financiere-francais-et-belges-a-la-pointe-de-la-lutte\/#breadcrumb"},"inLanguage":"fr-FR","potentialAction":[{"@type":"ReadAction","target":["https:\/\/www.frederic-poitou.com\/blog\/delinquance-financiere-francais-et-belges-a-la-pointe-de-la-lutte\/"]}]},{"@type":"ImageObject","inLanguage":"fr-FR","@id":"https:\/\/www.frederic-poitou.com\/blog\/delinquance-financiere-francais-et-belges-a-la-pointe-de-la-lutte\/#primaryimage","url":"http:\/\/www.frederic-poitou.com\/blog\/wp-content\/2011052118160539.jpg","contentUrl":"http:\/\/www.frederic-poitou.com\/blog\/wp-content\/2011052118160539.jpg","width":"400","height":"360"},{"@type":"BreadcrumbList","@id":"https:\/\/www.frederic-poitou.com\/blog\/delinquance-financiere-francais-et-belges-a-la-pointe-de-la-lutte\/#breadcrumb","itemListElement":[{"@type":"ListItem","position":1,"name":"Accueil","item":"http:\/\/www.frederic-poitou.com\/blog\/"},{"@type":"ListItem","position":2,"name":"DELINQUANCE FINANCIERE : FRAN\u00e7AIS ET BELGES A LA POINTE DE LA LUTTE"}]},{"@type":"WebSite","@id":"http:\/\/www.frederic-poitou.com\/blog\/#website","url":"http:\/\/www.frederic-poitou.com\/blog\/","name":"","description":"","potentialAction":[{"@type":"SearchAction","target":{"@type":"EntryPoint","urlTemplate":"http:\/\/www.frederic-poitou.com\/blog\/?s={search_term_string}"},"query-input":{"@type":"PropertyValueSpecification","valueRequired":true,"valueName":"search_term_string"}}],"inLanguage":"fr-FR"},{"@type":"Person","@id":"http:\/\/www.frederic-poitou.com\/blog\/#\/schema\/person\/e2c2d05e978747818533fdce859a7799","name":"Fr\u00e9d\u00e9ric Poitou","image":{"@type":"ImageObject","inLanguage":"fr-FR","@id":"http:\/\/www.frederic-poitou.com\/blog\/#\/schema\/person\/image\/","url":"https:\/\/secure.gravatar.com\/avatar\/1933bcca279a2feafd35d9e0a080c521e11beb51115fe4cfe02e2586ac13424a?s=96&d=mm&r=g","contentUrl":"https:\/\/secure.gravatar.com\/avatar\/1933bcca279a2feafd35d9e0a080c521e11beb51115fe4cfe02e2586ac13424a?s=96&d=mm&r=g","caption":"Fr\u00e9d\u00e9ric Poitou"},"description":"Fr\u00e9d\u00e9ric Poitou est n\u00e9 \u00e0 Rouen, et y a fait des \u00e9tudes au Conservatoire en musique-\u00e9tudes en section piano. Il s'est ensuite orient\u00e9 vers des \u00e9tudes scientifiques o\u00f9 il a obtenu un dipl\u00f4me d'ing\u00e9nieur, puis un doctorat en Chimie. Il est Expert Judiciaire en France, en Belgique et \u00e0 Luxembourg, et agr\u00e9e par les Institutions Europ\u00e9ennes.","sameAs":["http:\/\/www.frederic-poitou.com","https:\/\/www.linkedin.com\/in\/frederic-poitou-b045a025\/"]}]}},"_links":{"self":[{"href":"http:\/\/www.frederic-poitou.com\/blog\/wp-json\/wp\/v2\/posts\/5477","targetHints":{"allow":["GET"]}}],"collection":[{"href":"http:\/\/www.frederic-poitou.com\/blog\/wp-json\/wp\/v2\/posts"}],"about":[{"href":"http:\/\/www.frederic-poitou.com\/blog\/wp-json\/wp\/v2\/types\/post"}],"author":[{"embeddable":true,"href":"http:\/\/www.frederic-poitou.com\/blog\/wp-json\/wp\/v2\/users\/4"}],"replies":[{"embeddable":true,"href":"http:\/\/www.frederic-poitou.com\/blog\/wp-json\/wp\/v2\/comments?post=5477"}],"version-history":[{"count":1,"href":"http:\/\/www.frederic-poitou.com\/blog\/wp-json\/wp\/v2\/posts\/5477\/revisions"}],"predecessor-version":[{"id":10213,"href":"http:\/\/www.frederic-poitou.com\/blog\/wp-json\/wp\/v2\/posts\/5477\/revisions\/10213"}],"wp:attachment":[{"href":"http:\/\/www.frederic-poitou.com\/blog\/wp-json\/wp\/v2\/media?parent=5477"}],"wp:term":[{"taxonomy":"category","embeddable":true,"href":"http:\/\/www.frederic-poitou.com\/blog\/wp-json\/wp\/v2\/categories?post=5477"},{"taxonomy":"post_tag","embeddable":true,"href":"http:\/\/www.frederic-poitou.com\/blog\/wp-json\/wp\/v2\/tags?post=5477"}],"curies":[{"name":"wp","href":"https:\/\/api.w.org\/{rel}","templated":true}]}}