{"id":5384,"date":"2023-07-14T02:26:32","date_gmt":"2023-07-14T00:26:32","guid":{"rendered":"http:\/\/www.frederic-poitou.com\/blog\/?p=5384"},"modified":"2026-04-15T03:16:18","modified_gmt":"2026-04-15T01:16:18","slug":"marseille-nouvelle-piece-dans-laffaire-guerini-justice-france-3-regions-france-3","status":"publish","type":"post","link":"http:\/\/www.frederic-poitou.com\/blog\/marseille-nouvelle-piece-dans-laffaire-guerini-justice-france-3-regions-france-3\/","title":{"rendered":"GUERINI &#8211; QUAND Y&rsquo;EN A PLUS, Y&rsquo;EN A ENCORE !"},"content":{"rendered":"<p><img loading=\"lazy\" decoding=\"async\" class=\"alignleft size-full wp-image-5388\" style=\"margin: 20px; border: 20px solid black;\" title=\"Guerini-Marseille-PS-voiture_scalewidth_630\" src=\"http:\/\/www.frederic-poitou.com\/blog\/wp-content\/Guerini-Marseille-PS-voiture_scalewidth_630.jpg\" alt=\"Guerini-Marseille-PS-voiture_scalewidth_630\" width=\"378\" height=\"252\" srcset=\"http:\/\/www.frederic-poitou.com\/blog\/wp-content\/Guerini-Marseille-PS-voiture_scalewidth_630.jpg 630w, http:\/\/www.frederic-poitou.com\/blog\/wp-content\/Guerini-Marseille-PS-voiture_scalewidth_630-300x200.jpg 300w\" sizes=\"auto, (max-width: 378px) 100vw, 378px\" \/>Ah, si Jean-No savait comme je le bade &#8230;<\/p>\n<p>A chaque article publi\u00e9 sur mon blog \u00e0 son sujet, les statistiques de consultations explosent. Ainsi avais-je atteint 5500 visiteurs pour le mois de Mars, au rythme de son actualit\u00e9.<\/p>\n<p>Par la suite, avec la p\u00e9riode post-\u00e9lectorale et sa brillante r\u00e9-\u00e9lection \u00e0 la t\u00eate du d\u00e9partement des Bouches du Rh\u00f4ne, tout s&rsquo;\u00e9tait un peu calm\u00e9, et les statistiques de visite de mon site retombaient \u00e0 3000 &#8211; 3500 visiteurs. Normal quoi.<\/p>\n<p>Heureusement, Jean-No revient sur la sc\u00e8ne !<\/p>\n<p>Lu sur la Provence, et le site d&rsquo;Europe 1, les amusantes r\u00e9v\u00e9lations de MAC (Marie Arlette Carlotti).<\/p>\n<p><span style=\"color: #ffffff;\">&#8211;<\/span><\/p>\n<p><span style=\"color: #ffffff;\">&#8211;<\/span><\/p>\n<p style=\"margin: 0.0px 0.0px 0.0px 0.0px; font: 14.0px Arial;\"><strong><em>La commission d&rsquo;enqu\u00eate du PS a pass\u00e9 deux jours \u00e0 Marseille pour recueillir des t\u00e9moignages.<\/em><\/strong><\/p>\n<p style=\"margin: 0.0px 0.0px 0.0px 0.0px; font: 14.0px Arial;\"><em>Effervescence \u00e0 la f\u00e9d\u00e9ration socialiste des Bouches-du-Rh\u00f4ne. Pendant deux jours, une commission d&rsquo;enqu\u00eate pr\u00e9sid\u00e9e par l&rsquo;ancien ministre Alain Richard a recueilli des t\u00e9moignages sur la base du volontariat. Devant les huit membres de la commission, quelque 70 \u00e9lus, cadres et militants ont t\u00e9moign\u00e9 pour apporter leur soutien ou d\u00e9noncer les pratiques locales de Jean-No\u00ebl Gu\u00e9rini, le pr\u00e9sident du conseil g\u00e9n\u00e9ral. Pendant le m\u00eame temps, une perquisition polici\u00e8re a eu lieu mardi au si\u00e8ge du conseil g\u00e9n\u00e9ral, sans lien avec l&rsquo;enqu\u00eate interne.<\/em><\/p>\n<p style=\"margin: 0.0px 0.0px 0.0px 0.0px; font: 14.0px Arial;\"><em>Marie-Arlette Carlotti, conseill\u00e8re g\u00e9n\u00e9rale des Bouches-du-Rh\u00f4ne r\u00e9\u00e9lue en mars dernier fait partie des opposants au pr\u00e9sident du conseil g\u00e9n\u00e9ral, mis en difficult\u00e9 apr\u00e8s l&rsquo;incarc\u00e9ration de son fr\u00e8re Alexandre en d\u00e9cembre dans une affaire de march\u00e9s publics. \u00ab\u00a0Pouvoir personnel\u00a0\u00bb, \u00ab\u00a0votes obligatoires\u00a0\u00bb, \u00ab\u00a0sanctions\u00a0\u00bb pour les opposants, elle d\u00e9nonce le \u00ab\u00a0syst\u00e8me Gu\u00e9rini\u00a0\u00bb.<\/em><\/p>\n<p style=\"margin: 0.0px 0.0px 0.0px 0.0px; font: 14.0px Arial;\"><em>La conseill\u00e8re g\u00e9n\u00e9rale fait partie de ceux qui souhaitent la destitution de Jean-No\u00ebl Gu\u00e9rini.<\/em><\/p>\n<p style=\"margin: 0.0px 0.0px 0.0px 0.0px; font: 15.0px Helvetica;\"><strong><em>D&rsquo;autres auditions \u00e0 Paris<\/em><\/strong><\/p>\n<p style=\"margin: 0.0px 0.0px 0.0px 0.0px; font: 14.0px Arial;\"><em>Pour agr\u00e9menter ses propos, Marie-Arlette Carlotti a remis un dossier d&rsquo;une centaine de pages \u00e0 la commission. Un dossier rempli de lettres, de retranscriptions t\u00e9l\u00e9phoniques qui pourrait permettre de mettre fin au \u00ab\u00a0syst\u00e8me client\u00e9liste\u00a0\u00bb. Ce que demande fermement Arnaud Montebourg, le secr\u00e9taire national. \u00ab\u00a0Je suis pr\u00eat \u00e0 faire enfin le m\u00e9nage dans nos pratiques d\u00e9testables et condamnables, il ne faut plus les accepter\u00a0\u00bb, a-t-il estim\u00e9.<\/em><\/p>\n<p style=\"margin: 0.0px 0.0px 0.0px 0.0px; font: 14.0px Arial;\"><em>Un membre du comit\u00e9 renouveau PS13 n&rsquo;a pas lui non plus m\u00e2ch\u00e9 ses mots envers le pr\u00e9sident du conseil g\u00e9n\u00e9ral. \u00ab\u00a0Au fond, ce sont des m\u00e9thodes autoritaires. C&rsquo;est un syst\u00e8me organis\u00e9 par \u00e9lus et par des militants oblig\u00e9s\u00a0\u00bb.<\/em><\/p>\n<p style=\"margin: 0.0px 0.0px 0.0px 0.0px; font: 14.0px Arial;\"><em>La commission d&rsquo;enqu\u00eate n&rsquo;a pas encore fini son travail. Elle doit encore auditionner, mais cette fois \u00e0 Paris, le pr\u00e9sident de la r\u00e9gion Paca Michel Vauzelle, l&rsquo;\u00e9lu marseillais Patrick Mennucci, le d\u00e9put\u00e9 marseillais Henri Jibrayel et le premier secr\u00e9taire par int\u00e9rim de la f\u00e9d\u00e9ration des Bouches-du-Rh\u00f4ne, Jean-David Ciot. Son rapport sera remis au si\u00e8ge du parti le 20 juin.<\/em><\/p>\n<p style=\"text-align: center;\"><em><span style=\"color: #ffffff;\">&#8211;<\/span><\/em><\/p>\n<p style=\"text-align: center;\"><span style=\"color: #ffffff;\"><br \/>\n<\/span><\/p>\n<p style=\"text-align: center;\"><span style=\"color: #ffffff;\"><br \/>\n<\/span><\/p>\n<p style=\"text-align: center;\"><span style=\"color: #ffffff;\"> <\/span><\/p>\n<p style=\"text-align: center;\"><object classid=\"clsid:d27cdb6e-ae6d-11cf-96b8-444553540000\" width=\"480\" height=\"359\" codebase=\"http:\/\/download.macromedia.com\/pub\/shockwave\/cabs\/flash\/swflash.cab#version=6,0,40,0\"><param name=\"allowFullScreen\" value=\"true\" \/><param name=\"allowScriptAccess\" value=\"always\" \/><param name=\"wmode\" value=\"transparent\" \/><param name=\"src\" value=\"http:\/\/www.dailymotion.com\/swf\/video\/xikslt\" \/><param name=\"allowfullscreen\" value=\"true\" \/><embed type=\"application\/x-shockwave-flash\" width=\"480\" height=\"359\" src=\"http:\/\/www.dailymotion.com\/swf\/video\/xikslt\" wmode=\"transparent\" allowscriptaccess=\"always\" allowfullscreen=\"true\"><\/embed><\/object><\/p>\n<p style=\"text-align: center;\"><em><span style=\"color: #ffffff;\">&#8211;<\/span><\/em><\/p>\n<p style=\"text-align: center;\"><em><br \/>\n<\/em><\/p>\n<p>Compl\u00e9t\u00e9 d&rsquo;un tr\u00e8s amusant reportage diffus\u00e9 sur France 3, concernant l&rsquo;attribution des logements sociaux en cliquant -&gt;<strong><span style=\"color: #ff0000;\"> <\/span><\/strong><a href=\"http:\/\/provence-alpes.france3.fr\/info\/marseille-nouvelle-piece-dans-l-affaire-guerini-68669990.html?onglet=videos&amp;id-video=mars_1413519_050520111830_F3\"><strong><span style=\"color: #ff0000;\">ICI<\/span><\/strong><\/a><\/p>\n<p><span style=\"color: #ffffff;\">&#8211;<\/span><\/p>\n<p><span style=\"color: #ffffff;\">&#8211;<\/span><\/p>\n<p><span style=\"color: #ffffff;\">&#8211;<\/span><\/p>\n","protected":false},"excerpt":{"rendered":"<p>Ah, si Jean-No savait comme je le bade &#8230; A chaque article publi\u00e9 sur mon blog \u00e0 son sujet, les statistiques de consultations explosent. Ainsi avais-je atteint 5500 visiteurs pour le mois de Mars, au rythme de son actualit\u00e9. Par &hellip; <a href=\"http:\/\/www.frederic-poitou.com\/blog\/marseille-nouvelle-piece-dans-laffaire-guerini-justice-france-3-regions-france-3\/\">Lire la suite\u00ad\u00ad<\/a><\/p>\n","protected":false},"author":4,"featured_media":0,"comment_status":"open","ping_status":"open","sticky":false,"template":"","format":"standard","meta":{"kt_blocks_editor_width":"","_exactmetrics_skip_tracking":false,"_exactmetrics_sitenote_active":false,"_exactmetrics_sitenote_note":"","_exactmetrics_sitenote_category":0,"footnotes":""},"categories":[1],"tags":[50,24],"class_list":["post-5384","post","type-post","status-publish","format-standard","hentry","category-politique-economie","tag-politique-economie","tag-politique"],"yoast_head":"<!-- This site is optimized with the Yoast SEO plugin v27.1.1 - https:\/\/yoast.com\/product\/yoast-seo-wordpress\/ -->\n<title>GUERINI - QUAND Y&#039;EN A PLUS, Y&#039;EN A ENCORE ! -<\/title>\n<meta name=\"robots\" content=\"index, follow, max-snippet:-1, max-image-preview:large, max-video-preview:-1\" \/>\n<link rel=\"canonical\" href=\"http:\/\/www.frederic-poitou.com\/blog\/marseille-nouvelle-piece-dans-laffaire-guerini-justice-france-3-regions-france-3\/\" \/>\n<meta property=\"og:locale\" content=\"fr_FR\" \/>\n<meta property=\"og:type\" content=\"article\" \/>\n<meta property=\"og:title\" content=\"GUERINI - QUAND Y&#039;EN A PLUS, Y&#039;EN A ENCORE ! -\" \/>\n<meta property=\"og:description\" content=\"Ah, si Jean-No savait comme je le bade &#8230; A chaque article publi\u00e9 sur mon blog \u00e0 son sujet, les statistiques de consultations explosent. Ainsi avais-je atteint 5500 visiteurs pour le mois de Mars, au rythme de son actualit\u00e9. Par &hellip; Lire la suite\u00ad\u00ad\" \/>\n<meta property=\"og:url\" content=\"http:\/\/www.frederic-poitou.com\/blog\/marseille-nouvelle-piece-dans-laffaire-guerini-justice-france-3-regions-france-3\/\" \/>\n<meta property=\"article:publisher\" content=\"https:\/\/www.facebook.com\/frederic.poitou\/\" \/>\n<meta property=\"article:published_time\" content=\"2023-07-14T00:26:32+00:00\" \/>\n<meta property=\"article:modified_time\" content=\"2026-04-15T01:16:18+00:00\" \/>\n<meta property=\"og:image\" content=\"http:\/\/www.frederic-poitou.com\/blog\/wp-content\/Guerini-Marseille-PS-voiture_scalewidth_630.jpg\" \/>\n<meta name=\"author\" content=\"Fr\u00e9d\u00e9ric Poitou\" \/>\n<meta name=\"twitter:card\" content=\"summary_large_image\" \/>\n<meta name=\"twitter:creator\" content=\"@fredericpoitou\" \/>\n<meta name=\"twitter:site\" content=\"@fredericpoitou\" \/>\n<meta name=\"twitter:label1\" content=\"\u00c9crit par\" \/>\n\t<meta name=\"twitter:data1\" content=\"Fr\u00e9d\u00e9ric Poitou\" \/>\n\t<meta name=\"twitter:label2\" content=\"Dur\u00e9e de lecture estim\u00e9e\" \/>\n\t<meta name=\"twitter:data2\" content=\"3 minutes\" \/>\n<script type=\"application\/ld+json\" class=\"yoast-schema-graph\">{\"@context\":\"https:\/\/schema.org\",\"@graph\":[{\"@type\":\"Article\",\"@id\":\"http:\/\/www.frederic-poitou.com\/blog\/marseille-nouvelle-piece-dans-laffaire-guerini-justice-france-3-regions-france-3\/#article\",\"isPartOf\":{\"@id\":\"http:\/\/www.frederic-poitou.com\/blog\/marseille-nouvelle-piece-dans-laffaire-guerini-justice-france-3-regions-france-3\/\"},\"author\":{\"name\":\"Fr\u00e9d\u00e9ric Poitou\",\"@id\":\"http:\/\/www.frederic-poitou.com\/blog\/#\/schema\/person\/e2c2d05e978747818533fdce859a7799\"},\"headline\":\"GUERINI &#8211; QUAND Y&rsquo;EN A PLUS, Y&rsquo;EN A ENCORE !\",\"datePublished\":\"2023-07-14T00:26:32+00:00\",\"dateModified\":\"2026-04-15T01:16:18+00:00\",\"mainEntityOfPage\":{\"@id\":\"http:\/\/www.frederic-poitou.com\/blog\/marseille-nouvelle-piece-dans-laffaire-guerini-justice-france-3-regions-france-3\/\"},\"wordCount\":544,\"commentCount\":0,\"image\":{\"@id\":\"http:\/\/www.frederic-poitou.com\/blog\/marseille-nouvelle-piece-dans-laffaire-guerini-justice-france-3-regions-france-3\/#primaryimage\"},\"thumbnailUrl\":\"http:\/\/www.frederic-poitou.com\/blog\/wp-content\/Guerini-Marseille-PS-voiture_scalewidth_630.jpg\",\"keywords\":[\"Divers\",\"Politique\"],\"articleSection\":[\"Divers\"],\"inLanguage\":\"fr-FR\",\"potentialAction\":[{\"@type\":\"CommentAction\",\"name\":\"Comment\",\"target\":[\"http:\/\/www.frederic-poitou.com\/blog\/marseille-nouvelle-piece-dans-laffaire-guerini-justice-france-3-regions-france-3\/#respond\"]}]},{\"@type\":\"WebPage\",\"@id\":\"http:\/\/www.frederic-poitou.com\/blog\/marseille-nouvelle-piece-dans-laffaire-guerini-justice-france-3-regions-france-3\/\",\"url\":\"http:\/\/www.frederic-poitou.com\/blog\/marseille-nouvelle-piece-dans-laffaire-guerini-justice-france-3-regions-france-3\/\",\"name\":\"GUERINI - QUAND Y'EN A PLUS, Y'EN A ENCORE ! -\",\"isPartOf\":{\"@id\":\"http:\/\/www.frederic-poitou.com\/blog\/#website\"},\"primaryImageOfPage\":{\"@id\":\"http:\/\/www.frederic-poitou.com\/blog\/marseille-nouvelle-piece-dans-laffaire-guerini-justice-france-3-regions-france-3\/#primaryimage\"},\"image\":{\"@id\":\"http:\/\/www.frederic-poitou.com\/blog\/marseille-nouvelle-piece-dans-laffaire-guerini-justice-france-3-regions-france-3\/#primaryimage\"},\"thumbnailUrl\":\"http:\/\/www.frederic-poitou.com\/blog\/wp-content\/Guerini-Marseille-PS-voiture_scalewidth_630.jpg\",\"datePublished\":\"2023-07-14T00:26:32+00:00\",\"dateModified\":\"2026-04-15T01:16:18+00:00\",\"author\":{\"@id\":\"http:\/\/www.frederic-poitou.com\/blog\/#\/schema\/person\/e2c2d05e978747818533fdce859a7799\"},\"breadcrumb\":{\"@id\":\"http:\/\/www.frederic-poitou.com\/blog\/marseille-nouvelle-piece-dans-laffaire-guerini-justice-france-3-regions-france-3\/#breadcrumb\"},\"inLanguage\":\"fr-FR\",\"potentialAction\":[{\"@type\":\"ReadAction\",\"target\":[\"http:\/\/www.frederic-poitou.com\/blog\/marseille-nouvelle-piece-dans-laffaire-guerini-justice-france-3-regions-france-3\/\"]}]},{\"@type\":\"ImageObject\",\"inLanguage\":\"fr-FR\",\"@id\":\"http:\/\/www.frederic-poitou.com\/blog\/marseille-nouvelle-piece-dans-laffaire-guerini-justice-france-3-regions-france-3\/#primaryimage\",\"url\":\"http:\/\/www.frederic-poitou.com\/blog\/wp-content\/Guerini-Marseille-PS-voiture_scalewidth_630.jpg\",\"contentUrl\":\"http:\/\/www.frederic-poitou.com\/blog\/wp-content\/Guerini-Marseille-PS-voiture_scalewidth_630.jpg\",\"width\":\"630\",\"height\":\"420\"},{\"@type\":\"BreadcrumbList\",\"@id\":\"http:\/\/www.frederic-poitou.com\/blog\/marseille-nouvelle-piece-dans-laffaire-guerini-justice-france-3-regions-france-3\/#breadcrumb\",\"itemListElement\":[{\"@type\":\"ListItem\",\"position\":1,\"name\":\"Accueil\",\"item\":\"http:\/\/www.frederic-poitou.com\/blog\/\"},{\"@type\":\"ListItem\",\"position\":2,\"name\":\"GUERINI &#8211; QUAND Y&rsquo;EN A PLUS, Y&rsquo;EN A ENCORE !\"}]},{\"@type\":\"WebSite\",\"@id\":\"http:\/\/www.frederic-poitou.com\/blog\/#website\",\"url\":\"http:\/\/www.frederic-poitou.com\/blog\/\",\"name\":\"\",\"description\":\"\",\"potentialAction\":[{\"@type\":\"SearchAction\",\"target\":{\"@type\":\"EntryPoint\",\"urlTemplate\":\"http:\/\/www.frederic-poitou.com\/blog\/?s={search_term_string}\"},\"query-input\":{\"@type\":\"PropertyValueSpecification\",\"valueRequired\":true,\"valueName\":\"search_term_string\"}}],\"inLanguage\":\"fr-FR\"},{\"@type\":\"Person\",\"@id\":\"http:\/\/www.frederic-poitou.com\/blog\/#\/schema\/person\/e2c2d05e978747818533fdce859a7799\",\"name\":\"Fr\u00e9d\u00e9ric Poitou\",\"image\":{\"@type\":\"ImageObject\",\"inLanguage\":\"fr-FR\",\"@id\":\"http:\/\/www.frederic-poitou.com\/blog\/#\/schema\/person\/image\/\",\"url\":\"https:\/\/secure.gravatar.com\/avatar\/1933bcca279a2feafd35d9e0a080c521e11beb51115fe4cfe02e2586ac13424a?s=96&d=mm&r=g\",\"contentUrl\":\"https:\/\/secure.gravatar.com\/avatar\/1933bcca279a2feafd35d9e0a080c521e11beb51115fe4cfe02e2586ac13424a?s=96&d=mm&r=g\",\"caption\":\"Fr\u00e9d\u00e9ric Poitou\"},\"description\":\"Fr\u00e9d\u00e9ric Poitou est n\u00e9 \u00e0 Rouen, et y a fait des \u00e9tudes au Conservatoire en musique-\u00e9tudes en section piano. Il s'est ensuite orient\u00e9 vers des \u00e9tudes scientifiques o\u00f9 il a obtenu un dipl\u00f4me d'ing\u00e9nieur, puis un doctorat en Chimie. Il est Expert Judiciaire en France, en Belgique et \u00e0 Luxembourg, et agr\u00e9e par les Institutions Europ\u00e9ennes.\",\"sameAs\":[\"http:\/\/www.frederic-poitou.com\",\"https:\/\/www.linkedin.com\/in\/frederic-poitou-b045a025\/\"]}]}<\/script>\n<!-- \/ Yoast SEO plugin. -->","yoast_head_json":{"title":"GUERINI - QUAND Y'EN A PLUS, Y'EN A ENCORE ! -","robots":{"index":"index","follow":"follow","max-snippet":"max-snippet:-1","max-image-preview":"max-image-preview:large","max-video-preview":"max-video-preview:-1"},"canonical":"http:\/\/www.frederic-poitou.com\/blog\/marseille-nouvelle-piece-dans-laffaire-guerini-justice-france-3-regions-france-3\/","og_locale":"fr_FR","og_type":"article","og_title":"GUERINI - QUAND Y'EN A PLUS, Y'EN A ENCORE ! -","og_description":"Ah, si Jean-No savait comme je le bade &#8230; A chaque article publi\u00e9 sur mon blog \u00e0 son sujet, les statistiques de consultations explosent. Ainsi avais-je atteint 5500 visiteurs pour le mois de Mars, au rythme de son actualit\u00e9. Par &hellip; Lire la suite\u00ad\u00ad","og_url":"http:\/\/www.frederic-poitou.com\/blog\/marseille-nouvelle-piece-dans-laffaire-guerini-justice-france-3-regions-france-3\/","article_publisher":"https:\/\/www.facebook.com\/frederic.poitou\/","article_published_time":"2023-07-14T00:26:32+00:00","article_modified_time":"2026-04-15T01:16:18+00:00","og_image":[{"url":"http:\/\/www.frederic-poitou.com\/blog\/wp-content\/Guerini-Marseille-PS-voiture_scalewidth_630.jpg","type":"","width":"","height":""}],"author":"Fr\u00e9d\u00e9ric Poitou","twitter_card":"summary_large_image","twitter_creator":"@fredericpoitou","twitter_site":"@fredericpoitou","twitter_misc":{"\u00c9crit par":"Fr\u00e9d\u00e9ric Poitou","Dur\u00e9e de lecture estim\u00e9e":"3 minutes"},"schema":{"@context":"https:\/\/schema.org","@graph":[{"@type":"Article","@id":"http:\/\/www.frederic-poitou.com\/blog\/marseille-nouvelle-piece-dans-laffaire-guerini-justice-france-3-regions-france-3\/#article","isPartOf":{"@id":"http:\/\/www.frederic-poitou.com\/blog\/marseille-nouvelle-piece-dans-laffaire-guerini-justice-france-3-regions-france-3\/"},"author":{"name":"Fr\u00e9d\u00e9ric Poitou","@id":"http:\/\/www.frederic-poitou.com\/blog\/#\/schema\/person\/e2c2d05e978747818533fdce859a7799"},"headline":"GUERINI &#8211; QUAND Y&rsquo;EN A PLUS, Y&rsquo;EN A ENCORE !","datePublished":"2023-07-14T00:26:32+00:00","dateModified":"2026-04-15T01:16:18+00:00","mainEntityOfPage":{"@id":"http:\/\/www.frederic-poitou.com\/blog\/marseille-nouvelle-piece-dans-laffaire-guerini-justice-france-3-regions-france-3\/"},"wordCount":544,"commentCount":0,"image":{"@id":"http:\/\/www.frederic-poitou.com\/blog\/marseille-nouvelle-piece-dans-laffaire-guerini-justice-france-3-regions-france-3\/#primaryimage"},"thumbnailUrl":"http:\/\/www.frederic-poitou.com\/blog\/wp-content\/Guerini-Marseille-PS-voiture_scalewidth_630.jpg","keywords":["Divers","Politique"],"articleSection":["Divers"],"inLanguage":"fr-FR","potentialAction":[{"@type":"CommentAction","name":"Comment","target":["http:\/\/www.frederic-poitou.com\/blog\/marseille-nouvelle-piece-dans-laffaire-guerini-justice-france-3-regions-france-3\/#respond"]}]},{"@type":"WebPage","@id":"http:\/\/www.frederic-poitou.com\/blog\/marseille-nouvelle-piece-dans-laffaire-guerini-justice-france-3-regions-france-3\/","url":"http:\/\/www.frederic-poitou.com\/blog\/marseille-nouvelle-piece-dans-laffaire-guerini-justice-france-3-regions-france-3\/","name":"GUERINI - QUAND Y'EN A PLUS, Y'EN A ENCORE ! -","isPartOf":{"@id":"http:\/\/www.frederic-poitou.com\/blog\/#website"},"primaryImageOfPage":{"@id":"http:\/\/www.frederic-poitou.com\/blog\/marseille-nouvelle-piece-dans-laffaire-guerini-justice-france-3-regions-france-3\/#primaryimage"},"image":{"@id":"http:\/\/www.frederic-poitou.com\/blog\/marseille-nouvelle-piece-dans-laffaire-guerini-justice-france-3-regions-france-3\/#primaryimage"},"thumbnailUrl":"http:\/\/www.frederic-poitou.com\/blog\/wp-content\/Guerini-Marseille-PS-voiture_scalewidth_630.jpg","datePublished":"2023-07-14T00:26:32+00:00","dateModified":"2026-04-15T01:16:18+00:00","author":{"@id":"http:\/\/www.frederic-poitou.com\/blog\/#\/schema\/person\/e2c2d05e978747818533fdce859a7799"},"breadcrumb":{"@id":"http:\/\/www.frederic-poitou.com\/blog\/marseille-nouvelle-piece-dans-laffaire-guerini-justice-france-3-regions-france-3\/#breadcrumb"},"inLanguage":"fr-FR","potentialAction":[{"@type":"ReadAction","target":["http:\/\/www.frederic-poitou.com\/blog\/marseille-nouvelle-piece-dans-laffaire-guerini-justice-france-3-regions-france-3\/"]}]},{"@type":"ImageObject","inLanguage":"fr-FR","@id":"http:\/\/www.frederic-poitou.com\/blog\/marseille-nouvelle-piece-dans-laffaire-guerini-justice-france-3-regions-france-3\/#primaryimage","url":"http:\/\/www.frederic-poitou.com\/blog\/wp-content\/Guerini-Marseille-PS-voiture_scalewidth_630.jpg","contentUrl":"http:\/\/www.frederic-poitou.com\/blog\/wp-content\/Guerini-Marseille-PS-voiture_scalewidth_630.jpg","width":"630","height":"420"},{"@type":"BreadcrumbList","@id":"http:\/\/www.frederic-poitou.com\/blog\/marseille-nouvelle-piece-dans-laffaire-guerini-justice-france-3-regions-france-3\/#breadcrumb","itemListElement":[{"@type":"ListItem","position":1,"name":"Accueil","item":"http:\/\/www.frederic-poitou.com\/blog\/"},{"@type":"ListItem","position":2,"name":"GUERINI &#8211; QUAND Y&rsquo;EN A PLUS, Y&rsquo;EN A ENCORE !"}]},{"@type":"WebSite","@id":"http:\/\/www.frederic-poitou.com\/blog\/#website","url":"http:\/\/www.frederic-poitou.com\/blog\/","name":"","description":"","potentialAction":[{"@type":"SearchAction","target":{"@type":"EntryPoint","urlTemplate":"http:\/\/www.frederic-poitou.com\/blog\/?s={search_term_string}"},"query-input":{"@type":"PropertyValueSpecification","valueRequired":true,"valueName":"search_term_string"}}],"inLanguage":"fr-FR"},{"@type":"Person","@id":"http:\/\/www.frederic-poitou.com\/blog\/#\/schema\/person\/e2c2d05e978747818533fdce859a7799","name":"Fr\u00e9d\u00e9ric Poitou","image":{"@type":"ImageObject","inLanguage":"fr-FR","@id":"http:\/\/www.frederic-poitou.com\/blog\/#\/schema\/person\/image\/","url":"https:\/\/secure.gravatar.com\/avatar\/1933bcca279a2feafd35d9e0a080c521e11beb51115fe4cfe02e2586ac13424a?s=96&d=mm&r=g","contentUrl":"https:\/\/secure.gravatar.com\/avatar\/1933bcca279a2feafd35d9e0a080c521e11beb51115fe4cfe02e2586ac13424a?s=96&d=mm&r=g","caption":"Fr\u00e9d\u00e9ric Poitou"},"description":"Fr\u00e9d\u00e9ric Poitou est n\u00e9 \u00e0 Rouen, et y a fait des \u00e9tudes au Conservatoire en musique-\u00e9tudes en section piano. Il s'est ensuite orient\u00e9 vers des \u00e9tudes scientifiques o\u00f9 il a obtenu un dipl\u00f4me d'ing\u00e9nieur, puis un doctorat en Chimie. Il est Expert Judiciaire en France, en Belgique et \u00e0 Luxembourg, et agr\u00e9e par les Institutions Europ\u00e9ennes.","sameAs":["http:\/\/www.frederic-poitou.com","https:\/\/www.linkedin.com\/in\/frederic-poitou-b045a025\/"]}]}},"_links":{"self":[{"href":"http:\/\/www.frederic-poitou.com\/blog\/wp-json\/wp\/v2\/posts\/5384","targetHints":{"allow":["GET"]}}],"collection":[{"href":"http:\/\/www.frederic-poitou.com\/blog\/wp-json\/wp\/v2\/posts"}],"about":[{"href":"http:\/\/www.frederic-poitou.com\/blog\/wp-json\/wp\/v2\/types\/post"}],"author":[{"embeddable":true,"href":"http:\/\/www.frederic-poitou.com\/blog\/wp-json\/wp\/v2\/users\/4"}],"replies":[{"embeddable":true,"href":"http:\/\/www.frederic-poitou.com\/blog\/wp-json\/wp\/v2\/comments?post=5384"}],"version-history":[{"count":1,"href":"http:\/\/www.frederic-poitou.com\/blog\/wp-json\/wp\/v2\/posts\/5384\/revisions"}],"predecessor-version":[{"id":10211,"href":"http:\/\/www.frederic-poitou.com\/blog\/wp-json\/wp\/v2\/posts\/5384\/revisions\/10211"}],"wp:attachment":[{"href":"http:\/\/www.frederic-poitou.com\/blog\/wp-json\/wp\/v2\/media?parent=5384"}],"wp:term":[{"taxonomy":"category","embeddable":true,"href":"http:\/\/www.frederic-poitou.com\/blog\/wp-json\/wp\/v2\/categories?post=5384"},{"taxonomy":"post_tag","embeddable":true,"href":"http:\/\/www.frederic-poitou.com\/blog\/wp-json\/wp\/v2\/tags?post=5384"}],"curies":[{"name":"wp","href":"https:\/\/api.w.org\/{rel}","templated":true}]}}