{"id":5376,"date":"2023-07-13T21:39:32","date_gmt":"2023-07-13T19:39:32","guid":{"rendered":"http:\/\/www.frederic-poitou.com\/blog\/?p=5376"},"modified":"2026-04-13T11:22:13","modified_gmt":"2026-04-13T09:22:13","slug":"un-centriste-qui-disparait-cest-un-peu-de-bon-sens-en-moins","status":"publish","type":"post","link":"http:\/\/www.frederic-poitou.com\/blog\/un-centriste-qui-disparait-cest-un-peu-de-bon-sens-en-moins\/","title":{"rendered":"UN CENTRISTE QUI DISPARAIT, C&rsquo;EST UN PEU DE BON SENS EN MOINS &#8230;"},"content":{"rendered":"<p><img loading=\"lazy\" decoding=\"async\" class=\"alignleft size-full wp-image-5382\" style=\"margin: 10px; border: 10px solid black;\" title=\"1435108_000-par2003070322949_640x280\" src=\"http:\/\/www.frederic-poitou.com\/blog\/wp-content\/1435108_000-par2003070322949_640x280.jpg\" alt=\"1435108_000-par2003070322949_640x280\" width=\"410\" height=\"179\" srcset=\"http:\/\/www.frederic-poitou.com\/blog\/wp-content\/1435108_000-par2003070322949_640x280.jpg 640w, http:\/\/www.frederic-poitou.com\/blog\/wp-content\/1435108_000-par2003070322949_640x280-300x131.jpg 300w\" sizes=\"auto, (max-width: 410px) 100vw, 410px\" \/>Bernard Stasi est d\u00e9c\u00e9d\u00e9 hier des suites de la maladie d&rsquo;Alzheimer, mercredi matin.<\/p>\n<p>Bernard Stasi a \u00e9t\u00e9 un mod\u00e8le politique pour moi, comme l&rsquo;ont \u00e9t\u00e9 auparavant Jean Jacques Servan Schreiber, Simone Veil, Jacques Delors et Michel Rocard.<\/p>\n<p>Un Humaniste, centriste, Chr\u00e9tien et La\u00efc qui part, c&rsquo;est du bon sens et l&rsquo;engagement des convictions qui disparait. Je m&rsquo;\u00e9tais beaucoup inspir\u00e9 de l&rsquo;excellent rapport sur la la\u00efcit\u00e9 qu&rsquo;il avait r\u00e9dig\u00e9 \u00e0 la demande de Jacques Chirac.<\/p>\n<p>La suite est reprises de la Voix du Nord :<\/p>\n<p style=\"font: normal normal normal 13px\/normal Georgia; text-align: justify; margin: 0px;\"><em>Il savait de quoi il parlait, lui, n\u00e9 espagnol, qui avait fait la d\u00e9marche, \u00e0 18 ans, de devenir citoyen fran\u00e7ais. C&rsquo;est en France qu&rsquo;il \u00e9tait n\u00e9, le 4 juillet 1930 \u00e0 Reims, o\u00f9 ses parents &#8211; p\u00e8re catalan, m\u00e8re cubaine naturalis\u00e9e espagnole &#8211; travail-laient dans le champagne. Trop jeune pour \u00eatre r\u00e9sistant, il fait n\u00e9anmoins le coup de poing, \u00e0 l&rsquo;\u00e9cole, contre les p\u00e9tainistes. Par solidarit\u00e9 avec un ami juif, il organise un d\u00e9fil\u00e9 des enfants de sa classe arborant des \u00e9toiles jaunes en papier.<\/em><\/p>\n<p style=\"font: normal normal normal 13px\/normal Georgia; text-align: justify; margin: 0px;\"><em>D\u00e8s l&rsquo;adolescence, la politique le happe. Ses convictions : l&rsquo;Europe, et le centrisme &#8211; alors incarn\u00e9 par le Mouvement r\u00e9publicain populaire (MRP) -, et le combat antiraciste.<\/em><\/p>\n<p style=\"font: normal normal normal 13px\/normal Georgia; text-align: justify; margin: 0px;\"><em>Sa vie durant, ce sportif restera fid\u00e8le \u00e0 sa famille politique. Il n&rsquo;en sera pas moins \u00e9tiquet\u00e9 de gauche par la droite et de droite par la gauche. Sans qu&rsquo;il n&rsquo;en ait cure, lui, entr\u00e9 en politique avec Jean Lecanuet et Jacques Duhamel, fid\u00e8le en amiti\u00e9 \u00e0 Jacques Chirac&#8230; mais aussi \u00e0 Michel Rocard qui chercha, en vain, \u00e0 l&rsquo;int\u00e9grer dans son \u00ab\u00a0gouvernement d&rsquo;ouverture\u00a0\u00bb en 1988.<\/em><\/p>\n<p style=\"font: normal normal normal 13px\/normal Georgia; text-align: justify; margin: 0px;\"><em>Son dernier acte politique fut un clair soutien \u00e0 Fran\u00e7ois Bayrou \u00e0 la pr\u00e9sidentielle de 2007.<\/em><\/p>\n<p style=\"font: normal normal normal 13px\/normal Georgia; text-align: justify; margin: 0px;\"><em>D\u00e9put\u00e9 d&rsquo;\u00c9pernay &#8211; dont il fut longtemps maire &#8211; pendant plusieurs l\u00e9gislatures, battu en 1993 pour n&rsquo;avoir pas vot\u00e9 contre la loi \u00c9 vin interdisant la publicit\u00e9 pour l&rsquo;alcool, il fut une grande figure de l&rsquo;Assembl\u00e9e nationale. Il pr\u00e9sida aussi le conseil r\u00e9gional de Champagne-Ardenne.<\/em><\/p>\n<p style=\"font: normal normal normal 13px\/normal Georgia; text-align: justify; margin: 0px;\"><em>Sa carri\u00e8re minist\u00e9rielle fut courte. Sa condamnation du coup d&rsquo;\u00c9tat d&rsquo;Augusto Pinochet, le 11 septembre 1973, au Chili, lui vaudra de perdre le seul portefeuille minist\u00e9riel de sa carri\u00e8re, les DOM-TOM, d&rsquo;avril 1973 \u00e0 mai 1974.<\/em><\/p>\n<p style=\"font: normal normal normal 13px\/normal Georgia; text-align: justify; margin: 0px;\"><em>Ses derni\u00e8res ann\u00e9es lui ont permis de mettre en oeuvre son go\u00fbt du dialogue sur des sujets sensibles. La commission sur la la\u00efcit\u00e9, qui porte son nom, aboutira \u00e0 l&rsquo;interdiction des signes religieux \u00ab\u00a0ostentatoires\u00a0\u00bb dans les \u00e9coles.<\/em><\/p>\n","protected":false},"excerpt":{"rendered":"<p>Bernard Stasi est d\u00e9c\u00e9d\u00e9 hier des suites de la maladie d&rsquo;Alzheimer, mercredi matin. Bernard Stasi a \u00e9t\u00e9 un mod\u00e8le politique pour moi, comme l&rsquo;ont \u00e9t\u00e9 auparavant Jean Jacques Servan Schreiber, Simone Veil, Jacques Delors et Michel Rocard. Un Humaniste, centriste, &hellip; <a href=\"http:\/\/www.frederic-poitou.com\/blog\/un-centriste-qui-disparait-cest-un-peu-de-bon-sens-en-moins\/\">Lire la suite\u00ad\u00ad<\/a><\/p>\n","protected":false},"author":4,"featured_media":0,"comment_status":"open","ping_status":"open","sticky":false,"template":"","format":"standard","meta":{"kt_blocks_editor_width":"","_exactmetrics_skip_tracking":false,"_exactmetrics_sitenote_active":false,"_exactmetrics_sitenote_note":"","_exactmetrics_sitenote_category":0,"footnotes":""},"categories":[48],"tags":[27,26,25,24],"class_list":["post-5376","post","type-post","status-publish","format-standard","hentry","category-accueil","tag-actualite","tag-laicite","tag-parti-radical","tag-politique"],"yoast_head":"<!-- This site is optimized with the Yoast SEO plugin v27.1.1 - https:\/\/yoast.com\/product\/yoast-seo-wordpress\/ -->\n<title>UN CENTRISTE QUI DISPARAIT, C&#039;EST UN PEU DE BON SENS EN MOINS ... -<\/title>\n<meta name=\"robots\" content=\"index, follow, max-snippet:-1, max-image-preview:large, max-video-preview:-1\" \/>\n<link rel=\"canonical\" href=\"http:\/\/www.frederic-poitou.com\/blog\/un-centriste-qui-disparait-cest-un-peu-de-bon-sens-en-moins\/\" \/>\n<meta property=\"og:locale\" content=\"fr_FR\" \/>\n<meta property=\"og:type\" content=\"article\" \/>\n<meta property=\"og:title\" content=\"UN CENTRISTE QUI DISPARAIT, C&#039;EST UN PEU DE BON SENS EN MOINS ... -\" \/>\n<meta property=\"og:description\" content=\"Bernard Stasi est d\u00e9c\u00e9d\u00e9 hier des suites de la maladie d&rsquo;Alzheimer, mercredi matin. Bernard Stasi a \u00e9t\u00e9 un mod\u00e8le politique pour moi, comme l&rsquo;ont \u00e9t\u00e9 auparavant Jean Jacques Servan Schreiber, Simone Veil, Jacques Delors et Michel Rocard. Un Humaniste, centriste, &hellip; Lire la suite\u00ad\u00ad\" \/>\n<meta property=\"og:url\" content=\"http:\/\/www.frederic-poitou.com\/blog\/un-centriste-qui-disparait-cest-un-peu-de-bon-sens-en-moins\/\" \/>\n<meta property=\"article:publisher\" content=\"https:\/\/www.facebook.com\/frederic.poitou\/\" \/>\n<meta property=\"article:published_time\" content=\"2023-07-13T19:39:32+00:00\" \/>\n<meta property=\"article:modified_time\" content=\"2026-04-13T09:22:13+00:00\" \/>\n<meta property=\"og:image\" content=\"http:\/\/www.frederic-poitou.com\/blog\/wp-content\/1435108_000-par2003070322949_640x280.jpg\" \/>\n<meta name=\"author\" content=\"Fr\u00e9d\u00e9ric Poitou\" \/>\n<meta name=\"twitter:card\" content=\"summary_large_image\" \/>\n<meta name=\"twitter:creator\" content=\"@fredericpoitou\" \/>\n<meta name=\"twitter:site\" content=\"@fredericpoitou\" \/>\n<meta name=\"twitter:label1\" content=\"\u00c9crit par\" \/>\n\t<meta name=\"twitter:data1\" content=\"Fr\u00e9d\u00e9ric Poitou\" \/>\n\t<meta name=\"twitter:label2\" content=\"Dur\u00e9e de lecture estim\u00e9e\" \/>\n\t<meta name=\"twitter:data2\" content=\"2 minutes\" \/>\n<script type=\"application\/ld+json\" class=\"yoast-schema-graph\">{\"@context\":\"https:\/\/schema.org\",\"@graph\":[{\"@type\":\"Article\",\"@id\":\"http:\/\/www.frederic-poitou.com\/blog\/un-centriste-qui-disparait-cest-un-peu-de-bon-sens-en-moins\/#article\",\"isPartOf\":{\"@id\":\"http:\/\/www.frederic-poitou.com\/blog\/un-centriste-qui-disparait-cest-un-peu-de-bon-sens-en-moins\/\"},\"author\":{\"name\":\"Fr\u00e9d\u00e9ric Poitou\",\"@id\":\"http:\/\/www.frederic-poitou.com\/blog\/#\/schema\/person\/e2c2d05e978747818533fdce859a7799\"},\"headline\":\"UN CENTRISTE QUI DISPARAIT, C&rsquo;EST UN PEU DE BON SENS EN MOINS &#8230;\",\"datePublished\":\"2023-07-13T19:39:32+00:00\",\"dateModified\":\"2026-04-13T09:22:13+00:00\",\"mainEntityOfPage\":{\"@id\":\"http:\/\/www.frederic-poitou.com\/blog\/un-centriste-qui-disparait-cest-un-peu-de-bon-sens-en-moins\/\"},\"wordCount\":446,\"commentCount\":0,\"image\":{\"@id\":\"http:\/\/www.frederic-poitou.com\/blog\/un-centriste-qui-disparait-cest-un-peu-de-bon-sens-en-moins\/#primaryimage\"},\"thumbnailUrl\":\"http:\/\/www.frederic-poitou.com\/blog\/wp-content\/1435108_000-par2003070322949_640x280.jpg\",\"keywords\":[\"Actualit\u00e9\",\"La\u00efcit\u00e9\",\"PARTI RADICAL\",\"Politique\"],\"articleSection\":[\"Accueil\"],\"inLanguage\":\"fr-FR\",\"potentialAction\":[{\"@type\":\"CommentAction\",\"name\":\"Comment\",\"target\":[\"http:\/\/www.frederic-poitou.com\/blog\/un-centriste-qui-disparait-cest-un-peu-de-bon-sens-en-moins\/#respond\"]}]},{\"@type\":\"WebPage\",\"@id\":\"http:\/\/www.frederic-poitou.com\/blog\/un-centriste-qui-disparait-cest-un-peu-de-bon-sens-en-moins\/\",\"url\":\"http:\/\/www.frederic-poitou.com\/blog\/un-centriste-qui-disparait-cest-un-peu-de-bon-sens-en-moins\/\",\"name\":\"UN CENTRISTE QUI DISPARAIT, C'EST UN PEU DE BON SENS EN MOINS ... -\",\"isPartOf\":{\"@id\":\"http:\/\/www.frederic-poitou.com\/blog\/#website\"},\"primaryImageOfPage\":{\"@id\":\"http:\/\/www.frederic-poitou.com\/blog\/un-centriste-qui-disparait-cest-un-peu-de-bon-sens-en-moins\/#primaryimage\"},\"image\":{\"@id\":\"http:\/\/www.frederic-poitou.com\/blog\/un-centriste-qui-disparait-cest-un-peu-de-bon-sens-en-moins\/#primaryimage\"},\"thumbnailUrl\":\"http:\/\/www.frederic-poitou.com\/blog\/wp-content\/1435108_000-par2003070322949_640x280.jpg\",\"datePublished\":\"2023-07-13T19:39:32+00:00\",\"dateModified\":\"2026-04-13T09:22:13+00:00\",\"author\":{\"@id\":\"http:\/\/www.frederic-poitou.com\/blog\/#\/schema\/person\/e2c2d05e978747818533fdce859a7799\"},\"breadcrumb\":{\"@id\":\"http:\/\/www.frederic-poitou.com\/blog\/un-centriste-qui-disparait-cest-un-peu-de-bon-sens-en-moins\/#breadcrumb\"},\"inLanguage\":\"fr-FR\",\"potentialAction\":[{\"@type\":\"ReadAction\",\"target\":[\"http:\/\/www.frederic-poitou.com\/blog\/un-centriste-qui-disparait-cest-un-peu-de-bon-sens-en-moins\/\"]}]},{\"@type\":\"ImageObject\",\"inLanguage\":\"fr-FR\",\"@id\":\"http:\/\/www.frederic-poitou.com\/blog\/un-centriste-qui-disparait-cest-un-peu-de-bon-sens-en-moins\/#primaryimage\",\"url\":\"http:\/\/www.frederic-poitou.com\/blog\/wp-content\/1435108_000-par2003070322949_640x280.jpg\",\"contentUrl\":\"http:\/\/www.frederic-poitou.com\/blog\/wp-content\/1435108_000-par2003070322949_640x280.jpg\",\"width\":\"640\",\"height\":\"280\"},{\"@type\":\"BreadcrumbList\",\"@id\":\"http:\/\/www.frederic-poitou.com\/blog\/un-centriste-qui-disparait-cest-un-peu-de-bon-sens-en-moins\/#breadcrumb\",\"itemListElement\":[{\"@type\":\"ListItem\",\"position\":1,\"name\":\"Accueil\",\"item\":\"http:\/\/www.frederic-poitou.com\/blog\/\"},{\"@type\":\"ListItem\",\"position\":2,\"name\":\"UN CENTRISTE QUI DISPARAIT, C&rsquo;EST UN PEU DE BON SENS EN MOINS &#8230;\"}]},{\"@type\":\"WebSite\",\"@id\":\"http:\/\/www.frederic-poitou.com\/blog\/#website\",\"url\":\"http:\/\/www.frederic-poitou.com\/blog\/\",\"name\":\"\",\"description\":\"\",\"potentialAction\":[{\"@type\":\"SearchAction\",\"target\":{\"@type\":\"EntryPoint\",\"urlTemplate\":\"http:\/\/www.frederic-poitou.com\/blog\/?s={search_term_string}\"},\"query-input\":{\"@type\":\"PropertyValueSpecification\",\"valueRequired\":true,\"valueName\":\"search_term_string\"}}],\"inLanguage\":\"fr-FR\"},{\"@type\":\"Person\",\"@id\":\"http:\/\/www.frederic-poitou.com\/blog\/#\/schema\/person\/e2c2d05e978747818533fdce859a7799\",\"name\":\"Fr\u00e9d\u00e9ric Poitou\",\"image\":{\"@type\":\"ImageObject\",\"inLanguage\":\"fr-FR\",\"@id\":\"http:\/\/www.frederic-poitou.com\/blog\/#\/schema\/person\/image\/\",\"url\":\"https:\/\/secure.gravatar.com\/avatar\/1933bcca279a2feafd35d9e0a080c521e11beb51115fe4cfe02e2586ac13424a?s=96&d=mm&r=g\",\"contentUrl\":\"https:\/\/secure.gravatar.com\/avatar\/1933bcca279a2feafd35d9e0a080c521e11beb51115fe4cfe02e2586ac13424a?s=96&d=mm&r=g\",\"caption\":\"Fr\u00e9d\u00e9ric Poitou\"},\"description\":\"Fr\u00e9d\u00e9ric Poitou est n\u00e9 \u00e0 Rouen, et y a fait des \u00e9tudes au Conservatoire en musique-\u00e9tudes en section piano. Il s'est ensuite orient\u00e9 vers des \u00e9tudes scientifiques o\u00f9 il a obtenu un dipl\u00f4me d'ing\u00e9nieur, puis un doctorat en Chimie. Il est Expert Judiciaire en France, en Belgique et \u00e0 Luxembourg, et agr\u00e9e par les Institutions Europ\u00e9ennes.\",\"sameAs\":[\"http:\/\/www.frederic-poitou.com\",\"https:\/\/www.linkedin.com\/in\/frederic-poitou-b045a025\/\"]}]}<\/script>\n<!-- \/ Yoast SEO plugin. -->","yoast_head_json":{"title":"UN CENTRISTE QUI DISPARAIT, C'EST UN PEU DE BON SENS EN MOINS ... -","robots":{"index":"index","follow":"follow","max-snippet":"max-snippet:-1","max-image-preview":"max-image-preview:large","max-video-preview":"max-video-preview:-1"},"canonical":"http:\/\/www.frederic-poitou.com\/blog\/un-centriste-qui-disparait-cest-un-peu-de-bon-sens-en-moins\/","og_locale":"fr_FR","og_type":"article","og_title":"UN CENTRISTE QUI DISPARAIT, C'EST UN PEU DE BON SENS EN MOINS ... -","og_description":"Bernard Stasi est d\u00e9c\u00e9d\u00e9 hier des suites de la maladie d&rsquo;Alzheimer, mercredi matin. Bernard Stasi a \u00e9t\u00e9 un mod\u00e8le politique pour moi, comme l&rsquo;ont \u00e9t\u00e9 auparavant Jean Jacques Servan Schreiber, Simone Veil, Jacques Delors et Michel Rocard. Un Humaniste, centriste, &hellip; Lire la suite\u00ad\u00ad","og_url":"http:\/\/www.frederic-poitou.com\/blog\/un-centriste-qui-disparait-cest-un-peu-de-bon-sens-en-moins\/","article_publisher":"https:\/\/www.facebook.com\/frederic.poitou\/","article_published_time":"2023-07-13T19:39:32+00:00","article_modified_time":"2026-04-13T09:22:13+00:00","og_image":[{"url":"http:\/\/www.frederic-poitou.com\/blog\/wp-content\/1435108_000-par2003070322949_640x280.jpg","type":"","width":"","height":""}],"author":"Fr\u00e9d\u00e9ric Poitou","twitter_card":"summary_large_image","twitter_creator":"@fredericpoitou","twitter_site":"@fredericpoitou","twitter_misc":{"\u00c9crit par":"Fr\u00e9d\u00e9ric Poitou","Dur\u00e9e de lecture estim\u00e9e":"2 minutes"},"schema":{"@context":"https:\/\/schema.org","@graph":[{"@type":"Article","@id":"http:\/\/www.frederic-poitou.com\/blog\/un-centriste-qui-disparait-cest-un-peu-de-bon-sens-en-moins\/#article","isPartOf":{"@id":"http:\/\/www.frederic-poitou.com\/blog\/un-centriste-qui-disparait-cest-un-peu-de-bon-sens-en-moins\/"},"author":{"name":"Fr\u00e9d\u00e9ric Poitou","@id":"http:\/\/www.frederic-poitou.com\/blog\/#\/schema\/person\/e2c2d05e978747818533fdce859a7799"},"headline":"UN CENTRISTE QUI DISPARAIT, C&rsquo;EST UN PEU DE BON SENS EN MOINS &#8230;","datePublished":"2023-07-13T19:39:32+00:00","dateModified":"2026-04-13T09:22:13+00:00","mainEntityOfPage":{"@id":"http:\/\/www.frederic-poitou.com\/blog\/un-centriste-qui-disparait-cest-un-peu-de-bon-sens-en-moins\/"},"wordCount":446,"commentCount":0,"image":{"@id":"http:\/\/www.frederic-poitou.com\/blog\/un-centriste-qui-disparait-cest-un-peu-de-bon-sens-en-moins\/#primaryimage"},"thumbnailUrl":"http:\/\/www.frederic-poitou.com\/blog\/wp-content\/1435108_000-par2003070322949_640x280.jpg","keywords":["Actualit\u00e9","La\u00efcit\u00e9","PARTI RADICAL","Politique"],"articleSection":["Accueil"],"inLanguage":"fr-FR","potentialAction":[{"@type":"CommentAction","name":"Comment","target":["http:\/\/www.frederic-poitou.com\/blog\/un-centriste-qui-disparait-cest-un-peu-de-bon-sens-en-moins\/#respond"]}]},{"@type":"WebPage","@id":"http:\/\/www.frederic-poitou.com\/blog\/un-centriste-qui-disparait-cest-un-peu-de-bon-sens-en-moins\/","url":"http:\/\/www.frederic-poitou.com\/blog\/un-centriste-qui-disparait-cest-un-peu-de-bon-sens-en-moins\/","name":"UN CENTRISTE QUI DISPARAIT, C'EST UN PEU DE BON SENS EN MOINS ... -","isPartOf":{"@id":"http:\/\/www.frederic-poitou.com\/blog\/#website"},"primaryImageOfPage":{"@id":"http:\/\/www.frederic-poitou.com\/blog\/un-centriste-qui-disparait-cest-un-peu-de-bon-sens-en-moins\/#primaryimage"},"image":{"@id":"http:\/\/www.frederic-poitou.com\/blog\/un-centriste-qui-disparait-cest-un-peu-de-bon-sens-en-moins\/#primaryimage"},"thumbnailUrl":"http:\/\/www.frederic-poitou.com\/blog\/wp-content\/1435108_000-par2003070322949_640x280.jpg","datePublished":"2023-07-13T19:39:32+00:00","dateModified":"2026-04-13T09:22:13+00:00","author":{"@id":"http:\/\/www.frederic-poitou.com\/blog\/#\/schema\/person\/e2c2d05e978747818533fdce859a7799"},"breadcrumb":{"@id":"http:\/\/www.frederic-poitou.com\/blog\/un-centriste-qui-disparait-cest-un-peu-de-bon-sens-en-moins\/#breadcrumb"},"inLanguage":"fr-FR","potentialAction":[{"@type":"ReadAction","target":["http:\/\/www.frederic-poitou.com\/blog\/un-centriste-qui-disparait-cest-un-peu-de-bon-sens-en-moins\/"]}]},{"@type":"ImageObject","inLanguage":"fr-FR","@id":"http:\/\/www.frederic-poitou.com\/blog\/un-centriste-qui-disparait-cest-un-peu-de-bon-sens-en-moins\/#primaryimage","url":"http:\/\/www.frederic-poitou.com\/blog\/wp-content\/1435108_000-par2003070322949_640x280.jpg","contentUrl":"http:\/\/www.frederic-poitou.com\/blog\/wp-content\/1435108_000-par2003070322949_640x280.jpg","width":"640","height":"280"},{"@type":"BreadcrumbList","@id":"http:\/\/www.frederic-poitou.com\/blog\/un-centriste-qui-disparait-cest-un-peu-de-bon-sens-en-moins\/#breadcrumb","itemListElement":[{"@type":"ListItem","position":1,"name":"Accueil","item":"http:\/\/www.frederic-poitou.com\/blog\/"},{"@type":"ListItem","position":2,"name":"UN CENTRISTE QUI DISPARAIT, C&rsquo;EST UN PEU DE BON SENS EN MOINS &#8230;"}]},{"@type":"WebSite","@id":"http:\/\/www.frederic-poitou.com\/blog\/#website","url":"http:\/\/www.frederic-poitou.com\/blog\/","name":"","description":"","potentialAction":[{"@type":"SearchAction","target":{"@type":"EntryPoint","urlTemplate":"http:\/\/www.frederic-poitou.com\/blog\/?s={search_term_string}"},"query-input":{"@type":"PropertyValueSpecification","valueRequired":true,"valueName":"search_term_string"}}],"inLanguage":"fr-FR"},{"@type":"Person","@id":"http:\/\/www.frederic-poitou.com\/blog\/#\/schema\/person\/e2c2d05e978747818533fdce859a7799","name":"Fr\u00e9d\u00e9ric Poitou","image":{"@type":"ImageObject","inLanguage":"fr-FR","@id":"http:\/\/www.frederic-poitou.com\/blog\/#\/schema\/person\/image\/","url":"https:\/\/secure.gravatar.com\/avatar\/1933bcca279a2feafd35d9e0a080c521e11beb51115fe4cfe02e2586ac13424a?s=96&d=mm&r=g","contentUrl":"https:\/\/secure.gravatar.com\/avatar\/1933bcca279a2feafd35d9e0a080c521e11beb51115fe4cfe02e2586ac13424a?s=96&d=mm&r=g","caption":"Fr\u00e9d\u00e9ric Poitou"},"description":"Fr\u00e9d\u00e9ric Poitou est n\u00e9 \u00e0 Rouen, et y a fait des \u00e9tudes au Conservatoire en musique-\u00e9tudes en section piano. Il s'est ensuite orient\u00e9 vers des \u00e9tudes scientifiques o\u00f9 il a obtenu un dipl\u00f4me d'ing\u00e9nieur, puis un doctorat en Chimie. Il est Expert Judiciaire en France, en Belgique et \u00e0 Luxembourg, et agr\u00e9e par les Institutions Europ\u00e9ennes.","sameAs":["http:\/\/www.frederic-poitou.com","https:\/\/www.linkedin.com\/in\/frederic-poitou-b045a025\/"]}]}},"_links":{"self":[{"href":"http:\/\/www.frederic-poitou.com\/blog\/wp-json\/wp\/v2\/posts\/5376","targetHints":{"allow":["GET"]}}],"collection":[{"href":"http:\/\/www.frederic-poitou.com\/blog\/wp-json\/wp\/v2\/posts"}],"about":[{"href":"http:\/\/www.frederic-poitou.com\/blog\/wp-json\/wp\/v2\/types\/post"}],"author":[{"embeddable":true,"href":"http:\/\/www.frederic-poitou.com\/blog\/wp-json\/wp\/v2\/users\/4"}],"replies":[{"embeddable":true,"href":"http:\/\/www.frederic-poitou.com\/blog\/wp-json\/wp\/v2\/comments?post=5376"}],"version-history":[{"count":1,"href":"http:\/\/www.frederic-poitou.com\/blog\/wp-json\/wp\/v2\/posts\/5376\/revisions"}],"predecessor-version":[{"id":10210,"href":"http:\/\/www.frederic-poitou.com\/blog\/wp-json\/wp\/v2\/posts\/5376\/revisions\/10210"}],"wp:attachment":[{"href":"http:\/\/www.frederic-poitou.com\/blog\/wp-json\/wp\/v2\/media?parent=5376"}],"wp:term":[{"taxonomy":"category","embeddable":true,"href":"http:\/\/www.frederic-poitou.com\/blog\/wp-json\/wp\/v2\/categories?post=5376"},{"taxonomy":"post_tag","embeddable":true,"href":"http:\/\/www.frederic-poitou.com\/blog\/wp-json\/wp\/v2\/tags?post=5376"}],"curies":[{"name":"wp","href":"https:\/\/api.w.org\/{rel}","templated":true}]}}