{"id":5367,"date":"2023-07-15T06:21:32","date_gmt":"2023-07-15T04:21:32","guid":{"rendered":"http:\/\/www.frederic-poitou.com\/blog\/?p=5367"},"modified":"2026-04-27T19:16:24","modified_gmt":"2026-04-27T17:16:24","slug":"bonsoir-je-suis-gendarme-et-vous-moi-je-suis-socialiste-a-marseille","status":"publish","type":"post","link":"http:\/\/www.frederic-poitou.com\/blog\/bonsoir-je-suis-gendarme-et-vous-moi-je-suis-socialiste-a-marseille\/","title":{"rendered":"BONSOIR, JE SUIS GENDARME, ET VOUS ? MOI JE SUIS SOCIALISTE A MARSEILLE  !"},"content":{"rendered":"<p><img loading=\"lazy\" decoding=\"async\" class=\"alignleft size-full wp-image-5374\" style=\"margin: 10px; border: 10px solid black;\" title=\"images\" src=\"http:\/\/www.frederic-poitou.com\/blog\/wp-content\/images.jpeg\" alt=\"images\" width=\"266\" height=\"190\" \/>Alors que la commission du PS d\u00e9butait son enqu\u00eate sur la F\u00e9d\u00e9ration des Bouches-du-Rh\u00f4ne, les gendarmes ont perquisitionn\u00e9, hier, le CG 13. Ils s&rsquo;int\u00e9ressent au march\u00e9 de la s\u00e9curit\u00e9, confi\u00e9 \u00e0 une soci\u00e9t\u00e9 li\u00e9e au grand banditisme. Les uns ont questionn\u00e9 les autres. J&rsquo;adore. Alors que certains militants socialistes, que je respecte parfaitement, ont malgr\u00e9 tout vot\u00e9 pour les candidats de l&rsquo;actuel pr\u00e9sident du Conseil G\u00e9n\u00e9ral.<\/p>\n<p>On nous annonce de nouvelles mises en examen, et d&rsquo;\u00e9ventuelles invalidations.<\/p>\n<p>Manquerait plus que ca !\u00a0On est en vacances dans 8 semaines &#8230;<\/p>\n<p><span style=\"color: #ffffff;\">&#8212;&#8212;&#8212;&#8212;<\/span><\/p>\n<p>La tr\u00eave des \u00e9lections cantonales est d\u00e9finitivement termin\u00e9e pour Jean-No\u00ebl Gu\u00e9rini. Si la pause judiciaire a \u00e9t\u00e9 prolong\u00e9e de deux semaines avec les vacances de P\u00e2ques, les gendarmes marseillais ont red\u00e9marr\u00e9 sur les chapeaux de roue. Lundi, ils ont perquisitionn\u00e9 les locaux de 13 D\u00e9veloppement, une soci\u00e9t\u00e9 d&rsquo;\u00e9conomie mixte d\u00e9pendant du Conseil g\u00e9n\u00e9ral des Bouches-du-Rh\u00f4ne, o\u00f9 ils ont notamment saisi des documents concernant des march\u00e9s publics. Hier matin, les enqu\u00eateurs se sont encore plus rapproch\u00e9s du pr\u00e9sident PS du D\u00e9partement puisque c&rsquo;est, cette fois, au \u00ab\u00a0Bateau bleu\u00a0\u00bb, le si\u00e8ge du CG 13, qu&rsquo;ils se sont pr\u00e9sent\u00e9s. Dans le m\u00eame temps, une autre \u00e9quipe de gendarmes s&rsquo;est rendue dans un immeuble voisin, celui de 13 Habitat, l&rsquo;office HLM du Conseil g\u00e9n\u00e9ral.<\/p>\n<p style=\"font-family: Verdana, Arial, Helvetica, sans-serif; font-size: 12px; line-height: 1.5em; color: #000000; margin-top: 1.5em; margin-right: 0px; margin-bottom: 1.5em; margin-left: 0px;\">Conduite dans le cadre des instructions confi\u00e9es au juge Charles Duchaine autour de march\u00e9s truqu\u00e9s dans les Bouches-du-Rh\u00f4ne et en Haute-Corse, cette nouvelle offensive des gendarmes ne pouvait pas plus mal tomber pour Jean-No\u00ebl Gu\u00e9rini, dont le fr\u00e8re Alexandre est \u00e9crou\u00e9 depuis le 1er d\u00e9cembre 2010. C&rsquo;est hier matin que d\u00e9butaient les auditions d&rsquo;une commission d&rsquo;enqu\u00eate du Parti socialiste, venue \u00e0 Marseille pour auditionner des \u00e9lus et des militants. R\u00e9clam\u00e9e par des \u00e9lus nationaux au lendemain de la r\u00e9v\u00e9lation par\u00a0<em>La Provence<\/em> du contenu d&rsquo;un rapport interne d&rsquo;Arnaud Montebourg sur le fonctionnement de la F\u00e9d\u00e9ration 13 du PS, la commission est pr\u00e9sid\u00e9e par l&rsquo;ancien ministre de la D\u00e9fense Alain Richard.<\/p>\n<p style=\"font-size: 12px; line-height: 1.5em; margin-top: 1.5em; margin-right: 0px; margin-bottom: 1.5em; margin-left: 0px;\"><span style=\"color: #ffffff;\">&#8212;&#8212;&#8212;&#8212;<\/span><\/p>\n<p style=\"font-family: Verdana, Arial, Helvetica, sans-serif; font-size: 12px; line-height: 1.5em; color: #000000; margin-top: 1.5em; margin-right: 0px; margin-bottom: 1.5em; margin-left: 0px;\"><strong>Les march\u00e9s juteux d&rsquo;Alba S\u00e9curit\u00e9<\/strong><\/p>\n<p style=\"font-family: Verdana, Arial, Helvetica, sans-serif; font-size: 12px; line-height: 1.5em; color: #000000; margin-top: 1.5em; margin-right: 0px; margin-bottom: 1.5em; margin-left: 0px;\">Lors de leurs investigations au D\u00e9partement et 13 Habitat, les gendarmes se sont pench\u00e9s sur les march\u00e9s de plusieurs millions d&rsquo;euros pass\u00e9s depuis 2004 avec Alba, une soci\u00e9t\u00e9 de s\u00e9curit\u00e9 dont les locaux de Gardanne ont \u00e9galement \u00e9t\u00e9 perquisitionn\u00e9s hier. L&rsquo;enqu\u00eate a montr\u00e9 qu&rsquo;une partie de cet argent avait ensuite \u00e9t\u00e9 inject\u00e9e dans un circuit international d&rsquo;\u00e9vasion fiscale et de blanchiment. Si le CG s&rsquo;est \u00e9loign\u00e9 l&rsquo;\u00e9t\u00e9 dernier d&rsquo;Alba, apr\u00e8s la r\u00e9v\u00e9lation de ses liens avec le grand banditisme, ce n&rsquo;est pas le cas de 13 Habitat qui aurait r\u00e9cemment accord\u00e9 une \u00e9tonnante rallonge de 500000 euros sur un march\u00e9 qui est pourtant en passe de se terminer. La question est de savoir si Alba a \u00e9t\u00e9 favoris\u00e9e pour l&rsquo;obtention de ces march\u00e9s. Plusieurs personnes entendues par les gendarmes ont assur\u00e9 qu&rsquo;un ancien directeur de cabinet de Jean-No\u00ebl Gu\u00e9rini a eu\u00a0<em>\u00ab\u00a0un suivi attentif et tr\u00e8s personnel\u00a0\u00bb <\/em>de ce dossier, un fonctionnaire ayant m\u00eame \u00e9t\u00e9 \u00e9cart\u00e9.<\/p>\n<p style=\"font-family: Verdana, Arial, Helvetica, sans-serif; font-size: 12px; line-height: 1.5em; color: #000000; margin-top: 1.5em; margin-right: 0px; margin-bottom: 1.5em; margin-left: 0px;\"><strong>L&rsquo;ombre de Barresi<\/strong><\/p>\n<p style=\"font-family: Verdana, Arial, Helvetica, sans-serif; font-size: 12px; line-height: 1.5em; color: #000000; margin-top: 1.5em; margin-right: 0px; margin-bottom: 1.5em; margin-left: 0px;\">En se concentrant sur Alba et en s&rsquo;interrogeant sur de possibles irr\u00e9gularit\u00e9s sur les march\u00e9s obtenus avec le Conseil g\u00e9n\u00e9ral et 13 Habitat, ce sont les liens entre Alexandre Gu\u00e9rini et Bernard Barresi qui apparaissent aujourd&rsquo;hui dans le travail des gendarmes. Les deux hommes sont r\u00e9put\u00e9s \u00eatre proches et le parrain, arr\u00eat\u00e9 l&rsquo;ann\u00e9e derni\u00e8re, contr\u00f4lait la soci\u00e9t\u00e9 de s\u00e9curit\u00e9 au travers de sa compagne, Carole Serrano, qui a \u00e9t\u00e9 mise en examen en 2010. Le juge Duchaine soup\u00e7onne \u00e9galement Alexandre Gu\u00e9rini et Bernard Barresi d&rsquo;avoir eu partie li\u00e9e sur un projet de maison de retraite \u00e0 La Ciotat, le premier ayant pu utiliser ses entr\u00e9es au D\u00e9partement pour faciliter la reprise du dossier par le second.<\/p>\n<p style=\"font-family: Verdana, Arial, Helvetica, sans-serif; font-size: 12px; line-height: 1.5em; color: #000000; margin-top: 1.5em; margin-right: 0px; margin-bottom: 1.5em; margin-left: 0px;\"><strong>Un syndicat de police dans le collimateur<\/strong><\/p>\n<p style=\"font-family: Verdana, Arial, Helvetica, sans-serif; font-size: 12px; line-height: 1.5em; color: #000000; margin-top: 1.5em; margin-right: 0px; margin-bottom: 1.5em; margin-left: 0px;\">Selon une source proche de l&rsquo;enqu\u00eate, les gendarmes, qui ont perquisitionn\u00e9 le CG 13, s&rsquo;int\u00e9ressaient \u00e9galement \u00e0 deux subventions accord\u00e9es \u00e0 un syndicat de police, \u00ab\u00a0Unit\u00e9 police marseillais\u00a0\u00bb, dont des membres assurent r\u00e9guli\u00e8rement le service d&rsquo;ordre du PS dans les Bouches-du-Rh\u00f4ne. D&rsquo;un montant de 95000 euros, elles ont \u00e9t\u00e9 attribu\u00e9es en 2009 et 2010. Alert\u00e9 par une lettre anonyme, le parquet a d\u00e9livr\u00e9 un r\u00e9quisitoire suppl\u00e9tif pour<em>\u00ab\u00a0d\u00e9tournement de fonds publics par personne charg\u00e9e d&rsquo;une fonction publique\u00a0\u00bb <\/em>et\u00a0<em>\u00ab\u00a0recel de d\u00e9tournements de fonds publics\u00a0\u00bb<\/em>. Une partie de ces subventions aurait \u00e9t\u00e9 utilis\u00e9e pour des repas, de l&rsquo;essence et m\u00eame l&rsquo;achat d&rsquo;une voiture utilis\u00e9e par l&rsquo;\u00e9pouse d&rsquo;un dirigeant&#8230;<\/p>\n<p style=\"font-family: Verdana, Arial, Helvetica, sans-serif; font-size: 12px; line-height: 1.5em; color: #000000; margin-top: 1.5em; margin-right: 0px; margin-bottom: 1.5em; margin-left: 0px;\">\n<p style=\"font-family: Verdana, Arial, Helvetica, sans-serif; font-size: 12px; line-height: 1.5em; color: #000000; margin-top: 1.5em; margin-right: 0px; margin-bottom: 1.5em; margin-left: 0px;\">La suite dans la Provence en cliquant <a href=\"http:\/\/www.laprovence.com\/article\/a-la-une\/conseil-general-13-le-marche-de-la-securite-dans-le-collimateur\" target=\"_blank\" rel=\"noopener\"><strong><span style=\"color: #ff0000;\">ICI<\/span><\/strong><\/a><\/p>\n","protected":false},"excerpt":{"rendered":"<p>Alors que la commission du PS d\u00e9butait son enqu\u00eate sur la F\u00e9d\u00e9ration des Bouches-du-Rh\u00f4ne, les gendarmes ont perquisitionn\u00e9, hier, le CG 13. Ils s&rsquo;int\u00e9ressent au march\u00e9 de la s\u00e9curit\u00e9, confi\u00e9 \u00e0 une soci\u00e9t\u00e9 li\u00e9e au grand banditisme. Les uns ont &hellip; <a href=\"http:\/\/www.frederic-poitou.com\/blog\/bonsoir-je-suis-gendarme-et-vous-moi-je-suis-socialiste-a-marseille\/\">Lire la suite\u00ad\u00ad<\/a><\/p>\n","protected":false},"author":4,"featured_media":0,"comment_status":"open","ping_status":"open","sticky":false,"template":"","format":"standard","meta":{"kt_blocks_editor_width":"","_exactmetrics_skip_tracking":false,"_exactmetrics_sitenote_active":false,"_exactmetrics_sitenote_note":"","_exactmetrics_sitenote_category":0,"footnotes":""},"categories":[1],"tags":[50,24],"class_list":["post-5367","post","type-post","status-publish","format-standard","hentry","category-politique-economie","tag-politique-economie","tag-politique"],"yoast_head":"<!-- This site is optimized with the Yoast SEO plugin v27.1.1 - https:\/\/yoast.com\/product\/yoast-seo-wordpress\/ -->\n<title>BONSOIR, JE SUIS GENDARME, ET VOUS ? MOI JE SUIS SOCIALISTE A MARSEILLE ! -<\/title>\n<meta name=\"robots\" content=\"index, follow, max-snippet:-1, max-image-preview:large, max-video-preview:-1\" \/>\n<link rel=\"canonical\" href=\"https:\/\/www.frederic-poitou.com\/blog\/bonsoir-je-suis-gendarme-et-vous-moi-je-suis-socialiste-a-marseille\/\" \/>\n<meta property=\"og:locale\" content=\"fr_FR\" \/>\n<meta property=\"og:type\" content=\"article\" \/>\n<meta property=\"og:title\" content=\"BONSOIR, JE SUIS GENDARME, ET VOUS ? MOI JE SUIS SOCIALISTE A MARSEILLE ! -\" \/>\n<meta property=\"og:description\" content=\"Alors que la commission du PS d\u00e9butait son enqu\u00eate sur la F\u00e9d\u00e9ration des Bouches-du-Rh\u00f4ne, les gendarmes ont perquisitionn\u00e9, hier, le CG 13. Ils s&rsquo;int\u00e9ressent au march\u00e9 de la s\u00e9curit\u00e9, confi\u00e9 \u00e0 une soci\u00e9t\u00e9 li\u00e9e au grand banditisme. Les uns ont &hellip; Lire la suite\u00ad\u00ad\" \/>\n<meta property=\"og:url\" content=\"https:\/\/www.frederic-poitou.com\/blog\/bonsoir-je-suis-gendarme-et-vous-moi-je-suis-socialiste-a-marseille\/\" \/>\n<meta property=\"article:publisher\" content=\"https:\/\/www.facebook.com\/frederic.poitou\/\" \/>\n<meta property=\"article:published_time\" content=\"2023-07-15T04:21:32+00:00\" \/>\n<meta property=\"article:modified_time\" content=\"2026-04-27T17:16:24+00:00\" \/>\n<meta property=\"og:image\" content=\"http:\/\/www.frederic-poitou.com\/blog\/wp-content\/images.jpeg\" \/>\n\t<meta property=\"og:image:width\" content=\"266\" \/>\n\t<meta property=\"og:image:height\" content=\"190\" \/>\n\t<meta property=\"og:image:type\" content=\"image\/jpeg\" \/>\n<meta name=\"author\" content=\"Fr\u00e9d\u00e9ric Poitou\" \/>\n<meta name=\"twitter:card\" content=\"summary_large_image\" \/>\n<meta name=\"twitter:creator\" content=\"@fredericpoitou\" \/>\n<meta name=\"twitter:site\" content=\"@fredericpoitou\" \/>\n<meta name=\"twitter:label1\" content=\"\u00c9crit par\" \/>\n\t<meta name=\"twitter:data1\" content=\"Fr\u00e9d\u00e9ric Poitou\" \/>\n\t<meta name=\"twitter:label2\" content=\"Dur\u00e9e de lecture estim\u00e9e\" \/>\n\t<meta name=\"twitter:data2\" content=\"4 minutes\" \/>\n<script type=\"application\/ld+json\" class=\"yoast-schema-graph\">{\"@context\":\"https:\/\/schema.org\",\"@graph\":[{\"@type\":\"Article\",\"@id\":\"https:\/\/www.frederic-poitou.com\/blog\/bonsoir-je-suis-gendarme-et-vous-moi-je-suis-socialiste-a-marseille\/#article\",\"isPartOf\":{\"@id\":\"https:\/\/www.frederic-poitou.com\/blog\/bonsoir-je-suis-gendarme-et-vous-moi-je-suis-socialiste-a-marseille\/\"},\"author\":{\"name\":\"Fr\u00e9d\u00e9ric Poitou\",\"@id\":\"http:\/\/www.frederic-poitou.com\/blog\/#\/schema\/person\/e2c2d05e978747818533fdce859a7799\"},\"headline\":\"BONSOIR, JE SUIS GENDARME, ET VOUS ? MOI JE SUIS SOCIALISTE A MARSEILLE !\",\"datePublished\":\"2023-07-15T04:21:32+00:00\",\"dateModified\":\"2026-04-27T17:16:24+00:00\",\"mainEntityOfPage\":{\"@id\":\"https:\/\/www.frederic-poitou.com\/blog\/bonsoir-je-suis-gendarme-et-vous-moi-je-suis-socialiste-a-marseille\/\"},\"wordCount\":865,\"commentCount\":0,\"image\":{\"@id\":\"https:\/\/www.frederic-poitou.com\/blog\/bonsoir-je-suis-gendarme-et-vous-moi-je-suis-socialiste-a-marseille\/#primaryimage\"},\"thumbnailUrl\":\"http:\/\/www.frederic-poitou.com\/blog\/wp-content\/images.jpeg\",\"keywords\":[\"Divers\",\"Politique\"],\"articleSection\":[\"Divers\"],\"inLanguage\":\"fr-FR\",\"potentialAction\":[{\"@type\":\"CommentAction\",\"name\":\"Comment\",\"target\":[\"https:\/\/www.frederic-poitou.com\/blog\/bonsoir-je-suis-gendarme-et-vous-moi-je-suis-socialiste-a-marseille\/#respond\"]}]},{\"@type\":\"WebPage\",\"@id\":\"https:\/\/www.frederic-poitou.com\/blog\/bonsoir-je-suis-gendarme-et-vous-moi-je-suis-socialiste-a-marseille\/\",\"url\":\"https:\/\/www.frederic-poitou.com\/blog\/bonsoir-je-suis-gendarme-et-vous-moi-je-suis-socialiste-a-marseille\/\",\"name\":\"BONSOIR, JE SUIS GENDARME, ET VOUS ? MOI JE SUIS SOCIALISTE A MARSEILLE ! -\",\"isPartOf\":{\"@id\":\"http:\/\/www.frederic-poitou.com\/blog\/#website\"},\"primaryImageOfPage\":{\"@id\":\"https:\/\/www.frederic-poitou.com\/blog\/bonsoir-je-suis-gendarme-et-vous-moi-je-suis-socialiste-a-marseille\/#primaryimage\"},\"image\":{\"@id\":\"https:\/\/www.frederic-poitou.com\/blog\/bonsoir-je-suis-gendarme-et-vous-moi-je-suis-socialiste-a-marseille\/#primaryimage\"},\"thumbnailUrl\":\"http:\/\/www.frederic-poitou.com\/blog\/wp-content\/images.jpeg\",\"datePublished\":\"2023-07-15T04:21:32+00:00\",\"dateModified\":\"2026-04-27T17:16:24+00:00\",\"author\":{\"@id\":\"http:\/\/www.frederic-poitou.com\/blog\/#\/schema\/person\/e2c2d05e978747818533fdce859a7799\"},\"breadcrumb\":{\"@id\":\"https:\/\/www.frederic-poitou.com\/blog\/bonsoir-je-suis-gendarme-et-vous-moi-je-suis-socialiste-a-marseille\/#breadcrumb\"},\"inLanguage\":\"fr-FR\",\"potentialAction\":[{\"@type\":\"ReadAction\",\"target\":[\"https:\/\/www.frederic-poitou.com\/blog\/bonsoir-je-suis-gendarme-et-vous-moi-je-suis-socialiste-a-marseille\/\"]}]},{\"@type\":\"ImageObject\",\"inLanguage\":\"fr-FR\",\"@id\":\"https:\/\/www.frederic-poitou.com\/blog\/bonsoir-je-suis-gendarme-et-vous-moi-je-suis-socialiste-a-marseille\/#primaryimage\",\"url\":\"http:\/\/www.frederic-poitou.com\/blog\/wp-content\/images.jpeg\",\"contentUrl\":\"http:\/\/www.frederic-poitou.com\/blog\/wp-content\/images.jpeg\",\"width\":\"266\",\"height\":\"190\"},{\"@type\":\"BreadcrumbList\",\"@id\":\"https:\/\/www.frederic-poitou.com\/blog\/bonsoir-je-suis-gendarme-et-vous-moi-je-suis-socialiste-a-marseille\/#breadcrumb\",\"itemListElement\":[{\"@type\":\"ListItem\",\"position\":1,\"name\":\"Accueil\",\"item\":\"http:\/\/www.frederic-poitou.com\/blog\/\"},{\"@type\":\"ListItem\",\"position\":2,\"name\":\"BONSOIR, JE SUIS GENDARME, ET VOUS ? MOI JE SUIS SOCIALISTE A MARSEILLE !\"}]},{\"@type\":\"WebSite\",\"@id\":\"http:\/\/www.frederic-poitou.com\/blog\/#website\",\"url\":\"http:\/\/www.frederic-poitou.com\/blog\/\",\"name\":\"\",\"description\":\"\",\"potentialAction\":[{\"@type\":\"SearchAction\",\"target\":{\"@type\":\"EntryPoint\",\"urlTemplate\":\"http:\/\/www.frederic-poitou.com\/blog\/?s={search_term_string}\"},\"query-input\":{\"@type\":\"PropertyValueSpecification\",\"valueRequired\":true,\"valueName\":\"search_term_string\"}}],\"inLanguage\":\"fr-FR\"},{\"@type\":\"Person\",\"@id\":\"http:\/\/www.frederic-poitou.com\/blog\/#\/schema\/person\/e2c2d05e978747818533fdce859a7799\",\"name\":\"Fr\u00e9d\u00e9ric Poitou\",\"image\":{\"@type\":\"ImageObject\",\"inLanguage\":\"fr-FR\",\"@id\":\"http:\/\/www.frederic-poitou.com\/blog\/#\/schema\/person\/image\/\",\"url\":\"https:\/\/secure.gravatar.com\/avatar\/1933bcca279a2feafd35d9e0a080c521e11beb51115fe4cfe02e2586ac13424a?s=96&d=mm&r=g\",\"contentUrl\":\"https:\/\/secure.gravatar.com\/avatar\/1933bcca279a2feafd35d9e0a080c521e11beb51115fe4cfe02e2586ac13424a?s=96&d=mm&r=g\",\"caption\":\"Fr\u00e9d\u00e9ric Poitou\"},\"description\":\"Fr\u00e9d\u00e9ric Poitou est n\u00e9 \u00e0 Rouen, et y a fait des \u00e9tudes au Conservatoire en musique-\u00e9tudes en section piano. Il s'est ensuite orient\u00e9 vers des \u00e9tudes scientifiques o\u00f9 il a obtenu un dipl\u00f4me d'ing\u00e9nieur, puis un doctorat en Chimie. Il est Expert Judiciaire en France, en Belgique et \u00e0 Luxembourg, et agr\u00e9e par les Institutions Europ\u00e9ennes.\",\"sameAs\":[\"http:\/\/www.frederic-poitou.com\",\"https:\/\/www.linkedin.com\/in\/frederic-poitou-b045a025\/\"]}]}<\/script>\n<!-- \/ Yoast SEO plugin. -->","yoast_head_json":{"title":"BONSOIR, JE SUIS GENDARME, ET VOUS ? MOI JE SUIS SOCIALISTE A MARSEILLE ! -","robots":{"index":"index","follow":"follow","max-snippet":"max-snippet:-1","max-image-preview":"max-image-preview:large","max-video-preview":"max-video-preview:-1"},"canonical":"https:\/\/www.frederic-poitou.com\/blog\/bonsoir-je-suis-gendarme-et-vous-moi-je-suis-socialiste-a-marseille\/","og_locale":"fr_FR","og_type":"article","og_title":"BONSOIR, JE SUIS GENDARME, ET VOUS ? MOI JE SUIS SOCIALISTE A MARSEILLE ! -","og_description":"Alors que la commission du PS d\u00e9butait son enqu\u00eate sur la F\u00e9d\u00e9ration des Bouches-du-Rh\u00f4ne, les gendarmes ont perquisitionn\u00e9, hier, le CG 13. Ils s&rsquo;int\u00e9ressent au march\u00e9 de la s\u00e9curit\u00e9, confi\u00e9 \u00e0 une soci\u00e9t\u00e9 li\u00e9e au grand banditisme. Les uns ont &hellip; Lire la suite\u00ad\u00ad","og_url":"https:\/\/www.frederic-poitou.com\/blog\/bonsoir-je-suis-gendarme-et-vous-moi-je-suis-socialiste-a-marseille\/","article_publisher":"https:\/\/www.facebook.com\/frederic.poitou\/","article_published_time":"2023-07-15T04:21:32+00:00","article_modified_time":"2026-04-27T17:16:24+00:00","og_image":[{"width":266,"height":190,"url":"http:\/\/www.frederic-poitou.com\/blog\/wp-content\/images.jpeg","type":"image\/jpeg"}],"author":"Fr\u00e9d\u00e9ric Poitou","twitter_card":"summary_large_image","twitter_creator":"@fredericpoitou","twitter_site":"@fredericpoitou","twitter_misc":{"\u00c9crit par":"Fr\u00e9d\u00e9ric Poitou","Dur\u00e9e de lecture estim\u00e9e":"4 minutes"},"schema":{"@context":"https:\/\/schema.org","@graph":[{"@type":"Article","@id":"https:\/\/www.frederic-poitou.com\/blog\/bonsoir-je-suis-gendarme-et-vous-moi-je-suis-socialiste-a-marseille\/#article","isPartOf":{"@id":"https:\/\/www.frederic-poitou.com\/blog\/bonsoir-je-suis-gendarme-et-vous-moi-je-suis-socialiste-a-marseille\/"},"author":{"name":"Fr\u00e9d\u00e9ric Poitou","@id":"http:\/\/www.frederic-poitou.com\/blog\/#\/schema\/person\/e2c2d05e978747818533fdce859a7799"},"headline":"BONSOIR, JE SUIS GENDARME, ET VOUS ? MOI JE SUIS SOCIALISTE A MARSEILLE !","datePublished":"2023-07-15T04:21:32+00:00","dateModified":"2026-04-27T17:16:24+00:00","mainEntityOfPage":{"@id":"https:\/\/www.frederic-poitou.com\/blog\/bonsoir-je-suis-gendarme-et-vous-moi-je-suis-socialiste-a-marseille\/"},"wordCount":865,"commentCount":0,"image":{"@id":"https:\/\/www.frederic-poitou.com\/blog\/bonsoir-je-suis-gendarme-et-vous-moi-je-suis-socialiste-a-marseille\/#primaryimage"},"thumbnailUrl":"http:\/\/www.frederic-poitou.com\/blog\/wp-content\/images.jpeg","keywords":["Divers","Politique"],"articleSection":["Divers"],"inLanguage":"fr-FR","potentialAction":[{"@type":"CommentAction","name":"Comment","target":["https:\/\/www.frederic-poitou.com\/blog\/bonsoir-je-suis-gendarme-et-vous-moi-je-suis-socialiste-a-marseille\/#respond"]}]},{"@type":"WebPage","@id":"https:\/\/www.frederic-poitou.com\/blog\/bonsoir-je-suis-gendarme-et-vous-moi-je-suis-socialiste-a-marseille\/","url":"https:\/\/www.frederic-poitou.com\/blog\/bonsoir-je-suis-gendarme-et-vous-moi-je-suis-socialiste-a-marseille\/","name":"BONSOIR, JE SUIS GENDARME, ET VOUS ? MOI JE SUIS SOCIALISTE A MARSEILLE ! -","isPartOf":{"@id":"http:\/\/www.frederic-poitou.com\/blog\/#website"},"primaryImageOfPage":{"@id":"https:\/\/www.frederic-poitou.com\/blog\/bonsoir-je-suis-gendarme-et-vous-moi-je-suis-socialiste-a-marseille\/#primaryimage"},"image":{"@id":"https:\/\/www.frederic-poitou.com\/blog\/bonsoir-je-suis-gendarme-et-vous-moi-je-suis-socialiste-a-marseille\/#primaryimage"},"thumbnailUrl":"http:\/\/www.frederic-poitou.com\/blog\/wp-content\/images.jpeg","datePublished":"2023-07-15T04:21:32+00:00","dateModified":"2026-04-27T17:16:24+00:00","author":{"@id":"http:\/\/www.frederic-poitou.com\/blog\/#\/schema\/person\/e2c2d05e978747818533fdce859a7799"},"breadcrumb":{"@id":"https:\/\/www.frederic-poitou.com\/blog\/bonsoir-je-suis-gendarme-et-vous-moi-je-suis-socialiste-a-marseille\/#breadcrumb"},"inLanguage":"fr-FR","potentialAction":[{"@type":"ReadAction","target":["https:\/\/www.frederic-poitou.com\/blog\/bonsoir-je-suis-gendarme-et-vous-moi-je-suis-socialiste-a-marseille\/"]}]},{"@type":"ImageObject","inLanguage":"fr-FR","@id":"https:\/\/www.frederic-poitou.com\/blog\/bonsoir-je-suis-gendarme-et-vous-moi-je-suis-socialiste-a-marseille\/#primaryimage","url":"http:\/\/www.frederic-poitou.com\/blog\/wp-content\/images.jpeg","contentUrl":"http:\/\/www.frederic-poitou.com\/blog\/wp-content\/images.jpeg","width":"266","height":"190"},{"@type":"BreadcrumbList","@id":"https:\/\/www.frederic-poitou.com\/blog\/bonsoir-je-suis-gendarme-et-vous-moi-je-suis-socialiste-a-marseille\/#breadcrumb","itemListElement":[{"@type":"ListItem","position":1,"name":"Accueil","item":"http:\/\/www.frederic-poitou.com\/blog\/"},{"@type":"ListItem","position":2,"name":"BONSOIR, JE SUIS GENDARME, ET VOUS ? MOI JE SUIS SOCIALISTE A MARSEILLE !"}]},{"@type":"WebSite","@id":"http:\/\/www.frederic-poitou.com\/blog\/#website","url":"http:\/\/www.frederic-poitou.com\/blog\/","name":"","description":"","potentialAction":[{"@type":"SearchAction","target":{"@type":"EntryPoint","urlTemplate":"http:\/\/www.frederic-poitou.com\/blog\/?s={search_term_string}"},"query-input":{"@type":"PropertyValueSpecification","valueRequired":true,"valueName":"search_term_string"}}],"inLanguage":"fr-FR"},{"@type":"Person","@id":"http:\/\/www.frederic-poitou.com\/blog\/#\/schema\/person\/e2c2d05e978747818533fdce859a7799","name":"Fr\u00e9d\u00e9ric Poitou","image":{"@type":"ImageObject","inLanguage":"fr-FR","@id":"http:\/\/www.frederic-poitou.com\/blog\/#\/schema\/person\/image\/","url":"https:\/\/secure.gravatar.com\/avatar\/1933bcca279a2feafd35d9e0a080c521e11beb51115fe4cfe02e2586ac13424a?s=96&d=mm&r=g","contentUrl":"https:\/\/secure.gravatar.com\/avatar\/1933bcca279a2feafd35d9e0a080c521e11beb51115fe4cfe02e2586ac13424a?s=96&d=mm&r=g","caption":"Fr\u00e9d\u00e9ric Poitou"},"description":"Fr\u00e9d\u00e9ric Poitou est n\u00e9 \u00e0 Rouen, et y a fait des \u00e9tudes au Conservatoire en musique-\u00e9tudes en section piano. Il s'est ensuite orient\u00e9 vers des \u00e9tudes scientifiques o\u00f9 il a obtenu un dipl\u00f4me d'ing\u00e9nieur, puis un doctorat en Chimie. Il est Expert Judiciaire en France, en Belgique et \u00e0 Luxembourg, et agr\u00e9e par les Institutions Europ\u00e9ennes.","sameAs":["http:\/\/www.frederic-poitou.com","https:\/\/www.linkedin.com\/in\/frederic-poitou-b045a025\/"]}]}},"_links":{"self":[{"href":"http:\/\/www.frederic-poitou.com\/blog\/wp-json\/wp\/v2\/posts\/5367","targetHints":{"allow":["GET"]}}],"collection":[{"href":"http:\/\/www.frederic-poitou.com\/blog\/wp-json\/wp\/v2\/posts"}],"about":[{"href":"http:\/\/www.frederic-poitou.com\/blog\/wp-json\/wp\/v2\/types\/post"}],"author":[{"embeddable":true,"href":"http:\/\/www.frederic-poitou.com\/blog\/wp-json\/wp\/v2\/users\/4"}],"replies":[{"embeddable":true,"href":"http:\/\/www.frederic-poitou.com\/blog\/wp-json\/wp\/v2\/comments?post=5367"}],"version-history":[{"count":1,"href":"http:\/\/www.frederic-poitou.com\/blog\/wp-json\/wp\/v2\/posts\/5367\/revisions"}],"predecessor-version":[{"id":10208,"href":"http:\/\/www.frederic-poitou.com\/blog\/wp-json\/wp\/v2\/posts\/5367\/revisions\/10208"}],"wp:attachment":[{"href":"http:\/\/www.frederic-poitou.com\/blog\/wp-json\/wp\/v2\/media?parent=5367"}],"wp:term":[{"taxonomy":"category","embeddable":true,"href":"http:\/\/www.frederic-poitou.com\/blog\/wp-json\/wp\/v2\/categories?post=5367"},{"taxonomy":"post_tag","embeddable":true,"href":"http:\/\/www.frederic-poitou.com\/blog\/wp-json\/wp\/v2\/tags?post=5367"}],"curies":[{"name":"wp","href":"https:\/\/api.w.org\/{rel}","templated":true}]}}