{"id":5326,"date":"2023-07-13T14:30:32","date_gmt":"2023-07-13T12:30:32","guid":{"rendered":"http:\/\/www.frederic-poitou.com\/blog\/?p=5326"},"modified":"2026-04-09T11:37:46","modified_gmt":"2026-04-09T09:37:46","slug":"marieke-ov-vlams","status":"publish","type":"post","link":"http:\/\/www.frederic-poitou.com\/blog\/marieke-ov-vlams\/","title":{"rendered":"MARIEKE IN VLAAMS !"},"content":{"rendered":"<p style=\"text-align: center; \"><span style=\"color: #ffffff;\"><br \/>\n<\/span><\/p>\n<p style=\"text-align: center; \"><span style=\"color: #ffffff;\">&#8211;<\/span><\/p>\n<p style=\"text-align: center; \"><span style=\"color: #ffffff;\"><object classid=\"clsid:d27cdb6e-ae6d-11cf-96b8-444553540000\" width=\"480\" height=\"359\" codebase=\"http:\/\/download.macromedia.com\/pub\/shockwave\/cabs\/flash\/swflash.cab#version=6,0,40,0\"><param name=\"allowFullScreen\" value=\"true\" \/><param name=\"allowScriptAccess\" value=\"always\" \/><param name=\"wmode\" value=\"transparent\" \/><param name=\"src\" value=\"http:\/\/www.dailymotion.com\/swf\/video\/xih36v\" \/><param name=\"allowfullscreen\" value=\"true\" \/><embed type=\"application\/x-shockwave-flash\" width=\"480\" height=\"359\" src=\"http:\/\/www.dailymotion.com\/swf\/video\/xih36v\" wmode=\"transparent\" allowscriptaccess=\"always\" allowfullscreen=\"true\"><\/embed><\/object><\/span><\/p>\n<p style=\"text-align: center; \"><span style=\"color: #ffffff;\">&#8211;<\/span><\/p>\n<p style=\"text-align: center; \"><span style=\"color: #ffffff;\">&#8211;<\/span><\/p>\n<p style=\"text-align: center; \"><span style=\"color: #ffffff;\">&#8211;<\/span><\/p>\n<p style=\"text-align: center; \">\n<p>Ay Marieke, Marieke<br \/>\nIk hield van jou<br \/>\nTussen de torens<br \/>\nVan Brugge en Gent<br \/>\nAy Marieke, Marieke<br \/>\nDe tijd gaat gauw<br \/>\nTussen de torens<br \/>\nVan Brugge en Gent<\/p>\n<p>Zonder liefde, warme liefde<br \/>\nWait de wind, de stomme wind<br \/>\nZonder liefde, warme liefde<br \/>\nWeent de zee, de grijze zee<br \/>\nZonder liefde, warme liefde<br \/>\nLijdt het licht, het donker licht<br \/>\nEn schuurt het zand over mijn land<br \/>\nMijn platte land, mijn Vlaanderenland<\/p>\n<p>Ay Marieke, Marieke<br \/>\nDe Vlaamse lucht<br \/>\nGrijs als de torens<br \/>\nVan Brugge en Gent<br \/>\nAy Marieke, Marieke<br \/>\nDe Vlaamse lucht<br \/>\nZij weent met mij<br \/>\nVan Brugge tot Gent<\/p>\n<p>Zonder liefde, warme liefde<br \/>\nWait de wind, de stomme wind<br \/>\nZonder liefde, warme liefde<br \/>\nWeent de zee, de grijze zee<br \/>\nZonder liefde, warme liefde<br \/>\nLijdt het licht, het donker licht<br \/>\nEn schuurt het zand over mijn land<br \/>\nMijn platte land, mijn Vlaanderenland<\/p>\n<p>Ay Marieke, Marieke<br \/>\nDe Vlaamse lucht<br \/>\nWoog zij te zwar<br \/>\nVan Brugge tot Gent<br \/>\nAy Marieke, Marieke<br \/>\nOp onze jeugd<br \/>\nVan Brugge tot Gent<\/p>\n<p>Zonder liefde, warme liefde<br \/>\nLach de duivel, de zwarte duivel<br \/>\nZonder liefde, warme liefde<br \/>\nBrandt mijn hart, mijn oude hart<br \/>\nZonder liefde, warme liefde<br \/>\nSterft de zomer, de droeve zomer<br \/>\nEn schuurt het zand over mijn land<br \/>\nMijn platte land, mijn Vlaanderenland<\/p>\n<p>Ay Marieke, Marieke<br \/>\nBreng terug die tijd<br \/>\nDie mooie tijd<br \/>\nVan Brugge en Gent<br \/>\nAy Marieke, Marieke<br \/>\nBreng terug die tijd<br \/>\nVan onze liefde<br \/>\nIn Brugge en Gent<\/p>\n<p>Ay Marieke, Marieke<br \/>\nAls d&rsquo;avond spreidt<br \/>\nDan lokken mij<br \/>\nVan Brugge tot Gent<br \/>\nAy Marieke, Marieke<br \/>\nMet armen weijd<br \/>\nDe diepe vijvers<br \/>\nVan Brugge en Gent<br \/>\nVan Brugge en Gent<br \/>\nVan Brugge en Gent<br \/>\nVan Brugge en Gen<\/p>\n","protected":false},"excerpt":{"rendered":"<p>&#8211; &#8211; &#8211; &#8211; Ay Marieke, Marieke Ik hield van jou Tussen de torens Van Brugge en Gent Ay Marieke, Marieke De tijd gaat gauw Tussen de torens Van Brugge en Gent Zonder liefde, warme liefde Wait de wind, de &hellip; <a href=\"http:\/\/www.frederic-poitou.com\/blog\/marieke-ov-vlams\/\">Lire la suite\u00ad\u00ad<\/a><\/p>\n","protected":false},"author":4,"featured_media":0,"comment_status":"open","ping_status":"open","sticky":false,"template":"","format":"standard","meta":{"kt_blocks_editor_width":"","_exactmetrics_skip_tracking":false,"_exactmetrics_sitenote_active":false,"_exactmetrics_sitenote_note":"","_exactmetrics_sitenote_category":0,"footnotes":""},"categories":[1],"tags":[23,50],"class_list":["post-5326","post","type-post","status-publish","format-standard","hentry","category-politique-economie","tag-belgique-2","tag-politique-economie"],"yoast_head":"<!-- This site is optimized with the Yoast SEO plugin v27.1.1 - https:\/\/yoast.com\/product\/yoast-seo-wordpress\/ -->\n<title>MARIEKE IN VLAAMS ! -<\/title>\n<meta name=\"robots\" content=\"index, follow, max-snippet:-1, max-image-preview:large, max-video-preview:-1\" \/>\n<link rel=\"canonical\" href=\"https:\/\/www.frederic-poitou.com\/blog\/marieke-ov-vlams\/\" \/>\n<meta property=\"og:locale\" content=\"fr_FR\" \/>\n<meta property=\"og:type\" content=\"article\" \/>\n<meta property=\"og:title\" content=\"MARIEKE IN VLAAMS ! -\" \/>\n<meta property=\"og:description\" content=\"&#8211; &#8211; &#8211; &#8211; Ay Marieke, Marieke Ik hield van jou Tussen de torens Van Brugge en Gent Ay Marieke, Marieke De tijd gaat gauw Tussen de torens Van Brugge en Gent Zonder liefde, warme liefde Wait de wind, de &hellip; Lire la suite\u00ad\u00ad\" \/>\n<meta property=\"og:url\" content=\"https:\/\/www.frederic-poitou.com\/blog\/marieke-ov-vlams\/\" \/>\n<meta property=\"article:publisher\" content=\"https:\/\/www.facebook.com\/frederic.poitou\/\" \/>\n<meta property=\"article:published_time\" content=\"2023-07-13T12:30:32+00:00\" \/>\n<meta property=\"article:modified_time\" content=\"2026-04-09T09:37:46+00:00\" \/>\n<meta name=\"author\" content=\"Fr\u00e9d\u00e9ric Poitou\" \/>\n<meta name=\"twitter:card\" content=\"summary_large_image\" \/>\n<meta name=\"twitter:creator\" content=\"@fredericpoitou\" \/>\n<meta name=\"twitter:site\" content=\"@fredericpoitou\" \/>\n<meta name=\"twitter:label1\" content=\"\u00c9crit par\" \/>\n\t<meta name=\"twitter:data1\" content=\"Fr\u00e9d\u00e9ric Poitou\" \/>\n\t<meta name=\"twitter:label2\" content=\"Dur\u00e9e de lecture estim\u00e9e\" \/>\n\t<meta name=\"twitter:data2\" content=\"1 minute\" \/>\n<script type=\"application\/ld+json\" class=\"yoast-schema-graph\">{\"@context\":\"https:\/\/schema.org\",\"@graph\":[{\"@type\":\"Article\",\"@id\":\"https:\/\/www.frederic-poitou.com\/blog\/marieke-ov-vlams\/#article\",\"isPartOf\":{\"@id\":\"https:\/\/www.frederic-poitou.com\/blog\/marieke-ov-vlams\/\"},\"author\":{\"name\":\"Fr\u00e9d\u00e9ric Poitou\",\"@id\":\"http:\/\/www.frederic-poitou.com\/blog\/#\/schema\/person\/e2c2d05e978747818533fdce859a7799\"},\"headline\":\"MARIEKE IN VLAAMS !\",\"datePublished\":\"2023-07-13T12:30:32+00:00\",\"dateModified\":\"2026-04-09T09:37:46+00:00\",\"mainEntityOfPage\":{\"@id\":\"https:\/\/www.frederic-poitou.com\/blog\/marieke-ov-vlams\/\"},\"wordCount\":280,\"commentCount\":0,\"keywords\":[\"Belgique\",\"Divers\"],\"articleSection\":[\"Divers\"],\"inLanguage\":\"fr-FR\",\"potentialAction\":[{\"@type\":\"CommentAction\",\"name\":\"Comment\",\"target\":[\"https:\/\/www.frederic-poitou.com\/blog\/marieke-ov-vlams\/#respond\"]}]},{\"@type\":\"WebPage\",\"@id\":\"https:\/\/www.frederic-poitou.com\/blog\/marieke-ov-vlams\/\",\"url\":\"https:\/\/www.frederic-poitou.com\/blog\/marieke-ov-vlams\/\",\"name\":\"MARIEKE IN VLAAMS ! -\",\"isPartOf\":{\"@id\":\"http:\/\/www.frederic-poitou.com\/blog\/#website\"},\"datePublished\":\"2023-07-13T12:30:32+00:00\",\"dateModified\":\"2026-04-09T09:37:46+00:00\",\"author\":{\"@id\":\"http:\/\/www.frederic-poitou.com\/blog\/#\/schema\/person\/e2c2d05e978747818533fdce859a7799\"},\"breadcrumb\":{\"@id\":\"https:\/\/www.frederic-poitou.com\/blog\/marieke-ov-vlams\/#breadcrumb\"},\"inLanguage\":\"fr-FR\",\"potentialAction\":[{\"@type\":\"ReadAction\",\"target\":[\"https:\/\/www.frederic-poitou.com\/blog\/marieke-ov-vlams\/\"]}]},{\"@type\":\"BreadcrumbList\",\"@id\":\"https:\/\/www.frederic-poitou.com\/blog\/marieke-ov-vlams\/#breadcrumb\",\"itemListElement\":[{\"@type\":\"ListItem\",\"position\":1,\"name\":\"Accueil\",\"item\":\"http:\/\/www.frederic-poitou.com\/blog\/\"},{\"@type\":\"ListItem\",\"position\":2,\"name\":\"MARIEKE IN VLAAMS !\"}]},{\"@type\":\"WebSite\",\"@id\":\"http:\/\/www.frederic-poitou.com\/blog\/#website\",\"url\":\"http:\/\/www.frederic-poitou.com\/blog\/\",\"name\":\"\",\"description\":\"\",\"potentialAction\":[{\"@type\":\"SearchAction\",\"target\":{\"@type\":\"EntryPoint\",\"urlTemplate\":\"http:\/\/www.frederic-poitou.com\/blog\/?s={search_term_string}\"},\"query-input\":{\"@type\":\"PropertyValueSpecification\",\"valueRequired\":true,\"valueName\":\"search_term_string\"}}],\"inLanguage\":\"fr-FR\"},{\"@type\":\"Person\",\"@id\":\"http:\/\/www.frederic-poitou.com\/blog\/#\/schema\/person\/e2c2d05e978747818533fdce859a7799\",\"name\":\"Fr\u00e9d\u00e9ric Poitou\",\"image\":{\"@type\":\"ImageObject\",\"inLanguage\":\"fr-FR\",\"@id\":\"http:\/\/www.frederic-poitou.com\/blog\/#\/schema\/person\/image\/\",\"url\":\"https:\/\/secure.gravatar.com\/avatar\/1933bcca279a2feafd35d9e0a080c521e11beb51115fe4cfe02e2586ac13424a?s=96&d=mm&r=g\",\"contentUrl\":\"https:\/\/secure.gravatar.com\/avatar\/1933bcca279a2feafd35d9e0a080c521e11beb51115fe4cfe02e2586ac13424a?s=96&d=mm&r=g\",\"caption\":\"Fr\u00e9d\u00e9ric Poitou\"},\"description\":\"Fr\u00e9d\u00e9ric Poitou est n\u00e9 \u00e0 Rouen, et y a fait des \u00e9tudes au Conservatoire en musique-\u00e9tudes en section piano. Il s'est ensuite orient\u00e9 vers des \u00e9tudes scientifiques o\u00f9 il a obtenu un dipl\u00f4me d'ing\u00e9nieur, puis un doctorat en Chimie. Il est Expert Judiciaire en France, en Belgique et \u00e0 Luxembourg, et agr\u00e9e par les Institutions Europ\u00e9ennes.\",\"sameAs\":[\"http:\/\/www.frederic-poitou.com\",\"https:\/\/www.linkedin.com\/in\/frederic-poitou-b045a025\/\"]}]}<\/script>\n<!-- \/ Yoast SEO plugin. -->","yoast_head_json":{"title":"MARIEKE IN VLAAMS ! -","robots":{"index":"index","follow":"follow","max-snippet":"max-snippet:-1","max-image-preview":"max-image-preview:large","max-video-preview":"max-video-preview:-1"},"canonical":"https:\/\/www.frederic-poitou.com\/blog\/marieke-ov-vlams\/","og_locale":"fr_FR","og_type":"article","og_title":"MARIEKE IN VLAAMS ! -","og_description":"&#8211; &#8211; &#8211; &#8211; Ay Marieke, Marieke Ik hield van jou Tussen de torens Van Brugge en Gent Ay Marieke, Marieke De tijd gaat gauw Tussen de torens Van Brugge en Gent Zonder liefde, warme liefde Wait de wind, de &hellip; Lire la suite\u00ad\u00ad","og_url":"https:\/\/www.frederic-poitou.com\/blog\/marieke-ov-vlams\/","article_publisher":"https:\/\/www.facebook.com\/frederic.poitou\/","article_published_time":"2023-07-13T12:30:32+00:00","article_modified_time":"2026-04-09T09:37:46+00:00","author":"Fr\u00e9d\u00e9ric Poitou","twitter_card":"summary_large_image","twitter_creator":"@fredericpoitou","twitter_site":"@fredericpoitou","twitter_misc":{"\u00c9crit par":"Fr\u00e9d\u00e9ric Poitou","Dur\u00e9e de lecture estim\u00e9e":"1 minute"},"schema":{"@context":"https:\/\/schema.org","@graph":[{"@type":"Article","@id":"https:\/\/www.frederic-poitou.com\/blog\/marieke-ov-vlams\/#article","isPartOf":{"@id":"https:\/\/www.frederic-poitou.com\/blog\/marieke-ov-vlams\/"},"author":{"name":"Fr\u00e9d\u00e9ric Poitou","@id":"http:\/\/www.frederic-poitou.com\/blog\/#\/schema\/person\/e2c2d05e978747818533fdce859a7799"},"headline":"MARIEKE IN VLAAMS !","datePublished":"2023-07-13T12:30:32+00:00","dateModified":"2026-04-09T09:37:46+00:00","mainEntityOfPage":{"@id":"https:\/\/www.frederic-poitou.com\/blog\/marieke-ov-vlams\/"},"wordCount":280,"commentCount":0,"keywords":["Belgique","Divers"],"articleSection":["Divers"],"inLanguage":"fr-FR","potentialAction":[{"@type":"CommentAction","name":"Comment","target":["https:\/\/www.frederic-poitou.com\/blog\/marieke-ov-vlams\/#respond"]}]},{"@type":"WebPage","@id":"https:\/\/www.frederic-poitou.com\/blog\/marieke-ov-vlams\/","url":"https:\/\/www.frederic-poitou.com\/blog\/marieke-ov-vlams\/","name":"MARIEKE IN VLAAMS ! -","isPartOf":{"@id":"http:\/\/www.frederic-poitou.com\/blog\/#website"},"datePublished":"2023-07-13T12:30:32+00:00","dateModified":"2026-04-09T09:37:46+00:00","author":{"@id":"http:\/\/www.frederic-poitou.com\/blog\/#\/schema\/person\/e2c2d05e978747818533fdce859a7799"},"breadcrumb":{"@id":"https:\/\/www.frederic-poitou.com\/blog\/marieke-ov-vlams\/#breadcrumb"},"inLanguage":"fr-FR","potentialAction":[{"@type":"ReadAction","target":["https:\/\/www.frederic-poitou.com\/blog\/marieke-ov-vlams\/"]}]},{"@type":"BreadcrumbList","@id":"https:\/\/www.frederic-poitou.com\/blog\/marieke-ov-vlams\/#breadcrumb","itemListElement":[{"@type":"ListItem","position":1,"name":"Accueil","item":"http:\/\/www.frederic-poitou.com\/blog\/"},{"@type":"ListItem","position":2,"name":"MARIEKE IN VLAAMS !"}]},{"@type":"WebSite","@id":"http:\/\/www.frederic-poitou.com\/blog\/#website","url":"http:\/\/www.frederic-poitou.com\/blog\/","name":"","description":"","potentialAction":[{"@type":"SearchAction","target":{"@type":"EntryPoint","urlTemplate":"http:\/\/www.frederic-poitou.com\/blog\/?s={search_term_string}"},"query-input":{"@type":"PropertyValueSpecification","valueRequired":true,"valueName":"search_term_string"}}],"inLanguage":"fr-FR"},{"@type":"Person","@id":"http:\/\/www.frederic-poitou.com\/blog\/#\/schema\/person\/e2c2d05e978747818533fdce859a7799","name":"Fr\u00e9d\u00e9ric Poitou","image":{"@type":"ImageObject","inLanguage":"fr-FR","@id":"http:\/\/www.frederic-poitou.com\/blog\/#\/schema\/person\/image\/","url":"https:\/\/secure.gravatar.com\/avatar\/1933bcca279a2feafd35d9e0a080c521e11beb51115fe4cfe02e2586ac13424a?s=96&d=mm&r=g","contentUrl":"https:\/\/secure.gravatar.com\/avatar\/1933bcca279a2feafd35d9e0a080c521e11beb51115fe4cfe02e2586ac13424a?s=96&d=mm&r=g","caption":"Fr\u00e9d\u00e9ric Poitou"},"description":"Fr\u00e9d\u00e9ric Poitou est n\u00e9 \u00e0 Rouen, et y a fait des \u00e9tudes au Conservatoire en musique-\u00e9tudes en section piano. Il s'est ensuite orient\u00e9 vers des \u00e9tudes scientifiques o\u00f9 il a obtenu un dipl\u00f4me d'ing\u00e9nieur, puis un doctorat en Chimie. Il est Expert Judiciaire en France, en Belgique et \u00e0 Luxembourg, et agr\u00e9e par les Institutions Europ\u00e9ennes.","sameAs":["http:\/\/www.frederic-poitou.com","https:\/\/www.linkedin.com\/in\/frederic-poitou-b045a025\/"]}]}},"_links":{"self":[{"href":"http:\/\/www.frederic-poitou.com\/blog\/wp-json\/wp\/v2\/posts\/5326","targetHints":{"allow":["GET"]}}],"collection":[{"href":"http:\/\/www.frederic-poitou.com\/blog\/wp-json\/wp\/v2\/posts"}],"about":[{"href":"http:\/\/www.frederic-poitou.com\/blog\/wp-json\/wp\/v2\/types\/post"}],"author":[{"embeddable":true,"href":"http:\/\/www.frederic-poitou.com\/blog\/wp-json\/wp\/v2\/users\/4"}],"replies":[{"embeddable":true,"href":"http:\/\/www.frederic-poitou.com\/blog\/wp-json\/wp\/v2\/comments?post=5326"}],"version-history":[{"count":1,"href":"http:\/\/www.frederic-poitou.com\/blog\/wp-json\/wp\/v2\/posts\/5326\/revisions"}],"predecessor-version":[{"id":10205,"href":"http:\/\/www.frederic-poitou.com\/blog\/wp-json\/wp\/v2\/posts\/5326\/revisions\/10205"}],"wp:attachment":[{"href":"http:\/\/www.frederic-poitou.com\/blog\/wp-json\/wp\/v2\/media?parent=5326"}],"wp:term":[{"taxonomy":"category","embeddable":true,"href":"http:\/\/www.frederic-poitou.com\/blog\/wp-json\/wp\/v2\/categories?post=5326"},{"taxonomy":"post_tag","embeddable":true,"href":"http:\/\/www.frederic-poitou.com\/blog\/wp-json\/wp\/v2\/tags?post=5326"}],"curies":[{"name":"wp","href":"https:\/\/api.w.org\/{rel}","templated":true}]}}