{"id":5310,"date":"2023-07-15T11:20:32","date_gmt":"2023-07-15T09:20:32","guid":{"rendered":"http:\/\/www.frederic-poitou.com\/blog\/?p=5310"},"modified":"2026-04-29T18:52:28","modified_gmt":"2026-04-29T16:52:28","slug":"le-bel-azur-me-met-en-rage","status":"publish","type":"post","link":"http:\/\/www.frederic-poitou.com\/blog\/le-bel-azur-me-met-en-rage\/","title":{"rendered":"LE BEL AZUR ME MET EN RAGE &#8230;"},"content":{"rendered":"<p>Ah qu&rsquo;il \u00e9tait fort Mr Georges.<\/p>\n<p>Ma petite famille et moi allons pr\u00e8s de S\u00e8te cet Et\u00e9 pour y \u00ab\u00a0<em>sentir<\/em>\u00a0\u00bb son \u00e2me. C&rsquo;est bien ainsi.<\/p>\n<p><span style=\"color: #ffffff;\">&#8211;<\/span><\/p>\n<p>Le port de S\u00e8te, le Th\u00e9\u00e2tre de la mer, la promenade et le canal o\u00f9 se d\u00e9roulent les joutes, l&rsquo;endroit o\u00f9 est n\u00e9 Paul Val\u00e9ry.\u00a0S\u00e8te est proche de P\u00e9zenas, proche de <em>Jean-Baptise Moli\u00e8re<\/em> et de <em>Boby Lapointe<\/em>, proche de <em>Montpellier<\/em>, proche de <em>B\u00e9ziers<\/em>.<\/p>\n<p>Ah, si je n&rsquo;avais pas perdu mon fils voici quelques ann\u00e9es, je gage qu&rsquo;il aurait aim\u00e9 Brassens.\u00a0Je lui aurais expliqu\u00e9. Mon Papa Jacques me l&rsquo;avait appris, tout comme il m&rsquo;avait appris \u00e0 aimer Barbara, Brel, l&rsquo;Op\u00e9ra, et Django Reinhardt.<\/p>\n<p><span style=\"color: #ffffff;\">&#8211;<\/span><\/p>\n<p>C&rsquo;est gr\u00e2ce \u00e0 Brassens que mon fiston a r\u00e9ussi le concours d&rsquo;entr\u00e9e au Conservatoire, en chantant le petit cheval blanc. Un signe non ?<\/p>\n<p><span style=\"color: #ffffff;\">&#8212;<\/span><\/p>\n<p>les Papas, ca sert \u00e0 d\u00e9couvrir l&rsquo;inutile pour les enfants, mais l&rsquo;indispensable pour les adultes.<\/p>\n<p><span style=\"color: #ffffff;\"><br \/>\n<\/span><\/p>\n<p><span style=\"color: #ffffff;\">&#8211;<\/span><\/p>\n<p>Un enfant, ca manque.<\/p>\n<p><span style=\"color: #ffffff;\">&#8211;<\/span><\/p>\n<p><span style=\"color: #ffffff;\"><br \/>\n<\/span><\/p>\n<p style=\"text-align: center;\"><em>Fr\u00e9d\u00e9ric<\/em><\/p>\n<p>&#8211;<\/p>\n<p style=\"text-align: center;\"><object classid=\"clsid:d27cdb6e-ae6d-11cf-96b8-444553540000\" width=\"480\" height=\"359\" codebase=\"http:\/\/download.macromedia.com\/pub\/shockwave\/cabs\/flash\/swflash.cab#version=6,0,40,0\"><param name=\"allowFullScreen\" value=\"true\" \/><param name=\"allowScriptAccess\" value=\"always\" \/><param name=\"wmode\" value=\"transparent\" \/><param name=\"src\" value=\"http:\/\/www.dailymotion.com\/swf\/video\/xieq8w\" \/><param name=\"allowfullscreen\" value=\"true\" \/><embed type=\"application\/x-shockwave-flash\" width=\"480\" height=\"359\" src=\"http:\/\/www.dailymotion.com\/swf\/video\/xieq8w\" wmode=\"transparent\" allowscriptaccess=\"always\" allowfullscreen=\"true\"><\/embed><\/object>&#8211;<\/p>\n<p style=\"text-align: center;\">\n<p style=\"text-align: center;\">Parlez-moi de la pluie et non pas du beau temps<br style=\"font-family: verdana, sans-serif; color: #008800;\" \/>Le beau temps me d\u00e9goute et m\u2019fait grincer les dents<br style=\"font-family: verdana, sans-serif; color: #008800;\" \/>Le bel azur me met en rage<br style=\"font-family: verdana, sans-serif; color: #008800;\" \/>Car le plus grand amour qui m\u2019fut donn\u00e9 sur terr\u2019<br style=\"font-family: verdana, sans-serif; color: #008800;\" \/>Je l\u2019dois au mauvais temps, je l\u2019dois \u00e0 Jupiter<br style=\"font-family: verdana, sans-serif; color: #008800;\" \/>Il me tomba d\u2019un ciel d\u2019orage<br style=\"font-family: verdana, sans-serif; color: #008800;\" \/><span style=\"color: #ffffff;\">&#8211;<\/span><br style=\"font-family: verdana, sans-serif; color: #008800;\" \/>Par un soir de novembre, \u00e0 cheval sur les toits<br style=\"font-family: verdana, sans-serif; color: #008800;\" \/>Un vrai tonnerr\u2019 de Brest, avec des cris d\u2019putois<br style=\"font-family: verdana, sans-serif; color: #008800;\" \/>Allumait ses feux d\u2019artifice<br style=\"font-family: verdana, sans-serif; color: #008800;\" \/>Bondissant de sa couche en costume de nuit<br style=\"font-family: verdana, sans-serif; color: #008800;\" \/>Ma voisine affol\u00e9e vint cogner \u00e0 mon huis<br style=\"font-family: verdana, sans-serif; color: #008800;\" \/>En r\u00e9clamant mes bons offices<\/p>\n<p style=\"text-align: center;\"><span style=\"color: #ffffff;\">&#8211;<br style=\"font-family: verdana, sans-serif; color: #008800;\" \/><\/span>\u00a0\u00bb <em>Je suis seule et j\u2019ai peur, ouvrez-moi, par piti\u00e9<br style=\"font-family: verdana, sans-serif; color: #008800;\" \/>Mon \u00e9poux vient d\u2019partir faire son dur m\u00e9tier<br style=\"font-family: verdana, sans-serif; color: #008800;\" \/>Pauvre malheureux mercenaire<br style=\"font-family: verdana, sans-serif; color: #008800;\" \/>Contraint d\u2019coucher dehors quand il fait mauvais temps<br style=\"font-family: verdana, sans-serif; color: #008800;\" \/>Pour la bonne raison qu\u2019il est repr\u00e9sentant<br style=\"font-family: verdana, sans-serif; color: #008800;\" \/>D\u2019un\u2019 maison de paratonnerres<\/em> \u00ab\u00a0<\/p>\n<p style=\"text-align: center;\"><span style=\"font-family: verdana, sans-serif; color: #008800;\"><span style=\"color: #ffffff;\">&#8211;<\/span><br style=\"font-family: verdana, sans-serif; color: #008800;\" \/><\/span>En b\u00e9nissant le nom de Benjamin Franklin<br style=\"font-family: verdana, sans-serif; color: #008800;\" \/>Je l\u2019ai mise en lieu s\u00fbr entre mes bras c\u00e2lins<br style=\"font-family: verdana, sans-serif; color: #008800;\" \/>Et puis l\u2019amour a fait le reste<br style=\"font-family: verdana, sans-serif; color: #008800;\" \/>Toi qui s\u00e8mes des paratonnerr\u2019s \u00e0 foison<br style=\"font-family: verdana, sans-serif; color: #008800;\" \/>Que n\u2019en as-tu plant\u00e9 sur ta propre maison<br style=\"font-family: verdana, sans-serif; color: #008800;\" \/>Erreur on ne peut plus funeste<br style=\"font-family: verdana, sans-serif; color: #008800;\" \/><br style=\"font-family: verdana, sans-serif; color: #008800;\" \/>Quand Jupiter alla se faire entendre ailleurs<br style=\"font-family: verdana, sans-serif; color: #008800;\" \/>La belle, ayant enfin conjur\u00e9 sa frayeur<br style=\"font-family: verdana, sans-serif; color: #008800;\" \/>Et recouvr\u00e9 tout son courage<br style=\"font-family: verdana, sans-serif; color: #008800;\" \/>Rentra dans ses foyers fair\u2019 s\u00e9cher son mari<br style=\"font-family: verdana, sans-serif; color: #008800;\" \/>En m\u2019donnant rendez-vous les jours d\u2019intemp\u00e9rie<br style=\"font-family: verdana, sans-serif; color: #008800;\" \/>Rendez-vous au prochain orage<br style=\"font-family: verdana, sans-serif; color: #008800;\" \/><span style=\"color: #ffffff;\">&#8211;<\/span><br style=\"font-family: verdana, sans-serif; color: #008800;\" \/>A partir de ce jour j\u2019n\u2019ai plus baiss\u00e9 les yeux<br style=\"font-family: verdana, sans-serif; color: #008800;\" \/>J\u2019ai consacr\u00e9 mon temps \u00e0 contempler les cieux<br style=\"font-family: verdana, sans-serif; color: #008800;\" \/>A regarder passer les nues<br style=\"font-family: verdana, sans-serif; color: #008800;\" \/>A guetter les stratus, \u00e0 lorgner les nimbus<br style=\"font-family: verdana, sans-serif; color: #008800;\" \/>A faire les yeux doux aux moindres cumulus<br style=\"font-family: verdana, sans-serif; color: #008800;\" \/>Mais elle n\u2019est pas revenue<br style=\"font-family: verdana, sans-serif; color: #008800;\" \/><br style=\"font-family: verdana, sans-serif; color: #008800;\" \/>Son bonhomm\u2019 de mari avait tant fait d\u2019affair\u2019s<br style=\"font-family: verdana, sans-serif; color: #008800;\" \/>Tant vendu ce soir-l\u00e0 de petits bouts de fer<br style=\"font-family: verdana, sans-serif; color: #008800;\" \/>Qu\u2019il \u00e9tait dev\u2019nu millionnaire<br style=\"font-family: verdana, sans-serif; color: #008800;\" \/>Et l\u2019avait emmen\u00e9e vers des cieux toujours bleus<br style=\"font-family: verdana, sans-serif; color: #008800;\" \/>Des pays imb\u00e9cil\u2019s o\u00f9 jamais il ne pleut<br style=\"font-family: verdana, sans-serif; color: #008800;\" \/>O\u00f9 l\u2019on ne sait rien du tonnerre<br style=\"font-family: verdana, sans-serif; color: #008800;\" \/><br style=\"font-family: verdana, sans-serif; color: #008800;\" \/>Dieu fass\u2019 que ma complainte aille, tambour battant<br style=\"font-family: verdana, sans-serif; color: #008800;\" \/>Lui parler de la pluie, lui parler du gros temps<br style=\"font-family: verdana, sans-serif; color: #008800;\" \/>Auxquels on a t\u2019nu t\u00eate ensemble<br style=\"font-family: verdana, sans-serif; color: #008800;\" \/>Lui conter qu\u2019un certain coup de foudre assassin<br style=\"font-family: verdana, sans-serif; color: #008800;\" \/>Dans le mill\u2019 de mon c\u0153ur a laiss\u00e9 le dessin<br style=\"font-family: verdana, sans-serif; color: #008800;\" \/>D\u2019un\u2019 petit\u2019 fleur qui lui ressemble<\/p>\n<p style=\"text-align: center;\"><span style=\"color: #ffffff;\">&#8211;<\/span><\/p>\n<p style=\"text-align: center;\"><span style=\"color: #ffffff;\">&#8211;<\/span><\/p>\n<p style=\"text-align: center;\"><span style=\"color: #ffffff;\">&#8211;<\/span><\/p>\n<p style=\"text-align: center;\"><span style=\"color: #ffffff;\">&#8211;<\/span><\/p>\n<p style=\"text-align: center;\">\n<p style=\"text-align: center;\">\n<p style=\"text-align: center;\">\n","protected":false},"excerpt":{"rendered":"<p>Ah qu&rsquo;il \u00e9tait fort Mr Georges. Ma petite famille et moi allons pr\u00e8s de S\u00e8te cet Et\u00e9 pour y \u00ab\u00a0sentir\u00a0\u00bb son \u00e2me. C&rsquo;est bien ainsi. &#8211; Le port de S\u00e8te, le Th\u00e9\u00e2tre de la mer, la promenade et le canal &hellip; <a href=\"http:\/\/www.frederic-poitou.com\/blog\/le-bel-azur-me-met-en-rage\/\">Lire la suite\u00ad\u00ad<\/a><\/p>\n","protected":false},"author":4,"featured_media":0,"comment_status":"open","ping_status":"open","sticky":false,"template":"","format":"standard","meta":{"kt_blocks_editor_width":"","_exactmetrics_skip_tracking":false,"_exactmetrics_sitenote_active":false,"_exactmetrics_sitenote_note":"","_exactmetrics_sitenote_category":0,"footnotes":""},"categories":[1],"tags":[27,21,23,50],"class_list":["post-5310","post","type-post","status-publish","format-standard","hentry","category-politique-economie","tag-actualite","tag-arts-et-culture","tag-belgique-2","tag-politique-economie"],"yoast_head":"<!-- This site is optimized with the Yoast SEO plugin v27.1.1 - https:\/\/yoast.com\/product\/yoast-seo-wordpress\/ -->\n<title>LE BEL AZUR ME MET EN RAGE ... -<\/title>\n<meta name=\"robots\" content=\"index, follow, max-snippet:-1, max-image-preview:large, max-video-preview:-1\" \/>\n<link rel=\"canonical\" href=\"http:\/\/www.frederic-poitou.com\/blog\/le-bel-azur-me-met-en-rage\/\" \/>\n<meta property=\"og:locale\" content=\"fr_FR\" \/>\n<meta property=\"og:type\" content=\"article\" \/>\n<meta property=\"og:title\" content=\"LE BEL AZUR ME MET EN RAGE ... -\" \/>\n<meta property=\"og:description\" content=\"Ah qu&rsquo;il \u00e9tait fort Mr Georges. Ma petite famille et moi allons pr\u00e8s de S\u00e8te cet Et\u00e9 pour y \u00ab\u00a0sentir\u00a0\u00bb son \u00e2me. C&rsquo;est bien ainsi. &#8211; Le port de S\u00e8te, le Th\u00e9\u00e2tre de la mer, la promenade et le canal &hellip; Lire la suite\u00ad\u00ad\" \/>\n<meta property=\"og:url\" content=\"http:\/\/www.frederic-poitou.com\/blog\/le-bel-azur-me-met-en-rage\/\" \/>\n<meta property=\"article:publisher\" content=\"https:\/\/www.facebook.com\/frederic.poitou\/\" \/>\n<meta property=\"article:published_time\" content=\"2023-07-15T09:20:32+00:00\" \/>\n<meta property=\"article:modified_time\" content=\"2026-04-29T16:52:28+00:00\" \/>\n<meta name=\"author\" content=\"Fr\u00e9d\u00e9ric Poitou\" \/>\n<meta name=\"twitter:card\" content=\"summary_large_image\" \/>\n<meta name=\"twitter:creator\" content=\"@fredericpoitou\" \/>\n<meta name=\"twitter:site\" content=\"@fredericpoitou\" \/>\n<meta name=\"twitter:label1\" content=\"\u00c9crit par\" \/>\n\t<meta name=\"twitter:data1\" content=\"Fr\u00e9d\u00e9ric Poitou\" \/>\n\t<meta name=\"twitter:label2\" content=\"Dur\u00e9e de lecture estim\u00e9e\" \/>\n\t<meta name=\"twitter:data2\" content=\"3 minutes\" \/>\n<script type=\"application\/ld+json\" class=\"yoast-schema-graph\">{\"@context\":\"https:\/\/schema.org\",\"@graph\":[{\"@type\":\"Article\",\"@id\":\"http:\/\/www.frederic-poitou.com\/blog\/le-bel-azur-me-met-en-rage\/#article\",\"isPartOf\":{\"@id\":\"http:\/\/www.frederic-poitou.com\/blog\/le-bel-azur-me-met-en-rage\/\"},\"author\":{\"name\":\"Fr\u00e9d\u00e9ric Poitou\",\"@id\":\"https:\/\/www.frederic-poitou.com\/blog\/#\/schema\/person\/e2c2d05e978747818533fdce859a7799\"},\"headline\":\"LE BEL AZUR ME MET EN RAGE &#8230;\",\"datePublished\":\"2023-07-15T09:20:32+00:00\",\"dateModified\":\"2026-04-29T16:52:28+00:00\",\"mainEntityOfPage\":{\"@id\":\"http:\/\/www.frederic-poitou.com\/blog\/le-bel-azur-me-met-en-rage\/\"},\"wordCount\":557,\"commentCount\":0,\"keywords\":[\"Actualit\u00e9\",\"Arts et Culture\",\"Belgique\",\"Divers\"],\"articleSection\":[\"Divers\"],\"inLanguage\":\"fr-FR\",\"potentialAction\":[{\"@type\":\"CommentAction\",\"name\":\"Comment\",\"target\":[\"http:\/\/www.frederic-poitou.com\/blog\/le-bel-azur-me-met-en-rage\/#respond\"]}]},{\"@type\":\"WebPage\",\"@id\":\"http:\/\/www.frederic-poitou.com\/blog\/le-bel-azur-me-met-en-rage\/\",\"url\":\"http:\/\/www.frederic-poitou.com\/blog\/le-bel-azur-me-met-en-rage\/\",\"name\":\"LE BEL AZUR ME MET EN RAGE ... -\",\"isPartOf\":{\"@id\":\"https:\/\/www.frederic-poitou.com\/blog\/#website\"},\"datePublished\":\"2023-07-15T09:20:32+00:00\",\"dateModified\":\"2026-04-29T16:52:28+00:00\",\"author\":{\"@id\":\"https:\/\/www.frederic-poitou.com\/blog\/#\/schema\/person\/e2c2d05e978747818533fdce859a7799\"},\"breadcrumb\":{\"@id\":\"http:\/\/www.frederic-poitou.com\/blog\/le-bel-azur-me-met-en-rage\/#breadcrumb\"},\"inLanguage\":\"fr-FR\",\"potentialAction\":[{\"@type\":\"ReadAction\",\"target\":[\"http:\/\/www.frederic-poitou.com\/blog\/le-bel-azur-me-met-en-rage\/\"]}]},{\"@type\":\"BreadcrumbList\",\"@id\":\"http:\/\/www.frederic-poitou.com\/blog\/le-bel-azur-me-met-en-rage\/#breadcrumb\",\"itemListElement\":[{\"@type\":\"ListItem\",\"position\":1,\"name\":\"Accueil\",\"item\":\"https:\/\/www.frederic-poitou.com\/blog\/\"},{\"@type\":\"ListItem\",\"position\":2,\"name\":\"LE BEL AZUR ME MET EN RAGE &#8230;\"}]},{\"@type\":\"WebSite\",\"@id\":\"https:\/\/www.frederic-poitou.com\/blog\/#website\",\"url\":\"https:\/\/www.frederic-poitou.com\/blog\/\",\"name\":\"\",\"description\":\"\",\"potentialAction\":[{\"@type\":\"SearchAction\",\"target\":{\"@type\":\"EntryPoint\",\"urlTemplate\":\"https:\/\/www.frederic-poitou.com\/blog\/?s={search_term_string}\"},\"query-input\":{\"@type\":\"PropertyValueSpecification\",\"valueRequired\":true,\"valueName\":\"search_term_string\"}}],\"inLanguage\":\"fr-FR\"},{\"@type\":\"Person\",\"@id\":\"https:\/\/www.frederic-poitou.com\/blog\/#\/schema\/person\/e2c2d05e978747818533fdce859a7799\",\"name\":\"Fr\u00e9d\u00e9ric Poitou\",\"image\":{\"@type\":\"ImageObject\",\"inLanguage\":\"fr-FR\",\"@id\":\"https:\/\/www.frederic-poitou.com\/blog\/#\/schema\/person\/image\/\",\"url\":\"https:\/\/secure.gravatar.com\/avatar\/1933bcca279a2feafd35d9e0a080c521e11beb51115fe4cfe02e2586ac13424a?s=96&d=mm&r=g\",\"contentUrl\":\"https:\/\/secure.gravatar.com\/avatar\/1933bcca279a2feafd35d9e0a080c521e11beb51115fe4cfe02e2586ac13424a?s=96&d=mm&r=g\",\"caption\":\"Fr\u00e9d\u00e9ric Poitou\"},\"description\":\"Fr\u00e9d\u00e9ric Poitou est n\u00e9 \u00e0 Rouen, et y a fait des \u00e9tudes au Conservatoire en musique-\u00e9tudes en section piano. Il s'est ensuite orient\u00e9 vers des \u00e9tudes scientifiques o\u00f9 il a obtenu un dipl\u00f4me d'ing\u00e9nieur, puis un doctorat en Chimie. Il est Expert Judiciaire en France, en Belgique et \u00e0 Luxembourg, et agr\u00e9e par les Institutions Europ\u00e9ennes.\",\"sameAs\":[\"http:\/\/www.frederic-poitou.com\",\"https:\/\/www.linkedin.com\/in\/frederic-poitou-b045a025\/\"]}]}<\/script>\n<!-- \/ Yoast SEO plugin. -->","yoast_head_json":{"title":"LE BEL AZUR ME MET EN RAGE ... -","robots":{"index":"index","follow":"follow","max-snippet":"max-snippet:-1","max-image-preview":"max-image-preview:large","max-video-preview":"max-video-preview:-1"},"canonical":"http:\/\/www.frederic-poitou.com\/blog\/le-bel-azur-me-met-en-rage\/","og_locale":"fr_FR","og_type":"article","og_title":"LE BEL AZUR ME MET EN RAGE ... -","og_description":"Ah qu&rsquo;il \u00e9tait fort Mr Georges. Ma petite famille et moi allons pr\u00e8s de S\u00e8te cet Et\u00e9 pour y \u00ab\u00a0sentir\u00a0\u00bb son \u00e2me. C&rsquo;est bien ainsi. &#8211; Le port de S\u00e8te, le Th\u00e9\u00e2tre de la mer, la promenade et le canal &hellip; Lire la suite\u00ad\u00ad","og_url":"http:\/\/www.frederic-poitou.com\/blog\/le-bel-azur-me-met-en-rage\/","article_publisher":"https:\/\/www.facebook.com\/frederic.poitou\/","article_published_time":"2023-07-15T09:20:32+00:00","article_modified_time":"2026-04-29T16:52:28+00:00","author":"Fr\u00e9d\u00e9ric Poitou","twitter_card":"summary_large_image","twitter_creator":"@fredericpoitou","twitter_site":"@fredericpoitou","twitter_misc":{"\u00c9crit par":"Fr\u00e9d\u00e9ric Poitou","Dur\u00e9e de lecture estim\u00e9e":"3 minutes"},"schema":{"@context":"https:\/\/schema.org","@graph":[{"@type":"Article","@id":"http:\/\/www.frederic-poitou.com\/blog\/le-bel-azur-me-met-en-rage\/#article","isPartOf":{"@id":"http:\/\/www.frederic-poitou.com\/blog\/le-bel-azur-me-met-en-rage\/"},"author":{"name":"Fr\u00e9d\u00e9ric Poitou","@id":"https:\/\/www.frederic-poitou.com\/blog\/#\/schema\/person\/e2c2d05e978747818533fdce859a7799"},"headline":"LE BEL AZUR ME MET EN RAGE &#8230;","datePublished":"2023-07-15T09:20:32+00:00","dateModified":"2026-04-29T16:52:28+00:00","mainEntityOfPage":{"@id":"http:\/\/www.frederic-poitou.com\/blog\/le-bel-azur-me-met-en-rage\/"},"wordCount":557,"commentCount":0,"keywords":["Actualit\u00e9","Arts et Culture","Belgique","Divers"],"articleSection":["Divers"],"inLanguage":"fr-FR","potentialAction":[{"@type":"CommentAction","name":"Comment","target":["http:\/\/www.frederic-poitou.com\/blog\/le-bel-azur-me-met-en-rage\/#respond"]}]},{"@type":"WebPage","@id":"http:\/\/www.frederic-poitou.com\/blog\/le-bel-azur-me-met-en-rage\/","url":"http:\/\/www.frederic-poitou.com\/blog\/le-bel-azur-me-met-en-rage\/","name":"LE BEL AZUR ME MET EN RAGE ... -","isPartOf":{"@id":"https:\/\/www.frederic-poitou.com\/blog\/#website"},"datePublished":"2023-07-15T09:20:32+00:00","dateModified":"2026-04-29T16:52:28+00:00","author":{"@id":"https:\/\/www.frederic-poitou.com\/blog\/#\/schema\/person\/e2c2d05e978747818533fdce859a7799"},"breadcrumb":{"@id":"http:\/\/www.frederic-poitou.com\/blog\/le-bel-azur-me-met-en-rage\/#breadcrumb"},"inLanguage":"fr-FR","potentialAction":[{"@type":"ReadAction","target":["http:\/\/www.frederic-poitou.com\/blog\/le-bel-azur-me-met-en-rage\/"]}]},{"@type":"BreadcrumbList","@id":"http:\/\/www.frederic-poitou.com\/blog\/le-bel-azur-me-met-en-rage\/#breadcrumb","itemListElement":[{"@type":"ListItem","position":1,"name":"Accueil","item":"https:\/\/www.frederic-poitou.com\/blog\/"},{"@type":"ListItem","position":2,"name":"LE BEL AZUR ME MET EN RAGE &#8230;"}]},{"@type":"WebSite","@id":"https:\/\/www.frederic-poitou.com\/blog\/#website","url":"https:\/\/www.frederic-poitou.com\/blog\/","name":"","description":"","potentialAction":[{"@type":"SearchAction","target":{"@type":"EntryPoint","urlTemplate":"https:\/\/www.frederic-poitou.com\/blog\/?s={search_term_string}"},"query-input":{"@type":"PropertyValueSpecification","valueRequired":true,"valueName":"search_term_string"}}],"inLanguage":"fr-FR"},{"@type":"Person","@id":"https:\/\/www.frederic-poitou.com\/blog\/#\/schema\/person\/e2c2d05e978747818533fdce859a7799","name":"Fr\u00e9d\u00e9ric Poitou","image":{"@type":"ImageObject","inLanguage":"fr-FR","@id":"https:\/\/www.frederic-poitou.com\/blog\/#\/schema\/person\/image\/","url":"https:\/\/secure.gravatar.com\/avatar\/1933bcca279a2feafd35d9e0a080c521e11beb51115fe4cfe02e2586ac13424a?s=96&d=mm&r=g","contentUrl":"https:\/\/secure.gravatar.com\/avatar\/1933bcca279a2feafd35d9e0a080c521e11beb51115fe4cfe02e2586ac13424a?s=96&d=mm&r=g","caption":"Fr\u00e9d\u00e9ric Poitou"},"description":"Fr\u00e9d\u00e9ric Poitou est n\u00e9 \u00e0 Rouen, et y a fait des \u00e9tudes au Conservatoire en musique-\u00e9tudes en section piano. Il s'est ensuite orient\u00e9 vers des \u00e9tudes scientifiques o\u00f9 il a obtenu un dipl\u00f4me d'ing\u00e9nieur, puis un doctorat en Chimie. Il est Expert Judiciaire en France, en Belgique et \u00e0 Luxembourg, et agr\u00e9e par les Institutions Europ\u00e9ennes.","sameAs":["http:\/\/www.frederic-poitou.com","https:\/\/www.linkedin.com\/in\/frederic-poitou-b045a025\/"]}]}},"_links":{"self":[{"href":"http:\/\/www.frederic-poitou.com\/blog\/wp-json\/wp\/v2\/posts\/5310","targetHints":{"allow":["GET"]}}],"collection":[{"href":"http:\/\/www.frederic-poitou.com\/blog\/wp-json\/wp\/v2\/posts"}],"about":[{"href":"http:\/\/www.frederic-poitou.com\/blog\/wp-json\/wp\/v2\/types\/post"}],"author":[{"embeddable":true,"href":"http:\/\/www.frederic-poitou.com\/blog\/wp-json\/wp\/v2\/users\/4"}],"replies":[{"embeddable":true,"href":"http:\/\/www.frederic-poitou.com\/blog\/wp-json\/wp\/v2\/comments?post=5310"}],"version-history":[{"count":1,"href":"http:\/\/www.frederic-poitou.com\/blog\/wp-json\/wp\/v2\/posts\/5310\/revisions"}],"predecessor-version":[{"id":10204,"href":"http:\/\/www.frederic-poitou.com\/blog\/wp-json\/wp\/v2\/posts\/5310\/revisions\/10204"}],"wp:attachment":[{"href":"http:\/\/www.frederic-poitou.com\/blog\/wp-json\/wp\/v2\/media?parent=5310"}],"wp:term":[{"taxonomy":"category","embeddable":true,"href":"http:\/\/www.frederic-poitou.com\/blog\/wp-json\/wp\/v2\/categories?post=5310"},{"taxonomy":"post_tag","embeddable":true,"href":"http:\/\/www.frederic-poitou.com\/blog\/wp-json\/wp\/v2\/tags?post=5310"}],"curies":[{"name":"wp","href":"https:\/\/api.w.org\/{rel}","templated":true}]}}