{"id":5250,"date":"2023-07-13T18:41:32","date_gmt":"2023-07-13T16:41:32","guid":{"rendered":"http:\/\/www.frederic-poitou.com\/blog\/?p=5250"},"modified":"2026-04-10T15:25:49","modified_gmt":"2026-04-10T13:25:49","slug":"le-deuil-que-portait-louise","status":"publish","type":"post","link":"http:\/\/www.frederic-poitou.com\/blog\/le-deuil-que-portait-louise\/","title":{"rendered":"LE DEUIL QUE PORTAIT LOUISE &#8230;"},"content":{"rendered":"<p>Comment peut on souffrir au point d&rsquo;\u00e9crire une telle chanson ?<\/p>\n<p>&#8211;<\/p>\n<p style=\"text-align: center;\"><em>Mais qui a soulag\u00e9 sa peine<br \/>\n<\/em><em>Port\u00e9 son bois port\u00e9 les seaux<br \/>\n<\/em><em>Offert une \u00e9charpe de laine<br \/>\n<\/em><em>Le jour de la foire aux chevaux<\/em><\/p>\n<p style=\"text-align: center;\"><span style=\"color: #ffffff;\">&#8212;<span style=\"color: #ffffff;\">&#8211;<\/span><\/span><\/p>\n<p><span style=\"color: #ffffff;\">&#8211;<\/span><\/p>\n<p><span style=\"color: #ffffff;\">&#8211;<\/span><\/p>\n<p><span style=\"color: #ffffff;\">&#8211;<\/span><\/p>\n<p style=\"text-align: center;\"><span style=\"color: #ffffff;\"><object classid=\"clsid:d27cdb6e-ae6d-11cf-96b8-444553540000\" width=\"480\" height=\"360\" codebase=\"http:\/\/download.macromedia.com\/pub\/shockwave\/cabs\/flash\/swflash.cab#version=6,0,40,0\"><param name=\"allowFullScreen\" value=\"true\" \/><param name=\"allowScriptAccess\" value=\"always\" \/><param name=\"wmode\" value=\"transparent\" \/><param name=\"src\" value=\"http:\/\/www.dailymotion.com\/swf\/video\/x3eua1\" \/><param name=\"allowfullscreen\" value=\"true\" \/><embed type=\"application\/x-shockwave-flash\" width=\"480\" height=\"360\" src=\"http:\/\/www.dailymotion.com\/swf\/video\/x3eua1\" wmode=\"transparent\" allowscriptaccess=\"always\" allowfullscreen=\"true\"><\/embed><\/object><\/span><\/p>\n<p><span style=\"color: #ffffff;\"><br \/>\n<\/span><\/p>\n<p><span style=\"color: #ffffff;\">&#8211;<\/span><\/p>\n<p><span style=\"color: #ffffff;\">&#8211;<\/span><\/p>\n<p><span style=\"color: #ffffff;\"><br \/>\n<\/span><\/p>\n<p><br style=\"font-family: verdana, sans-serif; color: #008800;\" \/>Et qui a pris soin de son \u00e2me<br style=\"font-family: verdana, sans-serif; color: #008800;\" \/>Et l\u2019a berc\u00e9e dedans son lit<br style=\"font-family: verdana, sans-serif; color: #008800;\" \/>Qui l\u2019a trait\u00e9e comme une femme<br style=\"font-family: verdana, sans-serif; color: #008800;\" \/>Au moins une fois dans sa vie<br style=\"font-family: verdana, sans-serif; color: #008800;\" \/><br style=\"font-family: verdana, sans-serif; color: #008800;\" \/>Le bois que portait Louise<br style=\"font-family: verdana, sans-serif; color: #008800;\" \/>C\u2019est le Bon Dieu qui le portait<br style=\"font-family: verdana, sans-serif; color: #008800;\" \/>Le froid dont souffrait Louise<br style=\"font-family: verdana, sans-serif; color: #008800;\" \/>C\u2019est le Bon Dieu qui le souffrait<br style=\"font-family: verdana, sans-serif; color: #008800;\" \/><br style=\"font-family: verdana, sans-serif; color: #008800;\" \/>C\u2019n\u2019\u00e9tait qu\u2019un homme des \u00e9quipes<br style=\"font-family: verdana, sans-serif; color: #008800;\" \/>Du chantier des chemins de fer<br style=\"font-family: verdana, sans-serif; color: #008800;\" \/>\u00c0 l\u2019heure laiss\u00e9e aux domestiques<br style=\"font-family: verdana, sans-serif; color: #008800;\" \/>Elle le rejoignait pr\u00e8s des barri\u00e8res<br style=\"font-family: verdana, sans-serif; color: #008800;\" \/><br style=\"font-family: verdana, sans-serif; color: #008800;\" \/>Me voudras-tu moi qui sais coudre<br style=\"font-family: verdana, sans-serif; color: #008800;\" \/>Signer mon nom et puis compter,<br style=\"font-family: verdana, sans-serif; color: #008800;\" \/>L\u2019homme \u00e0 sa taille sur la route<br style=\"font-family: verdana, sans-serif; color: #008800;\" \/>Passait son bras, la promenait<br style=\"font-family: verdana, sans-serif; color: #008800;\" \/><br style=\"font-family: verdana, sans-serif; color: #008800;\" \/>L\u2019amour qui tenait Louise<br style=\"font-family: verdana, sans-serif; color: #008800;\" \/>C\u2019est le Bon Dieu qui le tenait<br style=\"font-family: verdana, sans-serif; color: #008800;\" \/>Le regard bleu sur Louise<br style=\"font-family: verdana, sans-serif; color: #008800;\" \/>C\u2019est le Bon Dieu qui l\u2019\u00e9clairait<br style=\"font-family: verdana, sans-serif; color: #008800;\" \/><br style=\"font-family: verdana, sans-serif; color: #008800;\" \/>Ils sont partis vaille que vaille<br style=\"font-family: verdana, sans-serif; color: #008800;\" \/>Mourir quatre ans dans les tranch\u00e9es.<br style=\"font-family: verdana, sans-serif; color: #008800;\" \/>Et l\u2019on raconte leurs batailles<br style=\"font-family: verdana, sans-serif; color: #008800;\" \/>Dans le salon apr\u00e8s le th\u00e9<br style=\"font-family: verdana, sans-serif; color: #008800;\" \/><br style=\"font-family: verdana, sans-serif; color: #008800;\" \/>Les lettres qu\u2019attendait Louise<br style=\"font-family: verdana, sans-serif; color: #008800;\" \/>C\u2019est le Bon Dieu qui les portait<br style=\"font-family: verdana, sans-serif; color: #008800;\" \/>La guerre qui s\u00e9parait Louise<br style=\"font-family: verdana, sans-serif; color: #008800;\" \/>C\u2019est le Bon Dieu qui la voyait<br style=\"font-family: verdana, sans-serif; color: #008800;\" \/><br style=\"font-family: verdana, sans-serif; color: #008800;\" \/>Un soir d\u2019hiver sous la charpente<br style=\"font-family: verdana, sans-serif; color: #008800;\" \/>Dans son lit cage elle a tu\u00e9<br style=\"font-family: verdana, sans-serif; color: #008800;\" \/>L\u2019amour tout au fond de son ventre<br style=\"font-family: verdana, sans-serif; color: #008800;\" \/>Par une aiguille \u00e0 tricoter<br style=\"font-family: verdana, sans-serif; color: #008800;\" \/><br style=\"font-family: verdana, sans-serif; color: #008800;\" \/>Si je vous garde Louise en place<br style=\"font-family: verdana, sans-serif; color: #008800;\" \/>C\u2019est en cuisine pas devant moi<br style=\"font-family: verdana, sans-serif; color: #008800;\" \/>Ma fille prie tr\u00e8s fort pour que s\u2019efface<br style=\"font-family: verdana, sans-serif; color: #008800;\" \/>Ce que l\u2019cur\u00e9 m\u2019a appris l\u00e0<br style=\"font-family: verdana, sans-serif; color: #008800;\" \/><br style=\"font-family: verdana, sans-serif; color: #008800;\" \/>Et la honte que cachait Louise<br style=\"font-family: verdana, sans-serif; color: #008800;\" \/>C\u2019est le Bon Dieu qui l\u2019a cach\u00e9e<br style=\"font-family: verdana, sans-serif; color: #008800;\" \/>Le soldat qu\u2019attendait Louise<br style=\"font-family: verdana, sans-serif; color: #008800;\" \/>C\u2019est le Bon Dieu qui l\u2019a vu tomber<br style=\"font-family: verdana, sans-serif; color: #008800;\" \/><br style=\"font-family: verdana, sans-serif; color: #008800;\" \/>Y a cinquante ans c\u2019\u00e9tait en France<br style=\"font-family: verdana, sans-serif; color: #008800;\" \/>Dans un village de l\u2019Allier<br style=\"font-family: verdana, sans-serif; color: #008800;\" \/>On n\u2019accordait pas d\u2019importance<br style=\"font-family: verdana, sans-serif; color: #008800;\" \/>A une servante sans fianc\u00e9<br style=\"font-family: verdana, sans-serif; color: #008800;\" \/><br style=\"font-family: verdana, sans-serif; color: #008800;\" \/>Le deuil qu\u2019a port\u00e9 Louise<br style=\"font-family: verdana, sans-serif; color: #008800;\" \/>C\u2019est le Bon Dieu qui l\u2019a port\u00e9<br style=\"font-family: verdana, sans-serif; color: #008800;\" \/>La vie qu\u2019a travaill\u00e9 Louise<br style=\"font-family: verdana, sans-serif; color: #008800;\" \/>C\u2019est le Bon Dieu qui l\u2019a aid\u00e9e<\/p>\n","protected":false},"excerpt":{"rendered":"<p>Comment peut on souffrir au point d&rsquo;\u00e9crire une telle chanson ? &#8211; Mais qui a soulag\u00e9 sa peine Port\u00e9 son bois port\u00e9 les seaux Offert une \u00e9charpe de laine Le jour de la foire aux chevaux &#8212;&#8211; &#8211; &#8211; &#8211; &hellip; <a href=\"http:\/\/www.frederic-poitou.com\/blog\/le-deuil-que-portait-louise\/\">Lire la suite\u00ad\u00ad<\/a><\/p>\n","protected":false},"author":4,"featured_media":0,"comment_status":"open","ping_status":"open","sticky":false,"template":"","format":"standard","meta":{"kt_blocks_editor_width":"","_exactmetrics_skip_tracking":false,"_exactmetrics_sitenote_active":false,"_exactmetrics_sitenote_note":"","_exactmetrics_sitenote_category":0,"footnotes":""},"categories":[1],"tags":[21,23,50],"class_list":["post-5250","post","type-post","status-publish","format-standard","hentry","category-politique-economie","tag-arts-et-culture","tag-belgique-2","tag-politique-economie"],"yoast_head":"<!-- This site is optimized with the Yoast SEO plugin v27.1.1 - https:\/\/yoast.com\/product\/yoast-seo-wordpress\/ -->\n<title>LE DEUIL QUE PORTAIT LOUISE ... -<\/title>\n<meta name=\"robots\" content=\"index, follow, max-snippet:-1, max-image-preview:large, max-video-preview:-1\" \/>\n<link rel=\"canonical\" href=\"http:\/\/www.frederic-poitou.com\/blog\/le-deuil-que-portait-louise\/\" \/>\n<meta property=\"og:locale\" content=\"fr_FR\" \/>\n<meta property=\"og:type\" content=\"article\" \/>\n<meta property=\"og:title\" content=\"LE DEUIL QUE PORTAIT LOUISE ... -\" \/>\n<meta property=\"og:description\" content=\"Comment peut on souffrir au point d&rsquo;\u00e9crire une telle chanson ? &#8211; Mais qui a soulag\u00e9 sa peine Port\u00e9 son bois port\u00e9 les seaux Offert une \u00e9charpe de laine Le jour de la foire aux chevaux &#8212;&#8211; &#8211; &#8211; &#8211; &hellip; Lire la suite\u00ad\u00ad\" \/>\n<meta property=\"og:url\" content=\"http:\/\/www.frederic-poitou.com\/blog\/le-deuil-que-portait-louise\/\" \/>\n<meta property=\"article:publisher\" content=\"https:\/\/www.facebook.com\/frederic.poitou\/\" \/>\n<meta property=\"article:published_time\" content=\"2023-07-13T16:41:32+00:00\" \/>\n<meta property=\"article:modified_time\" content=\"2026-04-10T13:25:49+00:00\" \/>\n<meta name=\"author\" content=\"Fr\u00e9d\u00e9ric Poitou\" \/>\n<meta name=\"twitter:card\" content=\"summary_large_image\" \/>\n<meta name=\"twitter:creator\" content=\"@fredericpoitou\" \/>\n<meta name=\"twitter:site\" content=\"@fredericpoitou\" \/>\n<meta name=\"twitter:label1\" content=\"\u00c9crit par\" \/>\n\t<meta name=\"twitter:data1\" content=\"Fr\u00e9d\u00e9ric Poitou\" \/>\n\t<meta name=\"twitter:label2\" content=\"Dur\u00e9e de lecture estim\u00e9e\" \/>\n\t<meta name=\"twitter:data2\" content=\"2 minutes\" \/>\n<script type=\"application\/ld+json\" class=\"yoast-schema-graph\">{\"@context\":\"https:\/\/schema.org\",\"@graph\":[{\"@type\":\"Article\",\"@id\":\"http:\/\/www.frederic-poitou.com\/blog\/le-deuil-que-portait-louise\/#article\",\"isPartOf\":{\"@id\":\"http:\/\/www.frederic-poitou.com\/blog\/le-deuil-que-portait-louise\/\"},\"author\":{\"name\":\"Fr\u00e9d\u00e9ric Poitou\",\"@id\":\"http:\/\/www.frederic-poitou.com\/blog\/#\/schema\/person\/e2c2d05e978747818533fdce859a7799\"},\"headline\":\"LE DEUIL QUE PORTAIT LOUISE &#8230;\",\"datePublished\":\"2023-07-13T16:41:32+00:00\",\"dateModified\":\"2026-04-10T13:25:49+00:00\",\"mainEntityOfPage\":{\"@id\":\"http:\/\/www.frederic-poitou.com\/blog\/le-deuil-que-portait-louise\/\"},\"wordCount\":349,\"commentCount\":0,\"keywords\":[\"Arts et Culture\",\"Belgique\",\"Divers\"],\"articleSection\":[\"Divers\"],\"inLanguage\":\"fr-FR\",\"potentialAction\":[{\"@type\":\"CommentAction\",\"name\":\"Comment\",\"target\":[\"http:\/\/www.frederic-poitou.com\/blog\/le-deuil-que-portait-louise\/#respond\"]}]},{\"@type\":\"WebPage\",\"@id\":\"http:\/\/www.frederic-poitou.com\/blog\/le-deuil-que-portait-louise\/\",\"url\":\"http:\/\/www.frederic-poitou.com\/blog\/le-deuil-que-portait-louise\/\",\"name\":\"LE DEUIL QUE PORTAIT LOUISE ... -\",\"isPartOf\":{\"@id\":\"http:\/\/www.frederic-poitou.com\/blog\/#website\"},\"datePublished\":\"2023-07-13T16:41:32+00:00\",\"dateModified\":\"2026-04-10T13:25:49+00:00\",\"author\":{\"@id\":\"http:\/\/www.frederic-poitou.com\/blog\/#\/schema\/person\/e2c2d05e978747818533fdce859a7799\"},\"breadcrumb\":{\"@id\":\"http:\/\/www.frederic-poitou.com\/blog\/le-deuil-que-portait-louise\/#breadcrumb\"},\"inLanguage\":\"fr-FR\",\"potentialAction\":[{\"@type\":\"ReadAction\",\"target\":[\"http:\/\/www.frederic-poitou.com\/blog\/le-deuil-que-portait-louise\/\"]}]},{\"@type\":\"BreadcrumbList\",\"@id\":\"http:\/\/www.frederic-poitou.com\/blog\/le-deuil-que-portait-louise\/#breadcrumb\",\"itemListElement\":[{\"@type\":\"ListItem\",\"position\":1,\"name\":\"Accueil\",\"item\":\"http:\/\/www.frederic-poitou.com\/blog\/\"},{\"@type\":\"ListItem\",\"position\":2,\"name\":\"LE DEUIL QUE PORTAIT LOUISE &#8230;\"}]},{\"@type\":\"WebSite\",\"@id\":\"http:\/\/www.frederic-poitou.com\/blog\/#website\",\"url\":\"http:\/\/www.frederic-poitou.com\/blog\/\",\"name\":\"\",\"description\":\"\",\"potentialAction\":[{\"@type\":\"SearchAction\",\"target\":{\"@type\":\"EntryPoint\",\"urlTemplate\":\"http:\/\/www.frederic-poitou.com\/blog\/?s={search_term_string}\"},\"query-input\":{\"@type\":\"PropertyValueSpecification\",\"valueRequired\":true,\"valueName\":\"search_term_string\"}}],\"inLanguage\":\"fr-FR\"},{\"@type\":\"Person\",\"@id\":\"http:\/\/www.frederic-poitou.com\/blog\/#\/schema\/person\/e2c2d05e978747818533fdce859a7799\",\"name\":\"Fr\u00e9d\u00e9ric Poitou\",\"image\":{\"@type\":\"ImageObject\",\"inLanguage\":\"fr-FR\",\"@id\":\"http:\/\/www.frederic-poitou.com\/blog\/#\/schema\/person\/image\/\",\"url\":\"https:\/\/secure.gravatar.com\/avatar\/1933bcca279a2feafd35d9e0a080c521e11beb51115fe4cfe02e2586ac13424a?s=96&d=mm&r=g\",\"contentUrl\":\"https:\/\/secure.gravatar.com\/avatar\/1933bcca279a2feafd35d9e0a080c521e11beb51115fe4cfe02e2586ac13424a?s=96&d=mm&r=g\",\"caption\":\"Fr\u00e9d\u00e9ric Poitou\"},\"description\":\"Fr\u00e9d\u00e9ric Poitou est n\u00e9 \u00e0 Rouen, et y a fait des \u00e9tudes au Conservatoire en musique-\u00e9tudes en section piano. Il s'est ensuite orient\u00e9 vers des \u00e9tudes scientifiques o\u00f9 il a obtenu un dipl\u00f4me d'ing\u00e9nieur, puis un doctorat en Chimie. Il est Expert Judiciaire en France, en Belgique et \u00e0 Luxembourg, et agr\u00e9e par les Institutions Europ\u00e9ennes.\",\"sameAs\":[\"http:\/\/www.frederic-poitou.com\",\"https:\/\/www.linkedin.com\/in\/frederic-poitou-b045a025\/\"]}]}<\/script>\n<!-- \/ Yoast SEO plugin. -->","yoast_head_json":{"title":"LE DEUIL QUE PORTAIT LOUISE ... -","robots":{"index":"index","follow":"follow","max-snippet":"max-snippet:-1","max-image-preview":"max-image-preview:large","max-video-preview":"max-video-preview:-1"},"canonical":"http:\/\/www.frederic-poitou.com\/blog\/le-deuil-que-portait-louise\/","og_locale":"fr_FR","og_type":"article","og_title":"LE DEUIL QUE PORTAIT LOUISE ... -","og_description":"Comment peut on souffrir au point d&rsquo;\u00e9crire une telle chanson ? &#8211; Mais qui a soulag\u00e9 sa peine Port\u00e9 son bois port\u00e9 les seaux Offert une \u00e9charpe de laine Le jour de la foire aux chevaux &#8212;&#8211; &#8211; &#8211; &#8211; &hellip; Lire la suite\u00ad\u00ad","og_url":"http:\/\/www.frederic-poitou.com\/blog\/le-deuil-que-portait-louise\/","article_publisher":"https:\/\/www.facebook.com\/frederic.poitou\/","article_published_time":"2023-07-13T16:41:32+00:00","article_modified_time":"2026-04-10T13:25:49+00:00","author":"Fr\u00e9d\u00e9ric Poitou","twitter_card":"summary_large_image","twitter_creator":"@fredericpoitou","twitter_site":"@fredericpoitou","twitter_misc":{"\u00c9crit par":"Fr\u00e9d\u00e9ric Poitou","Dur\u00e9e de lecture estim\u00e9e":"2 minutes"},"schema":{"@context":"https:\/\/schema.org","@graph":[{"@type":"Article","@id":"http:\/\/www.frederic-poitou.com\/blog\/le-deuil-que-portait-louise\/#article","isPartOf":{"@id":"http:\/\/www.frederic-poitou.com\/blog\/le-deuil-que-portait-louise\/"},"author":{"name":"Fr\u00e9d\u00e9ric Poitou","@id":"http:\/\/www.frederic-poitou.com\/blog\/#\/schema\/person\/e2c2d05e978747818533fdce859a7799"},"headline":"LE DEUIL QUE PORTAIT LOUISE &#8230;","datePublished":"2023-07-13T16:41:32+00:00","dateModified":"2026-04-10T13:25:49+00:00","mainEntityOfPage":{"@id":"http:\/\/www.frederic-poitou.com\/blog\/le-deuil-que-portait-louise\/"},"wordCount":349,"commentCount":0,"keywords":["Arts et Culture","Belgique","Divers"],"articleSection":["Divers"],"inLanguage":"fr-FR","potentialAction":[{"@type":"CommentAction","name":"Comment","target":["http:\/\/www.frederic-poitou.com\/blog\/le-deuil-que-portait-louise\/#respond"]}]},{"@type":"WebPage","@id":"http:\/\/www.frederic-poitou.com\/blog\/le-deuil-que-portait-louise\/","url":"http:\/\/www.frederic-poitou.com\/blog\/le-deuil-que-portait-louise\/","name":"LE DEUIL QUE PORTAIT LOUISE ... -","isPartOf":{"@id":"http:\/\/www.frederic-poitou.com\/blog\/#website"},"datePublished":"2023-07-13T16:41:32+00:00","dateModified":"2026-04-10T13:25:49+00:00","author":{"@id":"http:\/\/www.frederic-poitou.com\/blog\/#\/schema\/person\/e2c2d05e978747818533fdce859a7799"},"breadcrumb":{"@id":"http:\/\/www.frederic-poitou.com\/blog\/le-deuil-que-portait-louise\/#breadcrumb"},"inLanguage":"fr-FR","potentialAction":[{"@type":"ReadAction","target":["http:\/\/www.frederic-poitou.com\/blog\/le-deuil-que-portait-louise\/"]}]},{"@type":"BreadcrumbList","@id":"http:\/\/www.frederic-poitou.com\/blog\/le-deuil-que-portait-louise\/#breadcrumb","itemListElement":[{"@type":"ListItem","position":1,"name":"Accueil","item":"http:\/\/www.frederic-poitou.com\/blog\/"},{"@type":"ListItem","position":2,"name":"LE DEUIL QUE PORTAIT LOUISE &#8230;"}]},{"@type":"WebSite","@id":"http:\/\/www.frederic-poitou.com\/blog\/#website","url":"http:\/\/www.frederic-poitou.com\/blog\/","name":"","description":"","potentialAction":[{"@type":"SearchAction","target":{"@type":"EntryPoint","urlTemplate":"http:\/\/www.frederic-poitou.com\/blog\/?s={search_term_string}"},"query-input":{"@type":"PropertyValueSpecification","valueRequired":true,"valueName":"search_term_string"}}],"inLanguage":"fr-FR"},{"@type":"Person","@id":"http:\/\/www.frederic-poitou.com\/blog\/#\/schema\/person\/e2c2d05e978747818533fdce859a7799","name":"Fr\u00e9d\u00e9ric Poitou","image":{"@type":"ImageObject","inLanguage":"fr-FR","@id":"http:\/\/www.frederic-poitou.com\/blog\/#\/schema\/person\/image\/","url":"https:\/\/secure.gravatar.com\/avatar\/1933bcca279a2feafd35d9e0a080c521e11beb51115fe4cfe02e2586ac13424a?s=96&d=mm&r=g","contentUrl":"https:\/\/secure.gravatar.com\/avatar\/1933bcca279a2feafd35d9e0a080c521e11beb51115fe4cfe02e2586ac13424a?s=96&d=mm&r=g","caption":"Fr\u00e9d\u00e9ric Poitou"},"description":"Fr\u00e9d\u00e9ric Poitou est n\u00e9 \u00e0 Rouen, et y a fait des \u00e9tudes au Conservatoire en musique-\u00e9tudes en section piano. Il s'est ensuite orient\u00e9 vers des \u00e9tudes scientifiques o\u00f9 il a obtenu un dipl\u00f4me d'ing\u00e9nieur, puis un doctorat en Chimie. Il est Expert Judiciaire en France, en Belgique et \u00e0 Luxembourg, et agr\u00e9e par les Institutions Europ\u00e9ennes.","sameAs":["http:\/\/www.frederic-poitou.com","https:\/\/www.linkedin.com\/in\/frederic-poitou-b045a025\/"]}]}},"_links":{"self":[{"href":"http:\/\/www.frederic-poitou.com\/blog\/wp-json\/wp\/v2\/posts\/5250","targetHints":{"allow":["GET"]}}],"collection":[{"href":"http:\/\/www.frederic-poitou.com\/blog\/wp-json\/wp\/v2\/posts"}],"about":[{"href":"http:\/\/www.frederic-poitou.com\/blog\/wp-json\/wp\/v2\/types\/post"}],"author":[{"embeddable":true,"href":"http:\/\/www.frederic-poitou.com\/blog\/wp-json\/wp\/v2\/users\/4"}],"replies":[{"embeddable":true,"href":"http:\/\/www.frederic-poitou.com\/blog\/wp-json\/wp\/v2\/comments?post=5250"}],"version-history":[{"count":1,"href":"http:\/\/www.frederic-poitou.com\/blog\/wp-json\/wp\/v2\/posts\/5250\/revisions"}],"predecessor-version":[{"id":10201,"href":"http:\/\/www.frederic-poitou.com\/blog\/wp-json\/wp\/v2\/posts\/5250\/revisions\/10201"}],"wp:attachment":[{"href":"http:\/\/www.frederic-poitou.com\/blog\/wp-json\/wp\/v2\/media?parent=5250"}],"wp:term":[{"taxonomy":"category","embeddable":true,"href":"http:\/\/www.frederic-poitou.com\/blog\/wp-json\/wp\/v2\/categories?post=5250"},{"taxonomy":"post_tag","embeddable":true,"href":"http:\/\/www.frederic-poitou.com\/blog\/wp-json\/wp\/v2\/tags?post=5250"}],"curies":[{"name":"wp","href":"https:\/\/api.w.org\/{rel}","templated":true}]}}