{"id":5176,"date":"2023-07-14T02:30:32","date_gmt":"2023-07-14T00:30:32","guid":{"rendered":"http:\/\/www.frederic-poitou.com\/blog\/?p=5176"},"modified":"2026-04-15T04:13:14","modified_gmt":"2026-04-15T02:13:14","slug":"le-debat-sur-la-laicite-les-associations-laiques-et-confessionnelles-sont-contre","status":"publish","type":"post","link":"http:\/\/www.frederic-poitou.com\/blog\/le-debat-sur-la-laicite-les-associations-laiques-et-confessionnelles-sont-contre\/","title":{"rendered":"LE DEBAT SUR LA LA\u00cfCITE : LES ASSOCIATIONS LA\u00cfQUES ET CONFESSIONNELLES SONT CONTRE !"},"content":{"rendered":"<p><span style=\"color: #ffffff;\">&#8211;<\/span><\/p>\n<p><img loading=\"lazy\" decoding=\"async\" class=\"alignleft size-full wp-image-5180\" style=\"margin: 20px; border: 20px solid black;\" title=\"laicite_acad\" src=\"http:\/\/www.frederic-poitou.com\/blog\/wp-content\/laicite_acad.jpg\" alt=\"laicite_acad\" width=\"249\" height=\"400\" srcset=\"http:\/\/www.frederic-poitou.com\/blog\/wp-content\/laicite_acad.jpg 311w, http:\/\/www.frederic-poitou.com\/blog\/wp-content\/laicite_acad-186x300.jpg 186w\" sizes=\"auto, (max-width: 249px) 100vw, 249px\" \/>Lorsqu&rsquo;on lit ces d\u00e9clarations, on se demande qui peut encore \u00eatre favorable \u00e0 ce d\u00e9bat, pour moi inutile pour plusieurs raisons, principalement :<\/p>\n<p style=\"text-align: justify;\">Ca n&rsquo;est pas \u00e0 un parti, m\u00eame si j&rsquo;en fais partie, d&rsquo;organiser ce type de d\u00e9bat de soci\u00e9t\u00e9<br \/>\nLes lois actuellement en vigueur impliquent d\u00e9j\u00e0 et <em>de facto<\/em> tous les \u00e9l\u00e9ments de ce d\u00e9bat inutile<br \/>\nL&rsquo;approche d&rsquo;\u00e9ch\u00e9ances \u00e9lectorales nationales laisse envisager un d\u00e9bat d&rsquo;opportunit\u00e9.<\/p>\n<p style=\"text-align: justify;\">Enfin, et c&rsquo;est peut \u00eatre le plus important : R\u00e9-ouvrir le d\u00e9bat reviendrait \u00e0 consid\u00e9rer la Loi de 1905 comme obsol\u00e8te, ce qu&rsquo;elle n&rsquo;est \u00e9videmment pas. Cette Loi exceptionnelle, est la quatri\u00e8me devise de la R\u00e9publique. Elle est constitutionnelle, et compl\u00e9t\u00e9e par les textes suivants (circulaire de 1994, rapport Debray de 2002, rapport de 2003, Loi de 2004).<\/p>\n<p style=\"text-align: justify;\">A t on besoin de stigmatiser un peu plus telle ou telle communaut\u00e9, ou a-t-on plut\u00f4t besoin d&rsquo;imposer l&rsquo;interculturalisme comme mod\u00e8le de notre Soci\u00e9t\u00e9, pour permettre l&rsquo;int\u00e9gration, plus que l&rsquo;exclusion ?<\/p>\n<p style=\"text-align: justify;\">Alors, si \u00e0 titre personnel je suis un ardent d\u00e9fenseur de la la\u00efcit\u00e9 \u00e0 la Fran\u00e7aise, je m&rsquo;associe pleinement \u00e0 ces d\u00e9clarations, et aux prestigieuses signatures qui la publient.<\/p>\n<p style=\"line-height: 26px; text-align: justify; padding: 0px; margin: 0px;\">T\u00e9l\u00e9charger la contribution sur l\u2019interculturalisme\u00a0<a style=\"text-decoration: none; color: #5e8402;\" href=\"http:\/\/www.frederic-poitou.com\/blog\/wp-content\/contribution-light.pdf\" target=\"_blank\" rel=\"noopener\"><strong><span style=\"color: #ff0000;\">ICI<\/span><\/strong><\/a><\/p>\n<p style=\"line-height: 26px; text-align: justify; padding: 0px; margin: 0px;\">T\u00e9l\u00e9charger la contribution sur la la\u00efcit\u00e9\u00a0<a style=\"text-decoration: none; color: #5e8402;\" href=\"http:\/\/www.frederic-poitou.com\/blog\/wp-content\/contribution-Europe-light.pdf\" target=\"_blank\" rel=\"noopener\"><strong><span style=\"color: #ff0000;\">ICI<\/span><\/strong><\/a><\/p>\n<p style=\"text-align: center;\">&#8212;&#8212;&#8212;&#8212;&#8212;&#8212;&#8212;&#8212;&#8212;&#8212;&#8212;&#8212;&#8212;&#8212;&#8212;&#8212;&#8212;&#8212;&#8212;&#8212;&#8212;&#8212;&#8212;&#8212;&#8212;&#8212;&#8212;<\/p>\n<p style=\"font: normal normal normal 13px\/normal Verdana; text-align: justify; margin: 0px;\"><strong>Manifeste des Associations et Organisations la\u00efques<\/strong><\/p>\n<p style=\"font: normal normal normal 13px\/normal Verdana; text-align: justify; margin: 0px;\"><em>Paris, le 31 mars 2011<\/em><\/p>\n<p style=\"font: normal normal normal 13px\/normal Verdana; text-align: justify; margin: 0px;\"><span style=\"color: #ffffff;\">&#8211;<\/span><\/p>\n<p style=\"font: normal normal normal 13px\/normal Verdana; text-align: justify; margin: 0px;\">\n<p style=\"font: normal normal normal 13px\/normal Verdana; text-align: justify; margin: 0px;\">\n<p style=\"font: normal normal normal 13px\/normal Verdana; text-align: justify; margin: 0px;\"><strong>LA\u00cfCITE : PAS DE FAUX DEBATS, RIEN QUE LA LOI<\/strong><\/p>\n<p style=\"font: normal normal normal 13px\/normal Verdana; text-align: justify; margin: 0px;\">\n<p style=\"font: normal normal normal 13px\/normal Verdana; text-align: justify; margin: 0px;\">Les faux d\u00e9bats lanc\u00e9s sur l\u2019Islam et la La\u00efcit\u00e9 sont lourds de menaces d\u00e8s lors qu\u2019ils<\/p>\n<p style=\"font: normal normal normal 13px\/normal Verdana; text-align: justify; margin: 0px;\">instrumentalisent des peurs et stigmatisent des citoyens.<\/p>\n<p style=\"font: normal normal normal 13px\/normal Verdana; text-align: justify; margin: 0px;\">Il n\u2019y a pas de d\u00e9bat \u00e0 ouvrir sur l\u2019Islam ou sur d\u2019autres religions. La R\u00e9publique n\u2019a pas \u00e0 juger<\/p>\n<p style=\"font: normal normal normal 13px\/normal Verdana; text-align: justify; margin: 0px;\">du contenu des croyances. L\u2019 Etat a mission de faire appliquer la loi de S\u00e9paration des Eglises et de<\/p>\n<p style=\"font: normal normal normal 13px\/normal Verdana; text-align: justify; margin: 0px;\">l\u2019Etat, le principe d\u2019\u00e9galit\u00e9 des droits, et non d\u2019encourager le communautarisme.<\/p>\n<p style=\"font: normal normal normal 13px\/normal Verdana; text-align: justify; margin: 0px;\">Les manquements graves aux principes de La\u00efcit\u00e9, \u00e0 l\u2019origine des atteintes \u00e0 la citoyennet\u00e9<\/p>\n<p style=\"font: normal normal normal 13px\/normal Verdana; text-align: justify; margin: 0px;\">r\u00e9publicaine, sont la cons\u00e9quence des compromissions, des transgressions qui se sont succ\u00e9d\u00e9es<\/p>\n<p style=\"font: normal normal normal 13px\/normal Verdana; text-align: justify; margin: 0px;\">depuis de longues ann\u00e9es, et des atteintes aux droits \u00e9conomiques et sociaux. Les partis<span style=\"font: 12.0px Arial;\"> <\/span>r\u00e9publicains doivent prendre leurs responsabilit\u00e9s.<\/p>\n<p style=\"font: normal normal normal 13px\/normal Verdana; text-align: justify; margin: 0px;\">Il n\u2019y a pas de faux d\u00e9bats \u00e0 ouvrir sur la La\u00efcit\u00e9, mais \u00e0 faire appliquer la loi de 1905, toute la loi<span style=\"font: 12.0px Arial;\"> <\/span>de 1905, rien que la loi de 1905.<\/p>\n<p style=\"font: normal normal normal 13px\/normal Verdana; text-align: justify; margin: 0px;\"><span style=\"color: #ffffff;\">&#8211;<\/span><\/p>\n<p style=\"font: normal normal normal 13px\/normal Verdana; text-align: justify; margin: 0px;\">\n<p style=\"font: normal normal normal 13px\/normal Verdana; text-align: justify; margin: 0px;\">\n<p style=\"font: normal normal normal 13px\/normal Verdana; text-align: justify; margin: 0px;\"><span style=\"text-decoration: underline;\"><em>SIGNATAIRES<\/em><\/span><em> :<\/em><\/p>\n<p style=\"font: normal normal normal 13px\/normal Verdana; text-align: justify; margin: 0px;\"><em>Arab Women&rsquo;s Solidarity Association France<\/em><\/p>\n<p style=\"font: normal normal normal 13px\/normal Verdana; text-align: justify; margin: 0px;\"><em>Association EGALE<\/em><\/p>\n<p style=\"font: normal normal normal 13px\/normal Verdana; text-align: justify; margin: 0px;\"><em>Association La\u00efcit\u00e9-Libert\u00e9<\/em><\/p>\n<p style=\"font: normal normal normal 13px\/normal Verdana; text-align: justify; margin: 0px;\"><em>Association Le Chevalier de la Barre<\/em><\/p>\n<p style=\"font: normal normal normal 13px\/normal Verdana; text-align: justify; margin: 0px;\"><em>Association Libres MarianneS<\/em><\/p>\n<p style=\"font: normal normal normal 13px\/normal Verdana; text-align: justify; margin: 0px;\"><em>Association des Libres Penseurs de France<\/em><\/p>\n<p style=\"font: normal normal normal 13px\/normal Verdana; text-align: justify; margin: 0px;\"><em>Centre d&rsquo;Action Europ\u00e9enne D\u00e9mocratique et La\u00efque<\/em><\/p>\n<p style=\"font: normal normal normal 13px\/normal Verdana; text-align: justify; margin: 0px;\"><em>Comit\u00e9 La\u00efcit\u00e9 R\u00e9publique<\/em><\/p>\n<p style=\"font: normal normal normal 13px\/normal Verdana; text-align: justify; margin: 0px;\"><em>Comit\u00e9 Valmy<\/em><\/p>\n<p style=\"font: normal normal normal 13px\/normal Verdana; text-align: justify; margin: 0px;\"><em>Conseil National des Associations FAmiliales La\u00efques<\/em><\/p>\n<p style=\"font: normal normal normal 13px\/normal Verdana; text-align: justify; margin: 0px;\"><em>F\u00e9d\u00e9ration fran\u00e7aise de l&rsquo;Ordre Mixte International \u00ab Le Droit Humain \u00bb<\/em><\/p>\n<p style=\"font: normal normal normal 13px\/normal Verdana; text-align: justify; margin: 0px;\"><em>F\u00e9d\u00e9ration Nationale de la Libre Pens\u00e9e<\/em><\/p>\n<p style=\"font: normal normal normal 13px\/normal Verdana; text-align: justify; margin: 0px;\"><em>Grand Orient de France<\/em><\/p>\n<p style=\"font: normal normal normal 13px\/normal Verdana; text-align: justify; margin: 0px;\"><em>Grande Loge F\u00e9minine de France<\/em><\/p>\n<p style=\"font: normal normal normal 13px\/normal Verdana; text-align: justify; margin: 0px;\"><em>Grande Loge F\u00e9minine de Memphis Misra\u00efm<\/em><\/p>\n<p style=\"font: normal normal normal 13px\/normal Verdana; text-align: justify; margin: 0px;\"><em>Grande Loge Mixte de France<\/em><\/p>\n<p style=\"font: normal normal normal 13px\/normal Verdana; text-align: justify; margin: 0px;\"><em>Grande Loge Nationale de France<\/em><\/p>\n<p style=\"font: normal normal normal 13px\/normal Verdana; text-align: justify; margin: 0px;\"><em>Grande Loge Mixte Universelle<\/em><\/p>\n<p style=\"font: normal normal normal 13px\/normal Verdana; text-align: justify; margin: 0px;\"><em>Les Comit\u00e9s 1905<\/em><\/p>\n<p style=\"font: normal normal normal 13px\/normal Verdana; text-align: justify; margin: 0px;\"><em>Ligue des Droits de l\u2019Homme<\/em><\/p>\n<p style=\"font: normal normal normal 13px\/normal Verdana; text-align: justify; margin: 0px;\"><em>Ligue Internationale Contre le Racisme et l&rsquo;Antis\u00e9mitisme<\/em><\/p>\n<p style=\"font: normal normal normal 13px\/normal Verdana; text-align: justify; margin: 0px;\"><em>Loge Nationale Fran\u00e7aise<\/em><\/p>\n<p style=\"font: normal normal normal 13px\/normal Verdana; text-align: justify; margin: 0px;\"><em>Observatoire International de la La\u00efcit\u00e9 Contre les D\u00e9rives Communautaires<\/em><\/p>\n<p style=\"font: normal normal normal 13px\/normal Verdana; text-align: justify; margin: 0px;\"><em>Regards de Femmes<\/em><\/p>\n<p style=\"font: normal normal normal 13px\/normal Verdana; text-align: justify; margin: 0px;\"><em>Solidarit\u00e9 La\u00efque<\/em><\/p>\n<p style=\"font: normal normal normal 13px\/normal Verdana; text-align: justify; margin: 0px;\"><em>SOS Racisme<\/em><\/p>\n<p style=\"font: normal normal normal 13px\/normal Verdana; text-align: justify; margin: 0px;\"><em>Union des FAmilles La\u00efques<\/em><\/p>\n<p style=\"font: normal normal normal 13px\/normal Verdana; color: #3300fc; text-align: justify; margin: 0px;\"><span style=\"color: #000000;\">Contact m\u00e9dias : <\/span>martine.cerf@orange.fr<\/p>\n<p style=\"font: normal normal normal 13px\/normal Verdana; color: #3300fc; text-align: justify; margin: 0px;\">\n<p style=\"font: normal normal normal 13px\/normal Verdana; text-align: justify; margin: 0px;\"><span style=\"color: #ffffff;\">&#8212;&#8212;&#8212;&#8212;&#8212;&#8212;&#8212;&#8212;&#8212;&#8212;&#8212;&#8212;&#8212;&#8211;<\/span><\/p>\n<p style=\"font: normal normal normal 13px\/normal Verdana; text-align: justify; margin: 0px;\"><strong> <\/strong><\/p>\n<p style=\"font: normal normal normal 13px\/normal Verdana; text-align: justify; margin: 0px;\"><span style=\"text-decoration: underline;\"><strong>D\u00e9claration des mouvements religieux<\/strong><\/span><strong> :<\/strong><\/p>\n<p style=\"font: normal normal normal 13px\/normal Arial; text-align: justify; margin: 0px;\"><strong>\u00ab\u00a0D\u00e9bat sur la la\u00efcit\u00e9 ?\u00a0\u00bb S\u00e9r\u00e9nit\u00e9, attention et r\u00e9flexion appliqu\u00e9es :<\/strong><\/p>\n<p style=\"font: normal normal normal 13px\/normal Arial; text-align: justify; margin: 0px;\"><strong><br \/>\n<\/strong><\/p>\n<p style=\"font: normal normal normal 13px\/normal Verdana; text-align: justify; margin: 0px;\">\n<p style=\"font: normal normal normal 13px\/normal Verdana; text-align: justify; margin: 0px;\">La Conf\u00e9rence des Responsables de Culte en France a \u00e9t\u00e9 cr\u00e9\u00e9e le 23 novembre dernier et elle regroupe six instances responsables du Bouddhisme, des \u00c9glises chr\u00e9tiennes (Catholique, Orthodoxe, Protestante), de l\u2019Islam et du Juda\u00efsme. Cette initiative est justifi\u00e9e par la volont\u00e9 d\u2019approfondir notre connaissance mutuelle, par le sentiment de contribuer ensemble \u00e0 la coh\u00e9sion de notre soci\u00e9t\u00e9 dans le respect des autres courants de pens\u00e9e, et par la reconnaissance de la la\u00efcit\u00e9 comme faisant partie du bien commun de notre soci\u00e9t\u00e9.<\/p>\n<p style=\"font: normal normal normal 13px\/normal Verdana; text-align: justify; margin: 0px;\">\n<p style=\"font: normal normal normal 13px\/normal Verdana; text-align: justify; margin: 0px;\">La la\u00efcit\u00e9 est un des piliers de notre pacte r\u00e9publicain, un des supports de notre d\u00e9mocratie, un des fondements de notre vouloir vivre ensemble. Veillons \u00e0 ne pas dilapider ce pr\u00e9cieux acquis. Il nous parait capital, pendant cette p\u00e9riode pr\u00e9-\u00e9lectorale, de bien garder sereinement le cap en \u00e9vitant amalgames et risques de stigmatisation.<\/p>\n<p style=\"font: normal normal normal 12px\/normal Arial; text-align: justify; margin: 0px;\">\n<p style=\"font: normal normal normal 13px\/normal Verdana; text-align: justify; margin: 0px;\">Nous signons ensemble cette tribune sans aucun esprit pol\u00e9mique ou partisan. Une parole commune nous semble n\u00e9anmoins n\u00e9cessaire. Notre coh\u00e9sion au sein de la Conf\u00e9rence que nous avons fond\u00e9e, est significative dans notre soci\u00e9t\u00e9 fran\u00e7aise. Elle a \u00e9t\u00e9 rendue possible gr\u00e2ce notamment au climat de coop\u00e9ration instaur\u00e9 entre les religions, que la \u00ab\u00a0la\u00efcit\u00e9 \u00e0 la fran\u00e7aise\u00a0\u00bb et ses \u00e9volutions depuis plus d&rsquo;un si\u00e8cle ont permis.<\/p>\n<p style=\"font: normal normal normal 12px\/normal Arial; text-align: justify; margin: 0px;\">\n<p style=\"font: normal normal normal 13px\/normal Verdana; text-align: justify; margin: 0px;\">Mais cette coh\u00e9sion ne signifie pas pour autant uniformit\u00e9 ! Elle ne nous engage nullement en faveur d&rsquo;un quelconque amalgame syncr\u00e9tiste ou d\u2019un nivellement de nos positions individuelles et celles des cultes que nous repr\u00e9sentons. Nous travaillons ensemble dans la confiance, en int\u00e9grant nos histoires et identit\u00e9s respectives. Nous continuons \u00e0 avoir des approches diff\u00e9renci\u00e9es sur telle ou telle question, sans pour autant faire de nos diff\u00e9rences des facteurs d&rsquo;opposition. Nous sommes d\u00e9termin\u00e9s \u00e0 r\u00e9fl\u00e9chir et \u00e0 \u0153uvrer ensemble sur la dur\u00e9e, en relation avec les autorit\u00e9s et les forces vives de notre pays, afin que le facteur religieux y soit un \u00e9l\u00e9ment de paix et de progr\u00e8s.<\/p>\n<p style=\"font: normal normal normal 12px\/normal Arial; text-align: justify; margin: 0px;\">\n<p style=\"font: normal normal normal 13px\/normal Verdana; text-align: justify; margin: 0px;\">L&rsquo;acc\u00e9l\u00e9ration des agendas politiques risque, \u00e0 la veille de rendez-vous \u00e9lectoraux importants pour l\u2019avenir de notre pays, de brouiller cette perspective et de susciter des confusions qui ne peuvent qu&rsquo;\u00eatre pr\u00e9judiciables. Nous en sommes conscients. Cela ne doit pas nous dissuader pour autant de rappeler l&rsquo;essentiel quand il le faut. Nous restons tr\u00e8s attentifs aux \u00e9volutions profondes de notre soci\u00e9t\u00e9, notamment celles qui concernent les religions, dans le respect du cadre de la R\u00e9publique. Ces \u00e9volutions appellent parfois des adaptations voire des am\u00e9liorations du cadre juridique et r\u00e8glementaire de l\u2019expression et de la vie des cultes en France. Nous ne manquerons pas d\u2019\u00eatre une force positive de propositions dans ce sens.<\/p>\n<p style=\"font: normal normal normal 12px\/normal Arial; text-align: justify; margin: 0px;\">\n<p style=\"font: normal normal normal 13px\/normal Verdana; text-align: justify; margin: 0px;\">Faut-il dans le contexte actuel un d\u00e9bat sur la la\u00efcit\u00e9 ? Le d\u00e9bat est toujours signe de sant\u00e9 et de vitalit\u00e9. Le dialogue est toujours une n\u00e9cessit\u00e9. Il a un r\u00f4le majeur dans une soci\u00e9t\u00e9 libre, d\u00e9mocratique et respectueuse de la personne humaine. Mais un parti politique, f\u00fbt-il majoritaire, est-il la bonne instance pour le conduire seul ? Ce ne sont ni les d\u00e9bats, ni les travaux qui manquent dans ce domaine ! La Loi 1905 est d\u00e9j\u00e0 plus que centenaire. Elle a permis d\u2019apporter depuis lors des solutions \u00e0 des questions n\u00e9es de nouvelles situations et des \u00e9volutions de notre soci\u00e9t\u00e9 dans un monde de plus en plus rapide. Tous les cultes adh\u00e8rent sans r\u00e9serve \u00e0 ses principes fondamentaux tels qu\u2019ils s\u2019expriment en particulier dans ses deux premiers articles. Mais les modalit\u00e9s d\u2019application de ces principes restent toujours perfectibles. Faut-il recenser tous les colloques et autres s\u00e9minaires qui ont abord\u00e9 en long et en large la question de la la\u00efcit\u00e9 et de ses applications dans notre pays depuis des ann\u00e9es? Faut-il rappeler, dans la p\u00e9riode r\u00e9cente, les travaux \u00e9tendus et exhaustifs de la Commission pr\u00e9sid\u00e9e par le Professeur Jean Pierre MACHELON qui ont donn\u00e9 lieu \u00e0 un rapport sur les \u00ab relations des cultes avec les pouvoirs publics \u00bb remis au ministre de l\u2019int\u00e9rieur le 20 septembre 2006 ? Ce rapport avait abord\u00e9 d\u2019une mani\u00e8re approfondie les diff\u00e9rents aspects li\u00e9s \u00e0 l\u2019exercice du culte en France dont celui du \u00ab support institutionnel \u00bb de son exercice dans notre pays. Faut-il rappeler de m\u00eame les travaux du \u00ab Groupe juridique inter-cultes \u00bb qui travaille depuis 2007, dans le prolongement des recommandations du Groupe MACHELON, au sein du Minist\u00e8re de l\u2019int\u00e9rieur, et o\u00f9 si\u00e8gent des repr\u00e9sentants des principaux cultes ? Ce groupe a bien fonctionn\u00e9 et a permis la publication de plusieurs circulaires dont la derni\u00e8re, du 23 juin 2010, conjointe aux Minist\u00e8res de l\u2019int\u00e9rieur et des finances, aborde d\u2019une mani\u00e8re d\u00e9taill\u00e9e \u00e0 l\u2019attention des pr\u00e9fets, des directeurs d\u00e9partementaux des finances publiques et des tr\u00e9soriers payeurs g\u00e9n\u00e9raux, les diff\u00e9rents aspects li\u00e9s au \u00ab support institutionnel de l\u2019exercice du culte en France \u00bb ? Faut-il rappeler aussi la production intellectuelle abondante d\u2019articles et d\u2019\u00e9crits divers, ainsi que les nombreux ouvrages qui paraissent sur l\u2019histoire, les fondements, la pratique et les perspectives de la la\u00efcit\u00e9 en France ? La liste en sera longue. Elle illustre parfaitement toute la richesse et la profondeur de notre exp\u00e9rience fran\u00e7aise de la la\u00efcit\u00e9. Nous y reviendrons lors de la rencontre publique que nous comptons organiser en octobre prochain.<\/p>\n<p style=\"font: normal normal normal 12px\/normal Arial; text-align: justify; margin: 0px;\">\n<p style=\"font: normal normal normal 13px\/normal Verdana; text-align: justify; margin: 0px;\">Secou\u00e9e par des crises \u00e0 r\u00e9p\u00e9tition, politique, \u00e9conomique, financi\u00e8re et morale, la p\u00e9riode actuelle manque de lisibilit\u00e9 mais sans doute pas d\u2019esp\u00e9rance ! Le devoir de ceux qui sont \u00ab en responsabilit\u00e9 \u00bb consiste \u00e0 \u00e9clairer le chemin et \u00e0 \u00e9laborer des solutions conformes au bien de tous. N&rsquo;ajoutons pas de la confusion dans la p\u00e9riode trouble que nous traversons. Nous militons ensemble pour une la\u00efcit\u00e9 de bonne intelligence.<\/p>\n<p style=\"font: normal normal normal 12px\/normal Arial; text-align: justify; margin: 0px;\">\n<p style=\"font: normal normal normal 13px\/normal Verdana; text-align: justify; margin: 0px;\">La la\u00efcit\u00e9 n\u2019est pas s\u00e9parable des valeurs fondamentales que nous partageons, en particulier de la dignit\u00e9 et du respect de la personne humaine et de sa libert\u00e9 inali\u00e9nable. Ces valeurs qui ne peuvent s\u2019\u00e9panouir que dans la confiance mutuelle source de paix pour notre soci\u00e9t\u00e9.\u00bb<\/p>\n<p style=\"font: normal normal normal 12px\/normal Arial; text-align: justify; margin: 0px;\">\n<p style=\"font: normal normal normal 13px\/normal Verdana; text-align: justify; margin: 0px;\"><span style=\"color: #ffffff;\">&#8211;<\/span><\/p>\n<p style=\"font: normal normal normal 13px\/normal Verdana; text-align: justify; margin: 0px;\">\n<p style=\"font: normal normal normal 13px\/normal Verdana; text-align: justify; margin: 0px;\"><span style=\"text-decoration: underline;\">SIGNATAIRES<\/span> :<\/p>\n<p style=\"font: normal normal normal 13px\/normal Verdana; text-align: justify; margin: 0px;\">\n<p style=\"font: normal normal normal 13px\/normal Verdana; text-align: justify; margin: 0px;\">&#8211; Cardinal Andr\u00e9 VINGT-TROIS, pr\u00e9sident de la Conf\u00e9rence des \u00c9v\u00eaques de France<span style=\"font: 12.0px Arial;\">, a<\/span>vec Mgr Laurent ULRICH, vice-pr\u00e9sident de la Conf\u00e9rence des \u00c9v\u00eaques de France<\/p>\n<p style=\"font: normal normal normal 13px\/normal Verdana; text-align: justify; margin: 0px;\">&#8211; Pasteur Claude BATY, pr\u00e9sident de la F\u00e9d\u00e9ration protestante de France<span style=\"font: 12.0px Arial;\">, a<\/span>vec le pasteur Laurent SCHLUMBERGER, membre du Conseil de la F\u00e9d\u00e9ration protestante de France, pr\u00e9sident du Conseil national de l\u2019\u00c9glise r\u00e9form\u00e9e de France<\/p>\n<p style=\"font: normal normal normal 13px\/normal Verdana; text-align: justify; margin: 0px;\">&#8211; M\u00e9tropolite EMMANUEL, pr\u00e9sident de l\u2019Assembl\u00e9e des \u00c9v\u00eaques orthodoxes de France, avec le M\u00e9tropolite Joseph, secr\u00e9taire de l\u2019Assembl\u00e9e des Ev\u00eaques orthodoxes de France<span style=\"font: 12.0px Arial;\"> e<\/span>t Mr. Carol SABA, porte-parole de l\u2019Assembl\u00e9e des \u00c9v\u00eaques orthodoxes de France<\/p>\n<p style=\"font: normal normal normal 13px\/normal Verdana; text-align: justify; margin: 0px;\">&#8211; Grand Rabbin Gilles BERNHEIM, Grand Rabbin de France,<span style=\"font: 12.0px Arial;\"> a<\/span>vec le rabbin Mosh\u00e9 LEWIN, porte-parole du Grand Rabbin de France<\/p>\n<p style=\"font: normal normal normal 13px\/normal Verdana; text-align: justify; margin: 0px;\">&#8211; M. Mohammed MOUSSAOUI, pr\u00e9sident du Conseil fran\u00e7ais du culte musulman<span style=\"font: 12.0px Arial;\">, a<\/span>vec M. Anouar KBIBECH, secr\u00e9taire g\u00e9n\u00e9ral du Conseil fran\u00e7ais du culte musulman<\/p>\n<p style=\"font: normal normal normal 13px\/normal Verdana; text-align: justify; margin: 0px;\">&#8211; R\u00e9v\u00e9rend Olivier WANG-GENH, pr\u00e9sident de l\u2019Union bouddhiste de France<\/p>\n<p style=\"font: normal normal normal 13px\/normal Verdana; text-align: justify; margin: 0px;\"><span style=\"color: #ffffff;\">&#8211;<\/span><\/p>\n<p style=\"font: normal normal normal 13px\/normal Verdana; text-align: justify; margin: 0px;\"><span style=\"color: #ffffff;\">&#8211;<\/span><\/p>\n<p style=\"font: normal normal normal 13px\/normal Verdana; text-align: justify; margin: 0px;\"><span style=\"color: #ffffff;\">&#8211;<\/span><\/p>\n<p style=\"font: normal normal normal 13px\/normal Verdana; text-align: justify; margin: 0px;\"><span style=\"color: #ffffff;\">&#8211;<\/span><\/p>\n<p style=\"font: normal normal normal 13px\/normal Verdana; text-align: justify; margin: 0px;\">\n","protected":false},"excerpt":{"rendered":"<p>&#8211; Lorsqu&rsquo;on lit ces d\u00e9clarations, on se demande qui peut encore \u00eatre favorable \u00e0 ce d\u00e9bat, pour moi inutile pour plusieurs raisons, principalement : Ca n&rsquo;est pas \u00e0 un parti, m\u00eame si j&rsquo;en fais partie, d&rsquo;organiser ce type de d\u00e9bat &hellip; <a href=\"http:\/\/www.frederic-poitou.com\/blog\/le-debat-sur-la-laicite-les-associations-laiques-et-confessionnelles-sont-contre\/\">Lire la suite\u00ad\u00ad<\/a><\/p>\n","protected":false},"author":4,"featured_media":0,"comment_status":"open","ping_status":"open","sticky":false,"template":"","format":"standard","meta":{"kt_blocks_editor_width":"","_exactmetrics_skip_tracking":false,"_exactmetrics_sitenote_active":false,"_exactmetrics_sitenote_note":"","_exactmetrics_sitenote_category":0,"footnotes":""},"categories":[1],"tags":[27,50,26,33,25,24],"class_list":["post-5176","post","type-post","status-publish","format-standard","hentry","category-politique-economie","tag-actualite","tag-politique-economie","tag-laicite","tag-mouvement-reformateur","tag-parti-radical","tag-politique"],"yoast_head":"<!-- This site is optimized with the Yoast SEO plugin v27.1.1 - https:\/\/yoast.com\/product\/yoast-seo-wordpress\/ -->\n<title>LE DEBAT SUR LA LA\u00cfCITE : LES ASSOCIATIONS LA\u00cfQUES ET CONFESSIONNELLES SONT CONTRE ! -<\/title>\n<meta name=\"robots\" content=\"index, follow, max-snippet:-1, max-image-preview:large, max-video-preview:-1\" \/>\n<link rel=\"canonical\" href=\"http:\/\/www.frederic-poitou.com\/blog\/le-debat-sur-la-laicite-les-associations-laiques-et-confessionnelles-sont-contre\/\" \/>\n<meta property=\"og:locale\" content=\"fr_FR\" \/>\n<meta property=\"og:type\" content=\"article\" \/>\n<meta property=\"og:title\" content=\"LE DEBAT SUR LA LA\u00cfCITE : LES ASSOCIATIONS LA\u00cfQUES ET CONFESSIONNELLES SONT CONTRE ! -\" \/>\n<meta property=\"og:description\" content=\"&#8211; Lorsqu&rsquo;on lit ces d\u00e9clarations, on se demande qui peut encore \u00eatre favorable \u00e0 ce d\u00e9bat, pour moi inutile pour plusieurs raisons, principalement : Ca n&rsquo;est pas \u00e0 un parti, m\u00eame si j&rsquo;en fais partie, d&rsquo;organiser ce type de d\u00e9bat &hellip; Lire la suite\u00ad\u00ad\" \/>\n<meta property=\"og:url\" content=\"http:\/\/www.frederic-poitou.com\/blog\/le-debat-sur-la-laicite-les-associations-laiques-et-confessionnelles-sont-contre\/\" \/>\n<meta property=\"article:publisher\" content=\"https:\/\/www.facebook.com\/frederic.poitou\/\" \/>\n<meta property=\"article:published_time\" content=\"2023-07-14T00:30:32+00:00\" \/>\n<meta property=\"article:modified_time\" content=\"2026-04-15T02:13:14+00:00\" \/>\n<meta property=\"og:image\" content=\"http:\/\/www.frederic-poitou.com\/blog\/wp-content\/laicite_acad.jpg\" \/>\n<meta name=\"author\" content=\"Fr\u00e9d\u00e9ric Poitou\" \/>\n<meta name=\"twitter:card\" content=\"summary_large_image\" \/>\n<meta name=\"twitter:creator\" content=\"@fredericpoitou\" \/>\n<meta name=\"twitter:site\" content=\"@fredericpoitou\" \/>\n<meta name=\"twitter:label1\" content=\"\u00c9crit par\" \/>\n\t<meta name=\"twitter:data1\" content=\"Fr\u00e9d\u00e9ric Poitou\" \/>\n\t<meta name=\"twitter:label2\" content=\"Dur\u00e9e de lecture estim\u00e9e\" \/>\n\t<meta name=\"twitter:data2\" content=\"9 minutes\" \/>\n<script type=\"application\/ld+json\" class=\"yoast-schema-graph\">{\"@context\":\"https:\/\/schema.org\",\"@graph\":[{\"@type\":\"Article\",\"@id\":\"http:\/\/www.frederic-poitou.com\/blog\/le-debat-sur-la-laicite-les-associations-laiques-et-confessionnelles-sont-contre\/#article\",\"isPartOf\":{\"@id\":\"http:\/\/www.frederic-poitou.com\/blog\/le-debat-sur-la-laicite-les-associations-laiques-et-confessionnelles-sont-contre\/\"},\"author\":{\"name\":\"Fr\u00e9d\u00e9ric Poitou\",\"@id\":\"http:\/\/www.frederic-poitou.com\/blog\/#\/schema\/person\/e2c2d05e978747818533fdce859a7799\"},\"headline\":\"LE DEBAT SUR LA LA\u00cfCITE : LES ASSOCIATIONS LA\u00cfQUES ET CONFESSIONNELLES SONT CONTRE !\",\"datePublished\":\"2023-07-14T00:30:32+00:00\",\"dateModified\":\"2026-04-15T02:13:14+00:00\",\"mainEntityOfPage\":{\"@id\":\"http:\/\/www.frederic-poitou.com\/blog\/le-debat-sur-la-laicite-les-associations-laiques-et-confessionnelles-sont-contre\/\"},\"wordCount\":1863,\"commentCount\":0,\"image\":{\"@id\":\"http:\/\/www.frederic-poitou.com\/blog\/le-debat-sur-la-laicite-les-associations-laiques-et-confessionnelles-sont-contre\/#primaryimage\"},\"thumbnailUrl\":\"http:\/\/www.frederic-poitou.com\/blog\/wp-content\/laicite_acad.jpg\",\"keywords\":[\"Actualit\u00e9\",\"Divers\",\"La\u00efcit\u00e9\",\"MOUVEMENT REFORMATEUR\",\"PARTI RADICAL\",\"Politique\"],\"articleSection\":[\"Divers\"],\"inLanguage\":\"fr-FR\",\"potentialAction\":[{\"@type\":\"CommentAction\",\"name\":\"Comment\",\"target\":[\"http:\/\/www.frederic-poitou.com\/blog\/le-debat-sur-la-laicite-les-associations-laiques-et-confessionnelles-sont-contre\/#respond\"]}]},{\"@type\":\"WebPage\",\"@id\":\"http:\/\/www.frederic-poitou.com\/blog\/le-debat-sur-la-laicite-les-associations-laiques-et-confessionnelles-sont-contre\/\",\"url\":\"http:\/\/www.frederic-poitou.com\/blog\/le-debat-sur-la-laicite-les-associations-laiques-et-confessionnelles-sont-contre\/\",\"name\":\"LE DEBAT SUR LA LA\u00cfCITE : LES ASSOCIATIONS LA\u00cfQUES ET CONFESSIONNELLES SONT CONTRE ! -\",\"isPartOf\":{\"@id\":\"http:\/\/www.frederic-poitou.com\/blog\/#website\"},\"primaryImageOfPage\":{\"@id\":\"http:\/\/www.frederic-poitou.com\/blog\/le-debat-sur-la-laicite-les-associations-laiques-et-confessionnelles-sont-contre\/#primaryimage\"},\"image\":{\"@id\":\"http:\/\/www.frederic-poitou.com\/blog\/le-debat-sur-la-laicite-les-associations-laiques-et-confessionnelles-sont-contre\/#primaryimage\"},\"thumbnailUrl\":\"http:\/\/www.frederic-poitou.com\/blog\/wp-content\/laicite_acad.jpg\",\"datePublished\":\"2023-07-14T00:30:32+00:00\",\"dateModified\":\"2026-04-15T02:13:14+00:00\",\"author\":{\"@id\":\"http:\/\/www.frederic-poitou.com\/blog\/#\/schema\/person\/e2c2d05e978747818533fdce859a7799\"},\"breadcrumb\":{\"@id\":\"http:\/\/www.frederic-poitou.com\/blog\/le-debat-sur-la-laicite-les-associations-laiques-et-confessionnelles-sont-contre\/#breadcrumb\"},\"inLanguage\":\"fr-FR\",\"potentialAction\":[{\"@type\":\"ReadAction\",\"target\":[\"http:\/\/www.frederic-poitou.com\/blog\/le-debat-sur-la-laicite-les-associations-laiques-et-confessionnelles-sont-contre\/\"]}]},{\"@type\":\"ImageObject\",\"inLanguage\":\"fr-FR\",\"@id\":\"http:\/\/www.frederic-poitou.com\/blog\/le-debat-sur-la-laicite-les-associations-laiques-et-confessionnelles-sont-contre\/#primaryimage\",\"url\":\"http:\/\/www.frederic-poitou.com\/blog\/wp-content\/laicite_acad.jpg\",\"contentUrl\":\"http:\/\/www.frederic-poitou.com\/blog\/wp-content\/laicite_acad.jpg\",\"width\":\"311\",\"height\":\"500\"},{\"@type\":\"BreadcrumbList\",\"@id\":\"http:\/\/www.frederic-poitou.com\/blog\/le-debat-sur-la-laicite-les-associations-laiques-et-confessionnelles-sont-contre\/#breadcrumb\",\"itemListElement\":[{\"@type\":\"ListItem\",\"position\":1,\"name\":\"Accueil\",\"item\":\"http:\/\/www.frederic-poitou.com\/blog\/\"},{\"@type\":\"ListItem\",\"position\":2,\"name\":\"LE DEBAT SUR LA LA\u00cfCITE : LES ASSOCIATIONS LA\u00cfQUES ET CONFESSIONNELLES SONT CONTRE !\"}]},{\"@type\":\"WebSite\",\"@id\":\"http:\/\/www.frederic-poitou.com\/blog\/#website\",\"url\":\"http:\/\/www.frederic-poitou.com\/blog\/\",\"name\":\"\",\"description\":\"\",\"potentialAction\":[{\"@type\":\"SearchAction\",\"target\":{\"@type\":\"EntryPoint\",\"urlTemplate\":\"http:\/\/www.frederic-poitou.com\/blog\/?s={search_term_string}\"},\"query-input\":{\"@type\":\"PropertyValueSpecification\",\"valueRequired\":true,\"valueName\":\"search_term_string\"}}],\"inLanguage\":\"fr-FR\"},{\"@type\":\"Person\",\"@id\":\"http:\/\/www.frederic-poitou.com\/blog\/#\/schema\/person\/e2c2d05e978747818533fdce859a7799\",\"name\":\"Fr\u00e9d\u00e9ric Poitou\",\"image\":{\"@type\":\"ImageObject\",\"inLanguage\":\"fr-FR\",\"@id\":\"http:\/\/www.frederic-poitou.com\/blog\/#\/schema\/person\/image\/\",\"url\":\"https:\/\/secure.gravatar.com\/avatar\/1933bcca279a2feafd35d9e0a080c521e11beb51115fe4cfe02e2586ac13424a?s=96&d=mm&r=g\",\"contentUrl\":\"https:\/\/secure.gravatar.com\/avatar\/1933bcca279a2feafd35d9e0a080c521e11beb51115fe4cfe02e2586ac13424a?s=96&d=mm&r=g\",\"caption\":\"Fr\u00e9d\u00e9ric Poitou\"},\"description\":\"Fr\u00e9d\u00e9ric Poitou est n\u00e9 \u00e0 Rouen, et y a fait des \u00e9tudes au Conservatoire en musique-\u00e9tudes en section piano. Il s'est ensuite orient\u00e9 vers des \u00e9tudes scientifiques o\u00f9 il a obtenu un dipl\u00f4me d'ing\u00e9nieur, puis un doctorat en Chimie. Il est Expert Judiciaire en France, en Belgique et \u00e0 Luxembourg, et agr\u00e9e par les Institutions Europ\u00e9ennes.\",\"sameAs\":[\"http:\/\/www.frederic-poitou.com\",\"https:\/\/www.linkedin.com\/in\/frederic-poitou-b045a025\/\"]}]}<\/script>\n<!-- \/ Yoast SEO plugin. -->","yoast_head_json":{"title":"LE DEBAT SUR LA LA\u00cfCITE : LES ASSOCIATIONS LA\u00cfQUES ET CONFESSIONNELLES SONT CONTRE ! -","robots":{"index":"index","follow":"follow","max-snippet":"max-snippet:-1","max-image-preview":"max-image-preview:large","max-video-preview":"max-video-preview:-1"},"canonical":"http:\/\/www.frederic-poitou.com\/blog\/le-debat-sur-la-laicite-les-associations-laiques-et-confessionnelles-sont-contre\/","og_locale":"fr_FR","og_type":"article","og_title":"LE DEBAT SUR LA LA\u00cfCITE : LES ASSOCIATIONS LA\u00cfQUES ET CONFESSIONNELLES SONT CONTRE ! -","og_description":"&#8211; Lorsqu&rsquo;on lit ces d\u00e9clarations, on se demande qui peut encore \u00eatre favorable \u00e0 ce d\u00e9bat, pour moi inutile pour plusieurs raisons, principalement : Ca n&rsquo;est pas \u00e0 un parti, m\u00eame si j&rsquo;en fais partie, d&rsquo;organiser ce type de d\u00e9bat &hellip; Lire la suite\u00ad\u00ad","og_url":"http:\/\/www.frederic-poitou.com\/blog\/le-debat-sur-la-laicite-les-associations-laiques-et-confessionnelles-sont-contre\/","article_publisher":"https:\/\/www.facebook.com\/frederic.poitou\/","article_published_time":"2023-07-14T00:30:32+00:00","article_modified_time":"2026-04-15T02:13:14+00:00","og_image":[{"url":"http:\/\/www.frederic-poitou.com\/blog\/wp-content\/laicite_acad.jpg","type":"","width":"","height":""}],"author":"Fr\u00e9d\u00e9ric Poitou","twitter_card":"summary_large_image","twitter_creator":"@fredericpoitou","twitter_site":"@fredericpoitou","twitter_misc":{"\u00c9crit par":"Fr\u00e9d\u00e9ric Poitou","Dur\u00e9e de lecture estim\u00e9e":"9 minutes"},"schema":{"@context":"https:\/\/schema.org","@graph":[{"@type":"Article","@id":"http:\/\/www.frederic-poitou.com\/blog\/le-debat-sur-la-laicite-les-associations-laiques-et-confessionnelles-sont-contre\/#article","isPartOf":{"@id":"http:\/\/www.frederic-poitou.com\/blog\/le-debat-sur-la-laicite-les-associations-laiques-et-confessionnelles-sont-contre\/"},"author":{"name":"Fr\u00e9d\u00e9ric Poitou","@id":"http:\/\/www.frederic-poitou.com\/blog\/#\/schema\/person\/e2c2d05e978747818533fdce859a7799"},"headline":"LE DEBAT SUR LA LA\u00cfCITE : LES ASSOCIATIONS LA\u00cfQUES ET CONFESSIONNELLES SONT CONTRE !","datePublished":"2023-07-14T00:30:32+00:00","dateModified":"2026-04-15T02:13:14+00:00","mainEntityOfPage":{"@id":"http:\/\/www.frederic-poitou.com\/blog\/le-debat-sur-la-laicite-les-associations-laiques-et-confessionnelles-sont-contre\/"},"wordCount":1863,"commentCount":0,"image":{"@id":"http:\/\/www.frederic-poitou.com\/blog\/le-debat-sur-la-laicite-les-associations-laiques-et-confessionnelles-sont-contre\/#primaryimage"},"thumbnailUrl":"http:\/\/www.frederic-poitou.com\/blog\/wp-content\/laicite_acad.jpg","keywords":["Actualit\u00e9","Divers","La\u00efcit\u00e9","MOUVEMENT REFORMATEUR","PARTI RADICAL","Politique"],"articleSection":["Divers"],"inLanguage":"fr-FR","potentialAction":[{"@type":"CommentAction","name":"Comment","target":["http:\/\/www.frederic-poitou.com\/blog\/le-debat-sur-la-laicite-les-associations-laiques-et-confessionnelles-sont-contre\/#respond"]}]},{"@type":"WebPage","@id":"http:\/\/www.frederic-poitou.com\/blog\/le-debat-sur-la-laicite-les-associations-laiques-et-confessionnelles-sont-contre\/","url":"http:\/\/www.frederic-poitou.com\/blog\/le-debat-sur-la-laicite-les-associations-laiques-et-confessionnelles-sont-contre\/","name":"LE DEBAT SUR LA LA\u00cfCITE : LES ASSOCIATIONS LA\u00cfQUES ET CONFESSIONNELLES SONT CONTRE ! -","isPartOf":{"@id":"http:\/\/www.frederic-poitou.com\/blog\/#website"},"primaryImageOfPage":{"@id":"http:\/\/www.frederic-poitou.com\/blog\/le-debat-sur-la-laicite-les-associations-laiques-et-confessionnelles-sont-contre\/#primaryimage"},"image":{"@id":"http:\/\/www.frederic-poitou.com\/blog\/le-debat-sur-la-laicite-les-associations-laiques-et-confessionnelles-sont-contre\/#primaryimage"},"thumbnailUrl":"http:\/\/www.frederic-poitou.com\/blog\/wp-content\/laicite_acad.jpg","datePublished":"2023-07-14T00:30:32+00:00","dateModified":"2026-04-15T02:13:14+00:00","author":{"@id":"http:\/\/www.frederic-poitou.com\/blog\/#\/schema\/person\/e2c2d05e978747818533fdce859a7799"},"breadcrumb":{"@id":"http:\/\/www.frederic-poitou.com\/blog\/le-debat-sur-la-laicite-les-associations-laiques-et-confessionnelles-sont-contre\/#breadcrumb"},"inLanguage":"fr-FR","potentialAction":[{"@type":"ReadAction","target":["http:\/\/www.frederic-poitou.com\/blog\/le-debat-sur-la-laicite-les-associations-laiques-et-confessionnelles-sont-contre\/"]}]},{"@type":"ImageObject","inLanguage":"fr-FR","@id":"http:\/\/www.frederic-poitou.com\/blog\/le-debat-sur-la-laicite-les-associations-laiques-et-confessionnelles-sont-contre\/#primaryimage","url":"http:\/\/www.frederic-poitou.com\/blog\/wp-content\/laicite_acad.jpg","contentUrl":"http:\/\/www.frederic-poitou.com\/blog\/wp-content\/laicite_acad.jpg","width":"311","height":"500"},{"@type":"BreadcrumbList","@id":"http:\/\/www.frederic-poitou.com\/blog\/le-debat-sur-la-laicite-les-associations-laiques-et-confessionnelles-sont-contre\/#breadcrumb","itemListElement":[{"@type":"ListItem","position":1,"name":"Accueil","item":"http:\/\/www.frederic-poitou.com\/blog\/"},{"@type":"ListItem","position":2,"name":"LE DEBAT SUR LA LA\u00cfCITE : LES ASSOCIATIONS LA\u00cfQUES ET CONFESSIONNELLES SONT CONTRE !"}]},{"@type":"WebSite","@id":"http:\/\/www.frederic-poitou.com\/blog\/#website","url":"http:\/\/www.frederic-poitou.com\/blog\/","name":"","description":"","potentialAction":[{"@type":"SearchAction","target":{"@type":"EntryPoint","urlTemplate":"http:\/\/www.frederic-poitou.com\/blog\/?s={search_term_string}"},"query-input":{"@type":"PropertyValueSpecification","valueRequired":true,"valueName":"search_term_string"}}],"inLanguage":"fr-FR"},{"@type":"Person","@id":"http:\/\/www.frederic-poitou.com\/blog\/#\/schema\/person\/e2c2d05e978747818533fdce859a7799","name":"Fr\u00e9d\u00e9ric Poitou","image":{"@type":"ImageObject","inLanguage":"fr-FR","@id":"http:\/\/www.frederic-poitou.com\/blog\/#\/schema\/person\/image\/","url":"https:\/\/secure.gravatar.com\/avatar\/1933bcca279a2feafd35d9e0a080c521e11beb51115fe4cfe02e2586ac13424a?s=96&d=mm&r=g","contentUrl":"https:\/\/secure.gravatar.com\/avatar\/1933bcca279a2feafd35d9e0a080c521e11beb51115fe4cfe02e2586ac13424a?s=96&d=mm&r=g","caption":"Fr\u00e9d\u00e9ric Poitou"},"description":"Fr\u00e9d\u00e9ric Poitou est n\u00e9 \u00e0 Rouen, et y a fait des \u00e9tudes au Conservatoire en musique-\u00e9tudes en section piano. Il s'est ensuite orient\u00e9 vers des \u00e9tudes scientifiques o\u00f9 il a obtenu un dipl\u00f4me d'ing\u00e9nieur, puis un doctorat en Chimie. Il est Expert Judiciaire en France, en Belgique et \u00e0 Luxembourg, et agr\u00e9e par les Institutions Europ\u00e9ennes.","sameAs":["http:\/\/www.frederic-poitou.com","https:\/\/www.linkedin.com\/in\/frederic-poitou-b045a025\/"]}]}},"_links":{"self":[{"href":"http:\/\/www.frederic-poitou.com\/blog\/wp-json\/wp\/v2\/posts\/5176","targetHints":{"allow":["GET"]}}],"collection":[{"href":"http:\/\/www.frederic-poitou.com\/blog\/wp-json\/wp\/v2\/posts"}],"about":[{"href":"http:\/\/www.frederic-poitou.com\/blog\/wp-json\/wp\/v2\/types\/post"}],"author":[{"embeddable":true,"href":"http:\/\/www.frederic-poitou.com\/blog\/wp-json\/wp\/v2\/users\/4"}],"replies":[{"embeddable":true,"href":"http:\/\/www.frederic-poitou.com\/blog\/wp-json\/wp\/v2\/comments?post=5176"}],"version-history":[{"count":1,"href":"http:\/\/www.frederic-poitou.com\/blog\/wp-json\/wp\/v2\/posts\/5176\/revisions"}],"predecessor-version":[{"id":10196,"href":"http:\/\/www.frederic-poitou.com\/blog\/wp-json\/wp\/v2\/posts\/5176\/revisions\/10196"}],"wp:attachment":[{"href":"http:\/\/www.frederic-poitou.com\/blog\/wp-json\/wp\/v2\/media?parent=5176"}],"wp:term":[{"taxonomy":"category","embeddable":true,"href":"http:\/\/www.frederic-poitou.com\/blog\/wp-json\/wp\/v2\/categories?post=5176"},{"taxonomy":"post_tag","embeddable":true,"href":"http:\/\/www.frederic-poitou.com\/blog\/wp-json\/wp\/v2\/tags?post=5176"}],"curies":[{"name":"wp","href":"https:\/\/api.w.org\/{rel}","templated":true}]}}