{"id":4999,"date":"2023-07-13T22:45:32","date_gmt":"2023-07-13T20:45:32","guid":{"rendered":"http:\/\/www.frederic-poitou.com\/blog\/?p=4999"},"modified":"2026-04-14T01:30:35","modified_gmt":"2026-04-13T23:30:35","slug":"de-ciel-et-de-chair-vendredi-11-mars-a-20h","status":"publish","type":"post","link":"http:\/\/www.frederic-poitou.com\/blog\/de-ciel-et-de-chair-vendredi-11-mars-a-20h\/","title":{"rendered":"DE CIEL ET DE CHAIR &#8230; VENDREDI 11 MARS A 20H"},"content":{"rendered":"<p>a Bible contient un petit bijou de litt\u00e9rature profane : le Cantique des Cantiques (le superlatif n\u2019existant pas en h\u00e9breu, il serait plus logique de dire : le plus beaux des cantiques). Il s\u2019agirait en fait un chant d\u2019amour entre une jeune femme (une Sulamithe, convoit\u00e9e par le roi Salomon) et un berger.<\/p>\n<p>Pour le clerg\u00e9 Catholique et pour de nombreux croyants il n\u2019est, bien \u00e9videmment, pas questions d\u2019y voir un po\u00e8me \u00e9rotique, mais une all\u00e9gorie dont la signification&#8230; Mais Chut ! Ne g\u00e2chons pas notre plaisir avec une vision restrictive, \u00a0certains sont plus ouverts &#8230;<\/p>\n<p style=\"text-align: center;\"><span style=\"color: #ffffff;\">&#8211;<\/span><\/p>\n<p style=\"text-align: center;\"><strong>Qu&rsquo;il me baise des baisers de sa bouche !<br \/>\nCar ton amour vaut mieux que le vin,<br \/>\nTes parfums ont une odeur suave,<br \/>\nTon nom est un parfum qui se r\u00e9pand,<br \/>\nC&rsquo;est pourquoi les jeunes filles t&rsquo;aiment.<\/strong><\/p>\n<p style=\"text-align: center;\"><strong><br \/>\nEntra\u00eene-moi apr\u00e8s toi,<br \/>\nNous courrons !<br \/>\nLe roi m&rsquo;introduit dans ses appartements&#8230;<br \/>\nNous nous \u00e9gaierons, nous nous r\u00e9jouirons \u00e0 cause de toi;<br \/>\nNous c\u00e9l\u00e9brerons ton amour plus que le vin.<br \/>\nC&rsquo;est avec raison que l&rsquo;on t&rsquo;aime.<br \/>\nJe suis bronz\u00e9e, mais je suis belle, filles de J\u00e9rusalem, \u2026 <\/strong><\/p>\n<p style=\"text-align: center;\"><strong><span style=\"color: #ffffff;\">&#8211; <\/span><\/strong><\/p>\n<p style=\"text-align: center;\"><strong><img loading=\"lazy\" decoding=\"async\" class=\"size-full wp-image-5000 aligncenter\" title=\"AFFICHE\" src=\"http:\/\/www.frederic-poitou.com\/blog\/wp-content\/AFFICHE2.jpg\" alt=\"AFFICHE\" width=\"476\" height=\"674\" \/><br \/>\n<\/strong><\/p>\n","protected":false},"excerpt":{"rendered":"<p>a Bible contient un petit bijou de litt\u00e9rature profane : le Cantique des Cantiques (le superlatif n\u2019existant pas en h\u00e9breu, il serait plus logique de dire : le plus beaux des cantiques). Il s\u2019agirait en fait un chant d\u2019amour entre &hellip; <a href=\"http:\/\/www.frederic-poitou.com\/blog\/de-ciel-et-de-chair-vendredi-11-mars-a-20h\/\">Lire la suite\u00ad\u00ad<\/a><\/p>\n","protected":false},"author":4,"featured_media":0,"comment_status":"open","ping_status":"open","sticky":false,"template":"","format":"standard","meta":{"kt_blocks_editor_width":"","_exactmetrics_skip_tracking":false,"_exactmetrics_sitenote_active":false,"_exactmetrics_sitenote_note":"","_exactmetrics_sitenote_category":0,"footnotes":""},"categories":[1],"tags":[21,23,50],"class_list":["post-4999","post","type-post","status-publish","format-standard","hentry","category-politique-economie","tag-arts-et-culture","tag-belgique-2","tag-politique-economie"],"yoast_head":"<!-- This site is optimized with the Yoast SEO plugin v27.1.1 - https:\/\/yoast.com\/product\/yoast-seo-wordpress\/ -->\n<title>DE CIEL ET DE CHAIR ... VENDREDI 11 MARS A 20H -<\/title>\n<meta name=\"robots\" content=\"index, follow, max-snippet:-1, max-image-preview:large, max-video-preview:-1\" \/>\n<link rel=\"canonical\" href=\"https:\/\/www.frederic-poitou.com\/blog\/de-ciel-et-de-chair-vendredi-11-mars-a-20h\/\" \/>\n<meta property=\"og:locale\" content=\"fr_FR\" \/>\n<meta property=\"og:type\" content=\"article\" \/>\n<meta property=\"og:title\" content=\"DE CIEL ET DE CHAIR ... VENDREDI 11 MARS A 20H -\" \/>\n<meta property=\"og:description\" content=\"a Bible contient un petit bijou de litt\u00e9rature profane : le Cantique des Cantiques (le superlatif n\u2019existant pas en h\u00e9breu, il serait plus logique de dire : le plus beaux des cantiques). Il s\u2019agirait en fait un chant d\u2019amour entre &hellip; Lire la suite\u00ad\u00ad\" \/>\n<meta property=\"og:url\" content=\"https:\/\/www.frederic-poitou.com\/blog\/de-ciel-et-de-chair-vendredi-11-mars-a-20h\/\" \/>\n<meta property=\"article:publisher\" content=\"https:\/\/www.facebook.com\/frederic.poitou\/\" \/>\n<meta property=\"article:published_time\" content=\"2023-07-13T20:45:32+00:00\" \/>\n<meta property=\"article:modified_time\" content=\"2026-04-13T23:30:35+00:00\" \/>\n<meta property=\"og:image\" content=\"http:\/\/www.frederic-poitou.com\/blog\/wp-content\/AFFICHE2.jpg\" \/>\n<meta name=\"author\" content=\"Fr\u00e9d\u00e9ric Poitou\" \/>\n<meta name=\"twitter:card\" content=\"summary_large_image\" \/>\n<meta name=\"twitter:creator\" content=\"@fredericpoitou\" \/>\n<meta name=\"twitter:site\" content=\"@fredericpoitou\" \/>\n<meta name=\"twitter:label1\" content=\"\u00c9crit par\" \/>\n\t<meta name=\"twitter:data1\" content=\"Fr\u00e9d\u00e9ric Poitou\" \/>\n\t<meta name=\"twitter:label2\" content=\"Dur\u00e9e de lecture estim\u00e9e\" \/>\n\t<meta name=\"twitter:data2\" content=\"1 minute\" \/>\n<script type=\"application\/ld+json\" class=\"yoast-schema-graph\">{\"@context\":\"https:\/\/schema.org\",\"@graph\":[{\"@type\":\"Article\",\"@id\":\"https:\/\/www.frederic-poitou.com\/blog\/de-ciel-et-de-chair-vendredi-11-mars-a-20h\/#article\",\"isPartOf\":{\"@id\":\"https:\/\/www.frederic-poitou.com\/blog\/de-ciel-et-de-chair-vendredi-11-mars-a-20h\/\"},\"author\":{\"name\":\"Fr\u00e9d\u00e9ric Poitou\",\"@id\":\"http:\/\/www.frederic-poitou.com\/blog\/#\/schema\/person\/e2c2d05e978747818533fdce859a7799\"},\"headline\":\"DE CIEL ET DE CHAIR &#8230; VENDREDI 11 MARS A 20H\",\"datePublished\":\"2023-07-13T20:45:32+00:00\",\"dateModified\":\"2026-04-13T23:30:35+00:00\",\"mainEntityOfPage\":{\"@id\":\"https:\/\/www.frederic-poitou.com\/blog\/de-ciel-et-de-chair-vendredi-11-mars-a-20h\/\"},\"wordCount\":208,\"commentCount\":0,\"image\":{\"@id\":\"https:\/\/www.frederic-poitou.com\/blog\/de-ciel-et-de-chair-vendredi-11-mars-a-20h\/#primaryimage\"},\"thumbnailUrl\":\"http:\/\/www.frederic-poitou.com\/blog\/wp-content\/AFFICHE2.jpg\",\"keywords\":[\"Arts et Culture\",\"Belgique\",\"Divers\"],\"articleSection\":[\"Divers\"],\"inLanguage\":\"fr-FR\",\"potentialAction\":[{\"@type\":\"CommentAction\",\"name\":\"Comment\",\"target\":[\"https:\/\/www.frederic-poitou.com\/blog\/de-ciel-et-de-chair-vendredi-11-mars-a-20h\/#respond\"]}]},{\"@type\":\"WebPage\",\"@id\":\"https:\/\/www.frederic-poitou.com\/blog\/de-ciel-et-de-chair-vendredi-11-mars-a-20h\/\",\"url\":\"https:\/\/www.frederic-poitou.com\/blog\/de-ciel-et-de-chair-vendredi-11-mars-a-20h\/\",\"name\":\"DE CIEL ET DE CHAIR ... VENDREDI 11 MARS A 20H -\",\"isPartOf\":{\"@id\":\"http:\/\/www.frederic-poitou.com\/blog\/#website\"},\"primaryImageOfPage\":{\"@id\":\"https:\/\/www.frederic-poitou.com\/blog\/de-ciel-et-de-chair-vendredi-11-mars-a-20h\/#primaryimage\"},\"image\":{\"@id\":\"https:\/\/www.frederic-poitou.com\/blog\/de-ciel-et-de-chair-vendredi-11-mars-a-20h\/#primaryimage\"},\"thumbnailUrl\":\"http:\/\/www.frederic-poitou.com\/blog\/wp-content\/AFFICHE2.jpg\",\"datePublished\":\"2023-07-13T20:45:32+00:00\",\"dateModified\":\"2026-04-13T23:30:35+00:00\",\"author\":{\"@id\":\"http:\/\/www.frederic-poitou.com\/blog\/#\/schema\/person\/e2c2d05e978747818533fdce859a7799\"},\"breadcrumb\":{\"@id\":\"https:\/\/www.frederic-poitou.com\/blog\/de-ciel-et-de-chair-vendredi-11-mars-a-20h\/#breadcrumb\"},\"inLanguage\":\"fr-FR\",\"potentialAction\":[{\"@type\":\"ReadAction\",\"target\":[\"https:\/\/www.frederic-poitou.com\/blog\/de-ciel-et-de-chair-vendredi-11-mars-a-20h\/\"]}]},{\"@type\":\"ImageObject\",\"inLanguage\":\"fr-FR\",\"@id\":\"https:\/\/www.frederic-poitou.com\/blog\/de-ciel-et-de-chair-vendredi-11-mars-a-20h\/#primaryimage\",\"url\":\"http:\/\/www.frederic-poitou.com\/blog\/wp-content\/AFFICHE2.jpg\",\"contentUrl\":\"http:\/\/www.frederic-poitou.com\/blog\/wp-content\/AFFICHE2.jpg\"},{\"@type\":\"BreadcrumbList\",\"@id\":\"https:\/\/www.frederic-poitou.com\/blog\/de-ciel-et-de-chair-vendredi-11-mars-a-20h\/#breadcrumb\",\"itemListElement\":[{\"@type\":\"ListItem\",\"position\":1,\"name\":\"Accueil\",\"item\":\"http:\/\/www.frederic-poitou.com\/blog\/\"},{\"@type\":\"ListItem\",\"position\":2,\"name\":\"DE CIEL ET DE CHAIR &#8230; VENDREDI 11 MARS A 20H\"}]},{\"@type\":\"WebSite\",\"@id\":\"http:\/\/www.frederic-poitou.com\/blog\/#website\",\"url\":\"http:\/\/www.frederic-poitou.com\/blog\/\",\"name\":\"\",\"description\":\"\",\"potentialAction\":[{\"@type\":\"SearchAction\",\"target\":{\"@type\":\"EntryPoint\",\"urlTemplate\":\"http:\/\/www.frederic-poitou.com\/blog\/?s={search_term_string}\"},\"query-input\":{\"@type\":\"PropertyValueSpecification\",\"valueRequired\":true,\"valueName\":\"search_term_string\"}}],\"inLanguage\":\"fr-FR\"},{\"@type\":\"Person\",\"@id\":\"http:\/\/www.frederic-poitou.com\/blog\/#\/schema\/person\/e2c2d05e978747818533fdce859a7799\",\"name\":\"Fr\u00e9d\u00e9ric Poitou\",\"image\":{\"@type\":\"ImageObject\",\"inLanguage\":\"fr-FR\",\"@id\":\"http:\/\/www.frederic-poitou.com\/blog\/#\/schema\/person\/image\/\",\"url\":\"https:\/\/secure.gravatar.com\/avatar\/1933bcca279a2feafd35d9e0a080c521e11beb51115fe4cfe02e2586ac13424a?s=96&d=mm&r=g\",\"contentUrl\":\"https:\/\/secure.gravatar.com\/avatar\/1933bcca279a2feafd35d9e0a080c521e11beb51115fe4cfe02e2586ac13424a?s=96&d=mm&r=g\",\"caption\":\"Fr\u00e9d\u00e9ric Poitou\"},\"description\":\"Fr\u00e9d\u00e9ric Poitou est n\u00e9 \u00e0 Rouen, et y a fait des \u00e9tudes au Conservatoire en musique-\u00e9tudes en section piano. Il s'est ensuite orient\u00e9 vers des \u00e9tudes scientifiques o\u00f9 il a obtenu un dipl\u00f4me d'ing\u00e9nieur, puis un doctorat en Chimie. Il est Expert Judiciaire en France, en Belgique et \u00e0 Luxembourg, et agr\u00e9e par les Institutions Europ\u00e9ennes.\",\"sameAs\":[\"http:\/\/www.frederic-poitou.com\",\"https:\/\/www.linkedin.com\/in\/frederic-poitou-b045a025\/\"]}]}<\/script>\n<!-- \/ Yoast SEO plugin. -->","yoast_head_json":{"title":"DE CIEL ET DE CHAIR ... VENDREDI 11 MARS A 20H -","robots":{"index":"index","follow":"follow","max-snippet":"max-snippet:-1","max-image-preview":"max-image-preview:large","max-video-preview":"max-video-preview:-1"},"canonical":"https:\/\/www.frederic-poitou.com\/blog\/de-ciel-et-de-chair-vendredi-11-mars-a-20h\/","og_locale":"fr_FR","og_type":"article","og_title":"DE CIEL ET DE CHAIR ... VENDREDI 11 MARS A 20H -","og_description":"a Bible contient un petit bijou de litt\u00e9rature profane : le Cantique des Cantiques (le superlatif n\u2019existant pas en h\u00e9breu, il serait plus logique de dire : le plus beaux des cantiques). Il s\u2019agirait en fait un chant d\u2019amour entre &hellip; Lire la suite\u00ad\u00ad","og_url":"https:\/\/www.frederic-poitou.com\/blog\/de-ciel-et-de-chair-vendredi-11-mars-a-20h\/","article_publisher":"https:\/\/www.facebook.com\/frederic.poitou\/","article_published_time":"2023-07-13T20:45:32+00:00","article_modified_time":"2026-04-13T23:30:35+00:00","og_image":[{"url":"http:\/\/www.frederic-poitou.com\/blog\/wp-content\/AFFICHE2.jpg","type":"","width":"","height":""}],"author":"Fr\u00e9d\u00e9ric Poitou","twitter_card":"summary_large_image","twitter_creator":"@fredericpoitou","twitter_site":"@fredericpoitou","twitter_misc":{"\u00c9crit par":"Fr\u00e9d\u00e9ric Poitou","Dur\u00e9e de lecture estim\u00e9e":"1 minute"},"schema":{"@context":"https:\/\/schema.org","@graph":[{"@type":"Article","@id":"https:\/\/www.frederic-poitou.com\/blog\/de-ciel-et-de-chair-vendredi-11-mars-a-20h\/#article","isPartOf":{"@id":"https:\/\/www.frederic-poitou.com\/blog\/de-ciel-et-de-chair-vendredi-11-mars-a-20h\/"},"author":{"name":"Fr\u00e9d\u00e9ric Poitou","@id":"http:\/\/www.frederic-poitou.com\/blog\/#\/schema\/person\/e2c2d05e978747818533fdce859a7799"},"headline":"DE CIEL ET DE CHAIR &#8230; VENDREDI 11 MARS A 20H","datePublished":"2023-07-13T20:45:32+00:00","dateModified":"2026-04-13T23:30:35+00:00","mainEntityOfPage":{"@id":"https:\/\/www.frederic-poitou.com\/blog\/de-ciel-et-de-chair-vendredi-11-mars-a-20h\/"},"wordCount":208,"commentCount":0,"image":{"@id":"https:\/\/www.frederic-poitou.com\/blog\/de-ciel-et-de-chair-vendredi-11-mars-a-20h\/#primaryimage"},"thumbnailUrl":"http:\/\/www.frederic-poitou.com\/blog\/wp-content\/AFFICHE2.jpg","keywords":["Arts et Culture","Belgique","Divers"],"articleSection":["Divers"],"inLanguage":"fr-FR","potentialAction":[{"@type":"CommentAction","name":"Comment","target":["https:\/\/www.frederic-poitou.com\/blog\/de-ciel-et-de-chair-vendredi-11-mars-a-20h\/#respond"]}]},{"@type":"WebPage","@id":"https:\/\/www.frederic-poitou.com\/blog\/de-ciel-et-de-chair-vendredi-11-mars-a-20h\/","url":"https:\/\/www.frederic-poitou.com\/blog\/de-ciel-et-de-chair-vendredi-11-mars-a-20h\/","name":"DE CIEL ET DE CHAIR ... VENDREDI 11 MARS A 20H -","isPartOf":{"@id":"http:\/\/www.frederic-poitou.com\/blog\/#website"},"primaryImageOfPage":{"@id":"https:\/\/www.frederic-poitou.com\/blog\/de-ciel-et-de-chair-vendredi-11-mars-a-20h\/#primaryimage"},"image":{"@id":"https:\/\/www.frederic-poitou.com\/blog\/de-ciel-et-de-chair-vendredi-11-mars-a-20h\/#primaryimage"},"thumbnailUrl":"http:\/\/www.frederic-poitou.com\/blog\/wp-content\/AFFICHE2.jpg","datePublished":"2023-07-13T20:45:32+00:00","dateModified":"2026-04-13T23:30:35+00:00","author":{"@id":"http:\/\/www.frederic-poitou.com\/blog\/#\/schema\/person\/e2c2d05e978747818533fdce859a7799"},"breadcrumb":{"@id":"https:\/\/www.frederic-poitou.com\/blog\/de-ciel-et-de-chair-vendredi-11-mars-a-20h\/#breadcrumb"},"inLanguage":"fr-FR","potentialAction":[{"@type":"ReadAction","target":["https:\/\/www.frederic-poitou.com\/blog\/de-ciel-et-de-chair-vendredi-11-mars-a-20h\/"]}]},{"@type":"ImageObject","inLanguage":"fr-FR","@id":"https:\/\/www.frederic-poitou.com\/blog\/de-ciel-et-de-chair-vendredi-11-mars-a-20h\/#primaryimage","url":"http:\/\/www.frederic-poitou.com\/blog\/wp-content\/AFFICHE2.jpg","contentUrl":"http:\/\/www.frederic-poitou.com\/blog\/wp-content\/AFFICHE2.jpg"},{"@type":"BreadcrumbList","@id":"https:\/\/www.frederic-poitou.com\/blog\/de-ciel-et-de-chair-vendredi-11-mars-a-20h\/#breadcrumb","itemListElement":[{"@type":"ListItem","position":1,"name":"Accueil","item":"http:\/\/www.frederic-poitou.com\/blog\/"},{"@type":"ListItem","position":2,"name":"DE CIEL ET DE CHAIR &#8230; VENDREDI 11 MARS A 20H"}]},{"@type":"WebSite","@id":"http:\/\/www.frederic-poitou.com\/blog\/#website","url":"http:\/\/www.frederic-poitou.com\/blog\/","name":"","description":"","potentialAction":[{"@type":"SearchAction","target":{"@type":"EntryPoint","urlTemplate":"http:\/\/www.frederic-poitou.com\/blog\/?s={search_term_string}"},"query-input":{"@type":"PropertyValueSpecification","valueRequired":true,"valueName":"search_term_string"}}],"inLanguage":"fr-FR"},{"@type":"Person","@id":"http:\/\/www.frederic-poitou.com\/blog\/#\/schema\/person\/e2c2d05e978747818533fdce859a7799","name":"Fr\u00e9d\u00e9ric Poitou","image":{"@type":"ImageObject","inLanguage":"fr-FR","@id":"http:\/\/www.frederic-poitou.com\/blog\/#\/schema\/person\/image\/","url":"https:\/\/secure.gravatar.com\/avatar\/1933bcca279a2feafd35d9e0a080c521e11beb51115fe4cfe02e2586ac13424a?s=96&d=mm&r=g","contentUrl":"https:\/\/secure.gravatar.com\/avatar\/1933bcca279a2feafd35d9e0a080c521e11beb51115fe4cfe02e2586ac13424a?s=96&d=mm&r=g","caption":"Fr\u00e9d\u00e9ric Poitou"},"description":"Fr\u00e9d\u00e9ric Poitou est n\u00e9 \u00e0 Rouen, et y a fait des \u00e9tudes au Conservatoire en musique-\u00e9tudes en section piano. Il s'est ensuite orient\u00e9 vers des \u00e9tudes scientifiques o\u00f9 il a obtenu un dipl\u00f4me d'ing\u00e9nieur, puis un doctorat en Chimie. Il est Expert Judiciaire en France, en Belgique et \u00e0 Luxembourg, et agr\u00e9e par les Institutions Europ\u00e9ennes.","sameAs":["http:\/\/www.frederic-poitou.com","https:\/\/www.linkedin.com\/in\/frederic-poitou-b045a025\/"]}]}},"_links":{"self":[{"href":"http:\/\/www.frederic-poitou.com\/blog\/wp-json\/wp\/v2\/posts\/4999","targetHints":{"allow":["GET"]}}],"collection":[{"href":"http:\/\/www.frederic-poitou.com\/blog\/wp-json\/wp\/v2\/posts"}],"about":[{"href":"http:\/\/www.frederic-poitou.com\/blog\/wp-json\/wp\/v2\/types\/post"}],"author":[{"embeddable":true,"href":"http:\/\/www.frederic-poitou.com\/blog\/wp-json\/wp\/v2\/users\/4"}],"replies":[{"embeddable":true,"href":"http:\/\/www.frederic-poitou.com\/blog\/wp-json\/wp\/v2\/comments?post=4999"}],"version-history":[{"count":1,"href":"http:\/\/www.frederic-poitou.com\/blog\/wp-json\/wp\/v2\/posts\/4999\/revisions"}],"predecessor-version":[{"id":10185,"href":"http:\/\/www.frederic-poitou.com\/blog\/wp-json\/wp\/v2\/posts\/4999\/revisions\/10185"}],"wp:attachment":[{"href":"http:\/\/www.frederic-poitou.com\/blog\/wp-json\/wp\/v2\/media?parent=4999"}],"wp:term":[{"taxonomy":"category","embeddable":true,"href":"http:\/\/www.frederic-poitou.com\/blog\/wp-json\/wp\/v2\/categories?post=4999"},{"taxonomy":"post_tag","embeddable":true,"href":"http:\/\/www.frederic-poitou.com\/blog\/wp-json\/wp\/v2\/tags?post=4999"}],"curies":[{"name":"wp","href":"https:\/\/api.w.org\/{rel}","templated":true}]}}