{"id":4904,"date":"2023-07-13T20:05:32","date_gmt":"2023-07-13T18:05:32","guid":{"rendered":"http:\/\/www.frederic-poitou.com\/blog\/?p=4904"},"modified":"2026-04-11T01:53:02","modified_gmt":"2026-04-10T23:53:02","slug":"une-etoile-est-nee-grande-classe","status":"publish","type":"post","link":"http:\/\/www.frederic-poitou.com\/blog\/une-etoile-est-nee-grande-classe\/","title":{"rendered":"SARA ET LA PETITE CULOTTE : LA GRANDE CLASSE !"},"content":{"rendered":"<p style=\"text-align: justify;\">Hier soir, une Etoile est n\u00e9e, incontestablement<\/p>\n<p style=\"text-align: justify;\">A l&rsquo;occasion de la s\u00e9ance d&rsquo;autosatisfaction annuelle du cin\u00e9ma fran\u00e7ais, Sara Forestier attif\u00e9e en look baby doll (1), avec des chaussures dor\u00e9es du meilleur go\u00fbt (2), est mont\u00e9e sur sc\u00e8ne chercher son prix en d\u00e9butant par un vibrant hommage \u00e0 Fran\u00e7ois Cluzet\u00a0\u00ab<em> Je vous adore\u00a0! Je suis compl\u00e8ment fan de vous\u00a0! <\/em>\u00bb, lui lance-t-elle. C&rsquo;\u00e9tait d\u00e9j\u00e0 beau comme du Audiard, mais la suite est plus subtile encore &#8230;<\/p>\n<p style=\"text-align: justify;\"><span style=\"color: #ffffff;\">&#8211;<\/span><\/p>\n<p style=\"text-align: center;\"><span style=\"color: #ffffff;\"><img loading=\"lazy\" decoding=\"async\" class=\"aligncenter size-full wp-image-4915\" title=\"Sara-Forestier-baby-doll-pas-si-sage_diaporama\" src=\"http:\/\/www.frederic-poitou.com\/blog\/wp-content\/Sara-Forestier-baby-doll-pas-si-sage_diaporama.jpg\" alt=\"Sara-Forestier-baby-doll-pas-si-sage_diaporama\" width=\"255\" height=\"383\" srcset=\"http:\/\/www.frederic-poitou.com\/blog\/wp-content\/Sara-Forestier-baby-doll-pas-si-sage_diaporama.jpg 255w, http:\/\/www.frederic-poitou.com\/blog\/wp-content\/Sara-Forestier-baby-doll-pas-si-sage_diaporama-199x300.jpg 199w\" sizes=\"auto, (max-width: 255px) 100vw, 255px\" \/><\/span><\/p>\n<p style=\"text-align: center;\"><span style=\"color: #000000;\">(1)<\/span><\/p>\n<p style=\"text-align: center;\"><span style=\"color: #ffffff;\">&#8211;<\/span><\/p>\n<p style=\"text-align: center;\"><span style=\"color: #ffffff;\"><img loading=\"lazy\" decoding=\"async\" class=\"aligncenter size-thumbnail wp-image-4916\" title=\"Sara-Forestier-rock-n-roll-jusqu-au-bout-des-pieds_diaporama\" src=\"http:\/\/www.frederic-poitou.com\/blog\/wp-content\/Sara-Forestier-rock-n-roll-jusqu-au-bout-des-pieds_diaporama-150x150.jpg\" alt=\"Sara-Forestier-rock-n-roll-jusqu-au-bout-des-pieds_diaporama\" width=\"150\" height=\"150\" \/><\/span><\/p>\n<p style=\"text-align: center;\"><span style=\"color: #000000;\">(2)<\/span><\/p>\n<p style=\"text-align: justify;\"><span style=\"color: #ffffff;\">&#8211;<\/span><\/p>\n<p style=\"text-align: justify;\">La com\u00e9dienne explique \u00e9galement qu&rsquo;elle n&rsquo;a rien pr\u00e9par\u00e9 pour une \u00e9ventuelle r\u00e9compense, sauf qu&rsquo;elle a enfil\u00e9 \u00ab\u00a0<em>sa culotte porte-bonheur<\/em> \u00bb.<\/p>\n<p style=\"text-align: justify;\">La France enti\u00e8re attendait ca ! Et elle est comment ta culotte ma petite ?<\/p>\n<p style=\"text-align: justify;\">Heureusement, la gamine ajoute <em>\u00ab\u00a0mais je l&rsquo;ai lav\u00e9e, et repass\u00e9e &#8230;\u00a0\u00bb<\/em><\/p>\n<p style=\"text-align: justify;\">Ouf. On a eu peur. L&rsquo;aurait plus manqu\u00e9 que la culotte soit sale, et froiss\u00e9e &#8230; !<\/p>\n<p style=\"text-align: justify;\">Au d\u00e9but, j&rsquo;ai cru \u00e0 un gag car je n&rsquo;ai pas vu l&rsquo;\u00e9mission. Mais \u00e0 bien regarder, elle a fait la m\u00eame d\u00e9claration \u00e0 plusieurs t\u00e9l\u00e9visions ! Un peu comme si elle avait pr\u00e9par\u00e9 son coup. En plus, elle serait strat\u00e8ge .. ?<\/p>\n<p style=\"text-align: justify;\">Puis, tout \u00e0 la fin de son intervention, Sara Forestier feint l&rsquo;h\u00e9sitation (genre vierge effarouch\u00e9e &#8230;) \u00a0avant de lancer \u00a0:<\/p>\n<p style=\"text-align: justify;\"><em>\u00ab\u00a0Le cin\u00e9ma c&rsquo;est quand m\u00eame incroyable parce que dans ce film je joue une pute politique et quand j&rsquo;ai fait le film, je ne connaissais rien \u00e0 la politique et&#8230; j&rsquo;\u00e9tais vierge\u00a0! <\/em>\u00bb,<\/p>\n<p style=\"text-align: justify;\">Grande classe non ?<\/p>\n<p style=\"text-align: justify;\">Rien \u00e0 voir avec la classe de Danielle Darrieux ou de Mich\u00e8le Morgan, la consistance de Simone Signoret, la fragilit\u00e9 romantique et la beaut\u00e9 de Romy Schneider. Et j&rsquo;oublie Annie Girardot, Jeanne Moreau et d&rsquo;autres &#8230;<\/p>\n<p style=\"text-align: justify;\">Je vous rassure, on a \u00e9vit\u00e9 le pire. Voici deux ans, elle d\u00e9clarait qu&rsquo;elle aurait aussi aim\u00e9 devenir peintre ..<\/p>\n<p style=\"text-align: justify;\">Bref. Je crois qu&rsquo;avec Sara Forestier, on a la grande star des ann\u00e9es \u00e0 venir. Le cin\u00e9ma fran\u00e7ais peut \u00eatre fier. La rel\u00e8ve est assur\u00e9e &#8230;<\/p>\n<p style=\"text-align: justify;\"><span style=\"color: #ffffff;\">&#8211;<\/span><\/p>\n<p style=\"text-align: justify;\">Avant elle, les r\u00e9alisateurs du film avaient d\u00e9j\u00e0 mis le ton, en venant chercher leur r\u00e9compense. Bisous et p\u00e9dophilie au menu !<\/p>\n<p style=\"text-align: justify;\">Je crois qu&rsquo;avec Baya Kasmi et Michel Leclerc, on a enfin trouv\u00e9 les successeurs des Beineix, Autant Lara, Marcel Carn\u00e9, Lautner, Oury &#8230;<\/p>\n<p style=\"text-align: justify;\">Que de la grande classe je vous dis.<\/p>\n<p style=\"text-align: justify;\"><span style=\"color: #ffffff;\">&#8211;<\/span><\/p>\n<p style=\"text-align: center;\"><object width=\"480\" height=\"360\" classid=\"clsid:d27cdb6e-ae6d-11cf-96b8-444553540000\" codebase=\"http:\/\/download.macromedia.com\/pub\/shockwave\/cabs\/flash\/swflash.cab#version=6,0,40,0\"><param name=\"allowFullScreen\" value=\"true\" \/><param name=\"allowScriptAccess\" value=\"always\" \/><param name=\"src\" value=\"http:\/\/www.dailymotion.com\/swf\/video\/xh9br1\" \/><param name=\"allowfullscreen\" value=\"true\" \/><embed type=\"application\/x-shockwave-flash\" width=\"480\" height=\"360\" src=\"http:\/\/www.dailymotion.com\/swf\/video\/xh9br1\" allowscriptaccess=\"always\" allowfullscreen=\"allowfullscreen\" \/><\/object><\/p>\n<p style=\"text-align: justify;\"><span style=\"color: #ffffff;\">&#8212;<\/span><\/p>\n<p style=\"text-align: justify;\"><span style=\"color: #ffffff;\">&#8211;<\/span><\/p>\n<p style=\"text-align: justify;\"><span style=\"color: #ffffff;\">&#8211;<\/span><\/p>\n<p style=\"text-align: justify;\"><span style=\"color: #ffffff;\"><br \/>\n<\/span><\/p>\n","protected":false},"excerpt":{"rendered":"<p>Hier soir, une Etoile est n\u00e9e, incontestablement A l&rsquo;occasion de la s\u00e9ance d&rsquo;autosatisfaction annuelle du cin\u00e9ma fran\u00e7ais, Sara Forestier attif\u00e9e en look baby doll (1), avec des chaussures dor\u00e9es du meilleur go\u00fbt (2), est mont\u00e9e sur sc\u00e8ne chercher son prix &hellip; <a href=\"http:\/\/www.frederic-poitou.com\/blog\/une-etoile-est-nee-grande-classe\/\">Lire la suite\u00ad\u00ad<\/a><\/p>\n","protected":false},"author":4,"featured_media":0,"comment_status":"open","ping_status":"open","sticky":false,"template":"","format":"standard","meta":{"kt_blocks_editor_width":"","_exactmetrics_skip_tracking":false,"_exactmetrics_sitenote_active":false,"_exactmetrics_sitenote_note":"","_exactmetrics_sitenote_category":0,"footnotes":""},"categories":[1],"tags":[27,21,16],"class_list":["post-4904","post","type-post","status-publish","format-standard","hentry","category-politique-economie","tag-actualite","tag-arts-et-culture","tag-divers"],"yoast_head":"<!-- This site is optimized with the Yoast SEO plugin v27.1.1 - https:\/\/yoast.com\/product\/yoast-seo-wordpress\/ -->\n<title>SARA ET LA PETITE CULOTTE : LA GRANDE CLASSE ! -<\/title>\n<meta name=\"robots\" content=\"index, follow, max-snippet:-1, max-image-preview:large, max-video-preview:-1\" \/>\n<link rel=\"canonical\" href=\"http:\/\/www.frederic-poitou.com\/blog\/une-etoile-est-nee-grande-classe\/\" \/>\n<meta property=\"og:locale\" content=\"fr_FR\" \/>\n<meta property=\"og:type\" content=\"article\" \/>\n<meta property=\"og:title\" content=\"SARA ET LA PETITE CULOTTE : LA GRANDE CLASSE ! -\" \/>\n<meta property=\"og:description\" content=\"Hier soir, une Etoile est n\u00e9e, incontestablement A l&rsquo;occasion de la s\u00e9ance d&rsquo;autosatisfaction annuelle du cin\u00e9ma fran\u00e7ais, Sara Forestier attif\u00e9e en look baby doll (1), avec des chaussures dor\u00e9es du meilleur go\u00fbt (2), est mont\u00e9e sur sc\u00e8ne chercher son prix &hellip; Lire la suite\u00ad\u00ad\" \/>\n<meta property=\"og:url\" content=\"http:\/\/www.frederic-poitou.com\/blog\/une-etoile-est-nee-grande-classe\/\" \/>\n<meta property=\"article:publisher\" content=\"https:\/\/www.facebook.com\/frederic.poitou\/\" \/>\n<meta property=\"article:published_time\" content=\"2023-07-13T18:05:32+00:00\" \/>\n<meta property=\"article:modified_time\" content=\"2026-04-10T23:53:02+00:00\" \/>\n<meta property=\"og:image\" content=\"http:\/\/www.frederic-poitou.com\/blog\/wp-content\/Sara-Forestier-baby-doll-pas-si-sage_diaporama.jpg\" \/>\n<meta name=\"author\" content=\"Fr\u00e9d\u00e9ric Poitou\" \/>\n<meta name=\"twitter:card\" content=\"summary_large_image\" \/>\n<meta name=\"twitter:creator\" content=\"@fredericpoitou\" \/>\n<meta name=\"twitter:site\" content=\"@fredericpoitou\" \/>\n<meta name=\"twitter:label1\" content=\"\u00c9crit par\" \/>\n\t<meta name=\"twitter:data1\" content=\"Fr\u00e9d\u00e9ric Poitou\" \/>\n\t<meta name=\"twitter:label2\" content=\"Dur\u00e9e de lecture estim\u00e9e\" \/>\n\t<meta name=\"twitter:data2\" content=\"2 minutes\" \/>\n<script type=\"application\/ld+json\" class=\"yoast-schema-graph\">{\"@context\":\"https:\/\/schema.org\",\"@graph\":[{\"@type\":\"Article\",\"@id\":\"http:\/\/www.frederic-poitou.com\/blog\/une-etoile-est-nee-grande-classe\/#article\",\"isPartOf\":{\"@id\":\"http:\/\/www.frederic-poitou.com\/blog\/une-etoile-est-nee-grande-classe\/\"},\"author\":{\"name\":\"Fr\u00e9d\u00e9ric Poitou\",\"@id\":\"http:\/\/www.frederic-poitou.com\/blog\/#\/schema\/person\/e2c2d05e978747818533fdce859a7799\"},\"headline\":\"SARA ET LA PETITE CULOTTE : LA GRANDE CLASSE !\",\"datePublished\":\"2023-07-13T18:05:32+00:00\",\"dateModified\":\"2026-04-10T23:53:02+00:00\",\"mainEntityOfPage\":{\"@id\":\"http:\/\/www.frederic-poitou.com\/blog\/une-etoile-est-nee-grande-classe\/\"},\"wordCount\":420,\"commentCount\":2,\"image\":{\"@id\":\"http:\/\/www.frederic-poitou.com\/blog\/une-etoile-est-nee-grande-classe\/#primaryimage\"},\"thumbnailUrl\":\"http:\/\/www.frederic-poitou.com\/blog\/wp-content\/Sara-Forestier-baby-doll-pas-si-sage_diaporama.jpg\",\"keywords\":[\"Actualit\u00e9\",\"Arts et Culture\",\"DIVERS\"],\"articleSection\":[\"Divers\"],\"inLanguage\":\"fr-FR\",\"potentialAction\":[{\"@type\":\"CommentAction\",\"name\":\"Comment\",\"target\":[\"http:\/\/www.frederic-poitou.com\/blog\/une-etoile-est-nee-grande-classe\/#respond\"]}]},{\"@type\":\"WebPage\",\"@id\":\"http:\/\/www.frederic-poitou.com\/blog\/une-etoile-est-nee-grande-classe\/\",\"url\":\"http:\/\/www.frederic-poitou.com\/blog\/une-etoile-est-nee-grande-classe\/\",\"name\":\"SARA ET LA PETITE CULOTTE : LA GRANDE CLASSE ! -\",\"isPartOf\":{\"@id\":\"http:\/\/www.frederic-poitou.com\/blog\/#website\"},\"primaryImageOfPage\":{\"@id\":\"http:\/\/www.frederic-poitou.com\/blog\/une-etoile-est-nee-grande-classe\/#primaryimage\"},\"image\":{\"@id\":\"http:\/\/www.frederic-poitou.com\/blog\/une-etoile-est-nee-grande-classe\/#primaryimage\"},\"thumbnailUrl\":\"http:\/\/www.frederic-poitou.com\/blog\/wp-content\/Sara-Forestier-baby-doll-pas-si-sage_diaporama.jpg\",\"datePublished\":\"2023-07-13T18:05:32+00:00\",\"dateModified\":\"2026-04-10T23:53:02+00:00\",\"author\":{\"@id\":\"http:\/\/www.frederic-poitou.com\/blog\/#\/schema\/person\/e2c2d05e978747818533fdce859a7799\"},\"breadcrumb\":{\"@id\":\"http:\/\/www.frederic-poitou.com\/blog\/une-etoile-est-nee-grande-classe\/#breadcrumb\"},\"inLanguage\":\"fr-FR\",\"potentialAction\":[{\"@type\":\"ReadAction\",\"target\":[\"http:\/\/www.frederic-poitou.com\/blog\/une-etoile-est-nee-grande-classe\/\"]}]},{\"@type\":\"ImageObject\",\"inLanguage\":\"fr-FR\",\"@id\":\"http:\/\/www.frederic-poitou.com\/blog\/une-etoile-est-nee-grande-classe\/#primaryimage\",\"url\":\"http:\/\/www.frederic-poitou.com\/blog\/wp-content\/Sara-Forestier-baby-doll-pas-si-sage_diaporama.jpg\",\"contentUrl\":\"http:\/\/www.frederic-poitou.com\/blog\/wp-content\/Sara-Forestier-baby-doll-pas-si-sage_diaporama.jpg\",\"width\":\"255\",\"height\":\"383\"},{\"@type\":\"BreadcrumbList\",\"@id\":\"http:\/\/www.frederic-poitou.com\/blog\/une-etoile-est-nee-grande-classe\/#breadcrumb\",\"itemListElement\":[{\"@type\":\"ListItem\",\"position\":1,\"name\":\"Accueil\",\"item\":\"http:\/\/www.frederic-poitou.com\/blog\/\"},{\"@type\":\"ListItem\",\"position\":2,\"name\":\"SARA ET LA PETITE CULOTTE : LA GRANDE CLASSE !\"}]},{\"@type\":\"WebSite\",\"@id\":\"http:\/\/www.frederic-poitou.com\/blog\/#website\",\"url\":\"http:\/\/www.frederic-poitou.com\/blog\/\",\"name\":\"\",\"description\":\"\",\"potentialAction\":[{\"@type\":\"SearchAction\",\"target\":{\"@type\":\"EntryPoint\",\"urlTemplate\":\"http:\/\/www.frederic-poitou.com\/blog\/?s={search_term_string}\"},\"query-input\":{\"@type\":\"PropertyValueSpecification\",\"valueRequired\":true,\"valueName\":\"search_term_string\"}}],\"inLanguage\":\"fr-FR\"},{\"@type\":\"Person\",\"@id\":\"http:\/\/www.frederic-poitou.com\/blog\/#\/schema\/person\/e2c2d05e978747818533fdce859a7799\",\"name\":\"Fr\u00e9d\u00e9ric Poitou\",\"image\":{\"@type\":\"ImageObject\",\"inLanguage\":\"fr-FR\",\"@id\":\"http:\/\/www.frederic-poitou.com\/blog\/#\/schema\/person\/image\/\",\"url\":\"https:\/\/secure.gravatar.com\/avatar\/1933bcca279a2feafd35d9e0a080c521e11beb51115fe4cfe02e2586ac13424a?s=96&d=mm&r=g\",\"contentUrl\":\"https:\/\/secure.gravatar.com\/avatar\/1933bcca279a2feafd35d9e0a080c521e11beb51115fe4cfe02e2586ac13424a?s=96&d=mm&r=g\",\"caption\":\"Fr\u00e9d\u00e9ric Poitou\"},\"description\":\"Fr\u00e9d\u00e9ric Poitou est n\u00e9 \u00e0 Rouen, et y a fait des \u00e9tudes au Conservatoire en musique-\u00e9tudes en section piano. Il s'est ensuite orient\u00e9 vers des \u00e9tudes scientifiques o\u00f9 il a obtenu un dipl\u00f4me d'ing\u00e9nieur, puis un doctorat en Chimie. Il est Expert Judiciaire en France, en Belgique et \u00e0 Luxembourg, et agr\u00e9e par les Institutions Europ\u00e9ennes.\",\"sameAs\":[\"http:\/\/www.frederic-poitou.com\",\"https:\/\/www.linkedin.com\/in\/frederic-poitou-b045a025\/\"]}]}<\/script>\n<!-- \/ Yoast SEO plugin. -->","yoast_head_json":{"title":"SARA ET LA PETITE CULOTTE : LA GRANDE CLASSE ! -","robots":{"index":"index","follow":"follow","max-snippet":"max-snippet:-1","max-image-preview":"max-image-preview:large","max-video-preview":"max-video-preview:-1"},"canonical":"http:\/\/www.frederic-poitou.com\/blog\/une-etoile-est-nee-grande-classe\/","og_locale":"fr_FR","og_type":"article","og_title":"SARA ET LA PETITE CULOTTE : LA GRANDE CLASSE ! -","og_description":"Hier soir, une Etoile est n\u00e9e, incontestablement A l&rsquo;occasion de la s\u00e9ance d&rsquo;autosatisfaction annuelle du cin\u00e9ma fran\u00e7ais, Sara Forestier attif\u00e9e en look baby doll (1), avec des chaussures dor\u00e9es du meilleur go\u00fbt (2), est mont\u00e9e sur sc\u00e8ne chercher son prix &hellip; Lire la suite\u00ad\u00ad","og_url":"http:\/\/www.frederic-poitou.com\/blog\/une-etoile-est-nee-grande-classe\/","article_publisher":"https:\/\/www.facebook.com\/frederic.poitou\/","article_published_time":"2023-07-13T18:05:32+00:00","article_modified_time":"2026-04-10T23:53:02+00:00","og_image":[{"url":"http:\/\/www.frederic-poitou.com\/blog\/wp-content\/Sara-Forestier-baby-doll-pas-si-sage_diaporama.jpg","type":"","width":"","height":""}],"author":"Fr\u00e9d\u00e9ric Poitou","twitter_card":"summary_large_image","twitter_creator":"@fredericpoitou","twitter_site":"@fredericpoitou","twitter_misc":{"\u00c9crit par":"Fr\u00e9d\u00e9ric Poitou","Dur\u00e9e de lecture estim\u00e9e":"2 minutes"},"schema":{"@context":"https:\/\/schema.org","@graph":[{"@type":"Article","@id":"http:\/\/www.frederic-poitou.com\/blog\/une-etoile-est-nee-grande-classe\/#article","isPartOf":{"@id":"http:\/\/www.frederic-poitou.com\/blog\/une-etoile-est-nee-grande-classe\/"},"author":{"name":"Fr\u00e9d\u00e9ric Poitou","@id":"http:\/\/www.frederic-poitou.com\/blog\/#\/schema\/person\/e2c2d05e978747818533fdce859a7799"},"headline":"SARA ET LA PETITE CULOTTE : LA GRANDE CLASSE !","datePublished":"2023-07-13T18:05:32+00:00","dateModified":"2026-04-10T23:53:02+00:00","mainEntityOfPage":{"@id":"http:\/\/www.frederic-poitou.com\/blog\/une-etoile-est-nee-grande-classe\/"},"wordCount":420,"commentCount":2,"image":{"@id":"http:\/\/www.frederic-poitou.com\/blog\/une-etoile-est-nee-grande-classe\/#primaryimage"},"thumbnailUrl":"http:\/\/www.frederic-poitou.com\/blog\/wp-content\/Sara-Forestier-baby-doll-pas-si-sage_diaporama.jpg","keywords":["Actualit\u00e9","Arts et Culture","DIVERS"],"articleSection":["Divers"],"inLanguage":"fr-FR","potentialAction":[{"@type":"CommentAction","name":"Comment","target":["http:\/\/www.frederic-poitou.com\/blog\/une-etoile-est-nee-grande-classe\/#respond"]}]},{"@type":"WebPage","@id":"http:\/\/www.frederic-poitou.com\/blog\/une-etoile-est-nee-grande-classe\/","url":"http:\/\/www.frederic-poitou.com\/blog\/une-etoile-est-nee-grande-classe\/","name":"SARA ET LA PETITE CULOTTE : LA GRANDE CLASSE ! -","isPartOf":{"@id":"http:\/\/www.frederic-poitou.com\/blog\/#website"},"primaryImageOfPage":{"@id":"http:\/\/www.frederic-poitou.com\/blog\/une-etoile-est-nee-grande-classe\/#primaryimage"},"image":{"@id":"http:\/\/www.frederic-poitou.com\/blog\/une-etoile-est-nee-grande-classe\/#primaryimage"},"thumbnailUrl":"http:\/\/www.frederic-poitou.com\/blog\/wp-content\/Sara-Forestier-baby-doll-pas-si-sage_diaporama.jpg","datePublished":"2023-07-13T18:05:32+00:00","dateModified":"2026-04-10T23:53:02+00:00","author":{"@id":"http:\/\/www.frederic-poitou.com\/blog\/#\/schema\/person\/e2c2d05e978747818533fdce859a7799"},"breadcrumb":{"@id":"http:\/\/www.frederic-poitou.com\/blog\/une-etoile-est-nee-grande-classe\/#breadcrumb"},"inLanguage":"fr-FR","potentialAction":[{"@type":"ReadAction","target":["http:\/\/www.frederic-poitou.com\/blog\/une-etoile-est-nee-grande-classe\/"]}]},{"@type":"ImageObject","inLanguage":"fr-FR","@id":"http:\/\/www.frederic-poitou.com\/blog\/une-etoile-est-nee-grande-classe\/#primaryimage","url":"http:\/\/www.frederic-poitou.com\/blog\/wp-content\/Sara-Forestier-baby-doll-pas-si-sage_diaporama.jpg","contentUrl":"http:\/\/www.frederic-poitou.com\/blog\/wp-content\/Sara-Forestier-baby-doll-pas-si-sage_diaporama.jpg","width":"255","height":"383"},{"@type":"BreadcrumbList","@id":"http:\/\/www.frederic-poitou.com\/blog\/une-etoile-est-nee-grande-classe\/#breadcrumb","itemListElement":[{"@type":"ListItem","position":1,"name":"Accueil","item":"http:\/\/www.frederic-poitou.com\/blog\/"},{"@type":"ListItem","position":2,"name":"SARA ET LA PETITE CULOTTE : LA GRANDE CLASSE !"}]},{"@type":"WebSite","@id":"http:\/\/www.frederic-poitou.com\/blog\/#website","url":"http:\/\/www.frederic-poitou.com\/blog\/","name":"","description":"","potentialAction":[{"@type":"SearchAction","target":{"@type":"EntryPoint","urlTemplate":"http:\/\/www.frederic-poitou.com\/blog\/?s={search_term_string}"},"query-input":{"@type":"PropertyValueSpecification","valueRequired":true,"valueName":"search_term_string"}}],"inLanguage":"fr-FR"},{"@type":"Person","@id":"http:\/\/www.frederic-poitou.com\/blog\/#\/schema\/person\/e2c2d05e978747818533fdce859a7799","name":"Fr\u00e9d\u00e9ric Poitou","image":{"@type":"ImageObject","inLanguage":"fr-FR","@id":"http:\/\/www.frederic-poitou.com\/blog\/#\/schema\/person\/image\/","url":"https:\/\/secure.gravatar.com\/avatar\/1933bcca279a2feafd35d9e0a080c521e11beb51115fe4cfe02e2586ac13424a?s=96&d=mm&r=g","contentUrl":"https:\/\/secure.gravatar.com\/avatar\/1933bcca279a2feafd35d9e0a080c521e11beb51115fe4cfe02e2586ac13424a?s=96&d=mm&r=g","caption":"Fr\u00e9d\u00e9ric Poitou"},"description":"Fr\u00e9d\u00e9ric Poitou est n\u00e9 \u00e0 Rouen, et y a fait des \u00e9tudes au Conservatoire en musique-\u00e9tudes en section piano. Il s'est ensuite orient\u00e9 vers des \u00e9tudes scientifiques o\u00f9 il a obtenu un dipl\u00f4me d'ing\u00e9nieur, puis un doctorat en Chimie. Il est Expert Judiciaire en France, en Belgique et \u00e0 Luxembourg, et agr\u00e9e par les Institutions Europ\u00e9ennes.","sameAs":["http:\/\/www.frederic-poitou.com","https:\/\/www.linkedin.com\/in\/frederic-poitou-b045a025\/"]}]}},"_links":{"self":[{"href":"http:\/\/www.frederic-poitou.com\/blog\/wp-json\/wp\/v2\/posts\/4904","targetHints":{"allow":["GET"]}}],"collection":[{"href":"http:\/\/www.frederic-poitou.com\/blog\/wp-json\/wp\/v2\/posts"}],"about":[{"href":"http:\/\/www.frederic-poitou.com\/blog\/wp-json\/wp\/v2\/types\/post"}],"author":[{"embeddable":true,"href":"http:\/\/www.frederic-poitou.com\/blog\/wp-json\/wp\/v2\/users\/4"}],"replies":[{"embeddable":true,"href":"http:\/\/www.frederic-poitou.com\/blog\/wp-json\/wp\/v2\/comments?post=4904"}],"version-history":[{"count":1,"href":"http:\/\/www.frederic-poitou.com\/blog\/wp-json\/wp\/v2\/posts\/4904\/revisions"}],"predecessor-version":[{"id":10182,"href":"http:\/\/www.frederic-poitou.com\/blog\/wp-json\/wp\/v2\/posts\/4904\/revisions\/10182"}],"wp:attachment":[{"href":"http:\/\/www.frederic-poitou.com\/blog\/wp-json\/wp\/v2\/media?parent=4904"}],"wp:term":[{"taxonomy":"category","embeddable":true,"href":"http:\/\/www.frederic-poitou.com\/blog\/wp-json\/wp\/v2\/categories?post=4904"},{"taxonomy":"post_tag","embeddable":true,"href":"http:\/\/www.frederic-poitou.com\/blog\/wp-json\/wp\/v2\/tags?post=4904"}],"curies":[{"name":"wp","href":"https:\/\/api.w.org\/{rel}","templated":true}]}}