{"id":4848,"date":"2023-07-15T02:50:32","date_gmt":"2023-07-15T00:50:32","guid":{"rendered":"http:\/\/www.frederic-poitou.com\/blog\/?p=4848"},"modified":"2026-04-24T17:55:28","modified_gmt":"2026-04-24T15:55:28","slug":"interculturalisme-et-citoyennete","status":"publish","type":"post","link":"http:\/\/www.frederic-poitou.com\/blog\/interculturalisme-et-citoyennete\/","title":{"rendered":"INTERCULTURALISME ET CITOYENNET\u00c9 :"},"content":{"rendered":"<p style=\"text-align: justify;\">Pour d\u00e9fendre mes positions sur l&rsquo;Interculturalit\u00e9, je me suis permis de paraphraser la formule de JFK ,\u00a0\u00ab\u00a0<em>Ne demandez pas ce que votre pays peut faire pour vous. Demandez ce que vous pouvez faire pour votre pays<\/em>\u00a0\u00bb en la transformant comme suit :<\/p>\n<p style=\"text-align: justify;\">\u00ab\u00a0<em>Ne demandez pas ce que la R\u00e9publique qui vous accueille peut faire pour votre int\u00e9gration. Demandez vous ce que vous, vous pouvez faire pour vous int\u00e9grer \u00e0 la R\u00e9publique<\/em>\u00ab\u00a0<\/p>\n<p style=\"text-align: justify;\">Cette phrase me semble vraie pour les Turcs (je suis favorable \u00e0 l&rsquo;int\u00e9gration de la Turquie en Europe), comme pour les Belges, pour les Alg\u00e9riens, pour les Chti&rsquo;s qui viendraient \u00e0 vouloir venir habiter dans notre petite commune du Sud de la France, tout autant que pour les Protestants Luth\u00e9riens de Bavi\u00e8re !<\/p>\n<p style=\"text-align: justify;\">Je suis toujours le premier \u00e0 accueillir les bras ouverts tous ceux qui souffrent, qui le demandent, qui sont opprim\u00e9s, mais je pr\u00e9f\u00e8re\u00a0la cr\u00e9olisation au m\u00e9tissage, l&rsquo;interculturel au multiculturel, l&rsquo;acceptation du r\u00f4le des symboles, l&rsquo;adh\u00e9sion des arrivants* au concept de <em>res publica <\/em>\u00e0 la segmentation des communaut\u00e9s. Un Etat se doit de pr\u00e9server la coh\u00e9sion et le c\u00e9ment commun, valeurs d&rsquo;identification pour tous ses ressortissants .<\/p>\n<p style=\"text-align: justify;\">Il s&rsquo;agit de sugg\u00e9rer aux nouveaux arrivants, un comportement qui leur permette de s&rsquo;int\u00e9grer citoyennement, politiquement, mais pas de forcer l&rsquo;assimilation de leur culture, au contraire. La R\u00e9publique s&rsquo;enrichit des apports culturels. Mais elle exige pour les int\u00e9grer, l&rsquo;acceptation par ses accueillis de l&rsquo;ensemble des valeurs d&rsquo;\u00e9galit\u00e9, de fraternit\u00e9, de libert\u00e9, et de la\u00efcit\u00e9. Ce dernier principe est probablement le plus important car il \u00e9vite que tel ou tel groupe puisse se sentir exclu de la capacit\u00e9 d&rsquo;int\u00e9gration de la R\u00e9publique, au motif qu&rsquo;il croirait diff\u00e9remment !<\/p>\n<p style=\"text-align: justify;\">C&rsquo;est en ce sens pr\u00e9cis que toute manifestation des \u00e9lus (du pr\u00e9sident de la R\u00e9publique au Maire de petite commune) visant \u00e0 recevoir sous les Ors de la R\u00e9publique le repr\u00e9sentant de telle ou telle confession est choquant, car il exclue \u00a0de mani\u00e8re ostentatoire, voire arrogante, ceux de nos citoyens qui sont de confession diff\u00e9rente, ou totalement ath\u00e9es. Il est d&rsquo;ailleurs totalement contraire au principe de la\u00efcit\u00e9 qui instaure une s\u00e9paration totale des pouvoirs. On est pas \u00e9lu parce que l&rsquo;on est Catholique, Protestant, Juif ou Musulman. On est \u00e9lu parce que l&rsquo;on a port\u00e9 un projet d&rsquo;int\u00e9r\u00eat g\u00e9n\u00e9ral, qui a \u00e9t\u00e9 adopt\u00e9 par une communaut\u00e9 d&rsquo;\u00e9lecteurs, au del\u00e0 de leurs confessions ou croyances.<\/p>\n<p style=\"text-align: justify;\"><span style=\"color: #ffffff;\"><br \/>\n<\/span><\/p>\n<p style=\"text-align: justify;\">Pour t\u00e9l\u00e9charger ma contribution sur l&rsquo;interculturalisme, cliquer <a href=\"http:\/\/www.frederic-poitou.com\/blog\/wp-content\/contribution-light.pdf\" target=\"_self\" rel=\"noopener\"><strong><span style=\"color: #ff0000;\">ICI<\/span><\/strong><\/a><\/p>\n<p style=\"text-align: justify;\">Pour t\u00e9l\u00e9charger ma contribution sur la la\u00efcit\u00e9, cliquer <a href=\"http:\/\/www.frederic-poitou.com\/blog\/wp-content\/contribution-Europe-light.pdf\" target=\"_blank\" rel=\"noopener\"><strong><span style=\"color: #ff0000;\">ICI<\/span><\/strong><\/a><\/p>\n<p style=\"text-align: justify;\"><span style=\"color: #ff0000;\"><strong><span style=\"color: #000000;\"><span style=\"font-weight: normal;\"><span style=\"color: #ffffff;\">&#8211;<\/span><\/span><\/span><\/strong><\/span><\/p>\n<h5><em><span style=\"font-weight: normal;\">* Cette probl\u00e9matique est similaire pour l&rsquo;int\u00e9gration des nouveaux arrivants \u00e0 une commune, dont ils doivent comprendre, et accepter l&rsquo;histoire pour s&rsquo;int\u00e9grer dans la vie citoyenne via la vie associative, politique, pour l&rsquo;int\u00e9r\u00eat g\u00e9n\u00e9ral.<\/span><\/em><\/h5>\n","protected":false},"excerpt":{"rendered":"<p>Pour d\u00e9fendre mes positions sur l&rsquo;Interculturalit\u00e9, je me suis permis de paraphraser la formule de JFK ,\u00a0\u00ab\u00a0Ne demandez pas ce que votre pays peut faire pour vous. Demandez ce que vous pouvez faire pour votre pays\u00a0\u00bb en la transformant comme &hellip; <a href=\"http:\/\/www.frederic-poitou.com\/blog\/interculturalisme-et-citoyennete\/\">Lire la suite\u00ad\u00ad<\/a><\/p>\n","protected":false},"author":4,"featured_media":0,"comment_status":"open","ping_status":"open","sticky":false,"template":"","format":"standard","meta":{"kt_blocks_editor_width":"","_exactmetrics_skip_tracking":false,"_exactmetrics_sitenote_active":false,"_exactmetrics_sitenote_note":"","_exactmetrics_sitenote_category":0,"footnotes":""},"categories":[1],"tags":[50],"class_list":["post-4848","post","type-post","status-publish","format-standard","hentry","category-politique-economie","tag-politique-economie"],"yoast_head":"<!-- This site is optimized with the Yoast SEO plugin v27.1.1 - https:\/\/yoast.com\/product\/yoast-seo-wordpress\/ -->\n<title>INTERCULTURALISME ET CITOYENNET\u00c9 : -<\/title>\n<meta name=\"robots\" content=\"index, follow, max-snippet:-1, max-image-preview:large, max-video-preview:-1\" \/>\n<link rel=\"canonical\" href=\"http:\/\/www.frederic-poitou.com\/blog\/interculturalisme-et-citoyennete\/\" \/>\n<meta property=\"og:locale\" content=\"fr_FR\" \/>\n<meta property=\"og:type\" content=\"article\" \/>\n<meta property=\"og:title\" content=\"INTERCULTURALISME ET CITOYENNET\u00c9 : -\" \/>\n<meta property=\"og:description\" content=\"Pour d\u00e9fendre mes positions sur l&rsquo;Interculturalit\u00e9, je me suis permis de paraphraser la formule de JFK ,\u00a0\u00ab\u00a0Ne demandez pas ce que votre pays peut faire pour vous. Demandez ce que vous pouvez faire pour votre pays\u00a0\u00bb en la transformant comme &hellip; Lire la suite\u00ad\u00ad\" \/>\n<meta property=\"og:url\" content=\"http:\/\/www.frederic-poitou.com\/blog\/interculturalisme-et-citoyennete\/\" \/>\n<meta property=\"article:publisher\" content=\"https:\/\/www.facebook.com\/frederic.poitou\/\" \/>\n<meta property=\"article:published_time\" content=\"2023-07-15T00:50:32+00:00\" \/>\n<meta property=\"article:modified_time\" content=\"2026-04-24T15:55:28+00:00\" \/>\n<meta name=\"author\" content=\"Fr\u00e9d\u00e9ric Poitou\" \/>\n<meta name=\"twitter:card\" content=\"summary_large_image\" \/>\n<meta name=\"twitter:creator\" content=\"@fredericpoitou\" \/>\n<meta name=\"twitter:site\" content=\"@fredericpoitou\" \/>\n<meta name=\"twitter:label1\" content=\"\u00c9crit par\" \/>\n\t<meta name=\"twitter:data1\" content=\"Fr\u00e9d\u00e9ric Poitou\" \/>\n\t<meta name=\"twitter:label2\" content=\"Dur\u00e9e de lecture estim\u00e9e\" \/>\n\t<meta name=\"twitter:data2\" content=\"2 minutes\" \/>\n<script type=\"application\/ld+json\" class=\"yoast-schema-graph\">{\"@context\":\"https:\/\/schema.org\",\"@graph\":[{\"@type\":\"Article\",\"@id\":\"http:\/\/www.frederic-poitou.com\/blog\/interculturalisme-et-citoyennete\/#article\",\"isPartOf\":{\"@id\":\"http:\/\/www.frederic-poitou.com\/blog\/interculturalisme-et-citoyennete\/\"},\"author\":{\"name\":\"Fr\u00e9d\u00e9ric Poitou\",\"@id\":\"https:\/\/www.frederic-poitou.com\/blog\/#\/schema\/person\/e2c2d05e978747818533fdce859a7799\"},\"headline\":\"INTERCULTURALISME ET CITOYENNET\u00c9 :\",\"datePublished\":\"2023-07-15T00:50:32+00:00\",\"dateModified\":\"2026-04-24T15:55:28+00:00\",\"mainEntityOfPage\":{\"@id\":\"http:\/\/www.frederic-poitou.com\/blog\/interculturalisme-et-citoyennete\/\"},\"wordCount\":516,\"commentCount\":0,\"keywords\":[\"Divers\"],\"articleSection\":[\"Divers\"],\"inLanguage\":\"fr-FR\",\"potentialAction\":[{\"@type\":\"CommentAction\",\"name\":\"Comment\",\"target\":[\"http:\/\/www.frederic-poitou.com\/blog\/interculturalisme-et-citoyennete\/#respond\"]}]},{\"@type\":\"WebPage\",\"@id\":\"http:\/\/www.frederic-poitou.com\/blog\/interculturalisme-et-citoyennete\/\",\"url\":\"http:\/\/www.frederic-poitou.com\/blog\/interculturalisme-et-citoyennete\/\",\"name\":\"INTERCULTURALISME ET CITOYENNET\u00c9 : -\",\"isPartOf\":{\"@id\":\"https:\/\/www.frederic-poitou.com\/blog\/#website\"},\"datePublished\":\"2023-07-15T00:50:32+00:00\",\"dateModified\":\"2026-04-24T15:55:28+00:00\",\"author\":{\"@id\":\"https:\/\/www.frederic-poitou.com\/blog\/#\/schema\/person\/e2c2d05e978747818533fdce859a7799\"},\"breadcrumb\":{\"@id\":\"http:\/\/www.frederic-poitou.com\/blog\/interculturalisme-et-citoyennete\/#breadcrumb\"},\"inLanguage\":\"fr-FR\",\"potentialAction\":[{\"@type\":\"ReadAction\",\"target\":[\"http:\/\/www.frederic-poitou.com\/blog\/interculturalisme-et-citoyennete\/\"]}]},{\"@type\":\"BreadcrumbList\",\"@id\":\"http:\/\/www.frederic-poitou.com\/blog\/interculturalisme-et-citoyennete\/#breadcrumb\",\"itemListElement\":[{\"@type\":\"ListItem\",\"position\":1,\"name\":\"Accueil\",\"item\":\"https:\/\/www.frederic-poitou.com\/blog\/\"},{\"@type\":\"ListItem\",\"position\":2,\"name\":\"INTERCULTURALISME ET CITOYENNET\u00c9 :\"}]},{\"@type\":\"WebSite\",\"@id\":\"https:\/\/www.frederic-poitou.com\/blog\/#website\",\"url\":\"https:\/\/www.frederic-poitou.com\/blog\/\",\"name\":\"\",\"description\":\"\",\"potentialAction\":[{\"@type\":\"SearchAction\",\"target\":{\"@type\":\"EntryPoint\",\"urlTemplate\":\"https:\/\/www.frederic-poitou.com\/blog\/?s={search_term_string}\"},\"query-input\":{\"@type\":\"PropertyValueSpecification\",\"valueRequired\":true,\"valueName\":\"search_term_string\"}}],\"inLanguage\":\"fr-FR\"},{\"@type\":\"Person\",\"@id\":\"https:\/\/www.frederic-poitou.com\/blog\/#\/schema\/person\/e2c2d05e978747818533fdce859a7799\",\"name\":\"Fr\u00e9d\u00e9ric Poitou\",\"image\":{\"@type\":\"ImageObject\",\"inLanguage\":\"fr-FR\",\"@id\":\"https:\/\/www.frederic-poitou.com\/blog\/#\/schema\/person\/image\/\",\"url\":\"https:\/\/secure.gravatar.com\/avatar\/1933bcca279a2feafd35d9e0a080c521e11beb51115fe4cfe02e2586ac13424a?s=96&d=mm&r=g\",\"contentUrl\":\"https:\/\/secure.gravatar.com\/avatar\/1933bcca279a2feafd35d9e0a080c521e11beb51115fe4cfe02e2586ac13424a?s=96&d=mm&r=g\",\"caption\":\"Fr\u00e9d\u00e9ric Poitou\"},\"description\":\"Fr\u00e9d\u00e9ric Poitou est n\u00e9 \u00e0 Rouen, et y a fait des \u00e9tudes au Conservatoire en musique-\u00e9tudes en section piano. Il s'est ensuite orient\u00e9 vers des \u00e9tudes scientifiques o\u00f9 il a obtenu un dipl\u00f4me d'ing\u00e9nieur, puis un doctorat en Chimie. Il est Expert Judiciaire en France, en Belgique et \u00e0 Luxembourg, et agr\u00e9e par les Institutions Europ\u00e9ennes.\",\"sameAs\":[\"http:\/\/www.frederic-poitou.com\",\"https:\/\/www.linkedin.com\/in\/frederic-poitou-b045a025\/\"]}]}<\/script>\n<!-- \/ Yoast SEO plugin. -->","yoast_head_json":{"title":"INTERCULTURALISME ET CITOYENNET\u00c9 : -","robots":{"index":"index","follow":"follow","max-snippet":"max-snippet:-1","max-image-preview":"max-image-preview:large","max-video-preview":"max-video-preview:-1"},"canonical":"http:\/\/www.frederic-poitou.com\/blog\/interculturalisme-et-citoyennete\/","og_locale":"fr_FR","og_type":"article","og_title":"INTERCULTURALISME ET CITOYENNET\u00c9 : -","og_description":"Pour d\u00e9fendre mes positions sur l&rsquo;Interculturalit\u00e9, je me suis permis de paraphraser la formule de JFK ,\u00a0\u00ab\u00a0Ne demandez pas ce que votre pays peut faire pour vous. Demandez ce que vous pouvez faire pour votre pays\u00a0\u00bb en la transformant comme &hellip; Lire la suite\u00ad\u00ad","og_url":"http:\/\/www.frederic-poitou.com\/blog\/interculturalisme-et-citoyennete\/","article_publisher":"https:\/\/www.facebook.com\/frederic.poitou\/","article_published_time":"2023-07-15T00:50:32+00:00","article_modified_time":"2026-04-24T15:55:28+00:00","author":"Fr\u00e9d\u00e9ric Poitou","twitter_card":"summary_large_image","twitter_creator":"@fredericpoitou","twitter_site":"@fredericpoitou","twitter_misc":{"\u00c9crit par":"Fr\u00e9d\u00e9ric Poitou","Dur\u00e9e de lecture estim\u00e9e":"2 minutes"},"schema":{"@context":"https:\/\/schema.org","@graph":[{"@type":"Article","@id":"http:\/\/www.frederic-poitou.com\/blog\/interculturalisme-et-citoyennete\/#article","isPartOf":{"@id":"http:\/\/www.frederic-poitou.com\/blog\/interculturalisme-et-citoyennete\/"},"author":{"name":"Fr\u00e9d\u00e9ric Poitou","@id":"https:\/\/www.frederic-poitou.com\/blog\/#\/schema\/person\/e2c2d05e978747818533fdce859a7799"},"headline":"INTERCULTURALISME ET CITOYENNET\u00c9 :","datePublished":"2023-07-15T00:50:32+00:00","dateModified":"2026-04-24T15:55:28+00:00","mainEntityOfPage":{"@id":"http:\/\/www.frederic-poitou.com\/blog\/interculturalisme-et-citoyennete\/"},"wordCount":516,"commentCount":0,"keywords":["Divers"],"articleSection":["Divers"],"inLanguage":"fr-FR","potentialAction":[{"@type":"CommentAction","name":"Comment","target":["http:\/\/www.frederic-poitou.com\/blog\/interculturalisme-et-citoyennete\/#respond"]}]},{"@type":"WebPage","@id":"http:\/\/www.frederic-poitou.com\/blog\/interculturalisme-et-citoyennete\/","url":"http:\/\/www.frederic-poitou.com\/blog\/interculturalisme-et-citoyennete\/","name":"INTERCULTURALISME ET CITOYENNET\u00c9 : -","isPartOf":{"@id":"https:\/\/www.frederic-poitou.com\/blog\/#website"},"datePublished":"2023-07-15T00:50:32+00:00","dateModified":"2026-04-24T15:55:28+00:00","author":{"@id":"https:\/\/www.frederic-poitou.com\/blog\/#\/schema\/person\/e2c2d05e978747818533fdce859a7799"},"breadcrumb":{"@id":"http:\/\/www.frederic-poitou.com\/blog\/interculturalisme-et-citoyennete\/#breadcrumb"},"inLanguage":"fr-FR","potentialAction":[{"@type":"ReadAction","target":["http:\/\/www.frederic-poitou.com\/blog\/interculturalisme-et-citoyennete\/"]}]},{"@type":"BreadcrumbList","@id":"http:\/\/www.frederic-poitou.com\/blog\/interculturalisme-et-citoyennete\/#breadcrumb","itemListElement":[{"@type":"ListItem","position":1,"name":"Accueil","item":"https:\/\/www.frederic-poitou.com\/blog\/"},{"@type":"ListItem","position":2,"name":"INTERCULTURALISME ET CITOYENNET\u00c9 :"}]},{"@type":"WebSite","@id":"https:\/\/www.frederic-poitou.com\/blog\/#website","url":"https:\/\/www.frederic-poitou.com\/blog\/","name":"","description":"","potentialAction":[{"@type":"SearchAction","target":{"@type":"EntryPoint","urlTemplate":"https:\/\/www.frederic-poitou.com\/blog\/?s={search_term_string}"},"query-input":{"@type":"PropertyValueSpecification","valueRequired":true,"valueName":"search_term_string"}}],"inLanguage":"fr-FR"},{"@type":"Person","@id":"https:\/\/www.frederic-poitou.com\/blog\/#\/schema\/person\/e2c2d05e978747818533fdce859a7799","name":"Fr\u00e9d\u00e9ric Poitou","image":{"@type":"ImageObject","inLanguage":"fr-FR","@id":"https:\/\/www.frederic-poitou.com\/blog\/#\/schema\/person\/image\/","url":"https:\/\/secure.gravatar.com\/avatar\/1933bcca279a2feafd35d9e0a080c521e11beb51115fe4cfe02e2586ac13424a?s=96&d=mm&r=g","contentUrl":"https:\/\/secure.gravatar.com\/avatar\/1933bcca279a2feafd35d9e0a080c521e11beb51115fe4cfe02e2586ac13424a?s=96&d=mm&r=g","caption":"Fr\u00e9d\u00e9ric Poitou"},"description":"Fr\u00e9d\u00e9ric Poitou est n\u00e9 \u00e0 Rouen, et y a fait des \u00e9tudes au Conservatoire en musique-\u00e9tudes en section piano. Il s'est ensuite orient\u00e9 vers des \u00e9tudes scientifiques o\u00f9 il a obtenu un dipl\u00f4me d'ing\u00e9nieur, puis un doctorat en Chimie. Il est Expert Judiciaire en France, en Belgique et \u00e0 Luxembourg, et agr\u00e9e par les Institutions Europ\u00e9ennes.","sameAs":["http:\/\/www.frederic-poitou.com","https:\/\/www.linkedin.com\/in\/frederic-poitou-b045a025\/"]}]}},"_links":{"self":[{"href":"http:\/\/www.frederic-poitou.com\/blog\/wp-json\/wp\/v2\/posts\/4848","targetHints":{"allow":["GET"]}}],"collection":[{"href":"http:\/\/www.frederic-poitou.com\/blog\/wp-json\/wp\/v2\/posts"}],"about":[{"href":"http:\/\/www.frederic-poitou.com\/blog\/wp-json\/wp\/v2\/types\/post"}],"author":[{"embeddable":true,"href":"http:\/\/www.frederic-poitou.com\/blog\/wp-json\/wp\/v2\/users\/4"}],"replies":[{"embeddable":true,"href":"http:\/\/www.frederic-poitou.com\/blog\/wp-json\/wp\/v2\/comments?post=4848"}],"version-history":[{"count":1,"href":"http:\/\/www.frederic-poitou.com\/blog\/wp-json\/wp\/v2\/posts\/4848\/revisions"}],"predecessor-version":[{"id":10180,"href":"http:\/\/www.frederic-poitou.com\/blog\/wp-json\/wp\/v2\/posts\/4848\/revisions\/10180"}],"wp:attachment":[{"href":"http:\/\/www.frederic-poitou.com\/blog\/wp-json\/wp\/v2\/media?parent=4848"}],"wp:term":[{"taxonomy":"category","embeddable":true,"href":"http:\/\/www.frederic-poitou.com\/blog\/wp-json\/wp\/v2\/categories?post=4848"},{"taxonomy":"post_tag","embeddable":true,"href":"http:\/\/www.frederic-poitou.com\/blog\/wp-json\/wp\/v2\/tags?post=4848"}],"curies":[{"name":"wp","href":"https:\/\/api.w.org\/{rel}","templated":true}]}}