{"id":4736,"date":"2023-07-15T05:58:32","date_gmt":"2023-07-15T03:58:32","guid":{"rendered":"http:\/\/www.frederic-poitou.com\/blog\/?p=4736"},"modified":"2026-04-27T17:42:34","modified_gmt":"2026-04-27T15:42:34","slug":"la-cgt-le-cancer-du-port-de-marseille","status":"publish","type":"post","link":"http:\/\/www.frederic-poitou.com\/blog\/la-cgt-le-cancer-du-port-de-marseille\/","title":{"rendered":"LA CGT : LE CANCER DU PORT DE MARSEILLE"},"content":{"rendered":"<p style=\"margin: 0.0px 0.0px 0.0px 0.0px; font: 14.0px Helvetica;\">Roland Blum le d\u00e9clare aujourd\u2019hui \u00e0 la Provence : la CGT est un \u201cvrai cancer\u201d pour le Port de Marseille.<\/p>\n<p style=\"margin: 0.0px 0.0px 0.0px 0.0px; font: 14.0px Helvetica;\">\u00ab\u00a0<em>Depuis 40 ans on a laiss\u00e9 les choses aller, il faut que l&rsquo;Etat se ressaisisse et fasse appliquer la loi<\/em>\u00ab\u00a0,<\/p>\n<p style=\"margin: 0.0px 0.0px 0.0px 0.0px; font: 14.0px Helvetica;\">Il commentait le rapport 2011 de la Cour des Compte qui pointe le blocage social (ndlr : organis\u00e9 par la CGT) comme \u00a0principal responsable du d\u00e9clin du Port de Marseille.<\/p>\n<p style=\"margin: 0.0px 0.0px 0.0px 0.0px; font: 14.0px Helvetica;\">\n<p style=\"margin: 0.0px 0.0px 0.0px 0.0px; font: 14.0px Helvetica;\">&#8212;-<\/p>\n<p style=\"margin-top: 0px; margin-right: 0px; margin-bottom: 0px; margin-left: 0px; font: normal normal normal 14px\/normal Helvetica; text-align: center; \">\n<figure id=\"attachment_4739\" class=\"thumbnail wp-caption aligncenter\" style=\"width: 540px\"><img loading=\"lazy\" decoding=\"async\" class=\"size-full wp-image-4739\" title=\"2420322-3392902\" src=\"http:\/\/www.frederic-poitou.com\/blog\/wp-content\/2420322-3392902.jpg\" alt=\"Jean Herold, responsable syndical CGT et les salari\u00e9s d' AMO 13 bloquent le port depuis le 15 octobre 2010. (Photo N.B.C)\" width=\"540\" height=\"405\" srcset=\"http:\/\/www.frederic-poitou.com\/blog\/wp-content\/2420322-3392902.jpg 540w, http:\/\/www.frederic-poitou.com\/blog\/wp-content\/2420322-3392902-300x225.jpg 300w\" sizes=\"auto, (max-width: 540px) 100vw, 540px\" \/><figcaption class=\"caption wp-caption-text\">Jean Herold, responsable syndical CGT et les salari\u00e9s d&#39; AMO 13 bloquent le port depuis le 15 octobre 2010. (Photo N.B.C)<\/figcaption><\/figure>\n<p>Je ne r\u00e9siste pas \u00e0 vous renvoyer \u00e0 l&rsquo;article que j&rsquo;avais publi\u00e9 sur le sujet en 2010 (cliquez <span style=\"color: #ff0000;\"><strong><a href=\"http:\/\/www.frederic-poitou.com\/blog\/?p=4108\" target=\"_blank\" rel=\"noopener\">ICI<\/a><\/strong><\/span>)<\/p>\n<p>&#8212;&#8212;&#8212;&#8212;&#8212;-<\/p>\n<p style=\"text-align: center;\"><img loading=\"lazy\" decoding=\"async\" class=\"size-full wp-image-4741 aligncenter\" title=\"28536\" src=\"http:\/\/www.frederic-poitou.com\/blog\/wp-content\/28536.jpg\" alt=\"28536\" width=\"300\" height=\"454\" srcset=\"http:\/\/www.frederic-poitou.com\/blog\/wp-content\/28536.jpg 500w, http:\/\/www.frederic-poitou.com\/blog\/wp-content\/28536-198x300.jpg 198w\" sizes=\"auto, (max-width: 300px) 100vw, 300px\" \/><\/p>\n<p style=\"margin: 0.0px 0.0px 0.0px 0.0px; font: 14.0px Helvetica; min-height: 17.0px;\">&#8212;&#8212;&#8212;&#8212;&#8212;-<\/p>\n<p style=\"margin: 0.0px 0.0px 0.0px 0.0px; font: 14.0px Helvetica;\">\n<p style=\"margin: 0.0px 0.0px 0.0px 0.0px; font: 14.0px Helvetica;\"><em>Pour une fois que Marseille faisait gr\u00e8ve comme tout le monde, ni plus ni moins, voil\u00e0 un rapport qui tourne une nouvelle fois les projecteurs vers le premier port de France. Un rapport qui tombe \u00e0 point nomm\u00e9 pour le gouvernement, en plein bras de fer avec la CGT sur le d\u00e9part anticip\u00e9 pour cause de p\u00e9nibilit\u00e9. La CGT a d&rsquo;ailleurs aussit\u00f4t r\u00e9agi en \u00e9voquant \u00ab\u00a0une manoeuvre gouvernementale qui consiste \u00e0 tenter de discr\u00e9diter le mouvement social des travailleurs portuaires fran\u00e7ais, dont la responsabilit\u00e9 tout enti\u00e8re lui incombe\u00a0\u00bb.<\/em><\/p>\n<p style=\"margin: 0.0px 0.0px 0.0px 0.0px; font: 14.0px Helvetica; min-height: 17.0px;\"><em> <\/em><\/p>\n<p style=\"margin: 0.0px 0.0px 0.0px 0.0px; font: 14.0px Helvetica;\"><em>Productivit\u00e9 et \u00ab\u00a0bakchichs\u00a0\u00bb<\/em><\/p>\n<p style=\"margin: 0.0px 0.0px 0.0px 0.0px; font: 14.0px Helvetica;\"><em>La Cour des comptes s&rsquo;est pench\u00e9e sur le fonctionnement du grand port maritime de Marseille. Son analyse est tr\u00e8s s\u00e9v\u00e8re. D&rsquo;abord pour les pouvoirs publics, \u00e9pingl\u00e9s pour leur laxisme. \u00ab\u00a0Il manque \u00e0 Marseille que s&rsquo;y applique l&rsquo;\u00e9tat de droit normal\u00a0\u00bb, ass\u00e8nent les magistrats de la rue Cambon. \u00c9voquant des \u00ab\u00a0conflits sociaux incessants\u00a0\u00bb, la Cour des comptes estime que \u00ab\u00a0dans ce contexte difficile, les pouvoirs publics n&rsquo;ont pas toujours fait preuve du volontarisme n\u00e9cessaire\u00a0\u00bb, notamment en ne donnant pas \u00ab\u00a0de suites judiciaires\u00a0\u00bb aux \u00ab\u00a0violences li\u00e9es aux crises sociales\u00a0\u00bb.<\/em><\/p>\n<p style=\"margin: 0.0px 0.0px 0.0px 0.0px; font: 14.0px Helvetica;\"><em>Le rapport s&rsquo;en prend ensuite directement aux salari\u00e9s du grand port maritime. L&rsquo;\u00e9tablissement public, en attendant la mise en place de la r\u00e9forme portuaire normalement pr\u00e9vue pour avril, emploie encore directement grutiers et portiqueurs pour d\u00e9charger les navires. Et pour eux, laisse entendre la Cour des comptes, la vie est belle. Comme ils travaillent par \u00e9quipe de deux, la Cour estime \u00ab\u00a0que le temps de conduite effectif d&rsquo;un portiqueur est de 3\u00a0h\u00a030 par jour \u00e0 Fos et de 3\u00a0h \u00e0 Marseille\u00a0\u00bb.<\/em><\/p>\n<p style=\"margin: 0.0px 0.0px 0.0px 0.0px; font: 14.0px Helvetica;\"><em>Le rapport d\u00e9nonce aussi ce que les manutentionnaires appellent des \u00ab\u00a0gratifications\u00a0\u00bb, \u00ab\u00a0primes de rendement\u00a0\u00bb ou de \u00ab\u00a0productivit\u00e9\u00a0\u00bb vers\u00e9es aux grutiers. Et que \u00ab\u00a0le langage des quais qualifie plus trivialement\u00a0\u00bb mais aussi \u00ab\u00a0plus exactement\u00a0\u00bb de \u00ab\u00a0bakchichs\u00a0\u00bb. La Cour des comptes, qui les a d\u00e9j\u00e0 \u00e9pingl\u00e9es par le pass\u00e9, les juge \u00ab\u00a0ill\u00e9gales\u00a0\u00bb m\u00eame si elles sont d\u00e9clar\u00e9es \u00e0 l&rsquo;Urssaf et aux services fiscaux. Elle estime \u00ab\u00a0qu&rsquo;elles pourraient s&rsquo;\u00e9lever jusqu&rsquo;\u00e0 1\u00a0300\u00a0\u20ac par mois, de sorte qu&rsquo;un portiqueur est susceptible de gagner mensuellement entre 3\u00a0500 et 4\u00a0500\u00a0\u20ac nets\u00a0\u00bb.<\/em><\/p>\n<p style=\"margin: 0.0px 0.0px 0.0px 0.0px; font: 14.0px Helvetica;\"><em>Des arguments qui donnent de l&rsquo;eau au moulin du patronat local. D\u00e9j\u00e0 \u00e0 l&rsquo;origine d&rsquo;une campagne de communication tr\u00e8s provocatrice \u00e0 l&rsquo;automne, les patrons marseillais ont r\u00e9clam\u00e9, hier, la mise en place d&rsquo;un service minimum.<\/em><\/p>\n<p style=\"margin: 0.0px 0.0px 0.0px 0.0px; font: 14.0px Helvetica; min-height: 17.0px;\">\n<p style=\"margin: 0.0px 0.0px 0.0px 0.0px; font: 14.0px Helvetica;\">Source : Ouest France<\/p>\n<p style=\"margin: 0.0px 0.0px 0.0px 0.0px; font: 14.0px Helvetica; min-height: 17.0px;\">\n<p style=\"margin: 0.0px 0.0px 0.0px 0.0px; font: 14.0px Helvetica; min-height: 17.0px;\">&#8212;&#8212;&#8212;&#8212;&#8211;<\/p>\n<p style=\"margin: 0.0px 0.0px 0.0px 0.0px; font: 14.0px Helvetica;\">La Provence enfonce le clou ce matin, en pointant la chute du Port de Marseille \u00e0 la 5eme place Europe\u00e8nne, alors que les atouts sont r\u00e9\u00e8ls.<\/p>\n<p style=\"margin: 0.0px 0.0px 0.0px 0.0px; font: 14.0px Helvetica; min-height: 17.0px;\">\n<p style=\"margin: 0.0px 0.0px 0.0px 0.0px; font: 14.0px Helvetica; min-height: 17.0px;\">\n<p style=\"margin: 0.0px 0.0px 0.0px 0.0px; font: 14.0px Helvetica; min-height: 17.0px;\">PORT DE MARSEILLE : BLOCAGES ET DECLIN : cliquez <a href=\"http:\/\/www.laprovence.com\/article\/economie-a-la-une\/port-de-marseille-blocages-et-declin\" target=\"_blank\" rel=\"noopener\"><span style=\"color: #ff0000;\">ICI<\/span><\/a><\/p>\n<p style=\"margin: 0.0px 0.0px 0.0px 0.0px; font: 14.0px Helvetica; min-height: 17.0px;\"><span style=\"color: #ff0000;\"><span style=\"color: #000000;\">PORT DE MARSEILLE : LE RAS LE BOL DES PATRONS : cliquez <\/span><a href=\"http:\/\/www.laprovence.com\/article\/economie-a-la-une\/greves-sur-le-port-de-marseille-le-ras-le-bol-des-patrons\" target=\"_blank\" rel=\"noopener\"><span style=\"color: #ff0000;\">ICI<\/span><\/a><\/span><\/p>\n<p style=\"margin: 0.0px 0.0px 0.0px 0.0px; font: 14.0px Helvetica; min-height: 17.0px;\"><span style=\"color: #ff0000;\"><span style=\"color: #ff0000;\"><span style=\"color: #000000;\">PORT DE MARSEILLE : RAPPORT DE LA COUR DES COMPTES : cliquez <\/span><a href=\"http:\/\/www.laprovence.com\/article\/economie-a-la-une\/la-cour-des-comptes-epingle-le-port-de-marseille\" target=\"_blank\" rel=\"noopener\"><span style=\"color: #ff0000;\">ICI<\/span><\/a><\/span><\/span><\/p>\n<p style=\"margin: 0.0px 0.0px 0.0px 0.0px; font: 14.0px Helvetica; min-height: 17.0px;\"><span style=\"color: #ff0000;\"><span style=\"color: #ff0000;\"><span style=\"color: #ff0000;\"><span style=\"color: #000000;\">PORT DE MARSEILLE : CE QUI SE PASSE AU PORT DE MARSEILLE EST GRAVE : cliquez <\/span><a href=\"http:\/\/www.laprovence.com\/article\/economie-a-la-une\/ce-qui-se-passe-au-port-de-marseille-est-grave\" target=\"_blank\" rel=\"noopener\"><span style=\"color: #ff0000;\">ICI<\/span><\/a><\/span><\/span><\/span><\/p>\n","protected":false},"excerpt":{"rendered":"<p>Roland Blum le d\u00e9clare aujourd\u2019hui \u00e0 la Provence : la CGT est un \u201cvrai cancer\u201d pour le Port de Marseille. \u00ab\u00a0Depuis 40 ans on a laiss\u00e9 les choses aller, il faut que l&rsquo;Etat se ressaisisse et fasse appliquer la loi\u00ab\u00a0, &hellip; <a href=\"http:\/\/www.frederic-poitou.com\/blog\/la-cgt-le-cancer-du-port-de-marseille\/\">Lire la suite\u00ad\u00ad<\/a><\/p>\n","protected":false},"author":4,"featured_media":0,"comment_status":"open","ping_status":"open","sticky":false,"template":"","format":"standard","meta":{"kt_blocks_editor_width":"","_exactmetrics_skip_tracking":false,"_exactmetrics_sitenote_active":false,"_exactmetrics_sitenote_note":"","_exactmetrics_sitenote_category":0,"footnotes":""},"categories":[1],"tags":[50,33,24],"class_list":["post-4736","post","type-post","status-publish","format-standard","hentry","category-politique-economie","tag-politique-economie","tag-mouvement-reformateur","tag-politique"],"yoast_head":"<!-- This site is optimized with the Yoast SEO plugin v27.1.1 - https:\/\/yoast.com\/product\/yoast-seo-wordpress\/ -->\n<title>LA CGT : LE CANCER DU PORT DE MARSEILLE -<\/title>\n<meta name=\"robots\" content=\"index, follow, max-snippet:-1, max-image-preview:large, max-video-preview:-1\" \/>\n<link rel=\"canonical\" href=\"http:\/\/www.frederic-poitou.com\/blog\/la-cgt-le-cancer-du-port-de-marseille\/\" \/>\n<meta property=\"og:locale\" content=\"fr_FR\" \/>\n<meta property=\"og:type\" content=\"article\" \/>\n<meta property=\"og:title\" content=\"LA CGT : LE CANCER DU PORT DE MARSEILLE -\" \/>\n<meta property=\"og:description\" content=\"Roland Blum le d\u00e9clare aujourd\u2019hui \u00e0 la Provence : la CGT est un \u201cvrai cancer\u201d pour le Port de Marseille. \u00ab\u00a0Depuis 40 ans on a laiss\u00e9 les choses aller, il faut que l&rsquo;Etat se ressaisisse et fasse appliquer la loi\u00ab\u00a0, &hellip; Lire la suite\u00ad\u00ad\" \/>\n<meta property=\"og:url\" content=\"http:\/\/www.frederic-poitou.com\/blog\/la-cgt-le-cancer-du-port-de-marseille\/\" \/>\n<meta property=\"article:publisher\" content=\"https:\/\/www.facebook.com\/frederic.poitou\/\" \/>\n<meta property=\"article:published_time\" content=\"2023-07-15T03:58:32+00:00\" \/>\n<meta property=\"article:modified_time\" content=\"2026-04-27T15:42:34+00:00\" \/>\n<meta property=\"og:image\" content=\"http:\/\/www.frederic-poitou.com\/blog\/wp-content\/2420322-3392902.jpg\" \/>\n<meta name=\"author\" content=\"Fr\u00e9d\u00e9ric Poitou\" \/>\n<meta name=\"twitter:card\" content=\"summary_large_image\" \/>\n<meta name=\"twitter:creator\" content=\"@fredericpoitou\" \/>\n<meta name=\"twitter:site\" content=\"@fredericpoitou\" \/>\n<meta name=\"twitter:label1\" content=\"\u00c9crit par\" \/>\n\t<meta name=\"twitter:data1\" content=\"Fr\u00e9d\u00e9ric Poitou\" \/>\n\t<meta name=\"twitter:label2\" content=\"Dur\u00e9e de lecture estim\u00e9e\" \/>\n\t<meta name=\"twitter:data2\" content=\"3 minutes\" \/>\n<script type=\"application\/ld+json\" class=\"yoast-schema-graph\">{\"@context\":\"https:\/\/schema.org\",\"@graph\":[{\"@type\":\"Article\",\"@id\":\"http:\/\/www.frederic-poitou.com\/blog\/la-cgt-le-cancer-du-port-de-marseille\/#article\",\"isPartOf\":{\"@id\":\"http:\/\/www.frederic-poitou.com\/blog\/la-cgt-le-cancer-du-port-de-marseille\/\"},\"author\":{\"name\":\"Fr\u00e9d\u00e9ric Poitou\",\"@id\":\"https:\/\/www.frederic-poitou.com\/blog\/#\/schema\/person\/e2c2d05e978747818533fdce859a7799\"},\"headline\":\"LA CGT : LE CANCER DU PORT DE MARSEILLE\",\"datePublished\":\"2023-07-15T03:58:32+00:00\",\"dateModified\":\"2026-04-27T15:42:34+00:00\",\"mainEntityOfPage\":{\"@id\":\"http:\/\/www.frederic-poitou.com\/blog\/la-cgt-le-cancer-du-port-de-marseille\/\"},\"wordCount\":620,\"commentCount\":0,\"image\":{\"@id\":\"http:\/\/www.frederic-poitou.com\/blog\/la-cgt-le-cancer-du-port-de-marseille\/#primaryimage\"},\"thumbnailUrl\":\"http:\/\/www.frederic-poitou.com\/blog\/wp-content\/2420322-3392902.jpg\",\"keywords\":[\"Divers\",\"MOUVEMENT REFORMATEUR\",\"Politique\"],\"articleSection\":[\"Divers\"],\"inLanguage\":\"fr-FR\",\"potentialAction\":[{\"@type\":\"CommentAction\",\"name\":\"Comment\",\"target\":[\"http:\/\/www.frederic-poitou.com\/blog\/la-cgt-le-cancer-du-port-de-marseille\/#respond\"]}]},{\"@type\":\"WebPage\",\"@id\":\"http:\/\/www.frederic-poitou.com\/blog\/la-cgt-le-cancer-du-port-de-marseille\/\",\"url\":\"http:\/\/www.frederic-poitou.com\/blog\/la-cgt-le-cancer-du-port-de-marseille\/\",\"name\":\"LA CGT : LE CANCER DU PORT DE MARSEILLE -\",\"isPartOf\":{\"@id\":\"https:\/\/www.frederic-poitou.com\/blog\/#website\"},\"primaryImageOfPage\":{\"@id\":\"http:\/\/www.frederic-poitou.com\/blog\/la-cgt-le-cancer-du-port-de-marseille\/#primaryimage\"},\"image\":{\"@id\":\"http:\/\/www.frederic-poitou.com\/blog\/la-cgt-le-cancer-du-port-de-marseille\/#primaryimage\"},\"thumbnailUrl\":\"http:\/\/www.frederic-poitou.com\/blog\/wp-content\/2420322-3392902.jpg\",\"datePublished\":\"2023-07-15T03:58:32+00:00\",\"dateModified\":\"2026-04-27T15:42:34+00:00\",\"author\":{\"@id\":\"https:\/\/www.frederic-poitou.com\/blog\/#\/schema\/person\/e2c2d05e978747818533fdce859a7799\"},\"breadcrumb\":{\"@id\":\"http:\/\/www.frederic-poitou.com\/blog\/la-cgt-le-cancer-du-port-de-marseille\/#breadcrumb\"},\"inLanguage\":\"fr-FR\",\"potentialAction\":[{\"@type\":\"ReadAction\",\"target\":[\"http:\/\/www.frederic-poitou.com\/blog\/la-cgt-le-cancer-du-port-de-marseille\/\"]}]},{\"@type\":\"ImageObject\",\"inLanguage\":\"fr-FR\",\"@id\":\"http:\/\/www.frederic-poitou.com\/blog\/la-cgt-le-cancer-du-port-de-marseille\/#primaryimage\",\"url\":\"http:\/\/www.frederic-poitou.com\/blog\/wp-content\/2420322-3392902.jpg\",\"contentUrl\":\"http:\/\/www.frederic-poitou.com\/blog\/wp-content\/2420322-3392902.jpg\",\"width\":\"540\",\"height\":\"405\",\"caption\":\"Jean Herold, responsable syndical CGT et les salari\u00e9s d' AMO 13 bloquent le port depuis le 15 octobre 2010. (Photo N.B.C)\"},{\"@type\":\"BreadcrumbList\",\"@id\":\"http:\/\/www.frederic-poitou.com\/blog\/la-cgt-le-cancer-du-port-de-marseille\/#breadcrumb\",\"itemListElement\":[{\"@type\":\"ListItem\",\"position\":1,\"name\":\"Accueil\",\"item\":\"https:\/\/www.frederic-poitou.com\/blog\/\"},{\"@type\":\"ListItem\",\"position\":2,\"name\":\"LA CGT : LE CANCER DU PORT DE MARSEILLE\"}]},{\"@type\":\"WebSite\",\"@id\":\"https:\/\/www.frederic-poitou.com\/blog\/#website\",\"url\":\"https:\/\/www.frederic-poitou.com\/blog\/\",\"name\":\"\",\"description\":\"\",\"potentialAction\":[{\"@type\":\"SearchAction\",\"target\":{\"@type\":\"EntryPoint\",\"urlTemplate\":\"https:\/\/www.frederic-poitou.com\/blog\/?s={search_term_string}\"},\"query-input\":{\"@type\":\"PropertyValueSpecification\",\"valueRequired\":true,\"valueName\":\"search_term_string\"}}],\"inLanguage\":\"fr-FR\"},{\"@type\":\"Person\",\"@id\":\"https:\/\/www.frederic-poitou.com\/blog\/#\/schema\/person\/e2c2d05e978747818533fdce859a7799\",\"name\":\"Fr\u00e9d\u00e9ric Poitou\",\"image\":{\"@type\":\"ImageObject\",\"inLanguage\":\"fr-FR\",\"@id\":\"https:\/\/www.frederic-poitou.com\/blog\/#\/schema\/person\/image\/\",\"url\":\"https:\/\/secure.gravatar.com\/avatar\/1933bcca279a2feafd35d9e0a080c521e11beb51115fe4cfe02e2586ac13424a?s=96&d=mm&r=g\",\"contentUrl\":\"https:\/\/secure.gravatar.com\/avatar\/1933bcca279a2feafd35d9e0a080c521e11beb51115fe4cfe02e2586ac13424a?s=96&d=mm&r=g\",\"caption\":\"Fr\u00e9d\u00e9ric Poitou\"},\"description\":\"Fr\u00e9d\u00e9ric Poitou est n\u00e9 \u00e0 Rouen, et y a fait des \u00e9tudes au Conservatoire en musique-\u00e9tudes en section piano. Il s'est ensuite orient\u00e9 vers des \u00e9tudes scientifiques o\u00f9 il a obtenu un dipl\u00f4me d'ing\u00e9nieur, puis un doctorat en Chimie. Il est Expert Judiciaire en France, en Belgique et \u00e0 Luxembourg, et agr\u00e9e par les Institutions Europ\u00e9ennes.\",\"sameAs\":[\"http:\/\/www.frederic-poitou.com\",\"https:\/\/www.linkedin.com\/in\/frederic-poitou-b045a025\/\"]}]}<\/script>\n<!-- \/ Yoast SEO plugin. -->","yoast_head_json":{"title":"LA CGT : LE CANCER DU PORT DE MARSEILLE -","robots":{"index":"index","follow":"follow","max-snippet":"max-snippet:-1","max-image-preview":"max-image-preview:large","max-video-preview":"max-video-preview:-1"},"canonical":"http:\/\/www.frederic-poitou.com\/blog\/la-cgt-le-cancer-du-port-de-marseille\/","og_locale":"fr_FR","og_type":"article","og_title":"LA CGT : LE CANCER DU PORT DE MARSEILLE -","og_description":"Roland Blum le d\u00e9clare aujourd\u2019hui \u00e0 la Provence : la CGT est un \u201cvrai cancer\u201d pour le Port de Marseille. \u00ab\u00a0Depuis 40 ans on a laiss\u00e9 les choses aller, il faut que l&rsquo;Etat se ressaisisse et fasse appliquer la loi\u00ab\u00a0, &hellip; Lire la suite\u00ad\u00ad","og_url":"http:\/\/www.frederic-poitou.com\/blog\/la-cgt-le-cancer-du-port-de-marseille\/","article_publisher":"https:\/\/www.facebook.com\/frederic.poitou\/","article_published_time":"2023-07-15T03:58:32+00:00","article_modified_time":"2026-04-27T15:42:34+00:00","og_image":[{"url":"http:\/\/www.frederic-poitou.com\/blog\/wp-content\/2420322-3392902.jpg","type":"","width":"","height":""}],"author":"Fr\u00e9d\u00e9ric Poitou","twitter_card":"summary_large_image","twitter_creator":"@fredericpoitou","twitter_site":"@fredericpoitou","twitter_misc":{"\u00c9crit par":"Fr\u00e9d\u00e9ric Poitou","Dur\u00e9e de lecture estim\u00e9e":"3 minutes"},"schema":{"@context":"https:\/\/schema.org","@graph":[{"@type":"Article","@id":"http:\/\/www.frederic-poitou.com\/blog\/la-cgt-le-cancer-du-port-de-marseille\/#article","isPartOf":{"@id":"http:\/\/www.frederic-poitou.com\/blog\/la-cgt-le-cancer-du-port-de-marseille\/"},"author":{"name":"Fr\u00e9d\u00e9ric Poitou","@id":"https:\/\/www.frederic-poitou.com\/blog\/#\/schema\/person\/e2c2d05e978747818533fdce859a7799"},"headline":"LA CGT : LE CANCER DU PORT DE MARSEILLE","datePublished":"2023-07-15T03:58:32+00:00","dateModified":"2026-04-27T15:42:34+00:00","mainEntityOfPage":{"@id":"http:\/\/www.frederic-poitou.com\/blog\/la-cgt-le-cancer-du-port-de-marseille\/"},"wordCount":620,"commentCount":0,"image":{"@id":"http:\/\/www.frederic-poitou.com\/blog\/la-cgt-le-cancer-du-port-de-marseille\/#primaryimage"},"thumbnailUrl":"http:\/\/www.frederic-poitou.com\/blog\/wp-content\/2420322-3392902.jpg","keywords":["Divers","MOUVEMENT REFORMATEUR","Politique"],"articleSection":["Divers"],"inLanguage":"fr-FR","potentialAction":[{"@type":"CommentAction","name":"Comment","target":["http:\/\/www.frederic-poitou.com\/blog\/la-cgt-le-cancer-du-port-de-marseille\/#respond"]}]},{"@type":"WebPage","@id":"http:\/\/www.frederic-poitou.com\/blog\/la-cgt-le-cancer-du-port-de-marseille\/","url":"http:\/\/www.frederic-poitou.com\/blog\/la-cgt-le-cancer-du-port-de-marseille\/","name":"LA CGT : LE CANCER DU PORT DE MARSEILLE -","isPartOf":{"@id":"https:\/\/www.frederic-poitou.com\/blog\/#website"},"primaryImageOfPage":{"@id":"http:\/\/www.frederic-poitou.com\/blog\/la-cgt-le-cancer-du-port-de-marseille\/#primaryimage"},"image":{"@id":"http:\/\/www.frederic-poitou.com\/blog\/la-cgt-le-cancer-du-port-de-marseille\/#primaryimage"},"thumbnailUrl":"http:\/\/www.frederic-poitou.com\/blog\/wp-content\/2420322-3392902.jpg","datePublished":"2023-07-15T03:58:32+00:00","dateModified":"2026-04-27T15:42:34+00:00","author":{"@id":"https:\/\/www.frederic-poitou.com\/blog\/#\/schema\/person\/e2c2d05e978747818533fdce859a7799"},"breadcrumb":{"@id":"http:\/\/www.frederic-poitou.com\/blog\/la-cgt-le-cancer-du-port-de-marseille\/#breadcrumb"},"inLanguage":"fr-FR","potentialAction":[{"@type":"ReadAction","target":["http:\/\/www.frederic-poitou.com\/blog\/la-cgt-le-cancer-du-port-de-marseille\/"]}]},{"@type":"ImageObject","inLanguage":"fr-FR","@id":"http:\/\/www.frederic-poitou.com\/blog\/la-cgt-le-cancer-du-port-de-marseille\/#primaryimage","url":"http:\/\/www.frederic-poitou.com\/blog\/wp-content\/2420322-3392902.jpg","contentUrl":"http:\/\/www.frederic-poitou.com\/blog\/wp-content\/2420322-3392902.jpg","width":"540","height":"405","caption":"Jean Herold, responsable syndical CGT et les salari\u00e9s d' AMO 13 bloquent le port depuis le 15 octobre 2010. (Photo N.B.C)"},{"@type":"BreadcrumbList","@id":"http:\/\/www.frederic-poitou.com\/blog\/la-cgt-le-cancer-du-port-de-marseille\/#breadcrumb","itemListElement":[{"@type":"ListItem","position":1,"name":"Accueil","item":"https:\/\/www.frederic-poitou.com\/blog\/"},{"@type":"ListItem","position":2,"name":"LA CGT : LE CANCER DU PORT DE MARSEILLE"}]},{"@type":"WebSite","@id":"https:\/\/www.frederic-poitou.com\/blog\/#website","url":"https:\/\/www.frederic-poitou.com\/blog\/","name":"","description":"","potentialAction":[{"@type":"SearchAction","target":{"@type":"EntryPoint","urlTemplate":"https:\/\/www.frederic-poitou.com\/blog\/?s={search_term_string}"},"query-input":{"@type":"PropertyValueSpecification","valueRequired":true,"valueName":"search_term_string"}}],"inLanguage":"fr-FR"},{"@type":"Person","@id":"https:\/\/www.frederic-poitou.com\/blog\/#\/schema\/person\/e2c2d05e978747818533fdce859a7799","name":"Fr\u00e9d\u00e9ric Poitou","image":{"@type":"ImageObject","inLanguage":"fr-FR","@id":"https:\/\/www.frederic-poitou.com\/blog\/#\/schema\/person\/image\/","url":"https:\/\/secure.gravatar.com\/avatar\/1933bcca279a2feafd35d9e0a080c521e11beb51115fe4cfe02e2586ac13424a?s=96&d=mm&r=g","contentUrl":"https:\/\/secure.gravatar.com\/avatar\/1933bcca279a2feafd35d9e0a080c521e11beb51115fe4cfe02e2586ac13424a?s=96&d=mm&r=g","caption":"Fr\u00e9d\u00e9ric Poitou"},"description":"Fr\u00e9d\u00e9ric Poitou est n\u00e9 \u00e0 Rouen, et y a fait des \u00e9tudes au Conservatoire en musique-\u00e9tudes en section piano. Il s'est ensuite orient\u00e9 vers des \u00e9tudes scientifiques o\u00f9 il a obtenu un dipl\u00f4me d'ing\u00e9nieur, puis un doctorat en Chimie. Il est Expert Judiciaire en France, en Belgique et \u00e0 Luxembourg, et agr\u00e9e par les Institutions Europ\u00e9ennes.","sameAs":["http:\/\/www.frederic-poitou.com","https:\/\/www.linkedin.com\/in\/frederic-poitou-b045a025\/"]}]}},"_links":{"self":[{"href":"http:\/\/www.frederic-poitou.com\/blog\/wp-json\/wp\/v2\/posts\/4736","targetHints":{"allow":["GET"]}}],"collection":[{"href":"http:\/\/www.frederic-poitou.com\/blog\/wp-json\/wp\/v2\/posts"}],"about":[{"href":"http:\/\/www.frederic-poitou.com\/blog\/wp-json\/wp\/v2\/types\/post"}],"author":[{"embeddable":true,"href":"http:\/\/www.frederic-poitou.com\/blog\/wp-json\/wp\/v2\/users\/4"}],"replies":[{"embeddable":true,"href":"http:\/\/www.frederic-poitou.com\/blog\/wp-json\/wp\/v2\/comments?post=4736"}],"version-history":[{"count":1,"href":"http:\/\/www.frederic-poitou.com\/blog\/wp-json\/wp\/v2\/posts\/4736\/revisions"}],"predecessor-version":[{"id":10167,"href":"http:\/\/www.frederic-poitou.com\/blog\/wp-json\/wp\/v2\/posts\/4736\/revisions\/10167"}],"wp:attachment":[{"href":"http:\/\/www.frederic-poitou.com\/blog\/wp-json\/wp\/v2\/media?parent=4736"}],"wp:term":[{"taxonomy":"category","embeddable":true,"href":"http:\/\/www.frederic-poitou.com\/blog\/wp-json\/wp\/v2\/categories?post=4736"},{"taxonomy":"post_tag","embeddable":true,"href":"http:\/\/www.frederic-poitou.com\/blog\/wp-json\/wp\/v2\/tags?post=4736"}],"curies":[{"name":"wp","href":"https:\/\/api.w.org\/{rel}","templated":true}]}}