{"id":4220,"date":"2023-07-15T15:22:32","date_gmt":"2023-07-15T13:22:32","guid":{"rendered":"http:\/\/www.frederic-poitou.com\/blog\/?p=4220"},"modified":"2026-04-30T21:49:27","modified_gmt":"2026-04-30T19:49:27","slug":"cest-du-classique-mais-cest-pas-grave","status":"publish","type":"post","link":"http:\/\/www.frederic-poitou.com\/blog\/cest-du-classique-mais-cest-pas-grave\/","title":{"rendered":"C&rsquo;EST DE GRANDE QUALITE, MAIS C&rsquo;EST PAS GRAVE &#8230;"},"content":{"rendered":"<p>Une fois encore, Radio France ose.\u00a0<em>Ecoutez la diff\u00e9rence.<\/em><\/p>\n<p>Vous avez des radios FM, Europe 1 avec Ruquier (quelle classe &#8230;), RTL, RMC, et tout le ramassis des radios poubelles commerciales.<\/p>\n<p>Et vous avez autre chose :\u00a0Radio France, FIP et France Inter.<\/p>\n<p>Pr\u00e9sent\u00e9e par Sylvie CHAPELLE, l&rsquo;\u00e9mission \u00ab\u00a0<em>c&rsquo;est du classique mais ca n&rsquo;est pas grave<\/em>\u00a0\u00bb est le parfait compl\u00e9ment de l&rsquo;\u00e9mission quotidienne de Fr\u00e9d\u00e9ric LODEON, et des g\u00e9nialit\u00e9s de Jean-Fran\u00e7ois ZYGEL.<\/p>\n<p>Ah, si toutes les chaines TV, et les radios FM osaient nous proposer de la qualit\u00e9. Quand on pense qu&rsquo;il suffirait qu&rsquo;on ne propose pas Secret Story, l&rsquo;\u00e9lection des Miss, Loft Story, Dilemme et autres conneries de ce registre, pour que les gens ne les regardent pas !<\/p>\n<p style=\"text-align: center; \">&#8212;&#8212;&#8212;&#8212;&#8212;&#8212;&#8212;&#8212;&#8212;&#8212;&#8212;&#8212;&#8212;&#8212;&#8212;&#8212;&#8212;&#8212;&#8212;&#8212;&#8212;&#8212;&#8212;&#8212;&#8212;&#8212;&#8211;<\/p>\n<p>Pour d\u00e9couvrir : \u00ab\u00a0<em>C\u00a0\u00bbest du classique, mais ca n&rsquo;est pas grave<\/em>\u00a0\u00bb : Cliquez <a href=\"http:\/\/sites.radiofrance.fr\/franceinter\/em\/classique-mais-pas-grave\/\" target=\"_blank\" rel=\"noopener\">ICI<\/a><\/p>\n<p style=\"text-align: center; \">\n<p style=\"text-align: center; \"><img loading=\"lazy\" decoding=\"async\" class=\"alignleft size-full wp-image-4223\" title=\"logo_franceinter\" src=\"http:\/\/www.frederic-poitou.com\/blog\/wp-content\/logo_franceinter.gif\" alt=\"logo_franceinter\" width=\"100\" height=\"100\" \/><\/p>\n<p style=\"text-align: center; \">\n<div class=\"mceTemp mceIEcenter\" style=\"text-align: center; \">\n<dl id=\"attachment_4225\" class=\"wp-caption aligncenter\" style=\"width: 542px;\">\n<dt class=\"wp-caption-dt\"><img loading=\"lazy\" decoding=\"async\" class=\"size-full wp-image-4225\" title=\"220020214-bandeau\" src=\"http:\/\/www.frederic-poitou.com\/blog\/wp-content\/220020214-bandeau.jpg\" alt=\"Sylvie CHAPELLE\" width=\"532\" height=\"100\" srcset=\"http:\/\/www.frederic-poitou.com\/blog\/wp-content\/220020214-bandeau.jpg 532w, http:\/\/www.frederic-poitou.com\/blog\/wp-content\/220020214-bandeau-300x56.jpg 300w\" sizes=\"auto, (max-width: 532px) 100vw, 532px\" \/><\/dt>\n<dd class=\"wp-caption-dd\">Sylvie CHAPELLE<\/dd>\n<\/dl>\n<\/div>\n<p style=\"text-align: center; \">\n<p style=\"text-align: center; \">&#8212;&#8212;&#8212;&#8212;&#8212;&#8212;&#8212;&#8212;&#8212;&#8212;&#8212;&#8212;&#8212;&#8212;&#8212;&#8211;<\/p>\n<p style=\"text-align: center; \">&#8212;&#8212;&#8212;&#8212;&#8212;&#8212;&#8212;&#8212;&#8212;&#8212;&#8212;<\/p>\n<p>Pour d\u00e9couvrir : \u00ab\u00a0<em>Carrefour de Lod\u00e9on<\/em>\u00a0\u00bb : Cliquez\u00a0<a href=\"http:\/\/sites.radiofrance.fr\/franceinter\/em\/carrefourdelodeon\/index.php?id=86961\" target=\"_blank\" rel=\"noopener\">ICI<\/a><\/p>\n<p style=\"text-align: center;\">\n<p style=\"text-align: center;\"><img loading=\"lazy\" decoding=\"async\" style=\"float: left; border: 0px initial initial;\" title=\"logo_franceinter\" src=\"http:\/\/www.frederic-poitou.com\/blog\/wp-content\/logo_franceinter.gif\" alt=\"logo_franceinter\" width=\"100\" height=\"100\" \/><\/p>\n<p style=\"text-align: center;\"><img loading=\"lazy\" decoding=\"async\" class=\"aligncenter size-full wp-image-4228\" title=\"26-titre.jpg\" src=\"http:\/\/www.frederic-poitou.com\/blog\/wp-content\/26-titre.jpg.gif\" alt=\"26-titre.jpg\" width=\"532\" height=\"40\" srcset=\"http:\/\/www.frederic-poitou.com\/blog\/wp-content\/26-titre.jpg.gif 532w, http:\/\/www.frederic-poitou.com\/blog\/wp-content\/26-titre.jpg-300x22.gif 300w\" sizes=\"auto, (max-width: 532px) 100vw, 532px\" \/><\/p>\n<p style=\"text-align: center;\"><img loading=\"lazy\" decoding=\"async\" class=\"aligncenter size-full wp-image-4229\" title=\"26-bandeau\" src=\"http:\/\/www.frederic-poitou.com\/blog\/wp-content\/26-bandeau.jpg\" alt=\"26-bandeau\" width=\"532\" height=\"100\" srcset=\"http:\/\/www.frederic-poitou.com\/blog\/wp-content\/26-bandeau.jpg 532w, http:\/\/www.frederic-poitou.com\/blog\/wp-content\/26-bandeau-300x56.jpg 300w\" sizes=\"auto, (max-width: 532px) 100vw, 532px\" \/><\/p>\n<p style=\"text-align: center;\">\n<p style=\"text-align: center;\">&#8212;&#8212;&#8212;&#8212;&#8212;&#8212;&#8212;&#8212;&#8212;&#8212;&#8212;&#8212;&#8212;&#8212;&#8212;&#8212;&#8212;&#8212;&#8212;&#8212;&#8212;&#8212;&#8212;&#8212;&#8212;&#8212;&#8211;<\/p>\n<p>Pour d\u00e9couvrir : \u00ab\u00a0<em>La Boite \u00e0 Musoique<\/em>\u00a0\u00bb : Cliquez\u00a0<a href=\"http:\/\/programmes.france2.fr\/la-boite-a-musique\/index.php?page=article&amp;numsite=4010&amp;id_rubrique=4013&amp;id_article=11807\" target=\"_blank\" rel=\"noopener\">ICI<\/a><\/p>\n<p><a href=\"http:\/\/programmes.france2.fr\/la-boite-a-musique\/index.php?page=article&amp;numsite=4010&amp;id_rubrique=4013&amp;id_article=11807\" target=\"_blank\" rel=\"noopener\"><\/a><img loading=\"lazy\" decoding=\"async\" class=\"aligncenter size-full wp-image-4230\" title=\"logo_france2\" src=\"http:\/\/www.frederic-poitou.com\/blog\/wp-content\/logo_france2.png\" alt=\"logo_france2\" width=\"207\" height=\"64\" \/><img loading=\"lazy\" decoding=\"async\" class=\"aligncenter size-full wp-image-4231\" title=\"zygle-spip\" src=\"http:\/\/www.frederic-poitou.com\/blog\/wp-content\/zygle-spip.jpg\" alt=\"zygle-spip\" width=\"228\" height=\"300\" \/><\/p>\n<p style=\"text-align: center;\">&#8212;&#8212;&#8212;&#8212;&#8212;&#8212;&#8212;&#8212;&#8212;&#8212;&#8212;&#8212;&#8212;&#8212;&#8212;&#8212;&#8212;&#8212;&#8212;&#8212;&#8212;&#8212;&#8212;&#8212;&#8212;&#8212;&#8211;<\/p>\n<p><img loading=\"lazy\" decoding=\"async\" class=\"aligncenter size-full wp-image-4240\" title=\"logo2005\" src=\"http:\/\/www.frederic-poitou.com\/blog\/wp-content\/logo2005.gif\" alt=\"logo2005\" width=\"84\" height=\"84\" \/><\/p>\n<p>Mention particuli\u00e8re pour Jazz \u00e0 FIP : Une radio \u00e0 part\u00a0: Cliquez\u00a0<a href=\"http:\/\/sites.radiofrance.fr\/chaines\/fip\/accueil\/\" target=\"_blank\" rel=\"noopener\">ICI<\/a><\/p>\n<p><a href=\"http:\/\/programmes.france2.fr\/la-boite-a-musique\/index.php?page=article&amp;numsite=4010&amp;id_rubrique=4013&amp;id_article=11807\" target=\"_blank\" rel=\"noopener\"><\/a><\/p>\n<p style=\"text-align: center;\">&#8212;&#8212;&#8212;&#8212;&#8212;&#8212;&#8212;&#8212;&#8212;&#8212;&#8212;&#8212;&#8212;&#8212;&#8212;&#8212;&#8212;&#8212;&#8212;&#8212;&#8212;&#8212;&#8212;&#8212;&#8212;&#8212;&#8211;<\/p>\n","protected":false},"excerpt":{"rendered":"<p>Une fois encore, Radio France ose.\u00a0Ecoutez la diff\u00e9rence. Vous avez des radios FM, Europe 1 avec Ruquier (quelle classe &#8230;), RTL, RMC, et tout le ramassis des radios poubelles commerciales. Et vous avez autre chose :\u00a0Radio France, FIP et France &hellip; <a href=\"http:\/\/www.frederic-poitou.com\/blog\/cest-du-classique-mais-cest-pas-grave\/\">Lire la suite\u00ad\u00ad<\/a><\/p>\n","protected":false},"author":4,"featured_media":0,"comment_status":"open","ping_status":"open","sticky":false,"template":"","format":"standard","meta":{"kt_blocks_editor_width":"","_exactmetrics_skip_tracking":false,"_exactmetrics_sitenote_active":false,"_exactmetrics_sitenote_note":"","_exactmetrics_sitenote_category":0,"footnotes":""},"categories":[48],"tags":[21,23],"class_list":["post-4220","post","type-post","status-publish","format-standard","hentry","category-accueil","tag-arts-et-culture","tag-belgique-2"],"yoast_head":"<!-- This site is optimized with the Yoast SEO plugin v27.1.1 - https:\/\/yoast.com\/product\/yoast-seo-wordpress\/ -->\n<title>C&#039;EST DE GRANDE QUALITE, MAIS C&#039;EST PAS GRAVE ... -<\/title>\n<meta name=\"robots\" content=\"index, follow, max-snippet:-1, max-image-preview:large, max-video-preview:-1\" \/>\n<link rel=\"canonical\" href=\"http:\/\/www.frederic-poitou.com\/blog\/cest-du-classique-mais-cest-pas-grave\/\" \/>\n<meta property=\"og:locale\" content=\"fr_FR\" \/>\n<meta property=\"og:type\" content=\"article\" \/>\n<meta property=\"og:title\" content=\"C&#039;EST DE GRANDE QUALITE, MAIS C&#039;EST PAS GRAVE ... -\" \/>\n<meta property=\"og:description\" content=\"Une fois encore, Radio France ose.\u00a0Ecoutez la diff\u00e9rence. Vous avez des radios FM, Europe 1 avec Ruquier (quelle classe &#8230;), RTL, RMC, et tout le ramassis des radios poubelles commerciales. Et vous avez autre chose :\u00a0Radio France, FIP et France &hellip; Lire la suite\u00ad\u00ad\" \/>\n<meta property=\"og:url\" content=\"http:\/\/www.frederic-poitou.com\/blog\/cest-du-classique-mais-cest-pas-grave\/\" \/>\n<meta property=\"article:publisher\" content=\"https:\/\/www.facebook.com\/frederic.poitou\/\" \/>\n<meta property=\"article:published_time\" content=\"2023-07-15T13:22:32+00:00\" \/>\n<meta property=\"article:modified_time\" content=\"2026-04-30T19:49:27+00:00\" \/>\n<meta property=\"og:image\" content=\"http:\/\/www.frederic-poitou.com\/blog\/wp-content\/logo_franceinter.gif\" \/>\n<meta name=\"author\" content=\"Fr\u00e9d\u00e9ric Poitou\" \/>\n<meta name=\"twitter:card\" content=\"summary_large_image\" \/>\n<meta name=\"twitter:creator\" content=\"@fredericpoitou\" \/>\n<meta name=\"twitter:site\" content=\"@fredericpoitou\" \/>\n<meta name=\"twitter:label1\" content=\"\u00c9crit par\" \/>\n\t<meta name=\"twitter:data1\" content=\"Fr\u00e9d\u00e9ric Poitou\" \/>\n\t<meta name=\"twitter:label2\" content=\"Dur\u00e9e de lecture estim\u00e9e\" \/>\n\t<meta name=\"twitter:data2\" content=\"1 minute\" \/>\n<script type=\"application\/ld+json\" class=\"yoast-schema-graph\">{\"@context\":\"https:\/\/schema.org\",\"@graph\":[{\"@type\":\"Article\",\"@id\":\"http:\/\/www.frederic-poitou.com\/blog\/cest-du-classique-mais-cest-pas-grave\/#article\",\"isPartOf\":{\"@id\":\"http:\/\/www.frederic-poitou.com\/blog\/cest-du-classique-mais-cest-pas-grave\/\"},\"author\":{\"name\":\"Fr\u00e9d\u00e9ric Poitou\",\"@id\":\"https:\/\/www.frederic-poitou.com\/blog\/#\/schema\/person\/e2c2d05e978747818533fdce859a7799\"},\"headline\":\"C&rsquo;EST DE GRANDE QUALITE, MAIS C&rsquo;EST PAS GRAVE &#8230;\",\"datePublished\":\"2023-07-15T13:22:32+00:00\",\"dateModified\":\"2026-04-30T19:49:27+00:00\",\"mainEntityOfPage\":{\"@id\":\"http:\/\/www.frederic-poitou.com\/blog\/cest-du-classique-mais-cest-pas-grave\/\"},\"wordCount\":193,\"commentCount\":0,\"image\":{\"@id\":\"http:\/\/www.frederic-poitou.com\/blog\/cest-du-classique-mais-cest-pas-grave\/#primaryimage\"},\"thumbnailUrl\":\"http:\/\/www.frederic-poitou.com\/blog\/wp-content\/logo_franceinter.gif\",\"keywords\":[\"Arts et Culture\",\"Belgique\"],\"articleSection\":[\"Accueil\"],\"inLanguage\":\"fr-FR\",\"potentialAction\":[{\"@type\":\"CommentAction\",\"name\":\"Comment\",\"target\":[\"http:\/\/www.frederic-poitou.com\/blog\/cest-du-classique-mais-cest-pas-grave\/#respond\"]}]},{\"@type\":\"WebPage\",\"@id\":\"http:\/\/www.frederic-poitou.com\/blog\/cest-du-classique-mais-cest-pas-grave\/\",\"url\":\"http:\/\/www.frederic-poitou.com\/blog\/cest-du-classique-mais-cest-pas-grave\/\",\"name\":\"C'EST DE GRANDE QUALITE, MAIS C'EST PAS GRAVE ... -\",\"isPartOf\":{\"@id\":\"https:\/\/www.frederic-poitou.com\/blog\/#website\"},\"primaryImageOfPage\":{\"@id\":\"http:\/\/www.frederic-poitou.com\/blog\/cest-du-classique-mais-cest-pas-grave\/#primaryimage\"},\"image\":{\"@id\":\"http:\/\/www.frederic-poitou.com\/blog\/cest-du-classique-mais-cest-pas-grave\/#primaryimage\"},\"thumbnailUrl\":\"http:\/\/www.frederic-poitou.com\/blog\/wp-content\/logo_franceinter.gif\",\"datePublished\":\"2023-07-15T13:22:32+00:00\",\"dateModified\":\"2026-04-30T19:49:27+00:00\",\"author\":{\"@id\":\"https:\/\/www.frederic-poitou.com\/blog\/#\/schema\/person\/e2c2d05e978747818533fdce859a7799\"},\"breadcrumb\":{\"@id\":\"http:\/\/www.frederic-poitou.com\/blog\/cest-du-classique-mais-cest-pas-grave\/#breadcrumb\"},\"inLanguage\":\"fr-FR\",\"potentialAction\":[{\"@type\":\"ReadAction\",\"target\":[\"http:\/\/www.frederic-poitou.com\/blog\/cest-du-classique-mais-cest-pas-grave\/\"]}]},{\"@type\":\"ImageObject\",\"inLanguage\":\"fr-FR\",\"@id\":\"http:\/\/www.frederic-poitou.com\/blog\/cest-du-classique-mais-cest-pas-grave\/#primaryimage\",\"url\":\"http:\/\/www.frederic-poitou.com\/blog\/wp-content\/logo_franceinter.gif\",\"contentUrl\":\"http:\/\/www.frederic-poitou.com\/blog\/wp-content\/logo_franceinter.gif\",\"width\":\"100\",\"height\":\"100\"},{\"@type\":\"BreadcrumbList\",\"@id\":\"http:\/\/www.frederic-poitou.com\/blog\/cest-du-classique-mais-cest-pas-grave\/#breadcrumb\",\"itemListElement\":[{\"@type\":\"ListItem\",\"position\":1,\"name\":\"Accueil\",\"item\":\"https:\/\/www.frederic-poitou.com\/blog\/\"},{\"@type\":\"ListItem\",\"position\":2,\"name\":\"C&rsquo;EST DE GRANDE QUALITE, MAIS C&rsquo;EST PAS GRAVE &#8230;\"}]},{\"@type\":\"WebSite\",\"@id\":\"https:\/\/www.frederic-poitou.com\/blog\/#website\",\"url\":\"https:\/\/www.frederic-poitou.com\/blog\/\",\"name\":\"\",\"description\":\"\",\"potentialAction\":[{\"@type\":\"SearchAction\",\"target\":{\"@type\":\"EntryPoint\",\"urlTemplate\":\"https:\/\/www.frederic-poitou.com\/blog\/?s={search_term_string}\"},\"query-input\":{\"@type\":\"PropertyValueSpecification\",\"valueRequired\":true,\"valueName\":\"search_term_string\"}}],\"inLanguage\":\"fr-FR\"},{\"@type\":\"Person\",\"@id\":\"https:\/\/www.frederic-poitou.com\/blog\/#\/schema\/person\/e2c2d05e978747818533fdce859a7799\",\"name\":\"Fr\u00e9d\u00e9ric Poitou\",\"image\":{\"@type\":\"ImageObject\",\"inLanguage\":\"fr-FR\",\"@id\":\"https:\/\/www.frederic-poitou.com\/blog\/#\/schema\/person\/image\/\",\"url\":\"https:\/\/secure.gravatar.com\/avatar\/1933bcca279a2feafd35d9e0a080c521e11beb51115fe4cfe02e2586ac13424a?s=96&d=mm&r=g\",\"contentUrl\":\"https:\/\/secure.gravatar.com\/avatar\/1933bcca279a2feafd35d9e0a080c521e11beb51115fe4cfe02e2586ac13424a?s=96&d=mm&r=g\",\"caption\":\"Fr\u00e9d\u00e9ric Poitou\"},\"description\":\"Fr\u00e9d\u00e9ric Poitou est n\u00e9 \u00e0 Rouen, et y a fait des \u00e9tudes au Conservatoire en musique-\u00e9tudes en section piano. Il s'est ensuite orient\u00e9 vers des \u00e9tudes scientifiques o\u00f9 il a obtenu un dipl\u00f4me d'ing\u00e9nieur, puis un doctorat en Chimie. Il est Expert Judiciaire en France, en Belgique et \u00e0 Luxembourg, et agr\u00e9e par les Institutions Europ\u00e9ennes.\",\"sameAs\":[\"http:\/\/www.frederic-poitou.com\",\"https:\/\/www.linkedin.com\/in\/frederic-poitou-b045a025\/\"]}]}<\/script>\n<!-- \/ Yoast SEO plugin. -->","yoast_head_json":{"title":"C'EST DE GRANDE QUALITE, MAIS C'EST PAS GRAVE ... -","robots":{"index":"index","follow":"follow","max-snippet":"max-snippet:-1","max-image-preview":"max-image-preview:large","max-video-preview":"max-video-preview:-1"},"canonical":"http:\/\/www.frederic-poitou.com\/blog\/cest-du-classique-mais-cest-pas-grave\/","og_locale":"fr_FR","og_type":"article","og_title":"C'EST DE GRANDE QUALITE, MAIS C'EST PAS GRAVE ... -","og_description":"Une fois encore, Radio France ose.\u00a0Ecoutez la diff\u00e9rence. Vous avez des radios FM, Europe 1 avec Ruquier (quelle classe &#8230;), RTL, RMC, et tout le ramassis des radios poubelles commerciales. Et vous avez autre chose :\u00a0Radio France, FIP et France &hellip; Lire la suite\u00ad\u00ad","og_url":"http:\/\/www.frederic-poitou.com\/blog\/cest-du-classique-mais-cest-pas-grave\/","article_publisher":"https:\/\/www.facebook.com\/frederic.poitou\/","article_published_time":"2023-07-15T13:22:32+00:00","article_modified_time":"2026-04-30T19:49:27+00:00","og_image":[{"url":"http:\/\/www.frederic-poitou.com\/blog\/wp-content\/logo_franceinter.gif","type":"","width":"","height":""}],"author":"Fr\u00e9d\u00e9ric Poitou","twitter_card":"summary_large_image","twitter_creator":"@fredericpoitou","twitter_site":"@fredericpoitou","twitter_misc":{"\u00c9crit par":"Fr\u00e9d\u00e9ric Poitou","Dur\u00e9e de lecture estim\u00e9e":"1 minute"},"schema":{"@context":"https:\/\/schema.org","@graph":[{"@type":"Article","@id":"http:\/\/www.frederic-poitou.com\/blog\/cest-du-classique-mais-cest-pas-grave\/#article","isPartOf":{"@id":"http:\/\/www.frederic-poitou.com\/blog\/cest-du-classique-mais-cest-pas-grave\/"},"author":{"name":"Fr\u00e9d\u00e9ric Poitou","@id":"https:\/\/www.frederic-poitou.com\/blog\/#\/schema\/person\/e2c2d05e978747818533fdce859a7799"},"headline":"C&rsquo;EST DE GRANDE QUALITE, MAIS C&rsquo;EST PAS GRAVE &#8230;","datePublished":"2023-07-15T13:22:32+00:00","dateModified":"2026-04-30T19:49:27+00:00","mainEntityOfPage":{"@id":"http:\/\/www.frederic-poitou.com\/blog\/cest-du-classique-mais-cest-pas-grave\/"},"wordCount":193,"commentCount":0,"image":{"@id":"http:\/\/www.frederic-poitou.com\/blog\/cest-du-classique-mais-cest-pas-grave\/#primaryimage"},"thumbnailUrl":"http:\/\/www.frederic-poitou.com\/blog\/wp-content\/logo_franceinter.gif","keywords":["Arts et Culture","Belgique"],"articleSection":["Accueil"],"inLanguage":"fr-FR","potentialAction":[{"@type":"CommentAction","name":"Comment","target":["http:\/\/www.frederic-poitou.com\/blog\/cest-du-classique-mais-cest-pas-grave\/#respond"]}]},{"@type":"WebPage","@id":"http:\/\/www.frederic-poitou.com\/blog\/cest-du-classique-mais-cest-pas-grave\/","url":"http:\/\/www.frederic-poitou.com\/blog\/cest-du-classique-mais-cest-pas-grave\/","name":"C'EST DE GRANDE QUALITE, MAIS C'EST PAS GRAVE ... -","isPartOf":{"@id":"https:\/\/www.frederic-poitou.com\/blog\/#website"},"primaryImageOfPage":{"@id":"http:\/\/www.frederic-poitou.com\/blog\/cest-du-classique-mais-cest-pas-grave\/#primaryimage"},"image":{"@id":"http:\/\/www.frederic-poitou.com\/blog\/cest-du-classique-mais-cest-pas-grave\/#primaryimage"},"thumbnailUrl":"http:\/\/www.frederic-poitou.com\/blog\/wp-content\/logo_franceinter.gif","datePublished":"2023-07-15T13:22:32+00:00","dateModified":"2026-04-30T19:49:27+00:00","author":{"@id":"https:\/\/www.frederic-poitou.com\/blog\/#\/schema\/person\/e2c2d05e978747818533fdce859a7799"},"breadcrumb":{"@id":"http:\/\/www.frederic-poitou.com\/blog\/cest-du-classique-mais-cest-pas-grave\/#breadcrumb"},"inLanguage":"fr-FR","potentialAction":[{"@type":"ReadAction","target":["http:\/\/www.frederic-poitou.com\/blog\/cest-du-classique-mais-cest-pas-grave\/"]}]},{"@type":"ImageObject","inLanguage":"fr-FR","@id":"http:\/\/www.frederic-poitou.com\/blog\/cest-du-classique-mais-cest-pas-grave\/#primaryimage","url":"http:\/\/www.frederic-poitou.com\/blog\/wp-content\/logo_franceinter.gif","contentUrl":"http:\/\/www.frederic-poitou.com\/blog\/wp-content\/logo_franceinter.gif","width":"100","height":"100"},{"@type":"BreadcrumbList","@id":"http:\/\/www.frederic-poitou.com\/blog\/cest-du-classique-mais-cest-pas-grave\/#breadcrumb","itemListElement":[{"@type":"ListItem","position":1,"name":"Accueil","item":"https:\/\/www.frederic-poitou.com\/blog\/"},{"@type":"ListItem","position":2,"name":"C&rsquo;EST DE GRANDE QUALITE, MAIS C&rsquo;EST PAS GRAVE &#8230;"}]},{"@type":"WebSite","@id":"https:\/\/www.frederic-poitou.com\/blog\/#website","url":"https:\/\/www.frederic-poitou.com\/blog\/","name":"","description":"","potentialAction":[{"@type":"SearchAction","target":{"@type":"EntryPoint","urlTemplate":"https:\/\/www.frederic-poitou.com\/blog\/?s={search_term_string}"},"query-input":{"@type":"PropertyValueSpecification","valueRequired":true,"valueName":"search_term_string"}}],"inLanguage":"fr-FR"},{"@type":"Person","@id":"https:\/\/www.frederic-poitou.com\/blog\/#\/schema\/person\/e2c2d05e978747818533fdce859a7799","name":"Fr\u00e9d\u00e9ric Poitou","image":{"@type":"ImageObject","inLanguage":"fr-FR","@id":"https:\/\/www.frederic-poitou.com\/blog\/#\/schema\/person\/image\/","url":"https:\/\/secure.gravatar.com\/avatar\/1933bcca279a2feafd35d9e0a080c521e11beb51115fe4cfe02e2586ac13424a?s=96&d=mm&r=g","contentUrl":"https:\/\/secure.gravatar.com\/avatar\/1933bcca279a2feafd35d9e0a080c521e11beb51115fe4cfe02e2586ac13424a?s=96&d=mm&r=g","caption":"Fr\u00e9d\u00e9ric Poitou"},"description":"Fr\u00e9d\u00e9ric Poitou est n\u00e9 \u00e0 Rouen, et y a fait des \u00e9tudes au Conservatoire en musique-\u00e9tudes en section piano. Il s'est ensuite orient\u00e9 vers des \u00e9tudes scientifiques o\u00f9 il a obtenu un dipl\u00f4me d'ing\u00e9nieur, puis un doctorat en Chimie. Il est Expert Judiciaire en France, en Belgique et \u00e0 Luxembourg, et agr\u00e9e par les Institutions Europ\u00e9ennes.","sameAs":["http:\/\/www.frederic-poitou.com","https:\/\/www.linkedin.com\/in\/frederic-poitou-b045a025\/"]}]}},"_links":{"self":[{"href":"http:\/\/www.frederic-poitou.com\/blog\/wp-json\/wp\/v2\/posts\/4220","targetHints":{"allow":["GET"]}}],"collection":[{"href":"http:\/\/www.frederic-poitou.com\/blog\/wp-json\/wp\/v2\/posts"}],"about":[{"href":"http:\/\/www.frederic-poitou.com\/blog\/wp-json\/wp\/v2\/types\/post"}],"author":[{"embeddable":true,"href":"http:\/\/www.frederic-poitou.com\/blog\/wp-json\/wp\/v2\/users\/4"}],"replies":[{"embeddable":true,"href":"http:\/\/www.frederic-poitou.com\/blog\/wp-json\/wp\/v2\/comments?post=4220"}],"version-history":[{"count":1,"href":"http:\/\/www.frederic-poitou.com\/blog\/wp-json\/wp\/v2\/posts\/4220\/revisions"}],"predecessor-version":[{"id":10159,"href":"http:\/\/www.frederic-poitou.com\/blog\/wp-json\/wp\/v2\/posts\/4220\/revisions\/10159"}],"wp:attachment":[{"href":"http:\/\/www.frederic-poitou.com\/blog\/wp-json\/wp\/v2\/media?parent=4220"}],"wp:term":[{"taxonomy":"category","embeddable":true,"href":"http:\/\/www.frederic-poitou.com\/blog\/wp-json\/wp\/v2\/categories?post=4220"},{"taxonomy":"post_tag","embeddable":true,"href":"http:\/\/www.frederic-poitou.com\/blog\/wp-json\/wp\/v2\/tags?post=4220"}],"curies":[{"name":"wp","href":"https:\/\/api.w.org\/{rel}","templated":true}]}}