{"id":4151,"date":"2023-07-13T23:57:32","date_gmt":"2023-07-13T21:57:32","guid":{"rendered":"http:\/\/www.frederic-poitou.com\/blog\/?p=4151"},"modified":"2026-04-14T08:04:11","modified_gmt":"2026-04-14T06:04:11","slug":"republique-indivisible-laique-democratique-et-sociale","status":"publish","type":"post","link":"http:\/\/www.frederic-poitou.com\/blog\/republique-indivisible-laique-democratique-et-sociale\/","title":{"rendered":"REPUBLIQUE INDIVISIBLE, LAIQUE, DEMOCRATIQUE ET SOCIALE"},"content":{"rendered":"<p>Pour m\u00e9moire, la charte de la La\u00efcit\u00e9 dans les services publics. A faire circuler &#8230;<\/p>\n<p style=\"text-align: center;\"><img decoding=\"async\" class=\"aligncenter size-full wp-image-4152\" title=\"charte_laicite_enseignement_superieur\" src=\"http:\/\/www.frederic-poitou.com\/blog\/wp-content\/charte_laicite_enseignement_superieur.jpg\" alt=\"charte_laicite_enseignement_superieur\" \/><\/p>\n","protected":false},"excerpt":{"rendered":"<p>Pour m\u00e9moire, la charte de la La\u00efcit\u00e9 dans les services publics. A faire circuler &#8230;<\/p>\n","protected":false},"author":4,"featured_media":0,"comment_status":"open","ping_status":"open","sticky":false,"template":"","format":"standard","meta":{"kt_blocks_editor_width":"","_exactmetrics_skip_tracking":false,"_exactmetrics_sitenote_active":false,"_exactmetrics_sitenote_note":"","_exactmetrics_sitenote_category":0,"footnotes":""},"categories":[1],"tags":[27,50,26,25,24],"class_list":["post-4151","post","type-post","status-publish","format-standard","hentry","category-politique-economie","tag-actualite","tag-politique-economie","tag-laicite","tag-parti-radical","tag-politique"],"yoast_head":"<!-- This site is optimized with the Yoast SEO plugin v27.1.1 - https:\/\/yoast.com\/product\/yoast-seo-wordpress\/ -->\n<title>REPUBLIQUE INDIVISIBLE, LAIQUE, DEMOCRATIQUE ET SOCIALE -<\/title>\n<meta name=\"robots\" content=\"index, follow, max-snippet:-1, max-image-preview:large, max-video-preview:-1\" \/>\n<link rel=\"canonical\" href=\"https:\/\/www.frederic-poitou.com\/blog\/republique-indivisible-laique-democratique-et-sociale\/\" \/>\n<meta property=\"og:locale\" content=\"fr_FR\" \/>\n<meta property=\"og:type\" content=\"article\" \/>\n<meta property=\"og:title\" content=\"REPUBLIQUE INDIVISIBLE, LAIQUE, DEMOCRATIQUE ET SOCIALE -\" \/>\n<meta property=\"og:description\" content=\"Pour m\u00e9moire, la charte de la La\u00efcit\u00e9 dans les services publics. A faire circuler &#8230;\" \/>\n<meta property=\"og:url\" content=\"https:\/\/www.frederic-poitou.com\/blog\/republique-indivisible-laique-democratique-et-sociale\/\" \/>\n<meta property=\"article:publisher\" content=\"https:\/\/www.facebook.com\/frederic.poitou\/\" \/>\n<meta property=\"article:published_time\" content=\"2023-07-13T21:57:32+00:00\" \/>\n<meta property=\"article:modified_time\" content=\"2026-04-14T06:04:11+00:00\" \/>\n<meta property=\"og:image\" content=\"http:\/\/www.frederic-poitou.com\/blog\/wp-content\/charte_laicite_enseignement_superieur.jpg\" \/>\n<meta name=\"author\" content=\"Fr\u00e9d\u00e9ric Poitou\" \/>\n<meta name=\"twitter:card\" content=\"summary_large_image\" \/>\n<meta name=\"twitter:creator\" content=\"@fredericpoitou\" \/>\n<meta name=\"twitter:site\" content=\"@fredericpoitou\" \/>\n<meta name=\"twitter:label1\" content=\"\u00c9crit par\" \/>\n\t<meta name=\"twitter:data1\" content=\"Fr\u00e9d\u00e9ric Poitou\" \/>\n<script type=\"application\/ld+json\" class=\"yoast-schema-graph\">{\"@context\":\"https:\/\/schema.org\",\"@graph\":[{\"@type\":\"Article\",\"@id\":\"https:\/\/www.frederic-poitou.com\/blog\/republique-indivisible-laique-democratique-et-sociale\/#article\",\"isPartOf\":{\"@id\":\"https:\/\/www.frederic-poitou.com\/blog\/republique-indivisible-laique-democratique-et-sociale\/\"},\"author\":{\"name\":\"Fr\u00e9d\u00e9ric Poitou\",\"@id\":\"http:\/\/www.frederic-poitou.com\/blog\/#\/schema\/person\/e2c2d05e978747818533fdce859a7799\"},\"headline\":\"REPUBLIQUE INDIVISIBLE, LAIQUE, DEMOCRATIQUE ET SOCIALE\",\"datePublished\":\"2023-07-13T21:57:32+00:00\",\"dateModified\":\"2026-04-14T06:04:11+00:00\",\"mainEntityOfPage\":{\"@id\":\"https:\/\/www.frederic-poitou.com\/blog\/republique-indivisible-laique-democratique-et-sociale\/\"},\"wordCount\":22,\"commentCount\":0,\"image\":{\"@id\":\"https:\/\/www.frederic-poitou.com\/blog\/republique-indivisible-laique-democratique-et-sociale\/#primaryimage\"},\"thumbnailUrl\":\"http:\/\/www.frederic-poitou.com\/blog\/wp-content\/charte_laicite_enseignement_superieur.jpg\",\"keywords\":[\"Actualit\u00e9\",\"Divers\",\"La\u00efcit\u00e9\",\"PARTI RADICAL\",\"Politique\"],\"articleSection\":[\"Divers\"],\"inLanguage\":\"fr-FR\",\"potentialAction\":[{\"@type\":\"CommentAction\",\"name\":\"Comment\",\"target\":[\"https:\/\/www.frederic-poitou.com\/blog\/republique-indivisible-laique-democratique-et-sociale\/#respond\"]}]},{\"@type\":\"WebPage\",\"@id\":\"https:\/\/www.frederic-poitou.com\/blog\/republique-indivisible-laique-democratique-et-sociale\/\",\"url\":\"https:\/\/www.frederic-poitou.com\/blog\/republique-indivisible-laique-democratique-et-sociale\/\",\"name\":\"REPUBLIQUE INDIVISIBLE, LAIQUE, DEMOCRATIQUE ET SOCIALE -\",\"isPartOf\":{\"@id\":\"http:\/\/www.frederic-poitou.com\/blog\/#website\"},\"primaryImageOfPage\":{\"@id\":\"https:\/\/www.frederic-poitou.com\/blog\/republique-indivisible-laique-democratique-et-sociale\/#primaryimage\"},\"image\":{\"@id\":\"https:\/\/www.frederic-poitou.com\/blog\/republique-indivisible-laique-democratique-et-sociale\/#primaryimage\"},\"thumbnailUrl\":\"http:\/\/www.frederic-poitou.com\/blog\/wp-content\/charte_laicite_enseignement_superieur.jpg\",\"datePublished\":\"2023-07-13T21:57:32+00:00\",\"dateModified\":\"2026-04-14T06:04:11+00:00\",\"author\":{\"@id\":\"http:\/\/www.frederic-poitou.com\/blog\/#\/schema\/person\/e2c2d05e978747818533fdce859a7799\"},\"breadcrumb\":{\"@id\":\"https:\/\/www.frederic-poitou.com\/blog\/republique-indivisible-laique-democratique-et-sociale\/#breadcrumb\"},\"inLanguage\":\"fr-FR\",\"potentialAction\":[{\"@type\":\"ReadAction\",\"target\":[\"https:\/\/www.frederic-poitou.com\/blog\/republique-indivisible-laique-democratique-et-sociale\/\"]}]},{\"@type\":\"ImageObject\",\"inLanguage\":\"fr-FR\",\"@id\":\"https:\/\/www.frederic-poitou.com\/blog\/republique-indivisible-laique-democratique-et-sociale\/#primaryimage\",\"url\":\"http:\/\/www.frederic-poitou.com\/blog\/wp-content\/charte_laicite_enseignement_superieur.jpg\",\"contentUrl\":\"http:\/\/www.frederic-poitou.com\/blog\/wp-content\/charte_laicite_enseignement_superieur.jpg\"},{\"@type\":\"BreadcrumbList\",\"@id\":\"https:\/\/www.frederic-poitou.com\/blog\/republique-indivisible-laique-democratique-et-sociale\/#breadcrumb\",\"itemListElement\":[{\"@type\":\"ListItem\",\"position\":1,\"name\":\"Accueil\",\"item\":\"http:\/\/www.frederic-poitou.com\/blog\/\"},{\"@type\":\"ListItem\",\"position\":2,\"name\":\"REPUBLIQUE INDIVISIBLE, LAIQUE, DEMOCRATIQUE ET SOCIALE\"}]},{\"@type\":\"WebSite\",\"@id\":\"http:\/\/www.frederic-poitou.com\/blog\/#website\",\"url\":\"http:\/\/www.frederic-poitou.com\/blog\/\",\"name\":\"\",\"description\":\"\",\"potentialAction\":[{\"@type\":\"SearchAction\",\"target\":{\"@type\":\"EntryPoint\",\"urlTemplate\":\"http:\/\/www.frederic-poitou.com\/blog\/?s={search_term_string}\"},\"query-input\":{\"@type\":\"PropertyValueSpecification\",\"valueRequired\":true,\"valueName\":\"search_term_string\"}}],\"inLanguage\":\"fr-FR\"},{\"@type\":\"Person\",\"@id\":\"http:\/\/www.frederic-poitou.com\/blog\/#\/schema\/person\/e2c2d05e978747818533fdce859a7799\",\"name\":\"Fr\u00e9d\u00e9ric Poitou\",\"image\":{\"@type\":\"ImageObject\",\"inLanguage\":\"fr-FR\",\"@id\":\"http:\/\/www.frederic-poitou.com\/blog\/#\/schema\/person\/image\/\",\"url\":\"https:\/\/secure.gravatar.com\/avatar\/1933bcca279a2feafd35d9e0a080c521e11beb51115fe4cfe02e2586ac13424a?s=96&d=mm&r=g\",\"contentUrl\":\"https:\/\/secure.gravatar.com\/avatar\/1933bcca279a2feafd35d9e0a080c521e11beb51115fe4cfe02e2586ac13424a?s=96&d=mm&r=g\",\"caption\":\"Fr\u00e9d\u00e9ric Poitou\"},\"description\":\"Fr\u00e9d\u00e9ric Poitou est n\u00e9 \u00e0 Rouen, et y a fait des \u00e9tudes au Conservatoire en musique-\u00e9tudes en section piano. Il s'est ensuite orient\u00e9 vers des \u00e9tudes scientifiques o\u00f9 il a obtenu un dipl\u00f4me d'ing\u00e9nieur, puis un doctorat en Chimie. Il est Expert Judiciaire en France, en Belgique et \u00e0 Luxembourg, et agr\u00e9e par les Institutions Europ\u00e9ennes.\",\"sameAs\":[\"http:\/\/www.frederic-poitou.com\",\"https:\/\/www.linkedin.com\/in\/frederic-poitou-b045a025\/\"]}]}<\/script>\n<!-- \/ Yoast SEO plugin. -->","yoast_head_json":{"title":"REPUBLIQUE INDIVISIBLE, LAIQUE, DEMOCRATIQUE ET SOCIALE -","robots":{"index":"index","follow":"follow","max-snippet":"max-snippet:-1","max-image-preview":"max-image-preview:large","max-video-preview":"max-video-preview:-1"},"canonical":"https:\/\/www.frederic-poitou.com\/blog\/republique-indivisible-laique-democratique-et-sociale\/","og_locale":"fr_FR","og_type":"article","og_title":"REPUBLIQUE INDIVISIBLE, LAIQUE, DEMOCRATIQUE ET SOCIALE -","og_description":"Pour m\u00e9moire, la charte de la La\u00efcit\u00e9 dans les services publics. A faire circuler &#8230;","og_url":"https:\/\/www.frederic-poitou.com\/blog\/republique-indivisible-laique-democratique-et-sociale\/","article_publisher":"https:\/\/www.facebook.com\/frederic.poitou\/","article_published_time":"2023-07-13T21:57:32+00:00","article_modified_time":"2026-04-14T06:04:11+00:00","og_image":[{"url":"http:\/\/www.frederic-poitou.com\/blog\/wp-content\/charte_laicite_enseignement_superieur.jpg","type":"","width":"","height":""}],"author":"Fr\u00e9d\u00e9ric Poitou","twitter_card":"summary_large_image","twitter_creator":"@fredericpoitou","twitter_site":"@fredericpoitou","twitter_misc":{"\u00c9crit par":"Fr\u00e9d\u00e9ric Poitou"},"schema":{"@context":"https:\/\/schema.org","@graph":[{"@type":"Article","@id":"https:\/\/www.frederic-poitou.com\/blog\/republique-indivisible-laique-democratique-et-sociale\/#article","isPartOf":{"@id":"https:\/\/www.frederic-poitou.com\/blog\/republique-indivisible-laique-democratique-et-sociale\/"},"author":{"name":"Fr\u00e9d\u00e9ric Poitou","@id":"http:\/\/www.frederic-poitou.com\/blog\/#\/schema\/person\/e2c2d05e978747818533fdce859a7799"},"headline":"REPUBLIQUE INDIVISIBLE, LAIQUE, DEMOCRATIQUE ET SOCIALE","datePublished":"2023-07-13T21:57:32+00:00","dateModified":"2026-04-14T06:04:11+00:00","mainEntityOfPage":{"@id":"https:\/\/www.frederic-poitou.com\/blog\/republique-indivisible-laique-democratique-et-sociale\/"},"wordCount":22,"commentCount":0,"image":{"@id":"https:\/\/www.frederic-poitou.com\/blog\/republique-indivisible-laique-democratique-et-sociale\/#primaryimage"},"thumbnailUrl":"http:\/\/www.frederic-poitou.com\/blog\/wp-content\/charte_laicite_enseignement_superieur.jpg","keywords":["Actualit\u00e9","Divers","La\u00efcit\u00e9","PARTI RADICAL","Politique"],"articleSection":["Divers"],"inLanguage":"fr-FR","potentialAction":[{"@type":"CommentAction","name":"Comment","target":["https:\/\/www.frederic-poitou.com\/blog\/republique-indivisible-laique-democratique-et-sociale\/#respond"]}]},{"@type":"WebPage","@id":"https:\/\/www.frederic-poitou.com\/blog\/republique-indivisible-laique-democratique-et-sociale\/","url":"https:\/\/www.frederic-poitou.com\/blog\/republique-indivisible-laique-democratique-et-sociale\/","name":"REPUBLIQUE INDIVISIBLE, LAIQUE, DEMOCRATIQUE ET SOCIALE -","isPartOf":{"@id":"http:\/\/www.frederic-poitou.com\/blog\/#website"},"primaryImageOfPage":{"@id":"https:\/\/www.frederic-poitou.com\/blog\/republique-indivisible-laique-democratique-et-sociale\/#primaryimage"},"image":{"@id":"https:\/\/www.frederic-poitou.com\/blog\/republique-indivisible-laique-democratique-et-sociale\/#primaryimage"},"thumbnailUrl":"http:\/\/www.frederic-poitou.com\/blog\/wp-content\/charte_laicite_enseignement_superieur.jpg","datePublished":"2023-07-13T21:57:32+00:00","dateModified":"2026-04-14T06:04:11+00:00","author":{"@id":"http:\/\/www.frederic-poitou.com\/blog\/#\/schema\/person\/e2c2d05e978747818533fdce859a7799"},"breadcrumb":{"@id":"https:\/\/www.frederic-poitou.com\/blog\/republique-indivisible-laique-democratique-et-sociale\/#breadcrumb"},"inLanguage":"fr-FR","potentialAction":[{"@type":"ReadAction","target":["https:\/\/www.frederic-poitou.com\/blog\/republique-indivisible-laique-democratique-et-sociale\/"]}]},{"@type":"ImageObject","inLanguage":"fr-FR","@id":"https:\/\/www.frederic-poitou.com\/blog\/republique-indivisible-laique-democratique-et-sociale\/#primaryimage","url":"http:\/\/www.frederic-poitou.com\/blog\/wp-content\/charte_laicite_enseignement_superieur.jpg","contentUrl":"http:\/\/www.frederic-poitou.com\/blog\/wp-content\/charte_laicite_enseignement_superieur.jpg"},{"@type":"BreadcrumbList","@id":"https:\/\/www.frederic-poitou.com\/blog\/republique-indivisible-laique-democratique-et-sociale\/#breadcrumb","itemListElement":[{"@type":"ListItem","position":1,"name":"Accueil","item":"http:\/\/www.frederic-poitou.com\/blog\/"},{"@type":"ListItem","position":2,"name":"REPUBLIQUE INDIVISIBLE, LAIQUE, DEMOCRATIQUE ET SOCIALE"}]},{"@type":"WebSite","@id":"http:\/\/www.frederic-poitou.com\/blog\/#website","url":"http:\/\/www.frederic-poitou.com\/blog\/","name":"","description":"","potentialAction":[{"@type":"SearchAction","target":{"@type":"EntryPoint","urlTemplate":"http:\/\/www.frederic-poitou.com\/blog\/?s={search_term_string}"},"query-input":{"@type":"PropertyValueSpecification","valueRequired":true,"valueName":"search_term_string"}}],"inLanguage":"fr-FR"},{"@type":"Person","@id":"http:\/\/www.frederic-poitou.com\/blog\/#\/schema\/person\/e2c2d05e978747818533fdce859a7799","name":"Fr\u00e9d\u00e9ric Poitou","image":{"@type":"ImageObject","inLanguage":"fr-FR","@id":"http:\/\/www.frederic-poitou.com\/blog\/#\/schema\/person\/image\/","url":"https:\/\/secure.gravatar.com\/avatar\/1933bcca279a2feafd35d9e0a080c521e11beb51115fe4cfe02e2586ac13424a?s=96&d=mm&r=g","contentUrl":"https:\/\/secure.gravatar.com\/avatar\/1933bcca279a2feafd35d9e0a080c521e11beb51115fe4cfe02e2586ac13424a?s=96&d=mm&r=g","caption":"Fr\u00e9d\u00e9ric Poitou"},"description":"Fr\u00e9d\u00e9ric Poitou est n\u00e9 \u00e0 Rouen, et y a fait des \u00e9tudes au Conservatoire en musique-\u00e9tudes en section piano. Il s'est ensuite orient\u00e9 vers des \u00e9tudes scientifiques o\u00f9 il a obtenu un dipl\u00f4me d'ing\u00e9nieur, puis un doctorat en Chimie. Il est Expert Judiciaire en France, en Belgique et \u00e0 Luxembourg, et agr\u00e9e par les Institutions Europ\u00e9ennes.","sameAs":["http:\/\/www.frederic-poitou.com","https:\/\/www.linkedin.com\/in\/frederic-poitou-b045a025\/"]}]}},"_links":{"self":[{"href":"http:\/\/www.frederic-poitou.com\/blog\/wp-json\/wp\/v2\/posts\/4151","targetHints":{"allow":["GET"]}}],"collection":[{"href":"http:\/\/www.frederic-poitou.com\/blog\/wp-json\/wp\/v2\/posts"}],"about":[{"href":"http:\/\/www.frederic-poitou.com\/blog\/wp-json\/wp\/v2\/types\/post"}],"author":[{"embeddable":true,"href":"http:\/\/www.frederic-poitou.com\/blog\/wp-json\/wp\/v2\/users\/4"}],"replies":[{"embeddable":true,"href":"http:\/\/www.frederic-poitou.com\/blog\/wp-json\/wp\/v2\/comments?post=4151"}],"version-history":[{"count":1,"href":"http:\/\/www.frederic-poitou.com\/blog\/wp-json\/wp\/v2\/posts\/4151\/revisions"}],"predecessor-version":[{"id":10146,"href":"http:\/\/www.frederic-poitou.com\/blog\/wp-json\/wp\/v2\/posts\/4151\/revisions\/10146"}],"wp:attachment":[{"href":"http:\/\/www.frederic-poitou.com\/blog\/wp-json\/wp\/v2\/media?parent=4151"}],"wp:term":[{"taxonomy":"category","embeddable":true,"href":"http:\/\/www.frederic-poitou.com\/blog\/wp-json\/wp\/v2\/categories?post=4151"},{"taxonomy":"post_tag","embeddable":true,"href":"http:\/\/www.frederic-poitou.com\/blog\/wp-json\/wp\/v2\/tags?post=4151"}],"curies":[{"name":"wp","href":"https:\/\/api.w.org\/{rel}","templated":true}]}}