{"id":4018,"date":"2023-07-15T02:52:32","date_gmt":"2023-07-15T00:52:32","guid":{"rendered":"http:\/\/www.frederic-poitou.com\/blog\/?p=4018"},"modified":"2026-04-24T20:30:26","modified_gmt":"2026-04-24T18:30:26","slug":"le-roi-de-lanis-marseillais-est-un-belge","status":"publish","type":"post","link":"http:\/\/www.frederic-poitou.com\/blog\/le-roi-de-lanis-marseillais-est-un-belge\/","title":{"rendered":"LE ROI DE L&rsquo;ANIS MARSEILLAIS EST UN BELGE !"},"content":{"rendered":"<p>Bruxellois d\u2019origine, il a fond\u00e9\u00a0<em>La Maison du Pastis<\/em> sur le Vieux-Port. Un endroit qui, sans surprise, fait la part belle<\/p>\n<p><img loading=\"lazy\" decoding=\"async\" class=\"alignleft size-full wp-image-4019\" style=\"margin: 10px; border: 20px solid black;\" title=\"fq-maisonpastis_m\" src=\"http:\/\/www.frederic-poitou.com\/blog\/wp-content\/fq-maisonpastis_m.jpg\" alt=\"fq-maisonpastis_m\" width=\"448\" height=\"335\" srcset=\"http:\/\/www.frederic-poitou.com\/blog\/wp-content\/fq-maisonpastis_m.jpg 448w, http:\/\/www.frederic-poitou.com\/blog\/wp-content\/fq-maisonpastis_m-300x224.jpg 300w\" sizes=\"auto, (max-width: 448px) 100vw, 448px\" \/><\/p>\n<p>aux alcools anis\u00e9s artisanaux. \u00ab\u00a0<em>J\u2019\u00e9tais install\u00e9 depuis une semaine que la presse me tombait dessus. Quand j\u2019ai vu le titre du journal <\/em>\u201d<em>Apr\u00e8s Francis le Belge<\/em> (en r\u00e9f\u00e9rence au fameux truand marseillais),\u00a0<em>Fr\u00e9d\u00e9ric Le Belge\u201d<\/em>,\u00a0<em>je me suis dit, \u00e7a commence bien !<\/em> <em>J\u2019ai voulu exploiter un cr\u00e9neau qui n\u2019existait pas. C\u2019\u00e9tait une id\u00e9e commerciale pure et dure<\/em>.<em>Marseille, j\u2019y ai grandi en somme. Mon p\u00e8re s\u2019\u00e9tait remari\u00e9 avec une Marseillaise. J\u2019ai donc \u00e9volu\u00e9 dans une culture proven\u00e7ale qui n\u2019est pas si diff\u00e9rente de la culture bruxelloise<\/em> \u00bb, commente cet ancien musicien. En 1999, titill\u00e9 par une s\u00e9rieuse envie \u00ab de changer sa vie \u00bb, il lance son affaire avec succ\u00e8s. En t\u00e9moignent les \u00e9tals de sa boutique qui propose aux amateurs 95 pastis et absinthes redor\u00e9s de ce sceau artisanal.<\/p>\n<p>(d&rsquo;apr\u00e8s Fr\u00e9d\u00e9rique JACQUEMIN, www.lesoir.be)<\/p>\n<p><span style=\"color: #ffffff;\"><br \/>\n<\/span><\/p>\n<p><span style=\"color: #ffffff;\">&#8212;&#8212;&#8212;&#8212;&#8212;&#8212;&#8212;<\/span><\/p>\n<p><span style=\"color: #ffffff;\"><br \/>\n<\/span><\/p>\n<p style=\"text-align: center;\">VOIR SON SITE INTERNET EN CLIQUANT -&gt; <a href=\"http:\/\/www.lamaisondupastis.com\" target=\"_blank\" rel=\"noopener\">ICI<\/a><\/p>\n<p><span style=\"color: #ffffff;\"><br \/>\n&#8212;&#8212;&#8212;&#8212;- <\/span><\/p>\n<p style=\"text-align: center;\"><span style=\"color: #ffffff;\"><img loading=\"lazy\" decoding=\"async\" class=\"aligncenter size-full wp-image-4022\" title=\"dauphine02\" src=\"http:\/\/www.frederic-poitou.com\/blog\/wp-content\/dauphine02.jpg\" alt=\"dauphine02\" width=\"670\" height=\"594\" srcset=\"http:\/\/www.frederic-poitou.com\/blog\/wp-content\/dauphine02.jpg 670w, http:\/\/www.frederic-poitou.com\/blog\/wp-content\/dauphine02-300x265.jpg 300w\" sizes=\"auto, (max-width: 670px) 100vw, 670px\" \/>&#8212;&#8212;&#8212;&#8212;&#8212;&#8212;&#8212;<br \/>\n&#8212;&#8212;&#8212;&#8212;&#8212;&#8212;&#8211;<\/span><\/p>\n<p style=\"text-align: center;\">\n<p style=\"text-align: center;\"><span style=\"color: #ffffff;\"><img loading=\"lazy\" decoding=\"async\" class=\"aligncenter size-full wp-image-4023\" title=\"elle\" src=\"http:\/\/www.frederic-poitou.com\/blog\/wp-content\/elle.jpg\" alt=\"elle\" width=\"700\" height=\"594\" srcset=\"http:\/\/www.frederic-poitou.com\/blog\/wp-content\/elle.jpg 700w, http:\/\/www.frederic-poitou.com\/blog\/wp-content\/elle-300x254.jpg 300w\" sizes=\"auto, (max-width: 700px) 100vw, 700px\" \/><\/span><\/p>\n<p style=\"text-align: center;\">\n<p style=\"text-align: center;\"><span style=\"color: #ffffff;\">&#8212;&#8212;&#8212;&#8212;&#8212;-<br \/>\n&#8212;&#8212;&#8212;&#8212;&#8212;&#8212;&#8212;&#8211;<\/span><\/p>\n<p style=\"text-align: center;\"><span style=\"color: #ffffff;\"> <img loading=\"lazy\" decoding=\"async\" class=\"aligncenter size-full wp-image-4027\" title=\"grande\" src=\"http:\/\/www.frederic-poitou.com\/blog\/wp-content\/grande.jpg\" alt=\"grande\" width=\"620\" height=\"614\" srcset=\"http:\/\/www.frederic-poitou.com\/blog\/wp-content\/grande.jpg 620w, http:\/\/www.frederic-poitou.com\/blog\/wp-content\/grande-150x150.jpg 150w, http:\/\/www.frederic-poitou.com\/blog\/wp-content\/grande-300x297.jpg 300w\" sizes=\"auto, (max-width: 620px) 100vw, 620px\" \/>&#8212;&#8212;&#8212;&#8212;&#8212;&#8211;<br \/>\n&#8212;&#8212;&#8212;&#8212;&#8212;&#8211;<\/span><\/p>\n<p style=\"text-align: center;\"><span style=\"color: #ffffff;\"><img loading=\"lazy\" decoding=\"async\" class=\"aligncenter size-full wp-image-4029\" title=\"marshebdo\" src=\"http:\/\/www.frederic-poitou.com\/blog\/wp-content\/marshebdo.jpg\" alt=\"marshebdo\" width=\"684\" height=\"600\" srcset=\"http:\/\/www.frederic-poitou.com\/blog\/wp-content\/marshebdo.jpg 684w, http:\/\/www.frederic-poitou.com\/blog\/wp-content\/marshebdo-300x263.jpg 300w\" sizes=\"auto, (max-width: 684px) 100vw, 684px\" \/><br \/>\n<\/span><\/p>\n<p style=\"text-align: center;\"><span style=\"color: #ffffff;\"> <\/span><\/p>\n","protected":false},"excerpt":{"rendered":"<p>Bruxellois d\u2019origine, il a fond\u00e9\u00a0La Maison du Pastis sur le Vieux-Port. Un endroit qui, sans surprise, fait la part belle aux alcools anis\u00e9s artisanaux. \u00ab\u00a0J\u2019\u00e9tais install\u00e9 depuis une semaine que la presse me tombait dessus. Quand j\u2019ai vu le titre &hellip; <a href=\"http:\/\/www.frederic-poitou.com\/blog\/le-roi-de-lanis-marseillais-est-un-belge\/\">Lire la suite\u00ad\u00ad<\/a><\/p>\n","protected":false},"author":4,"featured_media":0,"comment_status":"open","ping_status":"open","sticky":false,"template":"","format":"standard","meta":{"kt_blocks_editor_width":"","_exactmetrics_skip_tracking":false,"_exactmetrics_sitenote_active":false,"_exactmetrics_sitenote_note":"","_exactmetrics_sitenote_category":0,"footnotes":""},"categories":[1],"tags":[50],"class_list":["post-4018","post","type-post","status-publish","format-standard","hentry","category-politique-economie","tag-politique-economie"],"yoast_head":"<!-- This site is optimized with the Yoast SEO plugin v27.1.1 - https:\/\/yoast.com\/product\/yoast-seo-wordpress\/ -->\n<title>LE ROI DE L&#039;ANIS MARSEILLAIS EST UN BELGE ! -<\/title>\n<meta name=\"robots\" content=\"index, follow, max-snippet:-1, max-image-preview:large, max-video-preview:-1\" \/>\n<link rel=\"canonical\" href=\"http:\/\/www.frederic-poitou.com\/blog\/le-roi-de-lanis-marseillais-est-un-belge\/\" \/>\n<meta property=\"og:locale\" content=\"fr_FR\" \/>\n<meta property=\"og:type\" content=\"article\" \/>\n<meta property=\"og:title\" content=\"LE ROI DE L&#039;ANIS MARSEILLAIS EST UN BELGE ! -\" \/>\n<meta property=\"og:description\" content=\"Bruxellois d\u2019origine, il a fond\u00e9\u00a0La Maison du Pastis sur le Vieux-Port. Un endroit qui, sans surprise, fait la part belle aux alcools anis\u00e9s artisanaux. \u00ab\u00a0J\u2019\u00e9tais install\u00e9 depuis une semaine que la presse me tombait dessus. Quand j\u2019ai vu le titre &hellip; Lire la suite\u00ad\u00ad\" \/>\n<meta property=\"og:url\" content=\"http:\/\/www.frederic-poitou.com\/blog\/le-roi-de-lanis-marseillais-est-un-belge\/\" \/>\n<meta property=\"article:publisher\" content=\"https:\/\/www.facebook.com\/frederic.poitou\/\" \/>\n<meta property=\"article:published_time\" content=\"2023-07-15T00:52:32+00:00\" \/>\n<meta property=\"article:modified_time\" content=\"2026-04-24T18:30:26+00:00\" \/>\n<meta property=\"og:image\" content=\"http:\/\/www.frederic-poitou.com\/blog\/wp-content\/fq-maisonpastis_m.jpg\" \/>\n<meta name=\"author\" content=\"Fr\u00e9d\u00e9ric Poitou\" \/>\n<meta name=\"twitter:card\" content=\"summary_large_image\" \/>\n<meta name=\"twitter:creator\" content=\"@fredericpoitou\" \/>\n<meta name=\"twitter:site\" content=\"@fredericpoitou\" \/>\n<meta name=\"twitter:label1\" content=\"\u00c9crit par\" \/>\n\t<meta name=\"twitter:data1\" content=\"Fr\u00e9d\u00e9ric Poitou\" \/>\n\t<meta name=\"twitter:label2\" content=\"Dur\u00e9e de lecture estim\u00e9e\" \/>\n\t<meta name=\"twitter:data2\" content=\"1 minute\" \/>\n<script type=\"application\/ld+json\" class=\"yoast-schema-graph\">{\"@context\":\"https:\/\/schema.org\",\"@graph\":[{\"@type\":\"Article\",\"@id\":\"http:\/\/www.frederic-poitou.com\/blog\/le-roi-de-lanis-marseillais-est-un-belge\/#article\",\"isPartOf\":{\"@id\":\"http:\/\/www.frederic-poitou.com\/blog\/le-roi-de-lanis-marseillais-est-un-belge\/\"},\"author\":{\"name\":\"Fr\u00e9d\u00e9ric Poitou\",\"@id\":\"http:\/\/www.frederic-poitou.com\/blog\/#\/schema\/person\/e2c2d05e978747818533fdce859a7799\"},\"headline\":\"LE ROI DE L&rsquo;ANIS MARSEILLAIS EST UN BELGE !\",\"datePublished\":\"2023-07-15T00:52:32+00:00\",\"dateModified\":\"2026-04-24T18:30:26+00:00\",\"mainEntityOfPage\":{\"@id\":\"http:\/\/www.frederic-poitou.com\/blog\/le-roi-de-lanis-marseillais-est-un-belge\/\"},\"wordCount\":207,\"commentCount\":0,\"image\":{\"@id\":\"http:\/\/www.frederic-poitou.com\/blog\/le-roi-de-lanis-marseillais-est-un-belge\/#primaryimage\"},\"thumbnailUrl\":\"http:\/\/www.frederic-poitou.com\/blog\/wp-content\/fq-maisonpastis_m.jpg\",\"keywords\":[\"Divers\"],\"articleSection\":[\"Divers\"],\"inLanguage\":\"fr-FR\",\"potentialAction\":[{\"@type\":\"CommentAction\",\"name\":\"Comment\",\"target\":[\"http:\/\/www.frederic-poitou.com\/blog\/le-roi-de-lanis-marseillais-est-un-belge\/#respond\"]}]},{\"@type\":\"WebPage\",\"@id\":\"http:\/\/www.frederic-poitou.com\/blog\/le-roi-de-lanis-marseillais-est-un-belge\/\",\"url\":\"http:\/\/www.frederic-poitou.com\/blog\/le-roi-de-lanis-marseillais-est-un-belge\/\",\"name\":\"LE ROI DE L'ANIS MARSEILLAIS EST UN BELGE ! -\",\"isPartOf\":{\"@id\":\"http:\/\/www.frederic-poitou.com\/blog\/#website\"},\"primaryImageOfPage\":{\"@id\":\"http:\/\/www.frederic-poitou.com\/blog\/le-roi-de-lanis-marseillais-est-un-belge\/#primaryimage\"},\"image\":{\"@id\":\"http:\/\/www.frederic-poitou.com\/blog\/le-roi-de-lanis-marseillais-est-un-belge\/#primaryimage\"},\"thumbnailUrl\":\"http:\/\/www.frederic-poitou.com\/blog\/wp-content\/fq-maisonpastis_m.jpg\",\"datePublished\":\"2023-07-15T00:52:32+00:00\",\"dateModified\":\"2026-04-24T18:30:26+00:00\",\"author\":{\"@id\":\"http:\/\/www.frederic-poitou.com\/blog\/#\/schema\/person\/e2c2d05e978747818533fdce859a7799\"},\"breadcrumb\":{\"@id\":\"http:\/\/www.frederic-poitou.com\/blog\/le-roi-de-lanis-marseillais-est-un-belge\/#breadcrumb\"},\"inLanguage\":\"fr-FR\",\"potentialAction\":[{\"@type\":\"ReadAction\",\"target\":[\"http:\/\/www.frederic-poitou.com\/blog\/le-roi-de-lanis-marseillais-est-un-belge\/\"]}]},{\"@type\":\"ImageObject\",\"inLanguage\":\"fr-FR\",\"@id\":\"http:\/\/www.frederic-poitou.com\/blog\/le-roi-de-lanis-marseillais-est-un-belge\/#primaryimage\",\"url\":\"http:\/\/www.frederic-poitou.com\/blog\/wp-content\/fq-maisonpastis_m.jpg\",\"contentUrl\":\"http:\/\/www.frederic-poitou.com\/blog\/wp-content\/fq-maisonpastis_m.jpg\",\"width\":\"448\",\"height\":\"335\"},{\"@type\":\"BreadcrumbList\",\"@id\":\"http:\/\/www.frederic-poitou.com\/blog\/le-roi-de-lanis-marseillais-est-un-belge\/#breadcrumb\",\"itemListElement\":[{\"@type\":\"ListItem\",\"position\":1,\"name\":\"Accueil\",\"item\":\"http:\/\/www.frederic-poitou.com\/blog\/\"},{\"@type\":\"ListItem\",\"position\":2,\"name\":\"LE ROI DE L&rsquo;ANIS MARSEILLAIS EST UN BELGE !\"}]},{\"@type\":\"WebSite\",\"@id\":\"http:\/\/www.frederic-poitou.com\/blog\/#website\",\"url\":\"http:\/\/www.frederic-poitou.com\/blog\/\",\"name\":\"\",\"description\":\"\",\"potentialAction\":[{\"@type\":\"SearchAction\",\"target\":{\"@type\":\"EntryPoint\",\"urlTemplate\":\"http:\/\/www.frederic-poitou.com\/blog\/?s={search_term_string}\"},\"query-input\":{\"@type\":\"PropertyValueSpecification\",\"valueRequired\":true,\"valueName\":\"search_term_string\"}}],\"inLanguage\":\"fr-FR\"},{\"@type\":\"Person\",\"@id\":\"http:\/\/www.frederic-poitou.com\/blog\/#\/schema\/person\/e2c2d05e978747818533fdce859a7799\",\"name\":\"Fr\u00e9d\u00e9ric Poitou\",\"image\":{\"@type\":\"ImageObject\",\"inLanguage\":\"fr-FR\",\"@id\":\"http:\/\/www.frederic-poitou.com\/blog\/#\/schema\/person\/image\/\",\"url\":\"https:\/\/secure.gravatar.com\/avatar\/1933bcca279a2feafd35d9e0a080c521e11beb51115fe4cfe02e2586ac13424a?s=96&d=mm&r=g\",\"contentUrl\":\"https:\/\/secure.gravatar.com\/avatar\/1933bcca279a2feafd35d9e0a080c521e11beb51115fe4cfe02e2586ac13424a?s=96&d=mm&r=g\",\"caption\":\"Fr\u00e9d\u00e9ric Poitou\"},\"description\":\"Fr\u00e9d\u00e9ric Poitou est n\u00e9 \u00e0 Rouen, et y a fait des \u00e9tudes au Conservatoire en musique-\u00e9tudes en section piano. Il s'est ensuite orient\u00e9 vers des \u00e9tudes scientifiques o\u00f9 il a obtenu un dipl\u00f4me d'ing\u00e9nieur, puis un doctorat en Chimie. Il est Expert Judiciaire en France, en Belgique et \u00e0 Luxembourg, et agr\u00e9e par les Institutions Europ\u00e9ennes.\",\"sameAs\":[\"http:\/\/www.frederic-poitou.com\",\"https:\/\/www.linkedin.com\/in\/frederic-poitou-b045a025\/\"]}]}<\/script>\n<!-- \/ Yoast SEO plugin. -->","yoast_head_json":{"title":"LE ROI DE L'ANIS MARSEILLAIS EST UN BELGE ! -","robots":{"index":"index","follow":"follow","max-snippet":"max-snippet:-1","max-image-preview":"max-image-preview:large","max-video-preview":"max-video-preview:-1"},"canonical":"http:\/\/www.frederic-poitou.com\/blog\/le-roi-de-lanis-marseillais-est-un-belge\/","og_locale":"fr_FR","og_type":"article","og_title":"LE ROI DE L'ANIS MARSEILLAIS EST UN BELGE ! -","og_description":"Bruxellois d\u2019origine, il a fond\u00e9\u00a0La Maison du Pastis sur le Vieux-Port. Un endroit qui, sans surprise, fait la part belle aux alcools anis\u00e9s artisanaux. \u00ab\u00a0J\u2019\u00e9tais install\u00e9 depuis une semaine que la presse me tombait dessus. Quand j\u2019ai vu le titre &hellip; Lire la suite\u00ad\u00ad","og_url":"http:\/\/www.frederic-poitou.com\/blog\/le-roi-de-lanis-marseillais-est-un-belge\/","article_publisher":"https:\/\/www.facebook.com\/frederic.poitou\/","article_published_time":"2023-07-15T00:52:32+00:00","article_modified_time":"2026-04-24T18:30:26+00:00","og_image":[{"url":"http:\/\/www.frederic-poitou.com\/blog\/wp-content\/fq-maisonpastis_m.jpg","type":"","width":"","height":""}],"author":"Fr\u00e9d\u00e9ric Poitou","twitter_card":"summary_large_image","twitter_creator":"@fredericpoitou","twitter_site":"@fredericpoitou","twitter_misc":{"\u00c9crit par":"Fr\u00e9d\u00e9ric Poitou","Dur\u00e9e de lecture estim\u00e9e":"1 minute"},"schema":{"@context":"https:\/\/schema.org","@graph":[{"@type":"Article","@id":"http:\/\/www.frederic-poitou.com\/blog\/le-roi-de-lanis-marseillais-est-un-belge\/#article","isPartOf":{"@id":"http:\/\/www.frederic-poitou.com\/blog\/le-roi-de-lanis-marseillais-est-un-belge\/"},"author":{"name":"Fr\u00e9d\u00e9ric Poitou","@id":"http:\/\/www.frederic-poitou.com\/blog\/#\/schema\/person\/e2c2d05e978747818533fdce859a7799"},"headline":"LE ROI DE L&rsquo;ANIS MARSEILLAIS EST UN BELGE !","datePublished":"2023-07-15T00:52:32+00:00","dateModified":"2026-04-24T18:30:26+00:00","mainEntityOfPage":{"@id":"http:\/\/www.frederic-poitou.com\/blog\/le-roi-de-lanis-marseillais-est-un-belge\/"},"wordCount":207,"commentCount":0,"image":{"@id":"http:\/\/www.frederic-poitou.com\/blog\/le-roi-de-lanis-marseillais-est-un-belge\/#primaryimage"},"thumbnailUrl":"http:\/\/www.frederic-poitou.com\/blog\/wp-content\/fq-maisonpastis_m.jpg","keywords":["Divers"],"articleSection":["Divers"],"inLanguage":"fr-FR","potentialAction":[{"@type":"CommentAction","name":"Comment","target":["http:\/\/www.frederic-poitou.com\/blog\/le-roi-de-lanis-marseillais-est-un-belge\/#respond"]}]},{"@type":"WebPage","@id":"http:\/\/www.frederic-poitou.com\/blog\/le-roi-de-lanis-marseillais-est-un-belge\/","url":"http:\/\/www.frederic-poitou.com\/blog\/le-roi-de-lanis-marseillais-est-un-belge\/","name":"LE ROI DE L'ANIS MARSEILLAIS EST UN BELGE ! -","isPartOf":{"@id":"http:\/\/www.frederic-poitou.com\/blog\/#website"},"primaryImageOfPage":{"@id":"http:\/\/www.frederic-poitou.com\/blog\/le-roi-de-lanis-marseillais-est-un-belge\/#primaryimage"},"image":{"@id":"http:\/\/www.frederic-poitou.com\/blog\/le-roi-de-lanis-marseillais-est-un-belge\/#primaryimage"},"thumbnailUrl":"http:\/\/www.frederic-poitou.com\/blog\/wp-content\/fq-maisonpastis_m.jpg","datePublished":"2023-07-15T00:52:32+00:00","dateModified":"2026-04-24T18:30:26+00:00","author":{"@id":"http:\/\/www.frederic-poitou.com\/blog\/#\/schema\/person\/e2c2d05e978747818533fdce859a7799"},"breadcrumb":{"@id":"http:\/\/www.frederic-poitou.com\/blog\/le-roi-de-lanis-marseillais-est-un-belge\/#breadcrumb"},"inLanguage":"fr-FR","potentialAction":[{"@type":"ReadAction","target":["http:\/\/www.frederic-poitou.com\/blog\/le-roi-de-lanis-marseillais-est-un-belge\/"]}]},{"@type":"ImageObject","inLanguage":"fr-FR","@id":"http:\/\/www.frederic-poitou.com\/blog\/le-roi-de-lanis-marseillais-est-un-belge\/#primaryimage","url":"http:\/\/www.frederic-poitou.com\/blog\/wp-content\/fq-maisonpastis_m.jpg","contentUrl":"http:\/\/www.frederic-poitou.com\/blog\/wp-content\/fq-maisonpastis_m.jpg","width":"448","height":"335"},{"@type":"BreadcrumbList","@id":"http:\/\/www.frederic-poitou.com\/blog\/le-roi-de-lanis-marseillais-est-un-belge\/#breadcrumb","itemListElement":[{"@type":"ListItem","position":1,"name":"Accueil","item":"http:\/\/www.frederic-poitou.com\/blog\/"},{"@type":"ListItem","position":2,"name":"LE ROI DE L&rsquo;ANIS MARSEILLAIS EST UN BELGE !"}]},{"@type":"WebSite","@id":"http:\/\/www.frederic-poitou.com\/blog\/#website","url":"http:\/\/www.frederic-poitou.com\/blog\/","name":"","description":"","potentialAction":[{"@type":"SearchAction","target":{"@type":"EntryPoint","urlTemplate":"http:\/\/www.frederic-poitou.com\/blog\/?s={search_term_string}"},"query-input":{"@type":"PropertyValueSpecification","valueRequired":true,"valueName":"search_term_string"}}],"inLanguage":"fr-FR"},{"@type":"Person","@id":"http:\/\/www.frederic-poitou.com\/blog\/#\/schema\/person\/e2c2d05e978747818533fdce859a7799","name":"Fr\u00e9d\u00e9ric Poitou","image":{"@type":"ImageObject","inLanguage":"fr-FR","@id":"http:\/\/www.frederic-poitou.com\/blog\/#\/schema\/person\/image\/","url":"https:\/\/secure.gravatar.com\/avatar\/1933bcca279a2feafd35d9e0a080c521e11beb51115fe4cfe02e2586ac13424a?s=96&d=mm&r=g","contentUrl":"https:\/\/secure.gravatar.com\/avatar\/1933bcca279a2feafd35d9e0a080c521e11beb51115fe4cfe02e2586ac13424a?s=96&d=mm&r=g","caption":"Fr\u00e9d\u00e9ric Poitou"},"description":"Fr\u00e9d\u00e9ric Poitou est n\u00e9 \u00e0 Rouen, et y a fait des \u00e9tudes au Conservatoire en musique-\u00e9tudes en section piano. Il s'est ensuite orient\u00e9 vers des \u00e9tudes scientifiques o\u00f9 il a obtenu un dipl\u00f4me d'ing\u00e9nieur, puis un doctorat en Chimie. Il est Expert Judiciaire en France, en Belgique et \u00e0 Luxembourg, et agr\u00e9e par les Institutions Europ\u00e9ennes.","sameAs":["http:\/\/www.frederic-poitou.com","https:\/\/www.linkedin.com\/in\/frederic-poitou-b045a025\/"]}]}},"_links":{"self":[{"href":"http:\/\/www.frederic-poitou.com\/blog\/wp-json\/wp\/v2\/posts\/4018","targetHints":{"allow":["GET"]}}],"collection":[{"href":"http:\/\/www.frederic-poitou.com\/blog\/wp-json\/wp\/v2\/posts"}],"about":[{"href":"http:\/\/www.frederic-poitou.com\/blog\/wp-json\/wp\/v2\/types\/post"}],"author":[{"embeddable":true,"href":"http:\/\/www.frederic-poitou.com\/blog\/wp-json\/wp\/v2\/users\/4"}],"replies":[{"embeddable":true,"href":"http:\/\/www.frederic-poitou.com\/blog\/wp-json\/wp\/v2\/comments?post=4018"}],"version-history":[{"count":1,"href":"http:\/\/www.frederic-poitou.com\/blog\/wp-json\/wp\/v2\/posts\/4018\/revisions"}],"predecessor-version":[{"id":10126,"href":"http:\/\/www.frederic-poitou.com\/blog\/wp-json\/wp\/v2\/posts\/4018\/revisions\/10126"}],"wp:attachment":[{"href":"http:\/\/www.frederic-poitou.com\/blog\/wp-json\/wp\/v2\/media?parent=4018"}],"wp:term":[{"taxonomy":"category","embeddable":true,"href":"http:\/\/www.frederic-poitou.com\/blog\/wp-json\/wp\/v2\/categories?post=4018"},{"taxonomy":"post_tag","embeddable":true,"href":"http:\/\/www.frederic-poitou.com\/blog\/wp-json\/wp\/v2\/tags?post=4018"}],"curies":[{"name":"wp","href":"https:\/\/api.w.org\/{rel}","templated":true}]}}