{"id":3927,"date":"2023-07-14T08:32:32","date_gmt":"2023-07-14T06:32:32","guid":{"rendered":"http:\/\/www.frederic-poitou.com\/blog\/?p=3927"},"modified":"2026-04-17T01:55:09","modified_gmt":"2026-04-16T23:55:09","slug":"interculturalite-multiculturalite","status":"publish","type":"post","link":"http:\/\/www.frederic-poitou.com\/blog\/interculturalite-multiculturalite\/","title":{"rendered":"INTERCULTURALIT\u00c9 &#8211; MULTICULTURALIT\u00c9"},"content":{"rendered":"<p>Dans le cadre des r\u00e9flexions que l&rsquo;on peut \u00eatre tent\u00e9 d&rsquo;avoir sur l&rsquo;\u00e9volution de la Soci\u00e9t\u00e9 Fran\u00e7aise, je me suis autoris\u00e9 trois axes de travail sur des sujets qui m&rsquo;int\u00e9ressent, ou que je pensais ma\u00eetriser correctement.<\/p>\n<p>Il est \u00e9vident que, d\u00e8s que l&rsquo;on approfondit un sujet, on s&rsquo;aper\u00e7oit qu&rsquo;on ne le connait pas si bien qu&rsquo;on l&rsquo;imaginait. C&rsquo;est bien ce qui est int\u00e9ressant. La d\u00e9couverte perp\u00e9tuelle fait l&rsquo;humilit\u00e9 &#8230; !<\/p>\n<p>Je me suis toutefois attel\u00e9 \u00e0 trois sujets :<\/p>\n<p style=\"margin: 0.0px 0.0px 0.0px 0.0px; font: 12.0px Futura;\">&#8211; Inter-culturalisme et Multi-culturalisme : <span style=\"font: 12.0px 'Futura Light';\"><em>Quel mod\u00e8le pour la France de demain ?<\/em><\/span><\/p>\n<p style=\"margin: 0.0px 0.0px 0.0px 0.0px; font: 12.0px 'Futura Light';\"><span style=\"font: 12.0px Futura;\"> &#8211; La La\u00efcit\u00e9 en Europe : <\/span><em>Quels enseignements pour l\u2019\u00e9volution du mod\u00e8le Fran\u00e7ais ?<\/em><\/p>\n<p style=\"margin: 0.0px 0.0px 0.0px 0.0px; font: 12.0px Futura;\">&#8211; Le droit de la Famille en France : <span style=\"font: 12.0px 'Futura Light';\"><em>Une n\u00e9cessaire r\u00e9forme de fond<\/em><\/span><\/p>\n<p>Je vous propose de prendre connaissance du premier document en cliquant sur le lien ci-dessous. J&rsquo;attends vos commentaires, pour d\u00e9grossir, polir et affiner ce travail. Vos commentaires sont anonymes si vous le d\u00e9sirez, et je les publierai tous, sauf ceux qui seraient insultants, ou hors charte r\u00e9dactionnelle habituelle.<\/p>\n<p>Cliquez -&gt;\u00a0<a href=\"http:\/\/www.frederic-poitou.com\/blog\/wp-content\/contribution-light.pdf\" target=\"_blank\" rel=\"noopener noreferrer\">ICI<\/a> pour t\u00e9l\u00e9charger le document.<\/p>\n<p style=\"text-align: center;\"><a href=\"http:\/\/www.frederic-poitou.com\/blog\/wp-content\/contribution-light.pdf\"><img loading=\"lazy\" decoding=\"async\" class=\"size-full wp-image-3930 aligncenter\" title=\"contribution\" src=\"http:\/\/www.frederic-poitou.com\/blog\/wp-content\/contributionp1.jpg\" alt=\"contributionp1\" width=\"595\" height=\"841\" srcset=\"http:\/\/www.frederic-poitou.com\/blog\/wp-content\/contributionp1.jpg 595w, http:\/\/www.frederic-poitou.com\/blog\/wp-content\/contributionp1-212x300.jpg 212w\" sizes=\"auto, (max-width: 595px) 100vw, 595px\" \/><\/a><\/p>\n","protected":false},"excerpt":{"rendered":"<p>Dans le cadre des r\u00e9flexions que l&rsquo;on peut \u00eatre tent\u00e9 d&rsquo;avoir sur l&rsquo;\u00e9volution de la Soci\u00e9t\u00e9 Fran\u00e7aise, je me suis autoris\u00e9 trois axes de travail sur des sujets qui m&rsquo;int\u00e9ressent, ou que je pensais ma\u00eetriser correctement. Il est \u00e9vident que, &hellip; <a href=\"http:\/\/www.frederic-poitou.com\/blog\/interculturalite-multiculturalite\/\">Lire la suite\u00ad\u00ad<\/a><\/p>\n","protected":false},"author":4,"featured_media":9583,"comment_status":"open","ping_status":"open","sticky":false,"template":"","format":"standard","meta":{"kt_blocks_editor_width":"","_exactmetrics_skip_tracking":false,"_exactmetrics_sitenote_active":false,"_exactmetrics_sitenote_note":"","_exactmetrics_sitenote_category":0,"footnotes":""},"categories":[48,51],"tags":[26,33,25,24],"class_list":["post-3927","post","type-post","status-publish","format-standard","has-post-thumbnail","hentry","category-accueil","category-politique","tag-laicite","tag-mouvement-reformateur","tag-parti-radical","tag-politique"],"yoast_head":"<!-- This site is optimized with the Yoast SEO plugin v27.1.1 - https:\/\/yoast.com\/product\/yoast-seo-wordpress\/ -->\n<title>INTERCULTURALIT\u00c9 - MULTICULTURALIT\u00c9 -<\/title>\n<meta name=\"robots\" content=\"index, follow, max-snippet:-1, max-image-preview:large, max-video-preview:-1\" \/>\n<link rel=\"canonical\" href=\"https:\/\/www.frederic-poitou.com\/blog\/interculturalite-multiculturalite\/\" \/>\n<meta property=\"og:locale\" content=\"fr_FR\" \/>\n<meta property=\"og:type\" content=\"article\" \/>\n<meta property=\"og:title\" content=\"INTERCULTURALIT\u00c9 - MULTICULTURALIT\u00c9 -\" \/>\n<meta property=\"og:description\" content=\"Dans le cadre des r\u00e9flexions que l&rsquo;on peut \u00eatre tent\u00e9 d&rsquo;avoir sur l&rsquo;\u00e9volution de la Soci\u00e9t\u00e9 Fran\u00e7aise, je me suis autoris\u00e9 trois axes de travail sur des sujets qui m&rsquo;int\u00e9ressent, ou que je pensais ma\u00eetriser correctement. Il est \u00e9vident que, &hellip; Lire la suite\u00ad\u00ad\" \/>\n<meta property=\"og:url\" content=\"https:\/\/www.frederic-poitou.com\/blog\/interculturalite-multiculturalite\/\" \/>\n<meta property=\"article:publisher\" content=\"https:\/\/www.facebook.com\/frederic.poitou\/\" \/>\n<meta property=\"article:published_time\" content=\"2023-07-14T06:32:32+00:00\" \/>\n<meta property=\"article:modified_time\" content=\"2026-04-16T23:55:09+00:00\" \/>\n<meta property=\"og:image\" content=\"https:\/\/www.frederic-poitou.com\/blog\/wp-content\/2019\/12\/interculturalit\u00e9.png\" \/>\n\t<meta property=\"og:image:width\" content=\"1140\" \/>\n\t<meta property=\"og:image:height\" content=\"250\" \/>\n\t<meta property=\"og:image:type\" content=\"image\/png\" \/>\n<meta name=\"author\" content=\"Fr\u00e9d\u00e9ric Poitou\" \/>\n<meta name=\"twitter:card\" content=\"summary_large_image\" \/>\n<meta name=\"twitter:creator\" content=\"@fredericpoitou\" \/>\n<meta name=\"twitter:site\" content=\"@fredericpoitou\" \/>\n<meta name=\"twitter:label1\" content=\"\u00c9crit par\" \/>\n\t<meta name=\"twitter:data1\" content=\"Fr\u00e9d\u00e9ric Poitou\" \/>\n\t<meta name=\"twitter:label2\" content=\"Dur\u00e9e de lecture estim\u00e9e\" \/>\n\t<meta name=\"twitter:data2\" content=\"1 minute\" \/>\n<script type=\"application\/ld+json\" class=\"yoast-schema-graph\">{\"@context\":\"https:\/\/schema.org\",\"@graph\":[{\"@type\":\"Article\",\"@id\":\"https:\/\/www.frederic-poitou.com\/blog\/interculturalite-multiculturalite\/#article\",\"isPartOf\":{\"@id\":\"https:\/\/www.frederic-poitou.com\/blog\/interculturalite-multiculturalite\/\"},\"author\":{\"name\":\"Fr\u00e9d\u00e9ric Poitou\",\"@id\":\"http:\/\/www.frederic-poitou.com\/blog\/#\/schema\/person\/e2c2d05e978747818533fdce859a7799\"},\"headline\":\"INTERCULTURALIT\u00c9 &#8211; MULTICULTURALIT\u00c9\",\"datePublished\":\"2023-07-14T06:32:32+00:00\",\"dateModified\":\"2026-04-16T23:55:09+00:00\",\"mainEntityOfPage\":{\"@id\":\"https:\/\/www.frederic-poitou.com\/blog\/interculturalite-multiculturalite\/\"},\"wordCount\":204,\"commentCount\":0,\"image\":{\"@id\":\"https:\/\/www.frederic-poitou.com\/blog\/interculturalite-multiculturalite\/#primaryimage\"},\"thumbnailUrl\":\"http:\/\/www.frederic-poitou.com\/blog\/wp-content\/2019\/12\/interculturalit\u00e9.png\",\"keywords\":[\"La\u00efcit\u00e9\",\"MOUVEMENT REFORMATEUR\",\"PARTI RADICAL\",\"Politique\"],\"articleSection\":[\"Accueil\",\"Politique\"],\"inLanguage\":\"fr-FR\",\"potentialAction\":[{\"@type\":\"CommentAction\",\"name\":\"Comment\",\"target\":[\"https:\/\/www.frederic-poitou.com\/blog\/interculturalite-multiculturalite\/#respond\"]}]},{\"@type\":\"WebPage\",\"@id\":\"https:\/\/www.frederic-poitou.com\/blog\/interculturalite-multiculturalite\/\",\"url\":\"https:\/\/www.frederic-poitou.com\/blog\/interculturalite-multiculturalite\/\",\"name\":\"INTERCULTURALIT\u00c9 - MULTICULTURALIT\u00c9 -\",\"isPartOf\":{\"@id\":\"http:\/\/www.frederic-poitou.com\/blog\/#website\"},\"primaryImageOfPage\":{\"@id\":\"https:\/\/www.frederic-poitou.com\/blog\/interculturalite-multiculturalite\/#primaryimage\"},\"image\":{\"@id\":\"https:\/\/www.frederic-poitou.com\/blog\/interculturalite-multiculturalite\/#primaryimage\"},\"thumbnailUrl\":\"http:\/\/www.frederic-poitou.com\/blog\/wp-content\/2019\/12\/interculturalit\u00e9.png\",\"datePublished\":\"2023-07-14T06:32:32+00:00\",\"dateModified\":\"2026-04-16T23:55:09+00:00\",\"author\":{\"@id\":\"http:\/\/www.frederic-poitou.com\/blog\/#\/schema\/person\/e2c2d05e978747818533fdce859a7799\"},\"breadcrumb\":{\"@id\":\"https:\/\/www.frederic-poitou.com\/blog\/interculturalite-multiculturalite\/#breadcrumb\"},\"inLanguage\":\"fr-FR\",\"potentialAction\":[{\"@type\":\"ReadAction\",\"target\":[\"https:\/\/www.frederic-poitou.com\/blog\/interculturalite-multiculturalite\/\"]}]},{\"@type\":\"ImageObject\",\"inLanguage\":\"fr-FR\",\"@id\":\"https:\/\/www.frederic-poitou.com\/blog\/interculturalite-multiculturalite\/#primaryimage\",\"url\":\"http:\/\/www.frederic-poitou.com\/blog\/wp-content\/2019\/12\/interculturalit\u00e9.png\",\"contentUrl\":\"http:\/\/www.frederic-poitou.com\/blog\/wp-content\/2019\/12\/interculturalit\u00e9.png\",\"width\":1140,\"height\":250},{\"@type\":\"BreadcrumbList\",\"@id\":\"https:\/\/www.frederic-poitou.com\/blog\/interculturalite-multiculturalite\/#breadcrumb\",\"itemListElement\":[{\"@type\":\"ListItem\",\"position\":1,\"name\":\"Accueil\",\"item\":\"http:\/\/www.frederic-poitou.com\/blog\/\"},{\"@type\":\"ListItem\",\"position\":2,\"name\":\"INTERCULTURALIT\u00c9 &#8211; MULTICULTURALIT\u00c9\"}]},{\"@type\":\"WebSite\",\"@id\":\"http:\/\/www.frederic-poitou.com\/blog\/#website\",\"url\":\"http:\/\/www.frederic-poitou.com\/blog\/\",\"name\":\"\",\"description\":\"\",\"potentialAction\":[{\"@type\":\"SearchAction\",\"target\":{\"@type\":\"EntryPoint\",\"urlTemplate\":\"http:\/\/www.frederic-poitou.com\/blog\/?s={search_term_string}\"},\"query-input\":{\"@type\":\"PropertyValueSpecification\",\"valueRequired\":true,\"valueName\":\"search_term_string\"}}],\"inLanguage\":\"fr-FR\"},{\"@type\":\"Person\",\"@id\":\"http:\/\/www.frederic-poitou.com\/blog\/#\/schema\/person\/e2c2d05e978747818533fdce859a7799\",\"name\":\"Fr\u00e9d\u00e9ric Poitou\",\"image\":{\"@type\":\"ImageObject\",\"inLanguage\":\"fr-FR\",\"@id\":\"http:\/\/www.frederic-poitou.com\/blog\/#\/schema\/person\/image\/\",\"url\":\"https:\/\/secure.gravatar.com\/avatar\/1933bcca279a2feafd35d9e0a080c521e11beb51115fe4cfe02e2586ac13424a?s=96&d=mm&r=g\",\"contentUrl\":\"https:\/\/secure.gravatar.com\/avatar\/1933bcca279a2feafd35d9e0a080c521e11beb51115fe4cfe02e2586ac13424a?s=96&d=mm&r=g\",\"caption\":\"Fr\u00e9d\u00e9ric Poitou\"},\"description\":\"Fr\u00e9d\u00e9ric Poitou est n\u00e9 \u00e0 Rouen, et y a fait des \u00e9tudes au Conservatoire en musique-\u00e9tudes en section piano. Il s'est ensuite orient\u00e9 vers des \u00e9tudes scientifiques o\u00f9 il a obtenu un dipl\u00f4me d'ing\u00e9nieur, puis un doctorat en Chimie. Il est Expert Judiciaire en France, en Belgique et \u00e0 Luxembourg, et agr\u00e9e par les Institutions Europ\u00e9ennes.\",\"sameAs\":[\"http:\/\/www.frederic-poitou.com\",\"https:\/\/www.linkedin.com\/in\/frederic-poitou-b045a025\/\"]}]}<\/script>\n<!-- \/ Yoast SEO plugin. -->","yoast_head_json":{"title":"INTERCULTURALIT\u00c9 - MULTICULTURALIT\u00c9 -","robots":{"index":"index","follow":"follow","max-snippet":"max-snippet:-1","max-image-preview":"max-image-preview:large","max-video-preview":"max-video-preview:-1"},"canonical":"https:\/\/www.frederic-poitou.com\/blog\/interculturalite-multiculturalite\/","og_locale":"fr_FR","og_type":"article","og_title":"INTERCULTURALIT\u00c9 - MULTICULTURALIT\u00c9 -","og_description":"Dans le cadre des r\u00e9flexions que l&rsquo;on peut \u00eatre tent\u00e9 d&rsquo;avoir sur l&rsquo;\u00e9volution de la Soci\u00e9t\u00e9 Fran\u00e7aise, je me suis autoris\u00e9 trois axes de travail sur des sujets qui m&rsquo;int\u00e9ressent, ou que je pensais ma\u00eetriser correctement. Il est \u00e9vident que, &hellip; Lire la suite\u00ad\u00ad","og_url":"https:\/\/www.frederic-poitou.com\/blog\/interculturalite-multiculturalite\/","article_publisher":"https:\/\/www.facebook.com\/frederic.poitou\/","article_published_time":"2023-07-14T06:32:32+00:00","article_modified_time":"2026-04-16T23:55:09+00:00","og_image":[{"width":1140,"height":250,"url":"https:\/\/www.frederic-poitou.com\/blog\/wp-content\/2019\/12\/interculturalit\u00e9.png","type":"image\/png"}],"author":"Fr\u00e9d\u00e9ric Poitou","twitter_card":"summary_large_image","twitter_creator":"@fredericpoitou","twitter_site":"@fredericpoitou","twitter_misc":{"\u00c9crit par":"Fr\u00e9d\u00e9ric Poitou","Dur\u00e9e de lecture estim\u00e9e":"1 minute"},"schema":{"@context":"https:\/\/schema.org","@graph":[{"@type":"Article","@id":"https:\/\/www.frederic-poitou.com\/blog\/interculturalite-multiculturalite\/#article","isPartOf":{"@id":"https:\/\/www.frederic-poitou.com\/blog\/interculturalite-multiculturalite\/"},"author":{"name":"Fr\u00e9d\u00e9ric Poitou","@id":"http:\/\/www.frederic-poitou.com\/blog\/#\/schema\/person\/e2c2d05e978747818533fdce859a7799"},"headline":"INTERCULTURALIT\u00c9 &#8211; MULTICULTURALIT\u00c9","datePublished":"2023-07-14T06:32:32+00:00","dateModified":"2026-04-16T23:55:09+00:00","mainEntityOfPage":{"@id":"https:\/\/www.frederic-poitou.com\/blog\/interculturalite-multiculturalite\/"},"wordCount":204,"commentCount":0,"image":{"@id":"https:\/\/www.frederic-poitou.com\/blog\/interculturalite-multiculturalite\/#primaryimage"},"thumbnailUrl":"http:\/\/www.frederic-poitou.com\/blog\/wp-content\/2019\/12\/interculturalit\u00e9.png","keywords":["La\u00efcit\u00e9","MOUVEMENT REFORMATEUR","PARTI RADICAL","Politique"],"articleSection":["Accueil","Politique"],"inLanguage":"fr-FR","potentialAction":[{"@type":"CommentAction","name":"Comment","target":["https:\/\/www.frederic-poitou.com\/blog\/interculturalite-multiculturalite\/#respond"]}]},{"@type":"WebPage","@id":"https:\/\/www.frederic-poitou.com\/blog\/interculturalite-multiculturalite\/","url":"https:\/\/www.frederic-poitou.com\/blog\/interculturalite-multiculturalite\/","name":"INTERCULTURALIT\u00c9 - MULTICULTURALIT\u00c9 -","isPartOf":{"@id":"http:\/\/www.frederic-poitou.com\/blog\/#website"},"primaryImageOfPage":{"@id":"https:\/\/www.frederic-poitou.com\/blog\/interculturalite-multiculturalite\/#primaryimage"},"image":{"@id":"https:\/\/www.frederic-poitou.com\/blog\/interculturalite-multiculturalite\/#primaryimage"},"thumbnailUrl":"http:\/\/www.frederic-poitou.com\/blog\/wp-content\/2019\/12\/interculturalit\u00e9.png","datePublished":"2023-07-14T06:32:32+00:00","dateModified":"2026-04-16T23:55:09+00:00","author":{"@id":"http:\/\/www.frederic-poitou.com\/blog\/#\/schema\/person\/e2c2d05e978747818533fdce859a7799"},"breadcrumb":{"@id":"https:\/\/www.frederic-poitou.com\/blog\/interculturalite-multiculturalite\/#breadcrumb"},"inLanguage":"fr-FR","potentialAction":[{"@type":"ReadAction","target":["https:\/\/www.frederic-poitou.com\/blog\/interculturalite-multiculturalite\/"]}]},{"@type":"ImageObject","inLanguage":"fr-FR","@id":"https:\/\/www.frederic-poitou.com\/blog\/interculturalite-multiculturalite\/#primaryimage","url":"http:\/\/www.frederic-poitou.com\/blog\/wp-content\/2019\/12\/interculturalit\u00e9.png","contentUrl":"http:\/\/www.frederic-poitou.com\/blog\/wp-content\/2019\/12\/interculturalit\u00e9.png","width":1140,"height":250},{"@type":"BreadcrumbList","@id":"https:\/\/www.frederic-poitou.com\/blog\/interculturalite-multiculturalite\/#breadcrumb","itemListElement":[{"@type":"ListItem","position":1,"name":"Accueil","item":"http:\/\/www.frederic-poitou.com\/blog\/"},{"@type":"ListItem","position":2,"name":"INTERCULTURALIT\u00c9 &#8211; MULTICULTURALIT\u00c9"}]},{"@type":"WebSite","@id":"http:\/\/www.frederic-poitou.com\/blog\/#website","url":"http:\/\/www.frederic-poitou.com\/blog\/","name":"","description":"","potentialAction":[{"@type":"SearchAction","target":{"@type":"EntryPoint","urlTemplate":"http:\/\/www.frederic-poitou.com\/blog\/?s={search_term_string}"},"query-input":{"@type":"PropertyValueSpecification","valueRequired":true,"valueName":"search_term_string"}}],"inLanguage":"fr-FR"},{"@type":"Person","@id":"http:\/\/www.frederic-poitou.com\/blog\/#\/schema\/person\/e2c2d05e978747818533fdce859a7799","name":"Fr\u00e9d\u00e9ric Poitou","image":{"@type":"ImageObject","inLanguage":"fr-FR","@id":"http:\/\/www.frederic-poitou.com\/blog\/#\/schema\/person\/image\/","url":"https:\/\/secure.gravatar.com\/avatar\/1933bcca279a2feafd35d9e0a080c521e11beb51115fe4cfe02e2586ac13424a?s=96&d=mm&r=g","contentUrl":"https:\/\/secure.gravatar.com\/avatar\/1933bcca279a2feafd35d9e0a080c521e11beb51115fe4cfe02e2586ac13424a?s=96&d=mm&r=g","caption":"Fr\u00e9d\u00e9ric Poitou"},"description":"Fr\u00e9d\u00e9ric Poitou est n\u00e9 \u00e0 Rouen, et y a fait des \u00e9tudes au Conservatoire en musique-\u00e9tudes en section piano. Il s'est ensuite orient\u00e9 vers des \u00e9tudes scientifiques o\u00f9 il a obtenu un dipl\u00f4me d'ing\u00e9nieur, puis un doctorat en Chimie. Il est Expert Judiciaire en France, en Belgique et \u00e0 Luxembourg, et agr\u00e9e par les Institutions Europ\u00e9ennes.","sameAs":["http:\/\/www.frederic-poitou.com","https:\/\/www.linkedin.com\/in\/frederic-poitou-b045a025\/"]}]}},"_links":{"self":[{"href":"http:\/\/www.frederic-poitou.com\/blog\/wp-json\/wp\/v2\/posts\/3927","targetHints":{"allow":["GET"]}}],"collection":[{"href":"http:\/\/www.frederic-poitou.com\/blog\/wp-json\/wp\/v2\/posts"}],"about":[{"href":"http:\/\/www.frederic-poitou.com\/blog\/wp-json\/wp\/v2\/types\/post"}],"author":[{"embeddable":true,"href":"http:\/\/www.frederic-poitou.com\/blog\/wp-json\/wp\/v2\/users\/4"}],"replies":[{"embeddable":true,"href":"http:\/\/www.frederic-poitou.com\/blog\/wp-json\/wp\/v2\/comments?post=3927"}],"version-history":[{"count":4,"href":"http:\/\/www.frederic-poitou.com\/blog\/wp-json\/wp\/v2\/posts\/3927\/revisions"}],"predecessor-version":[{"id":9587,"href":"http:\/\/www.frederic-poitou.com\/blog\/wp-json\/wp\/v2\/posts\/3927\/revisions\/9587"}],"wp:featuredmedia":[{"embeddable":true,"href":"http:\/\/www.frederic-poitou.com\/blog\/wp-json\/wp\/v2\/media\/9583"}],"wp:attachment":[{"href":"http:\/\/www.frederic-poitou.com\/blog\/wp-json\/wp\/v2\/media?parent=3927"}],"wp:term":[{"taxonomy":"category","embeddable":true,"href":"http:\/\/www.frederic-poitou.com\/blog\/wp-json\/wp\/v2\/categories?post=3927"},{"taxonomy":"post_tag","embeddable":true,"href":"http:\/\/www.frederic-poitou.com\/blog\/wp-json\/wp\/v2\/tags?post=3927"}],"curies":[{"name":"wp","href":"https:\/\/api.w.org\/{rel}","templated":true}]}}