{"id":3892,"date":"2023-07-13T23:32:32","date_gmt":"2023-07-13T21:32:32","guid":{"rendered":"http:\/\/www.frederic-poitou.com\/blog\/?p=3892"},"modified":"2026-04-14T05:17:45","modified_gmt":"2026-04-14T03:17:45","slug":"independance-cha-cha","status":"publish","type":"post","link":"http:\/\/www.frederic-poitou.com\/blog\/independance-cha-cha\/","title":{"rendered":"IND\u00c9PENDANCE CHA-CHA .."},"content":{"rendered":"<p style=\"font-family: Verdana, Arial, Helvetica, sans-serif; font-size: 12px; font-weight: normal; line-height: normal; padding: 0px; margin: 0px;\">Des millions de Congolais ont appris l\u2019ind\u00e9pendance de leur pays par le refrain de cette chanson. Pour moi qui suis moiti\u00e9 belge moiti\u00e9 fran\u00e7ais c&rsquo;est une le\u00e7on de d\u00e9colonisation \u00ab\u00a0douce\u00a0\u00bb par la forme de la conclusion, mais tout aussi dure sur l&rsquo;origine de l&rsquo;histoire.<\/p>\n<p>&nbsp;<\/p>\n<p style=\"font-family: Verdana, Arial, Helvetica, sans-serif; font-size: 12px; font-weight: normal; line-height: normal; padding: 0px; margin: 0px;\">Ce Cha cha est \u00e9tonnant. Il est gai, joyeux, construit autour de m\u00e9lodies typiquement portoricaines, mais il est bien issu de l&rsquo;ex Congo Belge. Va comprendre Philippe !<\/p>\n<p>&nbsp;<\/p>\n<p style=\"font-family: Verdana, Arial, Helvetica, sans-serif; font-size: 12px; font-weight: normal; line-height: normal; padding: 0px; margin: 0px;\">Un peu comme si les Alg\u00e9riens avaient appris leur l\u00e9gitime ind\u00e9pendance, par un Ra\u00ef comique, amus\u00e9, surr\u00e9aliste, compos\u00e9 par Khaled sur une grille de blues. Ce th\u00e8me fait partie d&rsquo;une excellente compilation dont le titre est : \u00ab\u00a0d\u00e9colonisation Africaine\u00a0\u00bb. Tout un programme !<\/p>\n<p>&nbsp;<\/p>\n<blockquote style=\"font-family: Verdana, Arial, Helvetica, sans-serif; font-size: 12px; font-weight: normal; font-style: normal; line-height: normal; padding: 10px 20px 10px 20px;\">\n<p style=\"font-family: Verdana, Arial, Helvetica, sans-serif; font-size: 12px; font-weight: normal; padding: 0px; margin: 0px;\">\u201cInd\u00e9pendance cha-cha tozuwi ye !<\/p>\n<p style=\"font-family: Verdana, Arial, Helvetica, sans-serif; font-size: 12px; font-weight: normal; padding: 0px; margin: 0px;\">Oh Kimpwanza cha-cha tubakidi<\/p>\n<p style=\"font-family: Verdana, Arial, Helvetica, sans-serif; font-size: 12px; font-weight: normal; padding: 0px; margin: 0px;\">Oh Table Ronde cha-cha ba gagner o !<\/p>\n<p style=\"font-family: Verdana, Arial, Helvetica, sans-serif; font-size: 12px; font-weight: normal; padding: 0px; margin: 0px;\">Oh Lipanda cha-cha tozuwi ye !\u201d<\/p>\n<\/blockquote>\n<p style=\"font-family: Verdana, Arial, Helvetica, sans-serif; font-size: 12px; font-weight: normal; line-height: normal; padding: 0px; margin: 0px;\">Son auteur,\u00a0<strong>Roger Izeidi<\/strong>, a pris soin d\u2019y d\u00e9livrer le message en lingala, tshiluba et kikongo, trois des langues principales au Congo. Et Radio Congo Belge, \u00e9quip\u00e9e du plus puissant \u00e9metteur en Afrique, le diffusa largement. Cette op\u00e9ration de communication fut initi\u00e9e par le journal Congo. Joseph Kabasele, super star avec son\u00a0<strong>African Jazz<\/strong>, est d\u00e9p\u00each\u00e9 \u00e0 l\u2019h\u00f4tel Plazza de Bruxelles afin de commenter en chanson la table ronde qui se d\u00e9roule du 20 janvier au 20 f\u00e9vrier 1960. Onze partis congolais font face aux autorit\u00e9s belges. Joseph Kasa-Vubu (futur pr\u00e9sident) et son rival\u00a0<strong>Patrice Lumumba <\/strong>(futur chef du gouvernement) n\u00e9gocient \u00e2prement. Proche de ce dernier, qui en fera son secr\u00e9taire d\u2019\u00c9tat \u00e0 l\u2019information, Kabasele s\u2019entoure de quatre musiciens de l\u2019African Jazz : Roger Izeidi, Petit Pierre, D\u00e9chaud Mwamba et Dr Nico. Mais il convie \u00e9galement Vicky Longomba et Brazzos, issues de l\u2019OK Jazz, l\u2019\u00e9curie concurrente.<\/p>\n<p><br style=\"font-family: Verdana, Arial, Helvetica, sans-serif; font-size: 12px; font-weight: normal;\" \/>\u00c9crites \u00e0 chaud, grav\u00e9es sur place chez Philips,\u00a0<a style=\"font-family: Verdana, Arial, Helvetica, sans-serif; font-size: inherit; font-weight: normal; color: #000000; background-color: transparent;\" href=\"http:\/\/mp3.mondomix.com\/independances-pop\" target=\"_blank\" rel=\"noopener\">\u00ab\u00a0Ind\u00e9pendance Cha Cha\u00a0\u00bb<\/a> et \u00ab\u00a0Table Ronde\u00a0\u00bb (sign\u00e9 Kabasele), tous deux pr\u00e9sents sur ce premier volume, t\u00e9moignent de l\u2019histoire en train de s\u2019\u00e9crire. Les Congolais r\u00e9serveront un accueil triomphal aux artistes, qui les joueront pour la premi\u00e8re fois en public le 30 juin 1960, jour de l\u2019Ind\u00e9pendance.<\/p>\n<div class=\"entry-content-asset videofit\"><iframe loading=\"lazy\" title=\"Rezonans Bakolo Miziki chante &quot;Independance Cha Cha&quot; de Joseph Kabasele\" width=\"500\" height=\"281\" src=\"https:\/\/www.youtube.com\/embed\/9rEn6Y5sfUM?feature=oembed\" frameborder=\"0\" allow=\"accelerometer; autoplay; clipboard-write; encrypted-media; gyroscope; picture-in-picture; web-share\" referrerpolicy=\"strict-origin-when-cross-origin\" allowfullscreen><\/iframe><\/div>\n<p>&nbsp;<\/p>\n","protected":false},"excerpt":{"rendered":"<p>Des millions de Congolais ont appris l\u2019ind\u00e9pendance de leur pays par le refrain de cette chanson. Pour moi qui suis moiti\u00e9 belge moiti\u00e9 fran\u00e7ais c&rsquo;est une le\u00e7on de d\u00e9colonisation \u00ab\u00a0douce\u00a0\u00bb par la forme de la conclusion, mais tout aussi dure &hellip; <a href=\"http:\/\/www.frederic-poitou.com\/blog\/independance-cha-cha\/\">Lire la suite\u00ad\u00ad<\/a><\/p>\n","protected":false},"author":4,"featured_media":10119,"comment_status":"open","ping_status":"open","sticky":false,"template":"","format":"standard","meta":{"kt_blocks_editor_width":"","_exactmetrics_skip_tracking":false,"_exactmetrics_sitenote_active":false,"_exactmetrics_sitenote_note":"","_exactmetrics_sitenote_category":0,"footnotes":""},"categories":[48,52,1,51],"tags":[16],"class_list":["post-3892","post","type-post","status-publish","format-standard","has-post-thumbnail","hentry","category-accueil","category-belgique-2","category-politique-economie","category-politique","tag-divers"],"yoast_head":"<!-- This site is optimized with the Yoast SEO plugin v27.1.1 - https:\/\/yoast.com\/product\/yoast-seo-wordpress\/ -->\n<title>IND\u00c9PENDANCE CHA-CHA .. -<\/title>\n<meta name=\"robots\" content=\"index, follow, max-snippet:-1, max-image-preview:large, max-video-preview:-1\" \/>\n<link rel=\"canonical\" href=\"http:\/\/www.frederic-poitou.com\/blog\/independance-cha-cha\/\" \/>\n<meta property=\"og:locale\" content=\"fr_FR\" \/>\n<meta property=\"og:type\" content=\"article\" \/>\n<meta property=\"og:title\" content=\"IND\u00c9PENDANCE CHA-CHA .. -\" \/>\n<meta property=\"og:description\" content=\"Des millions de Congolais ont appris l\u2019ind\u00e9pendance de leur pays par le refrain de cette chanson. Pour moi qui suis moiti\u00e9 belge moiti\u00e9 fran\u00e7ais c&rsquo;est une le\u00e7on de d\u00e9colonisation \u00ab\u00a0douce\u00a0\u00bb par la forme de la conclusion, mais tout aussi dure &hellip; Lire la suite\u00ad\u00ad\" \/>\n<meta property=\"og:url\" content=\"http:\/\/www.frederic-poitou.com\/blog\/independance-cha-cha\/\" \/>\n<meta property=\"article:publisher\" content=\"https:\/\/www.facebook.com\/frederic.poitou\/\" \/>\n<meta property=\"article:published_time\" content=\"2023-07-13T21:32:32+00:00\" \/>\n<meta property=\"article:modified_time\" content=\"2026-04-14T03:17:45+00:00\" \/>\n<meta property=\"og:image\" content=\"http:\/\/www.frederic-poitou.com\/blog\/wp-content\/2021\/05\/7d08d5fe-congo-30-juin-1960.jpeg\" \/>\n\t<meta property=\"og:image:width\" content=\"1920\" \/>\n\t<meta property=\"og:image:height\" content=\"1399\" \/>\n\t<meta property=\"og:image:type\" content=\"image\/jpeg\" \/>\n<meta name=\"author\" content=\"Fr\u00e9d\u00e9ric Poitou\" \/>\n<meta name=\"twitter:card\" content=\"summary_large_image\" \/>\n<meta name=\"twitter:creator\" content=\"@fredericpoitou\" \/>\n<meta name=\"twitter:site\" content=\"@fredericpoitou\" \/>\n<meta name=\"twitter:label1\" content=\"\u00c9crit par\" \/>\n\t<meta name=\"twitter:data1\" content=\"Fr\u00e9d\u00e9ric Poitou\" \/>\n\t<meta name=\"twitter:label2\" content=\"Dur\u00e9e de lecture estim\u00e9e\" \/>\n\t<meta name=\"twitter:data2\" content=\"2 minutes\" \/>\n<script type=\"application\/ld+json\" class=\"yoast-schema-graph\">{\"@context\":\"https:\/\/schema.org\",\"@graph\":[{\"@type\":\"Article\",\"@id\":\"http:\/\/www.frederic-poitou.com\/blog\/independance-cha-cha\/#article\",\"isPartOf\":{\"@id\":\"http:\/\/www.frederic-poitou.com\/blog\/independance-cha-cha\/\"},\"author\":{\"name\":\"Fr\u00e9d\u00e9ric Poitou\",\"@id\":\"https:\/\/www.frederic-poitou.com\/blog\/#\/schema\/person\/e2c2d05e978747818533fdce859a7799\"},\"headline\":\"IND\u00c9PENDANCE CHA-CHA ..\",\"datePublished\":\"2023-07-13T21:32:32+00:00\",\"dateModified\":\"2026-04-14T03:17:45+00:00\",\"mainEntityOfPage\":{\"@id\":\"http:\/\/www.frederic-poitou.com\/blog\/independance-cha-cha\/\"},\"wordCount\":386,\"commentCount\":0,\"image\":{\"@id\":\"http:\/\/www.frederic-poitou.com\/blog\/independance-cha-cha\/#primaryimage\"},\"thumbnailUrl\":\"http:\/\/www.frederic-poitou.com\/blog\/wp-content\/2021\/05\/7d08d5fe-congo-30-juin-1960.jpeg\",\"keywords\":[\"DIVERS\"],\"articleSection\":[\"Accueil\",\"Belgique\",\"Divers\",\"Politique\"],\"inLanguage\":\"fr-FR\",\"potentialAction\":[{\"@type\":\"CommentAction\",\"name\":\"Comment\",\"target\":[\"http:\/\/www.frederic-poitou.com\/blog\/independance-cha-cha\/#respond\"]}]},{\"@type\":\"WebPage\",\"@id\":\"http:\/\/www.frederic-poitou.com\/blog\/independance-cha-cha\/\",\"url\":\"http:\/\/www.frederic-poitou.com\/blog\/independance-cha-cha\/\",\"name\":\"IND\u00c9PENDANCE CHA-CHA .. -\",\"isPartOf\":{\"@id\":\"https:\/\/www.frederic-poitou.com\/blog\/#website\"},\"primaryImageOfPage\":{\"@id\":\"http:\/\/www.frederic-poitou.com\/blog\/independance-cha-cha\/#primaryimage\"},\"image\":{\"@id\":\"http:\/\/www.frederic-poitou.com\/blog\/independance-cha-cha\/#primaryimage\"},\"thumbnailUrl\":\"http:\/\/www.frederic-poitou.com\/blog\/wp-content\/2021\/05\/7d08d5fe-congo-30-juin-1960.jpeg\",\"datePublished\":\"2023-07-13T21:32:32+00:00\",\"dateModified\":\"2026-04-14T03:17:45+00:00\",\"author\":{\"@id\":\"https:\/\/www.frederic-poitou.com\/blog\/#\/schema\/person\/e2c2d05e978747818533fdce859a7799\"},\"breadcrumb\":{\"@id\":\"http:\/\/www.frederic-poitou.com\/blog\/independance-cha-cha\/#breadcrumb\"},\"inLanguage\":\"fr-FR\",\"potentialAction\":[{\"@type\":\"ReadAction\",\"target\":[\"http:\/\/www.frederic-poitou.com\/blog\/independance-cha-cha\/\"]}]},{\"@type\":\"ImageObject\",\"inLanguage\":\"fr-FR\",\"@id\":\"http:\/\/www.frederic-poitou.com\/blog\/independance-cha-cha\/#primaryimage\",\"url\":\"http:\/\/www.frederic-poitou.com\/blog\/wp-content\/2021\/05\/7d08d5fe-congo-30-juin-1960.jpeg\",\"contentUrl\":\"http:\/\/www.frederic-poitou.com\/blog\/wp-content\/2021\/05\/7d08d5fe-congo-30-juin-1960.jpeg\",\"width\":1920,\"height\":1399},{\"@type\":\"BreadcrumbList\",\"@id\":\"http:\/\/www.frederic-poitou.com\/blog\/independance-cha-cha\/#breadcrumb\",\"itemListElement\":[{\"@type\":\"ListItem\",\"position\":1,\"name\":\"Accueil\",\"item\":\"https:\/\/www.frederic-poitou.com\/blog\/\"},{\"@type\":\"ListItem\",\"position\":2,\"name\":\"IND\u00c9PENDANCE CHA-CHA ..\"}]},{\"@type\":\"WebSite\",\"@id\":\"https:\/\/www.frederic-poitou.com\/blog\/#website\",\"url\":\"https:\/\/www.frederic-poitou.com\/blog\/\",\"name\":\"\",\"description\":\"\",\"potentialAction\":[{\"@type\":\"SearchAction\",\"target\":{\"@type\":\"EntryPoint\",\"urlTemplate\":\"https:\/\/www.frederic-poitou.com\/blog\/?s={search_term_string}\"},\"query-input\":{\"@type\":\"PropertyValueSpecification\",\"valueRequired\":true,\"valueName\":\"search_term_string\"}}],\"inLanguage\":\"fr-FR\"},{\"@type\":\"Person\",\"@id\":\"https:\/\/www.frederic-poitou.com\/blog\/#\/schema\/person\/e2c2d05e978747818533fdce859a7799\",\"name\":\"Fr\u00e9d\u00e9ric Poitou\",\"image\":{\"@type\":\"ImageObject\",\"inLanguage\":\"fr-FR\",\"@id\":\"https:\/\/www.frederic-poitou.com\/blog\/#\/schema\/person\/image\/\",\"url\":\"https:\/\/secure.gravatar.com\/avatar\/1933bcca279a2feafd35d9e0a080c521e11beb51115fe4cfe02e2586ac13424a?s=96&d=mm&r=g\",\"contentUrl\":\"https:\/\/secure.gravatar.com\/avatar\/1933bcca279a2feafd35d9e0a080c521e11beb51115fe4cfe02e2586ac13424a?s=96&d=mm&r=g\",\"caption\":\"Fr\u00e9d\u00e9ric Poitou\"},\"description\":\"Fr\u00e9d\u00e9ric Poitou est n\u00e9 \u00e0 Rouen, et y a fait des \u00e9tudes au Conservatoire en musique-\u00e9tudes en section piano. Il s'est ensuite orient\u00e9 vers des \u00e9tudes scientifiques o\u00f9 il a obtenu un dipl\u00f4me d'ing\u00e9nieur, puis un doctorat en Chimie. Il est Expert Judiciaire en France, en Belgique et \u00e0 Luxembourg, et agr\u00e9e par les Institutions Europ\u00e9ennes.\",\"sameAs\":[\"http:\/\/www.frederic-poitou.com\",\"https:\/\/www.linkedin.com\/in\/frederic-poitou-b045a025\/\"]}]}<\/script>\n<!-- \/ Yoast SEO plugin. -->","yoast_head_json":{"title":"IND\u00c9PENDANCE CHA-CHA .. -","robots":{"index":"index","follow":"follow","max-snippet":"max-snippet:-1","max-image-preview":"max-image-preview:large","max-video-preview":"max-video-preview:-1"},"canonical":"http:\/\/www.frederic-poitou.com\/blog\/independance-cha-cha\/","og_locale":"fr_FR","og_type":"article","og_title":"IND\u00c9PENDANCE CHA-CHA .. -","og_description":"Des millions de Congolais ont appris l\u2019ind\u00e9pendance de leur pays par le refrain de cette chanson. Pour moi qui suis moiti\u00e9 belge moiti\u00e9 fran\u00e7ais c&rsquo;est une le\u00e7on de d\u00e9colonisation \u00ab\u00a0douce\u00a0\u00bb par la forme de la conclusion, mais tout aussi dure &hellip; Lire la suite\u00ad\u00ad","og_url":"http:\/\/www.frederic-poitou.com\/blog\/independance-cha-cha\/","article_publisher":"https:\/\/www.facebook.com\/frederic.poitou\/","article_published_time":"2023-07-13T21:32:32+00:00","article_modified_time":"2026-04-14T03:17:45+00:00","og_image":[{"width":1920,"height":1399,"url":"http:\/\/www.frederic-poitou.com\/blog\/wp-content\/2021\/05\/7d08d5fe-congo-30-juin-1960.jpeg","type":"image\/jpeg"}],"author":"Fr\u00e9d\u00e9ric Poitou","twitter_card":"summary_large_image","twitter_creator":"@fredericpoitou","twitter_site":"@fredericpoitou","twitter_misc":{"\u00c9crit par":"Fr\u00e9d\u00e9ric Poitou","Dur\u00e9e de lecture estim\u00e9e":"2 minutes"},"schema":{"@context":"https:\/\/schema.org","@graph":[{"@type":"Article","@id":"http:\/\/www.frederic-poitou.com\/blog\/independance-cha-cha\/#article","isPartOf":{"@id":"http:\/\/www.frederic-poitou.com\/blog\/independance-cha-cha\/"},"author":{"name":"Fr\u00e9d\u00e9ric Poitou","@id":"https:\/\/www.frederic-poitou.com\/blog\/#\/schema\/person\/e2c2d05e978747818533fdce859a7799"},"headline":"IND\u00c9PENDANCE CHA-CHA ..","datePublished":"2023-07-13T21:32:32+00:00","dateModified":"2026-04-14T03:17:45+00:00","mainEntityOfPage":{"@id":"http:\/\/www.frederic-poitou.com\/blog\/independance-cha-cha\/"},"wordCount":386,"commentCount":0,"image":{"@id":"http:\/\/www.frederic-poitou.com\/blog\/independance-cha-cha\/#primaryimage"},"thumbnailUrl":"http:\/\/www.frederic-poitou.com\/blog\/wp-content\/2021\/05\/7d08d5fe-congo-30-juin-1960.jpeg","keywords":["DIVERS"],"articleSection":["Accueil","Belgique","Divers","Politique"],"inLanguage":"fr-FR","potentialAction":[{"@type":"CommentAction","name":"Comment","target":["http:\/\/www.frederic-poitou.com\/blog\/independance-cha-cha\/#respond"]}]},{"@type":"WebPage","@id":"http:\/\/www.frederic-poitou.com\/blog\/independance-cha-cha\/","url":"http:\/\/www.frederic-poitou.com\/blog\/independance-cha-cha\/","name":"IND\u00c9PENDANCE CHA-CHA .. -","isPartOf":{"@id":"https:\/\/www.frederic-poitou.com\/blog\/#website"},"primaryImageOfPage":{"@id":"http:\/\/www.frederic-poitou.com\/blog\/independance-cha-cha\/#primaryimage"},"image":{"@id":"http:\/\/www.frederic-poitou.com\/blog\/independance-cha-cha\/#primaryimage"},"thumbnailUrl":"http:\/\/www.frederic-poitou.com\/blog\/wp-content\/2021\/05\/7d08d5fe-congo-30-juin-1960.jpeg","datePublished":"2023-07-13T21:32:32+00:00","dateModified":"2026-04-14T03:17:45+00:00","author":{"@id":"https:\/\/www.frederic-poitou.com\/blog\/#\/schema\/person\/e2c2d05e978747818533fdce859a7799"},"breadcrumb":{"@id":"http:\/\/www.frederic-poitou.com\/blog\/independance-cha-cha\/#breadcrumb"},"inLanguage":"fr-FR","potentialAction":[{"@type":"ReadAction","target":["http:\/\/www.frederic-poitou.com\/blog\/independance-cha-cha\/"]}]},{"@type":"ImageObject","inLanguage":"fr-FR","@id":"http:\/\/www.frederic-poitou.com\/blog\/independance-cha-cha\/#primaryimage","url":"http:\/\/www.frederic-poitou.com\/blog\/wp-content\/2021\/05\/7d08d5fe-congo-30-juin-1960.jpeg","contentUrl":"http:\/\/www.frederic-poitou.com\/blog\/wp-content\/2021\/05\/7d08d5fe-congo-30-juin-1960.jpeg","width":1920,"height":1399},{"@type":"BreadcrumbList","@id":"http:\/\/www.frederic-poitou.com\/blog\/independance-cha-cha\/#breadcrumb","itemListElement":[{"@type":"ListItem","position":1,"name":"Accueil","item":"https:\/\/www.frederic-poitou.com\/blog\/"},{"@type":"ListItem","position":2,"name":"IND\u00c9PENDANCE CHA-CHA .."}]},{"@type":"WebSite","@id":"https:\/\/www.frederic-poitou.com\/blog\/#website","url":"https:\/\/www.frederic-poitou.com\/blog\/","name":"","description":"","potentialAction":[{"@type":"SearchAction","target":{"@type":"EntryPoint","urlTemplate":"https:\/\/www.frederic-poitou.com\/blog\/?s={search_term_string}"},"query-input":{"@type":"PropertyValueSpecification","valueRequired":true,"valueName":"search_term_string"}}],"inLanguage":"fr-FR"},{"@type":"Person","@id":"https:\/\/www.frederic-poitou.com\/blog\/#\/schema\/person\/e2c2d05e978747818533fdce859a7799","name":"Fr\u00e9d\u00e9ric Poitou","image":{"@type":"ImageObject","inLanguage":"fr-FR","@id":"https:\/\/www.frederic-poitou.com\/blog\/#\/schema\/person\/image\/","url":"https:\/\/secure.gravatar.com\/avatar\/1933bcca279a2feafd35d9e0a080c521e11beb51115fe4cfe02e2586ac13424a?s=96&d=mm&r=g","contentUrl":"https:\/\/secure.gravatar.com\/avatar\/1933bcca279a2feafd35d9e0a080c521e11beb51115fe4cfe02e2586ac13424a?s=96&d=mm&r=g","caption":"Fr\u00e9d\u00e9ric Poitou"},"description":"Fr\u00e9d\u00e9ric Poitou est n\u00e9 \u00e0 Rouen, et y a fait des \u00e9tudes au Conservatoire en musique-\u00e9tudes en section piano. Il s'est ensuite orient\u00e9 vers des \u00e9tudes scientifiques o\u00f9 il a obtenu un dipl\u00f4me d'ing\u00e9nieur, puis un doctorat en Chimie. Il est Expert Judiciaire en France, en Belgique et \u00e0 Luxembourg, et agr\u00e9e par les Institutions Europ\u00e9ennes.","sameAs":["http:\/\/www.frederic-poitou.com","https:\/\/www.linkedin.com\/in\/frederic-poitou-b045a025\/"]}]}},"_links":{"self":[{"href":"http:\/\/www.frederic-poitou.com\/blog\/wp-json\/wp\/v2\/posts\/3892","targetHints":{"allow":["GET"]}}],"collection":[{"href":"http:\/\/www.frederic-poitou.com\/blog\/wp-json\/wp\/v2\/posts"}],"about":[{"href":"http:\/\/www.frederic-poitou.com\/blog\/wp-json\/wp\/v2\/types\/post"}],"author":[{"embeddable":true,"href":"http:\/\/www.frederic-poitou.com\/blog\/wp-json\/wp\/v2\/users\/4"}],"replies":[{"embeddable":true,"href":"http:\/\/www.frederic-poitou.com\/blog\/wp-json\/wp\/v2\/comments?post=3892"}],"version-history":[{"count":5,"href":"http:\/\/www.frederic-poitou.com\/blog\/wp-json\/wp\/v2\/posts\/3892\/revisions"}],"predecessor-version":[{"id":10125,"href":"http:\/\/www.frederic-poitou.com\/blog\/wp-json\/wp\/v2\/posts\/3892\/revisions\/10125"}],"wp:featuredmedia":[{"embeddable":true,"href":"http:\/\/www.frederic-poitou.com\/blog\/wp-json\/wp\/v2\/media\/10119"}],"wp:attachment":[{"href":"http:\/\/www.frederic-poitou.com\/blog\/wp-json\/wp\/v2\/media?parent=3892"}],"wp:term":[{"taxonomy":"category","embeddable":true,"href":"http:\/\/www.frederic-poitou.com\/blog\/wp-json\/wp\/v2\/categories?post=3892"},{"taxonomy":"post_tag","embeddable":true,"href":"http:\/\/www.frederic-poitou.com\/blog\/wp-json\/wp\/v2\/tags?post=3892"}],"curies":[{"name":"wp","href":"https:\/\/api.w.org\/{rel}","templated":true}]}}