{"id":3760,"date":"2023-07-15T07:19:32","date_gmt":"2023-07-15T05:19:32","guid":{"rendered":"http:\/\/www.frederic-poitou.com\/blog\/?p=3760"},"modified":"2026-04-28T06:59:31","modified_gmt":"2026-04-28T04:59:31","slug":"le-syndrome-belge","status":"publish","type":"post","link":"http:\/\/www.frederic-poitou.com\/blog\/le-syndrome-belge\/","title":{"rendered":"LE SYNDROME BELGE &#8230;"},"content":{"rendered":"<p>rExcellent papier de Bernard Guetta sur Inter ce matin (6 Septembre 2010). Lu sur France Inter (cliquer ici -&gt;<a href=\"http:\/\/sites.radiofrance.fr\/franceinter\/chro\/geopolitique\/\" target=\"_blank\" rel=\"noopener\"> http:\/\/sites.radiofrance.fr\/franceinter\/chro\/geopolitique\/<\/a><strong>)<\/strong><\/p>\n<h3 style=\"margin-top: 16px; margin-right: 0px; margin-bottom: 0px; margin-left: 0px; font-family: arial; font-size: 14px; font-weight: normal; color: #ff000a; padding: 0px; border: 0px initial initial;\"><img loading=\"lazy\" decoding=\"async\" class=\"aligncenter size-full wp-image-3761\" title=\"44-bandeau\" src=\"http:\/\/www.frederic-poitou.com\/blog\/wp-content\/44-bandeau.jpg\" alt=\"44-bandeau\" width=\"532\" height=\"100\" srcset=\"http:\/\/www.frederic-poitou.com\/blog\/wp-content\/44-bandeau.jpg 532w, http:\/\/www.frederic-poitou.com\/blog\/wp-content\/44-bandeau-300x56.jpg 300w\" sizes=\"auto, (max-width: 532px) 100vw, 532px\" \/><\/h3>\n<h3 style=\"margin-top: 16px; margin-right: 0px; margin-bottom: 0px; margin-left: 0px; font-family: arial; font-size: 14px; font-weight: normal; color: #ff000a; padding: 0px; border: 0px initial initial;\">lundi 6 septembre 2010<\/h3>\n<h1 style=\"color: #ff000a; font-family: arial; font-size: 16px; padding: 0px; margin: 0px; border: 0px initial initial;\">Le syndrome belge<\/h1>\n<p style=\"margin-top: 0px; margin-right: 0px; margin-bottom: 2px; margin-left: 0px; font-family: arial; font-size: 12px; font-weight: normal; color: black; text-align: justify; padding: 0px; border: 0px initial initial;\">\n<p style=\"margin-top: 0px; margin-right: 0px; margin-bottom: 2px; margin-left: 0px; font-family: arial; font-size: 12px; font-weight: normal; color: black; text-align: justify; padding: 0px; border: 0px initial initial;\">Lentement mais s\u00fbrement, la Belgique se d\u00e9fait. Il y avait, d\u2019abord, eu ces \u00e9lections du 13 juin qui avaient propuls\u00e9 au rang de premier des partis belges en nombre de si\u00e8ges une formation flamande, le NV-A, qui souhaite ouvertement \u00ab l\u2019\u00e9vaporation \u00bb du pays. Il y eut, ce week-end, l\u2019\u00e9chec de la mission de pr\u00e9formation d\u2019un gouvernement que le roi avait confi\u00e9e au chef de file des socialistes francophones, Elio di Rupo. Il y a, maintenant, la multiplication, dans la presse belge, de ces articles et d\u00e9clarations proph\u00e9tisant la fin du pays mais comment en est-on arriv\u00e9 l\u00e0, au probable \u00e9clatement, \u00e0 moyen terme, d\u2019un pays europ\u00e9en, membre fondateur de l\u2019Union ?<\/p>\n<p style=\"margin-top: 0px; margin-right: 0px; margin-bottom: 2px; margin-left: 0px; font-family: arial; font-size: 12px; font-weight: normal; color: black; text-align: justify; padding: 0px; border: 0px initial initial;\">La premi\u00e8re explication et que, longtemps m\u00e9pris\u00e9s par les francophones, les Flamands prennent aujourd\u2019hui leur revanche. Hier, enrichis par la r\u00e9volution industrielle du XIX\u00b0 si\u00e8cle, les Wallons avaient longtemps regard\u00e9 les Flamands comme des bouseux parce qu\u2019ils \u00e9taient pass\u00e9s \u00e0 c\u00f4t\u00e9 de l\u2019industrialisation et ne parlaient pas ce fran\u00e7ais qui \u00e9tait alors la langue de l\u2019intelligentsia et des relations internationales. Aujourd\u2019hui, devenus les riches du pays face \u00e0 une Wallonie appauvrie par le d\u00e9clin des industries lourdes, les Flamands ne veulent plus ni entretenir les francophones de leurs imp\u00f4ts ni continuer de payer pour un Etat trop co\u00fbteux dont toutes les institutions ont \u00e9t\u00e9 d\u00e9doubl\u00e9es par la coupure linguistique.<\/p>\n<p style=\"margin-top: 0px; margin-right: 0px; margin-bottom: 2px; margin-left: 0px; font-family: arial; font-size: 12px; font-weight: normal; color: black; text-align: justify; padding: 0px; border: 0px initial initial;\">Le d\u00e9chirement de la Belgique, c\u2019est, d\u2019abord, une revanche historique mais sans doute ne serait-il pas arriv\u00e9 \u00e0 ce point de rupture s\u2019il n\u2019avait pas \u00e9t\u00e9 aggrav\u00e9 par des ph\u00e9nom\u00e8nes qui n\u2019ont, eux, rien de sp\u00e9cifiquement belge. Affaiblis par la mondialisation de l\u2019\u00e9conomie, rendus incapables de vraiment peser face \u00e0 un march\u00e9 internationalis\u00e9 qui dicte ses lois, les Etats sont d\u00e9sormais de moins en moins per\u00e7us comme capables de prot\u00e9ger leurs citoyens. Nationaux, les partis traditionnels en sont d\u00e9valoris\u00e9s, bouscul\u00e9s par de nouvelles formations qui incarnent le trouble de l\u2019opinion et capitalisent sur ses angoisses.<\/p>\n<p style=\"margin-top: 0px; margin-right: 0px; margin-bottom: 2px; margin-left: 0px; font-family: arial; font-size: 12px; font-weight: normal; color: black; text-align: justify; padding: 0px; border: 0px initial initial;\">C\u2019est la mont\u00e9e des extr\u00eames, sensible dans toute l\u2019Europe, et ces nouvelles extr\u00eames-droites, aux quatre coins de l\u2019Union, ont pour point commun de pr\u00f4ner le repli sur soi et le rejet de l\u2019autre, repli tant\u00f4t national, dans des pays comme la France dont l\u2019unit\u00e9 est ancienne, tant\u00f4t r\u00e9gional, dans des pays qui se sont constitu\u00e9s aussi tard que la Belgique ou l\u2019Italie. En France, cela donne le Front national, sa x\u00e9nophobie et sa \u00ab pr\u00e9f\u00e9rence nationale \u00bb. En Italie, c\u2019est le Nord industriel qui ne veut plus payer pour le Sud en mal de subventions. En Belgique, ce sont les Flamands qui ne veulent plus partager avec les Wallons. Partout, c\u2019est le recul de la solidarit\u00e9 et, partout, ces peurs que provoquent l\u2019\u00e9mergence de nouvelles puissances \u00e9conomiques, la d\u00e9sindustrialisation et le r\u00e9tr\u00e9cissement du march\u00e9 de l\u2019emploi conduisent \u00e0 vouloir se bunk\u00e9riser.<\/p>\n<p style=\"margin-top: 0px; margin-right: 0px; margin-bottom: 2px; margin-left: 0px; font-family: arial; font-size: 12px; font-weight: normal; color: black; text-align: justify; padding: 0px; border: 0px initial initial;\">Le d\u00e9litement belge n\u2019est, en ce sens, qu\u2019une manifestation spectaculaire d\u2019un syndrome g\u00e9n\u00e9ral. Tant qu\u2019une puissance publique europ\u00e9enne n\u2019aura pas pris le relais des Etats nations, la peur, l\u2019\u00e9go\u00efsme et les fractionnements continueront de se d\u00e9velopper en Europe.<\/p>\n","protected":false},"excerpt":{"rendered":"<p>rExcellent papier de Bernard Guetta sur Inter ce matin (6 Septembre 2010). Lu sur France Inter (cliquer ici -&gt; http:\/\/sites.radiofrance.fr\/franceinter\/chro\/geopolitique\/) lundi 6 septembre 2010 Le syndrome belge Lentement mais s\u00fbrement, la Belgique se d\u00e9fait. Il y avait, d\u2019abord, eu ces &hellip; <a href=\"http:\/\/www.frederic-poitou.com\/blog\/le-syndrome-belge\/\">Lire la suite\u00ad\u00ad<\/a><\/p>\n","protected":false},"author":4,"featured_media":0,"comment_status":"open","ping_status":"open","sticky":false,"template":"","format":"standard","meta":{"kt_blocks_editor_width":"","_exactmetrics_skip_tracking":false,"_exactmetrics_sitenote_active":false,"_exactmetrics_sitenote_note":"","_exactmetrics_sitenote_category":0,"footnotes":""},"categories":[1],"tags":[27,50,33,24,28],"class_list":["post-3760","post","type-post","status-publish","format-standard","hentry","category-politique-economie","tag-actualite","tag-politique-economie","tag-mouvement-reformateur","tag-politique","tag-wallonie"],"yoast_head":"<!-- This site is optimized with the Yoast SEO plugin v27.1.1 - https:\/\/yoast.com\/product\/yoast-seo-wordpress\/ -->\n<title>LE SYNDROME BELGE ... -<\/title>\n<meta name=\"robots\" content=\"index, follow, max-snippet:-1, max-image-preview:large, max-video-preview:-1\" \/>\n<link rel=\"canonical\" href=\"https:\/\/www.frederic-poitou.com\/blog\/le-syndrome-belge\/\" \/>\n<meta property=\"og:locale\" content=\"fr_FR\" \/>\n<meta property=\"og:type\" content=\"article\" \/>\n<meta property=\"og:title\" content=\"LE SYNDROME BELGE ... -\" \/>\n<meta property=\"og:description\" content=\"rExcellent papier de Bernard Guetta sur Inter ce matin (6 Septembre 2010). Lu sur France Inter (cliquer ici -&gt; http:\/\/sites.radiofrance.fr\/franceinter\/chro\/geopolitique\/) lundi 6 septembre 2010 Le syndrome belge Lentement mais s\u00fbrement, la Belgique se d\u00e9fait. Il y avait, d\u2019abord, eu ces &hellip; Lire la suite\u00ad\u00ad\" \/>\n<meta property=\"og:url\" content=\"https:\/\/www.frederic-poitou.com\/blog\/le-syndrome-belge\/\" \/>\n<meta property=\"article:publisher\" content=\"https:\/\/www.facebook.com\/frederic.poitou\/\" \/>\n<meta property=\"article:published_time\" content=\"2023-07-15T05:19:32+00:00\" \/>\n<meta property=\"article:modified_time\" content=\"2026-04-28T04:59:31+00:00\" \/>\n<meta property=\"og:image\" content=\"http:\/\/www.frederic-poitou.com\/blog\/wp-content\/44-bandeau.jpg\" \/>\n\t<meta property=\"og:image:width\" content=\"532\" \/>\n\t<meta property=\"og:image:height\" content=\"100\" \/>\n\t<meta property=\"og:image:type\" content=\"image\/jpeg\" \/>\n<meta name=\"author\" content=\"Fr\u00e9d\u00e9ric Poitou\" \/>\n<meta name=\"twitter:card\" content=\"summary_large_image\" \/>\n<meta name=\"twitter:creator\" content=\"@fredericpoitou\" \/>\n<meta name=\"twitter:site\" content=\"@fredericpoitou\" \/>\n<meta name=\"twitter:label1\" content=\"\u00c9crit par\" \/>\n\t<meta name=\"twitter:data1\" content=\"Fr\u00e9d\u00e9ric Poitou\" \/>\n\t<meta name=\"twitter:label2\" content=\"Dur\u00e9e de lecture estim\u00e9e\" \/>\n\t<meta name=\"twitter:data2\" content=\"3 minutes\" \/>\n<script type=\"application\/ld+json\" class=\"yoast-schema-graph\">{\"@context\":\"https:\/\/schema.org\",\"@graph\":[{\"@type\":\"Article\",\"@id\":\"https:\/\/www.frederic-poitou.com\/blog\/le-syndrome-belge\/#article\",\"isPartOf\":{\"@id\":\"https:\/\/www.frederic-poitou.com\/blog\/le-syndrome-belge\/\"},\"author\":{\"name\":\"Fr\u00e9d\u00e9ric Poitou\",\"@id\":\"http:\/\/www.frederic-poitou.com\/blog\/#\/schema\/person\/e2c2d05e978747818533fdce859a7799\"},\"headline\":\"LE SYNDROME BELGE &#8230;\",\"datePublished\":\"2023-07-15T05:19:32+00:00\",\"dateModified\":\"2026-04-28T04:59:31+00:00\",\"mainEntityOfPage\":{\"@id\":\"https:\/\/www.frederic-poitou.com\/blog\/le-syndrome-belge\/\"},\"wordCount\":602,\"commentCount\":0,\"image\":{\"@id\":\"https:\/\/www.frederic-poitou.com\/blog\/le-syndrome-belge\/#primaryimage\"},\"thumbnailUrl\":\"http:\/\/www.frederic-poitou.com\/blog\/wp-content\/44-bandeau.jpg\",\"keywords\":[\"Actualit\u00e9\",\"Divers\",\"MOUVEMENT REFORMATEUR\",\"Politique\",\"WALLONIE\"],\"articleSection\":[\"Divers\"],\"inLanguage\":\"fr-FR\",\"potentialAction\":[{\"@type\":\"CommentAction\",\"name\":\"Comment\",\"target\":[\"https:\/\/www.frederic-poitou.com\/blog\/le-syndrome-belge\/#respond\"]}]},{\"@type\":\"WebPage\",\"@id\":\"https:\/\/www.frederic-poitou.com\/blog\/le-syndrome-belge\/\",\"url\":\"https:\/\/www.frederic-poitou.com\/blog\/le-syndrome-belge\/\",\"name\":\"LE SYNDROME BELGE ... -\",\"isPartOf\":{\"@id\":\"http:\/\/www.frederic-poitou.com\/blog\/#website\"},\"primaryImageOfPage\":{\"@id\":\"https:\/\/www.frederic-poitou.com\/blog\/le-syndrome-belge\/#primaryimage\"},\"image\":{\"@id\":\"https:\/\/www.frederic-poitou.com\/blog\/le-syndrome-belge\/#primaryimage\"},\"thumbnailUrl\":\"http:\/\/www.frederic-poitou.com\/blog\/wp-content\/44-bandeau.jpg\",\"datePublished\":\"2023-07-15T05:19:32+00:00\",\"dateModified\":\"2026-04-28T04:59:31+00:00\",\"author\":{\"@id\":\"http:\/\/www.frederic-poitou.com\/blog\/#\/schema\/person\/e2c2d05e978747818533fdce859a7799\"},\"breadcrumb\":{\"@id\":\"https:\/\/www.frederic-poitou.com\/blog\/le-syndrome-belge\/#breadcrumb\"},\"inLanguage\":\"fr-FR\",\"potentialAction\":[{\"@type\":\"ReadAction\",\"target\":[\"https:\/\/www.frederic-poitou.com\/blog\/le-syndrome-belge\/\"]}]},{\"@type\":\"ImageObject\",\"inLanguage\":\"fr-FR\",\"@id\":\"https:\/\/www.frederic-poitou.com\/blog\/le-syndrome-belge\/#primaryimage\",\"url\":\"http:\/\/www.frederic-poitou.com\/blog\/wp-content\/44-bandeau.jpg\",\"contentUrl\":\"http:\/\/www.frederic-poitou.com\/blog\/wp-content\/44-bandeau.jpg\",\"width\":\"532\",\"height\":\"100\"},{\"@type\":\"BreadcrumbList\",\"@id\":\"https:\/\/www.frederic-poitou.com\/blog\/le-syndrome-belge\/#breadcrumb\",\"itemListElement\":[{\"@type\":\"ListItem\",\"position\":1,\"name\":\"Accueil\",\"item\":\"http:\/\/www.frederic-poitou.com\/blog\/\"},{\"@type\":\"ListItem\",\"position\":2,\"name\":\"LE SYNDROME BELGE &#8230;\"}]},{\"@type\":\"WebSite\",\"@id\":\"http:\/\/www.frederic-poitou.com\/blog\/#website\",\"url\":\"http:\/\/www.frederic-poitou.com\/blog\/\",\"name\":\"\",\"description\":\"\",\"potentialAction\":[{\"@type\":\"SearchAction\",\"target\":{\"@type\":\"EntryPoint\",\"urlTemplate\":\"http:\/\/www.frederic-poitou.com\/blog\/?s={search_term_string}\"},\"query-input\":{\"@type\":\"PropertyValueSpecification\",\"valueRequired\":true,\"valueName\":\"search_term_string\"}}],\"inLanguage\":\"fr-FR\"},{\"@type\":\"Person\",\"@id\":\"http:\/\/www.frederic-poitou.com\/blog\/#\/schema\/person\/e2c2d05e978747818533fdce859a7799\",\"name\":\"Fr\u00e9d\u00e9ric Poitou\",\"image\":{\"@type\":\"ImageObject\",\"inLanguage\":\"fr-FR\",\"@id\":\"http:\/\/www.frederic-poitou.com\/blog\/#\/schema\/person\/image\/\",\"url\":\"https:\/\/secure.gravatar.com\/avatar\/1933bcca279a2feafd35d9e0a080c521e11beb51115fe4cfe02e2586ac13424a?s=96&d=mm&r=g\",\"contentUrl\":\"https:\/\/secure.gravatar.com\/avatar\/1933bcca279a2feafd35d9e0a080c521e11beb51115fe4cfe02e2586ac13424a?s=96&d=mm&r=g\",\"caption\":\"Fr\u00e9d\u00e9ric Poitou\"},\"description\":\"Fr\u00e9d\u00e9ric Poitou est n\u00e9 \u00e0 Rouen, et y a fait des \u00e9tudes au Conservatoire en musique-\u00e9tudes en section piano. Il s'est ensuite orient\u00e9 vers des \u00e9tudes scientifiques o\u00f9 il a obtenu un dipl\u00f4me d'ing\u00e9nieur, puis un doctorat en Chimie. Il est Expert Judiciaire en France, en Belgique et \u00e0 Luxembourg, et agr\u00e9e par les Institutions Europ\u00e9ennes.\",\"sameAs\":[\"http:\/\/www.frederic-poitou.com\",\"https:\/\/www.linkedin.com\/in\/frederic-poitou-b045a025\/\"]}]}<\/script>\n<!-- \/ Yoast SEO plugin. -->","yoast_head_json":{"title":"LE SYNDROME BELGE ... -","robots":{"index":"index","follow":"follow","max-snippet":"max-snippet:-1","max-image-preview":"max-image-preview:large","max-video-preview":"max-video-preview:-1"},"canonical":"https:\/\/www.frederic-poitou.com\/blog\/le-syndrome-belge\/","og_locale":"fr_FR","og_type":"article","og_title":"LE SYNDROME BELGE ... -","og_description":"rExcellent papier de Bernard Guetta sur Inter ce matin (6 Septembre 2010). Lu sur France Inter (cliquer ici -&gt; http:\/\/sites.radiofrance.fr\/franceinter\/chro\/geopolitique\/) lundi 6 septembre 2010 Le syndrome belge Lentement mais s\u00fbrement, la Belgique se d\u00e9fait. Il y avait, d\u2019abord, eu ces &hellip; Lire la suite\u00ad\u00ad","og_url":"https:\/\/www.frederic-poitou.com\/blog\/le-syndrome-belge\/","article_publisher":"https:\/\/www.facebook.com\/frederic.poitou\/","article_published_time":"2023-07-15T05:19:32+00:00","article_modified_time":"2026-04-28T04:59:31+00:00","og_image":[{"width":532,"height":100,"url":"http:\/\/www.frederic-poitou.com\/blog\/wp-content\/44-bandeau.jpg","type":"image\/jpeg"}],"author":"Fr\u00e9d\u00e9ric Poitou","twitter_card":"summary_large_image","twitter_creator":"@fredericpoitou","twitter_site":"@fredericpoitou","twitter_misc":{"\u00c9crit par":"Fr\u00e9d\u00e9ric Poitou","Dur\u00e9e de lecture estim\u00e9e":"3 minutes"},"schema":{"@context":"https:\/\/schema.org","@graph":[{"@type":"Article","@id":"https:\/\/www.frederic-poitou.com\/blog\/le-syndrome-belge\/#article","isPartOf":{"@id":"https:\/\/www.frederic-poitou.com\/blog\/le-syndrome-belge\/"},"author":{"name":"Fr\u00e9d\u00e9ric Poitou","@id":"http:\/\/www.frederic-poitou.com\/blog\/#\/schema\/person\/e2c2d05e978747818533fdce859a7799"},"headline":"LE SYNDROME BELGE &#8230;","datePublished":"2023-07-15T05:19:32+00:00","dateModified":"2026-04-28T04:59:31+00:00","mainEntityOfPage":{"@id":"https:\/\/www.frederic-poitou.com\/blog\/le-syndrome-belge\/"},"wordCount":602,"commentCount":0,"image":{"@id":"https:\/\/www.frederic-poitou.com\/blog\/le-syndrome-belge\/#primaryimage"},"thumbnailUrl":"http:\/\/www.frederic-poitou.com\/blog\/wp-content\/44-bandeau.jpg","keywords":["Actualit\u00e9","Divers","MOUVEMENT REFORMATEUR","Politique","WALLONIE"],"articleSection":["Divers"],"inLanguage":"fr-FR","potentialAction":[{"@type":"CommentAction","name":"Comment","target":["https:\/\/www.frederic-poitou.com\/blog\/le-syndrome-belge\/#respond"]}]},{"@type":"WebPage","@id":"https:\/\/www.frederic-poitou.com\/blog\/le-syndrome-belge\/","url":"https:\/\/www.frederic-poitou.com\/blog\/le-syndrome-belge\/","name":"LE SYNDROME BELGE ... -","isPartOf":{"@id":"http:\/\/www.frederic-poitou.com\/blog\/#website"},"primaryImageOfPage":{"@id":"https:\/\/www.frederic-poitou.com\/blog\/le-syndrome-belge\/#primaryimage"},"image":{"@id":"https:\/\/www.frederic-poitou.com\/blog\/le-syndrome-belge\/#primaryimage"},"thumbnailUrl":"http:\/\/www.frederic-poitou.com\/blog\/wp-content\/44-bandeau.jpg","datePublished":"2023-07-15T05:19:32+00:00","dateModified":"2026-04-28T04:59:31+00:00","author":{"@id":"http:\/\/www.frederic-poitou.com\/blog\/#\/schema\/person\/e2c2d05e978747818533fdce859a7799"},"breadcrumb":{"@id":"https:\/\/www.frederic-poitou.com\/blog\/le-syndrome-belge\/#breadcrumb"},"inLanguage":"fr-FR","potentialAction":[{"@type":"ReadAction","target":["https:\/\/www.frederic-poitou.com\/blog\/le-syndrome-belge\/"]}]},{"@type":"ImageObject","inLanguage":"fr-FR","@id":"https:\/\/www.frederic-poitou.com\/blog\/le-syndrome-belge\/#primaryimage","url":"http:\/\/www.frederic-poitou.com\/blog\/wp-content\/44-bandeau.jpg","contentUrl":"http:\/\/www.frederic-poitou.com\/blog\/wp-content\/44-bandeau.jpg","width":"532","height":"100"},{"@type":"BreadcrumbList","@id":"https:\/\/www.frederic-poitou.com\/blog\/le-syndrome-belge\/#breadcrumb","itemListElement":[{"@type":"ListItem","position":1,"name":"Accueil","item":"http:\/\/www.frederic-poitou.com\/blog\/"},{"@type":"ListItem","position":2,"name":"LE SYNDROME BELGE &#8230;"}]},{"@type":"WebSite","@id":"http:\/\/www.frederic-poitou.com\/blog\/#website","url":"http:\/\/www.frederic-poitou.com\/blog\/","name":"","description":"","potentialAction":[{"@type":"SearchAction","target":{"@type":"EntryPoint","urlTemplate":"http:\/\/www.frederic-poitou.com\/blog\/?s={search_term_string}"},"query-input":{"@type":"PropertyValueSpecification","valueRequired":true,"valueName":"search_term_string"}}],"inLanguage":"fr-FR"},{"@type":"Person","@id":"http:\/\/www.frederic-poitou.com\/blog\/#\/schema\/person\/e2c2d05e978747818533fdce859a7799","name":"Fr\u00e9d\u00e9ric Poitou","image":{"@type":"ImageObject","inLanguage":"fr-FR","@id":"http:\/\/www.frederic-poitou.com\/blog\/#\/schema\/person\/image\/","url":"https:\/\/secure.gravatar.com\/avatar\/1933bcca279a2feafd35d9e0a080c521e11beb51115fe4cfe02e2586ac13424a?s=96&d=mm&r=g","contentUrl":"https:\/\/secure.gravatar.com\/avatar\/1933bcca279a2feafd35d9e0a080c521e11beb51115fe4cfe02e2586ac13424a?s=96&d=mm&r=g","caption":"Fr\u00e9d\u00e9ric Poitou"},"description":"Fr\u00e9d\u00e9ric Poitou est n\u00e9 \u00e0 Rouen, et y a fait des \u00e9tudes au Conservatoire en musique-\u00e9tudes en section piano. Il s'est ensuite orient\u00e9 vers des \u00e9tudes scientifiques o\u00f9 il a obtenu un dipl\u00f4me d'ing\u00e9nieur, puis un doctorat en Chimie. Il est Expert Judiciaire en France, en Belgique et \u00e0 Luxembourg, et agr\u00e9e par les Institutions Europ\u00e9ennes.","sameAs":["http:\/\/www.frederic-poitou.com","https:\/\/www.linkedin.com\/in\/frederic-poitou-b045a025\/"]}]}},"_links":{"self":[{"href":"http:\/\/www.frederic-poitou.com\/blog\/wp-json\/wp\/v2\/posts\/3760","targetHints":{"allow":["GET"]}}],"collection":[{"href":"http:\/\/www.frederic-poitou.com\/blog\/wp-json\/wp\/v2\/posts"}],"about":[{"href":"http:\/\/www.frederic-poitou.com\/blog\/wp-json\/wp\/v2\/types\/post"}],"author":[{"embeddable":true,"href":"http:\/\/www.frederic-poitou.com\/blog\/wp-json\/wp\/v2\/users\/4"}],"replies":[{"embeddable":true,"href":"http:\/\/www.frederic-poitou.com\/blog\/wp-json\/wp\/v2\/comments?post=3760"}],"version-history":[{"count":1,"href":"http:\/\/www.frederic-poitou.com\/blog\/wp-json\/wp\/v2\/posts\/3760\/revisions"}],"predecessor-version":[{"id":10079,"href":"http:\/\/www.frederic-poitou.com\/blog\/wp-json\/wp\/v2\/posts\/3760\/revisions\/10079"}],"wp:attachment":[{"href":"http:\/\/www.frederic-poitou.com\/blog\/wp-json\/wp\/v2\/media?parent=3760"}],"wp:term":[{"taxonomy":"category","embeddable":true,"href":"http:\/\/www.frederic-poitou.com\/blog\/wp-json\/wp\/v2\/categories?post=3760"},{"taxonomy":"post_tag","embeddable":true,"href":"http:\/\/www.frederic-poitou.com\/blog\/wp-json\/wp\/v2\/tags?post=3760"}],"curies":[{"name":"wp","href":"https:\/\/api.w.org\/{rel}","templated":true}]}}