{"id":3611,"date":"2023-07-14T03:07:32","date_gmt":"2023-07-14T01:07:32","guid":{"rendered":"http:\/\/www.frederic-poitou.com\/blog\/?p=3611"},"modified":"2026-04-15T10:34:18","modified_gmt":"2026-04-15T08:34:18","slug":"evidemment-bach-etait-jazz","status":"publish","type":"post","link":"http:\/\/www.frederic-poitou.com\/blog\/evidemment-bach-etait-jazz\/","title":{"rendered":"\u00c9VIDEMMENT, BACH ETAIT JAZZ !"},"content":{"rendered":"<p>C&rsquo;est pas nouveau, mais \u00e9videmment c&rsquo;est vrai.\u00a0Si Bach avait v\u00e9cu au XXeme si\u00e8cle, il aurait \u00e9t\u00e9 jazz.\u00a0Protestant, donc remettant en cause les acquis \u00ab\u00a0surfaits\u00a0\u00bb et les fioritures, pour se recentrer sur les fondamentaux. Gageons qu&rsquo;il aurait aim\u00e9 Loussier.<\/p>\n<p>J&rsquo;ai d\u00e9couvert Jacques Loussier voici bien longtemps dans un album qui s&rsquo;appelait Play Bach. C&rsquo;\u00e9tait pour moi un extra terrestre, qui osait profaner LE ma\u00eetre. Inacceptable !<\/p>\n<p>A cette \u00e9poque, je d\u00e9couvrais aussi Dany Cohn Bendit, de Gaulle, Napol\u00e9on, Diderot, Rousseau, Voltaire, Luther, \u00a0&#8230;<\/p>\n<p>Il me fallu plusieurs ann\u00e9es pour appr\u00e9cier vraiment Jacques Loussier, car sa technique pianistique n&rsquo;\u00e9tait \u00e9videmment pas celle de Glenn Gould. Mais Loussier est g\u00e9nial. Il a os\u00e9 interpr\u00e9ter Bach tel que Bach aurait probablement compos\u00e9 si il avait v\u00e9cu au XXe.<\/p>\n<p>Un autre s&rsquo;y est essay\u00e9. Il habite tout pr\u00e8s de chez moi, entre Lambesc et Rognes. C&rsquo;est Jean-Christian Michel et sa clarinette. Mais lui \u00e9tait trop mystique pour Bach. Bach avait un objectif plus simple que le mysticisme. Lui, tutoyait Dieu !<\/p>\n<p>Je viens de d\u00e9couvrir un truc \u00ab\u00a0juste g\u00e9nial\u00a0\u00bb dirait on \u00e0 la star Ac &#8230;<\/p>\n<p>J&rsquo;\u00e9coute ca, et je me dis que Jean S\u00e9bastien doit rigoler en haut. Sur qu&rsquo;il \u00ab\u00a0clape\u00a0\u00bb ses doigts (sur les temps 2 et 4 s&rsquo;il vous plait &#8230; sinon ca groove pas !), et qu&rsquo;il tape du pied.<\/p>\n<p>&#8212;&#8212;&#8212;&#8212;&#8212;<br \/>\n<span style=\"color: #ffffff;\">&#8212;&#8212;&#8212;&#8212;&#8212;<br \/>\n&#8212;&#8212;&#8212;&#8212;&#8212;<br \/>\n&#8212;&#8212;&#8212;&#8212;&#8212; <\/span><\/p>\n<p>http:\/\/www.dailymotion.com\/video\/xl7yme_jacques-loussier-bach-air-on-the-g-string_music&lt;\/i&gt;<\/p>\n","protected":false},"excerpt":{"rendered":"<p>C&rsquo;est pas nouveau, mais \u00e9videmment c&rsquo;est vrai.\u00a0Si Bach avait v\u00e9cu au XXeme si\u00e8cle, il aurait \u00e9t\u00e9 jazz.\u00a0Protestant, donc remettant en cause les acquis \u00ab\u00a0surfaits\u00a0\u00bb et les fioritures, pour se recentrer sur les fondamentaux. Gageons qu&rsquo;il aurait aim\u00e9 Loussier. J&rsquo;ai d\u00e9couvert &hellip; <a href=\"http:\/\/www.frederic-poitou.com\/blog\/evidemment-bach-etait-jazz\/\">Lire la suite\u00ad\u00ad<\/a><\/p>\n","protected":false},"author":4,"featured_media":6736,"comment_status":"open","ping_status":"open","sticky":false,"template":"","format":"standard","meta":{"kt_blocks_editor_width":"","_exactmetrics_skip_tracking":false,"_exactmetrics_sitenote_active":false,"_exactmetrics_sitenote_note":"","_exactmetrics_sitenote_category":0,"footnotes":""},"categories":[44,1],"tags":[27,23,47],"class_list":["post-3611","post","type-post","status-publish","format-standard","has-post-thumbnail","hentry","category-culture","category-politique-economie","tag-actualite","tag-belgique-2","tag-slide"],"yoast_head":"<!-- This site is optimized with the Yoast SEO plugin v27.1.1 - https:\/\/yoast.com\/product\/yoast-seo-wordpress\/ -->\n<title>\u00c9VIDEMMENT, BACH ETAIT JAZZ ! -<\/title>\n<meta name=\"robots\" content=\"index, follow, max-snippet:-1, max-image-preview:large, max-video-preview:-1\" \/>\n<link rel=\"canonical\" href=\"https:\/\/www.frederic-poitou.com\/blog\/evidemment-bach-etait-jazz\/\" \/>\n<meta property=\"og:locale\" content=\"fr_FR\" \/>\n<meta property=\"og:type\" content=\"article\" \/>\n<meta property=\"og:title\" content=\"\u00c9VIDEMMENT, BACH ETAIT JAZZ ! -\" \/>\n<meta property=\"og:description\" content=\"C&rsquo;est pas nouveau, mais \u00e9videmment c&rsquo;est vrai.\u00a0Si Bach avait v\u00e9cu au XXeme si\u00e8cle, il aurait \u00e9t\u00e9 jazz.\u00a0Protestant, donc remettant en cause les acquis \u00ab\u00a0surfaits\u00a0\u00bb et les fioritures, pour se recentrer sur les fondamentaux. Gageons qu&rsquo;il aurait aim\u00e9 Loussier. J&rsquo;ai d\u00e9couvert &hellip; Lire la suite\u00ad\u00ad\" \/>\n<meta property=\"og:url\" content=\"https:\/\/www.frederic-poitou.com\/blog\/evidemment-bach-etait-jazz\/\" \/>\n<meta property=\"article:publisher\" content=\"https:\/\/www.facebook.com\/frederic.poitou\/\" \/>\n<meta property=\"article:published_time\" content=\"2023-07-14T01:07:32+00:00\" \/>\n<meta property=\"article:modified_time\" content=\"2026-04-15T08:34:18+00:00\" \/>\n<meta property=\"og:image\" content=\"https:\/\/www.frederic-poitou.com\/blog\/wp-content\/loussier.jpeg\" \/>\n\t<meta property=\"og:image:width\" content=\"600\" \/>\n\t<meta property=\"og:image:height\" content=\"600\" \/>\n\t<meta property=\"og:image:type\" content=\"image\/jpeg\" \/>\n<meta name=\"author\" content=\"Fr\u00e9d\u00e9ric Poitou\" \/>\n<meta name=\"twitter:card\" content=\"summary_large_image\" \/>\n<meta name=\"twitter:creator\" content=\"@fredericpoitou\" \/>\n<meta name=\"twitter:site\" content=\"@fredericpoitou\" \/>\n<meta name=\"twitter:label1\" content=\"\u00c9crit par\" \/>\n\t<meta name=\"twitter:data1\" content=\"Fr\u00e9d\u00e9ric Poitou\" \/>\n\t<meta name=\"twitter:label2\" content=\"Dur\u00e9e de lecture estim\u00e9e\" \/>\n\t<meta name=\"twitter:data2\" content=\"1 minute\" \/>\n<script type=\"application\/ld+json\" class=\"yoast-schema-graph\">{\"@context\":\"https:\/\/schema.org\",\"@graph\":[{\"@type\":\"Article\",\"@id\":\"https:\/\/www.frederic-poitou.com\/blog\/evidemment-bach-etait-jazz\/#article\",\"isPartOf\":{\"@id\":\"https:\/\/www.frederic-poitou.com\/blog\/evidemment-bach-etait-jazz\/\"},\"author\":{\"name\":\"Fr\u00e9d\u00e9ric Poitou\",\"@id\":\"https:\/\/www.frederic-poitou.com\/blog\/#\/schema\/person\/e2c2d05e978747818533fdce859a7799\"},\"headline\":\"\u00c9VIDEMMENT, BACH ETAIT JAZZ !\",\"datePublished\":\"2023-07-14T01:07:32+00:00\",\"dateModified\":\"2026-04-15T08:34:18+00:00\",\"mainEntityOfPage\":{\"@id\":\"https:\/\/www.frederic-poitou.com\/blog\/evidemment-bach-etait-jazz\/\"},\"wordCount\":260,\"commentCount\":0,\"image\":{\"@id\":\"https:\/\/www.frederic-poitou.com\/blog\/evidemment-bach-etait-jazz\/#primaryimage\"},\"thumbnailUrl\":\"http:\/\/www.frederic-poitou.com\/blog\/wp-content\/loussier.jpeg\",\"keywords\":[\"Actualit\u00e9\",\"Belgique\",\"slide\"],\"articleSection\":[\"Culture\",\"Divers\"],\"inLanguage\":\"fr-FR\",\"potentialAction\":[{\"@type\":\"CommentAction\",\"name\":\"Comment\",\"target\":[\"https:\/\/www.frederic-poitou.com\/blog\/evidemment-bach-etait-jazz\/#respond\"]}]},{\"@type\":\"WebPage\",\"@id\":\"https:\/\/www.frederic-poitou.com\/blog\/evidemment-bach-etait-jazz\/\",\"url\":\"https:\/\/www.frederic-poitou.com\/blog\/evidemment-bach-etait-jazz\/\",\"name\":\"\u00c9VIDEMMENT, BACH ETAIT JAZZ ! -\",\"isPartOf\":{\"@id\":\"https:\/\/www.frederic-poitou.com\/blog\/#website\"},\"primaryImageOfPage\":{\"@id\":\"https:\/\/www.frederic-poitou.com\/blog\/evidemment-bach-etait-jazz\/#primaryimage\"},\"image\":{\"@id\":\"https:\/\/www.frederic-poitou.com\/blog\/evidemment-bach-etait-jazz\/#primaryimage\"},\"thumbnailUrl\":\"http:\/\/www.frederic-poitou.com\/blog\/wp-content\/loussier.jpeg\",\"datePublished\":\"2023-07-14T01:07:32+00:00\",\"dateModified\":\"2026-04-15T08:34:18+00:00\",\"author\":{\"@id\":\"https:\/\/www.frederic-poitou.com\/blog\/#\/schema\/person\/e2c2d05e978747818533fdce859a7799\"},\"breadcrumb\":{\"@id\":\"https:\/\/www.frederic-poitou.com\/blog\/evidemment-bach-etait-jazz\/#breadcrumb\"},\"inLanguage\":\"fr-FR\",\"potentialAction\":[{\"@type\":\"ReadAction\",\"target\":[\"https:\/\/www.frederic-poitou.com\/blog\/evidemment-bach-etait-jazz\/\"]}]},{\"@type\":\"ImageObject\",\"inLanguage\":\"fr-FR\",\"@id\":\"https:\/\/www.frederic-poitou.com\/blog\/evidemment-bach-etait-jazz\/#primaryimage\",\"url\":\"http:\/\/www.frederic-poitou.com\/blog\/wp-content\/loussier.jpeg\",\"contentUrl\":\"http:\/\/www.frederic-poitou.com\/blog\/wp-content\/loussier.jpeg\",\"width\":600,\"height\":600},{\"@type\":\"BreadcrumbList\",\"@id\":\"https:\/\/www.frederic-poitou.com\/blog\/evidemment-bach-etait-jazz\/#breadcrumb\",\"itemListElement\":[{\"@type\":\"ListItem\",\"position\":1,\"name\":\"Accueil\",\"item\":\"https:\/\/www.frederic-poitou.com\/blog\/\"},{\"@type\":\"ListItem\",\"position\":2,\"name\":\"\u00c9VIDEMMENT, BACH ETAIT JAZZ !\"}]},{\"@type\":\"WebSite\",\"@id\":\"https:\/\/www.frederic-poitou.com\/blog\/#website\",\"url\":\"https:\/\/www.frederic-poitou.com\/blog\/\",\"name\":\"\",\"description\":\"\",\"potentialAction\":[{\"@type\":\"SearchAction\",\"target\":{\"@type\":\"EntryPoint\",\"urlTemplate\":\"https:\/\/www.frederic-poitou.com\/blog\/?s={search_term_string}\"},\"query-input\":{\"@type\":\"PropertyValueSpecification\",\"valueRequired\":true,\"valueName\":\"search_term_string\"}}],\"inLanguage\":\"fr-FR\"},{\"@type\":\"Person\",\"@id\":\"https:\/\/www.frederic-poitou.com\/blog\/#\/schema\/person\/e2c2d05e978747818533fdce859a7799\",\"name\":\"Fr\u00e9d\u00e9ric Poitou\",\"image\":{\"@type\":\"ImageObject\",\"inLanguage\":\"fr-FR\",\"@id\":\"https:\/\/www.frederic-poitou.com\/blog\/#\/schema\/person\/image\/\",\"url\":\"https:\/\/secure.gravatar.com\/avatar\/1933bcca279a2feafd35d9e0a080c521e11beb51115fe4cfe02e2586ac13424a?s=96&d=mm&r=g\",\"contentUrl\":\"https:\/\/secure.gravatar.com\/avatar\/1933bcca279a2feafd35d9e0a080c521e11beb51115fe4cfe02e2586ac13424a?s=96&d=mm&r=g\",\"caption\":\"Fr\u00e9d\u00e9ric Poitou\"},\"description\":\"Fr\u00e9d\u00e9ric Poitou est n\u00e9 \u00e0 Rouen, et y a fait des \u00e9tudes au Conservatoire en musique-\u00e9tudes en section piano. Il s'est ensuite orient\u00e9 vers des \u00e9tudes scientifiques o\u00f9 il a obtenu un dipl\u00f4me d'ing\u00e9nieur, puis un doctorat en Chimie. Il est Expert Judiciaire en France, en Belgique et \u00e0 Luxembourg, et agr\u00e9e par les Institutions Europ\u00e9ennes.\",\"sameAs\":[\"http:\/\/www.frederic-poitou.com\",\"https:\/\/www.linkedin.com\/in\/frederic-poitou-b045a025\/\"]}]}<\/script>\n<!-- \/ Yoast SEO plugin. -->","yoast_head_json":{"title":"\u00c9VIDEMMENT, BACH ETAIT JAZZ ! -","robots":{"index":"index","follow":"follow","max-snippet":"max-snippet:-1","max-image-preview":"max-image-preview:large","max-video-preview":"max-video-preview:-1"},"canonical":"https:\/\/www.frederic-poitou.com\/blog\/evidemment-bach-etait-jazz\/","og_locale":"fr_FR","og_type":"article","og_title":"\u00c9VIDEMMENT, BACH ETAIT JAZZ ! -","og_description":"C&rsquo;est pas nouveau, mais \u00e9videmment c&rsquo;est vrai.\u00a0Si Bach avait v\u00e9cu au XXeme si\u00e8cle, il aurait \u00e9t\u00e9 jazz.\u00a0Protestant, donc remettant en cause les acquis \u00ab\u00a0surfaits\u00a0\u00bb et les fioritures, pour se recentrer sur les fondamentaux. Gageons qu&rsquo;il aurait aim\u00e9 Loussier. J&rsquo;ai d\u00e9couvert &hellip; Lire la suite\u00ad\u00ad","og_url":"https:\/\/www.frederic-poitou.com\/blog\/evidemment-bach-etait-jazz\/","article_publisher":"https:\/\/www.facebook.com\/frederic.poitou\/","article_published_time":"2023-07-14T01:07:32+00:00","article_modified_time":"2026-04-15T08:34:18+00:00","og_image":[{"width":600,"height":600,"url":"https:\/\/www.frederic-poitou.com\/blog\/wp-content\/loussier.jpeg","type":"image\/jpeg"}],"author":"Fr\u00e9d\u00e9ric Poitou","twitter_card":"summary_large_image","twitter_creator":"@fredericpoitou","twitter_site":"@fredericpoitou","twitter_misc":{"\u00c9crit par":"Fr\u00e9d\u00e9ric Poitou","Dur\u00e9e de lecture estim\u00e9e":"1 minute"},"schema":{"@context":"https:\/\/schema.org","@graph":[{"@type":"Article","@id":"https:\/\/www.frederic-poitou.com\/blog\/evidemment-bach-etait-jazz\/#article","isPartOf":{"@id":"https:\/\/www.frederic-poitou.com\/blog\/evidemment-bach-etait-jazz\/"},"author":{"name":"Fr\u00e9d\u00e9ric Poitou","@id":"https:\/\/www.frederic-poitou.com\/blog\/#\/schema\/person\/e2c2d05e978747818533fdce859a7799"},"headline":"\u00c9VIDEMMENT, BACH ETAIT JAZZ !","datePublished":"2023-07-14T01:07:32+00:00","dateModified":"2026-04-15T08:34:18+00:00","mainEntityOfPage":{"@id":"https:\/\/www.frederic-poitou.com\/blog\/evidemment-bach-etait-jazz\/"},"wordCount":260,"commentCount":0,"image":{"@id":"https:\/\/www.frederic-poitou.com\/blog\/evidemment-bach-etait-jazz\/#primaryimage"},"thumbnailUrl":"http:\/\/www.frederic-poitou.com\/blog\/wp-content\/loussier.jpeg","keywords":["Actualit\u00e9","Belgique","slide"],"articleSection":["Culture","Divers"],"inLanguage":"fr-FR","potentialAction":[{"@type":"CommentAction","name":"Comment","target":["https:\/\/www.frederic-poitou.com\/blog\/evidemment-bach-etait-jazz\/#respond"]}]},{"@type":"WebPage","@id":"https:\/\/www.frederic-poitou.com\/blog\/evidemment-bach-etait-jazz\/","url":"https:\/\/www.frederic-poitou.com\/blog\/evidemment-bach-etait-jazz\/","name":"\u00c9VIDEMMENT, BACH ETAIT JAZZ ! -","isPartOf":{"@id":"https:\/\/www.frederic-poitou.com\/blog\/#website"},"primaryImageOfPage":{"@id":"https:\/\/www.frederic-poitou.com\/blog\/evidemment-bach-etait-jazz\/#primaryimage"},"image":{"@id":"https:\/\/www.frederic-poitou.com\/blog\/evidemment-bach-etait-jazz\/#primaryimage"},"thumbnailUrl":"http:\/\/www.frederic-poitou.com\/blog\/wp-content\/loussier.jpeg","datePublished":"2023-07-14T01:07:32+00:00","dateModified":"2026-04-15T08:34:18+00:00","author":{"@id":"https:\/\/www.frederic-poitou.com\/blog\/#\/schema\/person\/e2c2d05e978747818533fdce859a7799"},"breadcrumb":{"@id":"https:\/\/www.frederic-poitou.com\/blog\/evidemment-bach-etait-jazz\/#breadcrumb"},"inLanguage":"fr-FR","potentialAction":[{"@type":"ReadAction","target":["https:\/\/www.frederic-poitou.com\/blog\/evidemment-bach-etait-jazz\/"]}]},{"@type":"ImageObject","inLanguage":"fr-FR","@id":"https:\/\/www.frederic-poitou.com\/blog\/evidemment-bach-etait-jazz\/#primaryimage","url":"http:\/\/www.frederic-poitou.com\/blog\/wp-content\/loussier.jpeg","contentUrl":"http:\/\/www.frederic-poitou.com\/blog\/wp-content\/loussier.jpeg","width":600,"height":600},{"@type":"BreadcrumbList","@id":"https:\/\/www.frederic-poitou.com\/blog\/evidemment-bach-etait-jazz\/#breadcrumb","itemListElement":[{"@type":"ListItem","position":1,"name":"Accueil","item":"https:\/\/www.frederic-poitou.com\/blog\/"},{"@type":"ListItem","position":2,"name":"\u00c9VIDEMMENT, BACH ETAIT JAZZ !"}]},{"@type":"WebSite","@id":"https:\/\/www.frederic-poitou.com\/blog\/#website","url":"https:\/\/www.frederic-poitou.com\/blog\/","name":"","description":"","potentialAction":[{"@type":"SearchAction","target":{"@type":"EntryPoint","urlTemplate":"https:\/\/www.frederic-poitou.com\/blog\/?s={search_term_string}"},"query-input":{"@type":"PropertyValueSpecification","valueRequired":true,"valueName":"search_term_string"}}],"inLanguage":"fr-FR"},{"@type":"Person","@id":"https:\/\/www.frederic-poitou.com\/blog\/#\/schema\/person\/e2c2d05e978747818533fdce859a7799","name":"Fr\u00e9d\u00e9ric Poitou","image":{"@type":"ImageObject","inLanguage":"fr-FR","@id":"https:\/\/www.frederic-poitou.com\/blog\/#\/schema\/person\/image\/","url":"https:\/\/secure.gravatar.com\/avatar\/1933bcca279a2feafd35d9e0a080c521e11beb51115fe4cfe02e2586ac13424a?s=96&d=mm&r=g","contentUrl":"https:\/\/secure.gravatar.com\/avatar\/1933bcca279a2feafd35d9e0a080c521e11beb51115fe4cfe02e2586ac13424a?s=96&d=mm&r=g","caption":"Fr\u00e9d\u00e9ric Poitou"},"description":"Fr\u00e9d\u00e9ric Poitou est n\u00e9 \u00e0 Rouen, et y a fait des \u00e9tudes au Conservatoire en musique-\u00e9tudes en section piano. Il s'est ensuite orient\u00e9 vers des \u00e9tudes scientifiques o\u00f9 il a obtenu un dipl\u00f4me d'ing\u00e9nieur, puis un doctorat en Chimie. Il est Expert Judiciaire en France, en Belgique et \u00e0 Luxembourg, et agr\u00e9e par les Institutions Europ\u00e9ennes.","sameAs":["http:\/\/www.frederic-poitou.com","https:\/\/www.linkedin.com\/in\/frederic-poitou-b045a025\/"]}]}},"_links":{"self":[{"href":"http:\/\/www.frederic-poitou.com\/blog\/wp-json\/wp\/v2\/posts\/3611","targetHints":{"allow":["GET"]}}],"collection":[{"href":"http:\/\/www.frederic-poitou.com\/blog\/wp-json\/wp\/v2\/posts"}],"about":[{"href":"http:\/\/www.frederic-poitou.com\/blog\/wp-json\/wp\/v2\/types\/post"}],"author":[{"embeddable":true,"href":"http:\/\/www.frederic-poitou.com\/blog\/wp-json\/wp\/v2\/users\/4"}],"replies":[{"embeddable":true,"href":"http:\/\/www.frederic-poitou.com\/blog\/wp-json\/wp\/v2\/comments?post=3611"}],"version-history":[{"count":2,"href":"http:\/\/www.frederic-poitou.com\/blog\/wp-json\/wp\/v2\/posts\/3611\/revisions"}],"predecessor-version":[{"id":8810,"href":"http:\/\/www.frederic-poitou.com\/blog\/wp-json\/wp\/v2\/posts\/3611\/revisions\/8810"}],"wp:featuredmedia":[{"embeddable":true,"href":"http:\/\/www.frederic-poitou.com\/blog\/wp-json\/wp\/v2\/media\/6736"}],"wp:attachment":[{"href":"http:\/\/www.frederic-poitou.com\/blog\/wp-json\/wp\/v2\/media?parent=3611"}],"wp:term":[{"taxonomy":"category","embeddable":true,"href":"http:\/\/www.frederic-poitou.com\/blog\/wp-json\/wp\/v2\/categories?post=3611"},{"taxonomy":"post_tag","embeddable":true,"href":"http:\/\/www.frederic-poitou.com\/blog\/wp-json\/wp\/v2\/tags?post=3611"}],"curies":[{"name":"wp","href":"https:\/\/api.w.org\/{rel}","templated":true}]}}