{"id":3599,"date":"2023-07-14T11:51:32","date_gmt":"2023-07-14T09:51:32","guid":{"rendered":"http:\/\/www.frederic-poitou.com\/blog\/?p=3599"},"modified":"2026-04-18T03:30:22","modified_gmt":"2026-04-18T01:30:22","slug":"europe-et-laicite-2","status":"publish","type":"post","link":"http:\/\/www.frederic-poitou.com\/blog\/europe-et-laicite-2\/","title":{"rendered":"EUROPE ET LA\u00cfCITE"},"content":{"rendered":"<p>Le petit caf\u00e9 philo que j&rsquo;ai organis\u00e9 \u00e0 Li\u00e8ge sur le sujet de la La\u00efcit\u00e9, et des diff\u00e9rences d&rsquo;application qu&rsquo;elle prend dans les diff\u00e9rentes d\u00e9mocraties europ\u00e9enne a r\u00e9uni une trentaine de personne. Tr\u00e8s modeste, certes, mais la qualit\u00e9 des interventions, et le niveau des \u00e9changes n&rsquo;en fut que plus facile.<\/p>\n<p><img loading=\"lazy\" decoding=\"async\" class=\"size-full wp-image-3602 alignleft\" style=\"margin: 10px; border: 10px solid black;\" title=\"NPNS_marianne\" src=\"http:\/\/www.frederic-poitou.com\/blog\/wp-content\/NPNS_marianne.jpg\" alt=\"NPNS_marianne\" width=\"290\" height=\"224\" srcset=\"http:\/\/www.frederic-poitou.com\/blog\/wp-content\/NPNS_marianne.jpg 484w, http:\/\/www.frederic-poitou.com\/blog\/wp-content\/NPNS_marianne-300x231.jpg 300w\" sizes=\"auto, (max-width: 290px) 100vw, 290px\" \/><\/p>\n<p>Il en ressort &#8211; <em>je ne vous apprend rien<\/em> &#8211; une diff\u00e9rence de traitement du concept de la\u00efcit\u00e9 dans les diff\u00e9rents pays Europ\u00e9ens, avec trois blocs que l&rsquo;on peut ais\u00e9ment identifier. La France \u00e9tant \u00e0 mon sens rattrap\u00e9e sur ce sujet par la Belgique, bien que l&rsquo;une soit une R\u00e9publique La\u00efque, l&rsquo;autre une Monarchie \u00ab\u00a0neutre\u00a0\u00bb, mais dont le Roi est clairement catholique.<\/p>\n<p>Je mettrai en ligne un petit compte rendu sur ce sujet qui m&rsquo;int\u00e9resse depuis des ann\u00e9es, qui est particuli\u00e8rement d&rsquo;actualit\u00e9.<\/p>\n<p>Fr\u00e9d\u00e9ric<\/p>\n","protected":false},"excerpt":{"rendered":"<p>Le petit caf\u00e9 philo que j&rsquo;ai organis\u00e9 \u00e0 Li\u00e8ge sur le sujet de la La\u00efcit\u00e9, et des diff\u00e9rences d&rsquo;application qu&rsquo;elle prend dans les diff\u00e9rentes d\u00e9mocraties europ\u00e9enne a r\u00e9uni une trentaine de personne. Tr\u00e8s modeste, certes, mais la qualit\u00e9 des interventions, &hellip; <a href=\"http:\/\/www.frederic-poitou.com\/blog\/europe-et-laicite-2\/\">Lire la suite\u00ad\u00ad<\/a><\/p>\n","protected":false},"author":4,"featured_media":9459,"comment_status":"open","ping_status":"open","sticky":false,"template":"","format":"standard","meta":{"kt_blocks_editor_width":"","_exactmetrics_skip_tracking":false,"_exactmetrics_sitenote_active":false,"_exactmetrics_sitenote_note":"","_exactmetrics_sitenote_category":0,"footnotes":""},"categories":[48,1,51,54],"tags":[27,26,33,25,24],"class_list":["post-3599","post","type-post","status-publish","format-standard","has-post-thumbnail","hentry","category-accueil","category-politique-economie","category-politique","category-societe","tag-actualite","tag-laicite","tag-mouvement-reformateur","tag-parti-radical","tag-politique"],"yoast_head":"<!-- This site is optimized with the Yoast SEO plugin v27.1.1 - https:\/\/yoast.com\/product\/yoast-seo-wordpress\/ -->\n<title>EUROPE ET LA\u00cfCITE -<\/title>\n<meta name=\"robots\" content=\"index, follow, max-snippet:-1, max-image-preview:large, max-video-preview:-1\" \/>\n<link rel=\"canonical\" href=\"http:\/\/www.frederic-poitou.com\/blog\/europe-et-laicite-2\/\" \/>\n<meta property=\"og:locale\" content=\"fr_FR\" \/>\n<meta property=\"og:type\" content=\"article\" \/>\n<meta property=\"og:title\" content=\"EUROPE ET LA\u00cfCITE -\" \/>\n<meta property=\"og:description\" content=\"Le petit caf\u00e9 philo que j&rsquo;ai organis\u00e9 \u00e0 Li\u00e8ge sur le sujet de la La\u00efcit\u00e9, et des diff\u00e9rences d&rsquo;application qu&rsquo;elle prend dans les diff\u00e9rentes d\u00e9mocraties europ\u00e9enne a r\u00e9uni une trentaine de personne. Tr\u00e8s modeste, certes, mais la qualit\u00e9 des interventions, &hellip; Lire la suite\u00ad\u00ad\" \/>\n<meta property=\"og:url\" content=\"http:\/\/www.frederic-poitou.com\/blog\/europe-et-laicite-2\/\" \/>\n<meta property=\"article:publisher\" content=\"https:\/\/www.facebook.com\/frederic.poitou\/\" \/>\n<meta property=\"article:published_time\" content=\"2023-07-14T09:51:32+00:00\" \/>\n<meta property=\"article:modified_time\" content=\"2026-04-18T01:30:22+00:00\" \/>\n<meta property=\"og:image\" content=\"http:\/\/www.frederic-poitou.com\/blog\/wp-content\/2019\/11\/laicite-visu1.png\" \/>\n\t<meta property=\"og:image:width\" content=\"1311\" \/>\n\t<meta property=\"og:image:height\" content=\"1316\" \/>\n\t<meta property=\"og:image:type\" content=\"image\/png\" \/>\n<meta name=\"author\" content=\"Fr\u00e9d\u00e9ric Poitou\" \/>\n<meta name=\"twitter:card\" content=\"summary_large_image\" \/>\n<meta name=\"twitter:creator\" content=\"@fredericpoitou\" \/>\n<meta name=\"twitter:site\" content=\"@fredericpoitou\" \/>\n<meta name=\"twitter:label1\" content=\"\u00c9crit par\" \/>\n\t<meta name=\"twitter:data1\" content=\"Fr\u00e9d\u00e9ric Poitou\" \/>\n\t<meta name=\"twitter:label2\" content=\"Dur\u00e9e de lecture estim\u00e9e\" \/>\n\t<meta name=\"twitter:data2\" content=\"1 minute\" \/>\n<script type=\"application\/ld+json\" class=\"yoast-schema-graph\">{\"@context\":\"https:\/\/schema.org\",\"@graph\":[{\"@type\":\"Article\",\"@id\":\"http:\/\/www.frederic-poitou.com\/blog\/europe-et-laicite-2\/#article\",\"isPartOf\":{\"@id\":\"http:\/\/www.frederic-poitou.com\/blog\/europe-et-laicite-2\/\"},\"author\":{\"name\":\"Fr\u00e9d\u00e9ric Poitou\",\"@id\":\"http:\/\/www.frederic-poitou.com\/blog\/#\/schema\/person\/e2c2d05e978747818533fdce859a7799\"},\"headline\":\"EUROPE ET LA\u00cfCITE\",\"datePublished\":\"2023-07-14T09:51:32+00:00\",\"dateModified\":\"2026-04-18T01:30:22+00:00\",\"mainEntityOfPage\":{\"@id\":\"http:\/\/www.frederic-poitou.com\/blog\/europe-et-laicite-2\/\"},\"wordCount\":165,\"commentCount\":0,\"image\":{\"@id\":\"http:\/\/www.frederic-poitou.com\/blog\/europe-et-laicite-2\/#primaryimage\"},\"thumbnailUrl\":\"http:\/\/www.frederic-poitou.com\/blog\/wp-content\/2019\/11\/laicite-visu1.png\",\"keywords\":[\"Actualit\u00e9\",\"La\u00efcit\u00e9\",\"MOUVEMENT REFORMATEUR\",\"PARTI RADICAL\",\"Politique\"],\"articleSection\":[\"Accueil\",\"Divers\",\"Politique\",\"Soci\u00e9t\u00e9\"],\"inLanguage\":\"fr-FR\",\"potentialAction\":[{\"@type\":\"CommentAction\",\"name\":\"Comment\",\"target\":[\"http:\/\/www.frederic-poitou.com\/blog\/europe-et-laicite-2\/#respond\"]}]},{\"@type\":\"WebPage\",\"@id\":\"http:\/\/www.frederic-poitou.com\/blog\/europe-et-laicite-2\/\",\"url\":\"http:\/\/www.frederic-poitou.com\/blog\/europe-et-laicite-2\/\",\"name\":\"EUROPE ET LA\u00cfCITE -\",\"isPartOf\":{\"@id\":\"http:\/\/www.frederic-poitou.com\/blog\/#website\"},\"primaryImageOfPage\":{\"@id\":\"http:\/\/www.frederic-poitou.com\/blog\/europe-et-laicite-2\/#primaryimage\"},\"image\":{\"@id\":\"http:\/\/www.frederic-poitou.com\/blog\/europe-et-laicite-2\/#primaryimage\"},\"thumbnailUrl\":\"http:\/\/www.frederic-poitou.com\/blog\/wp-content\/2019\/11\/laicite-visu1.png\",\"datePublished\":\"2023-07-14T09:51:32+00:00\",\"dateModified\":\"2026-04-18T01:30:22+00:00\",\"author\":{\"@id\":\"http:\/\/www.frederic-poitou.com\/blog\/#\/schema\/person\/e2c2d05e978747818533fdce859a7799\"},\"breadcrumb\":{\"@id\":\"http:\/\/www.frederic-poitou.com\/blog\/europe-et-laicite-2\/#breadcrumb\"},\"inLanguage\":\"fr-FR\",\"potentialAction\":[{\"@type\":\"ReadAction\",\"target\":[\"http:\/\/www.frederic-poitou.com\/blog\/europe-et-laicite-2\/\"]}]},{\"@type\":\"ImageObject\",\"inLanguage\":\"fr-FR\",\"@id\":\"http:\/\/www.frederic-poitou.com\/blog\/europe-et-laicite-2\/#primaryimage\",\"url\":\"http:\/\/www.frederic-poitou.com\/blog\/wp-content\/2019\/11\/laicite-visu1.png\",\"contentUrl\":\"http:\/\/www.frederic-poitou.com\/blog\/wp-content\/2019\/11\/laicite-visu1.png\",\"width\":1311,\"height\":1316},{\"@type\":\"BreadcrumbList\",\"@id\":\"http:\/\/www.frederic-poitou.com\/blog\/europe-et-laicite-2\/#breadcrumb\",\"itemListElement\":[{\"@type\":\"ListItem\",\"position\":1,\"name\":\"Accueil\",\"item\":\"http:\/\/www.frederic-poitou.com\/blog\/\"},{\"@type\":\"ListItem\",\"position\":2,\"name\":\"EUROPE ET LA\u00cfCITE\"}]},{\"@type\":\"WebSite\",\"@id\":\"http:\/\/www.frederic-poitou.com\/blog\/#website\",\"url\":\"http:\/\/www.frederic-poitou.com\/blog\/\",\"name\":\"\",\"description\":\"\",\"potentialAction\":[{\"@type\":\"SearchAction\",\"target\":{\"@type\":\"EntryPoint\",\"urlTemplate\":\"http:\/\/www.frederic-poitou.com\/blog\/?s={search_term_string}\"},\"query-input\":{\"@type\":\"PropertyValueSpecification\",\"valueRequired\":true,\"valueName\":\"search_term_string\"}}],\"inLanguage\":\"fr-FR\"},{\"@type\":\"Person\",\"@id\":\"http:\/\/www.frederic-poitou.com\/blog\/#\/schema\/person\/e2c2d05e978747818533fdce859a7799\",\"name\":\"Fr\u00e9d\u00e9ric Poitou\",\"image\":{\"@type\":\"ImageObject\",\"inLanguage\":\"fr-FR\",\"@id\":\"http:\/\/www.frederic-poitou.com\/blog\/#\/schema\/person\/image\/\",\"url\":\"https:\/\/secure.gravatar.com\/avatar\/1933bcca279a2feafd35d9e0a080c521e11beb51115fe4cfe02e2586ac13424a?s=96&d=mm&r=g\",\"contentUrl\":\"https:\/\/secure.gravatar.com\/avatar\/1933bcca279a2feafd35d9e0a080c521e11beb51115fe4cfe02e2586ac13424a?s=96&d=mm&r=g\",\"caption\":\"Fr\u00e9d\u00e9ric Poitou\"},\"description\":\"Fr\u00e9d\u00e9ric Poitou est n\u00e9 \u00e0 Rouen, et y a fait des \u00e9tudes au Conservatoire en musique-\u00e9tudes en section piano. Il s'est ensuite orient\u00e9 vers des \u00e9tudes scientifiques o\u00f9 il a obtenu un dipl\u00f4me d'ing\u00e9nieur, puis un doctorat en Chimie. Il est Expert Judiciaire en France, en Belgique et \u00e0 Luxembourg, et agr\u00e9e par les Institutions Europ\u00e9ennes.\",\"sameAs\":[\"http:\/\/www.frederic-poitou.com\",\"https:\/\/www.linkedin.com\/in\/frederic-poitou-b045a025\/\"]}]}<\/script>\n<!-- \/ Yoast SEO plugin. -->","yoast_head_json":{"title":"EUROPE ET LA\u00cfCITE -","robots":{"index":"index","follow":"follow","max-snippet":"max-snippet:-1","max-image-preview":"max-image-preview:large","max-video-preview":"max-video-preview:-1"},"canonical":"http:\/\/www.frederic-poitou.com\/blog\/europe-et-laicite-2\/","og_locale":"fr_FR","og_type":"article","og_title":"EUROPE ET LA\u00cfCITE -","og_description":"Le petit caf\u00e9 philo que j&rsquo;ai organis\u00e9 \u00e0 Li\u00e8ge sur le sujet de la La\u00efcit\u00e9, et des diff\u00e9rences d&rsquo;application qu&rsquo;elle prend dans les diff\u00e9rentes d\u00e9mocraties europ\u00e9enne a r\u00e9uni une trentaine de personne. Tr\u00e8s modeste, certes, mais la qualit\u00e9 des interventions, &hellip; Lire la suite\u00ad\u00ad","og_url":"http:\/\/www.frederic-poitou.com\/blog\/europe-et-laicite-2\/","article_publisher":"https:\/\/www.facebook.com\/frederic.poitou\/","article_published_time":"2023-07-14T09:51:32+00:00","article_modified_time":"2026-04-18T01:30:22+00:00","og_image":[{"width":1311,"height":1316,"url":"http:\/\/www.frederic-poitou.com\/blog\/wp-content\/2019\/11\/laicite-visu1.png","type":"image\/png"}],"author":"Fr\u00e9d\u00e9ric Poitou","twitter_card":"summary_large_image","twitter_creator":"@fredericpoitou","twitter_site":"@fredericpoitou","twitter_misc":{"\u00c9crit par":"Fr\u00e9d\u00e9ric Poitou","Dur\u00e9e de lecture estim\u00e9e":"1 minute"},"schema":{"@context":"https:\/\/schema.org","@graph":[{"@type":"Article","@id":"http:\/\/www.frederic-poitou.com\/blog\/europe-et-laicite-2\/#article","isPartOf":{"@id":"http:\/\/www.frederic-poitou.com\/blog\/europe-et-laicite-2\/"},"author":{"name":"Fr\u00e9d\u00e9ric Poitou","@id":"http:\/\/www.frederic-poitou.com\/blog\/#\/schema\/person\/e2c2d05e978747818533fdce859a7799"},"headline":"EUROPE ET LA\u00cfCITE","datePublished":"2023-07-14T09:51:32+00:00","dateModified":"2026-04-18T01:30:22+00:00","mainEntityOfPage":{"@id":"http:\/\/www.frederic-poitou.com\/blog\/europe-et-laicite-2\/"},"wordCount":165,"commentCount":0,"image":{"@id":"http:\/\/www.frederic-poitou.com\/blog\/europe-et-laicite-2\/#primaryimage"},"thumbnailUrl":"http:\/\/www.frederic-poitou.com\/blog\/wp-content\/2019\/11\/laicite-visu1.png","keywords":["Actualit\u00e9","La\u00efcit\u00e9","MOUVEMENT REFORMATEUR","PARTI RADICAL","Politique"],"articleSection":["Accueil","Divers","Politique","Soci\u00e9t\u00e9"],"inLanguage":"fr-FR","potentialAction":[{"@type":"CommentAction","name":"Comment","target":["http:\/\/www.frederic-poitou.com\/blog\/europe-et-laicite-2\/#respond"]}]},{"@type":"WebPage","@id":"http:\/\/www.frederic-poitou.com\/blog\/europe-et-laicite-2\/","url":"http:\/\/www.frederic-poitou.com\/blog\/europe-et-laicite-2\/","name":"EUROPE ET LA\u00cfCITE -","isPartOf":{"@id":"http:\/\/www.frederic-poitou.com\/blog\/#website"},"primaryImageOfPage":{"@id":"http:\/\/www.frederic-poitou.com\/blog\/europe-et-laicite-2\/#primaryimage"},"image":{"@id":"http:\/\/www.frederic-poitou.com\/blog\/europe-et-laicite-2\/#primaryimage"},"thumbnailUrl":"http:\/\/www.frederic-poitou.com\/blog\/wp-content\/2019\/11\/laicite-visu1.png","datePublished":"2023-07-14T09:51:32+00:00","dateModified":"2026-04-18T01:30:22+00:00","author":{"@id":"http:\/\/www.frederic-poitou.com\/blog\/#\/schema\/person\/e2c2d05e978747818533fdce859a7799"},"breadcrumb":{"@id":"http:\/\/www.frederic-poitou.com\/blog\/europe-et-laicite-2\/#breadcrumb"},"inLanguage":"fr-FR","potentialAction":[{"@type":"ReadAction","target":["http:\/\/www.frederic-poitou.com\/blog\/europe-et-laicite-2\/"]}]},{"@type":"ImageObject","inLanguage":"fr-FR","@id":"http:\/\/www.frederic-poitou.com\/blog\/europe-et-laicite-2\/#primaryimage","url":"http:\/\/www.frederic-poitou.com\/blog\/wp-content\/2019\/11\/laicite-visu1.png","contentUrl":"http:\/\/www.frederic-poitou.com\/blog\/wp-content\/2019\/11\/laicite-visu1.png","width":1311,"height":1316},{"@type":"BreadcrumbList","@id":"http:\/\/www.frederic-poitou.com\/blog\/europe-et-laicite-2\/#breadcrumb","itemListElement":[{"@type":"ListItem","position":1,"name":"Accueil","item":"http:\/\/www.frederic-poitou.com\/blog\/"},{"@type":"ListItem","position":2,"name":"EUROPE ET LA\u00cfCITE"}]},{"@type":"WebSite","@id":"http:\/\/www.frederic-poitou.com\/blog\/#website","url":"http:\/\/www.frederic-poitou.com\/blog\/","name":"","description":"","potentialAction":[{"@type":"SearchAction","target":{"@type":"EntryPoint","urlTemplate":"http:\/\/www.frederic-poitou.com\/blog\/?s={search_term_string}"},"query-input":{"@type":"PropertyValueSpecification","valueRequired":true,"valueName":"search_term_string"}}],"inLanguage":"fr-FR"},{"@type":"Person","@id":"http:\/\/www.frederic-poitou.com\/blog\/#\/schema\/person\/e2c2d05e978747818533fdce859a7799","name":"Fr\u00e9d\u00e9ric Poitou","image":{"@type":"ImageObject","inLanguage":"fr-FR","@id":"http:\/\/www.frederic-poitou.com\/blog\/#\/schema\/person\/image\/","url":"https:\/\/secure.gravatar.com\/avatar\/1933bcca279a2feafd35d9e0a080c521e11beb51115fe4cfe02e2586ac13424a?s=96&d=mm&r=g","contentUrl":"https:\/\/secure.gravatar.com\/avatar\/1933bcca279a2feafd35d9e0a080c521e11beb51115fe4cfe02e2586ac13424a?s=96&d=mm&r=g","caption":"Fr\u00e9d\u00e9ric Poitou"},"description":"Fr\u00e9d\u00e9ric Poitou est n\u00e9 \u00e0 Rouen, et y a fait des \u00e9tudes au Conservatoire en musique-\u00e9tudes en section piano. Il s'est ensuite orient\u00e9 vers des \u00e9tudes scientifiques o\u00f9 il a obtenu un dipl\u00f4me d'ing\u00e9nieur, puis un doctorat en Chimie. Il est Expert Judiciaire en France, en Belgique et \u00e0 Luxembourg, et agr\u00e9e par les Institutions Europ\u00e9ennes.","sameAs":["http:\/\/www.frederic-poitou.com","https:\/\/www.linkedin.com\/in\/frederic-poitou-b045a025\/"]}]}},"_links":{"self":[{"href":"http:\/\/www.frederic-poitou.com\/blog\/wp-json\/wp\/v2\/posts\/3599","targetHints":{"allow":["GET"]}}],"collection":[{"href":"http:\/\/www.frederic-poitou.com\/blog\/wp-json\/wp\/v2\/posts"}],"about":[{"href":"http:\/\/www.frederic-poitou.com\/blog\/wp-json\/wp\/v2\/types\/post"}],"author":[{"embeddable":true,"href":"http:\/\/www.frederic-poitou.com\/blog\/wp-json\/wp\/v2\/users\/4"}],"replies":[{"embeddable":true,"href":"http:\/\/www.frederic-poitou.com\/blog\/wp-json\/wp\/v2\/comments?post=3599"}],"version-history":[{"count":1,"href":"http:\/\/www.frederic-poitou.com\/blog\/wp-json\/wp\/v2\/posts\/3599\/revisions"}],"predecessor-version":[{"id":9460,"href":"http:\/\/www.frederic-poitou.com\/blog\/wp-json\/wp\/v2\/posts\/3599\/revisions\/9460"}],"wp:featuredmedia":[{"embeddable":true,"href":"http:\/\/www.frederic-poitou.com\/blog\/wp-json\/wp\/v2\/media\/9459"}],"wp:attachment":[{"href":"http:\/\/www.frederic-poitou.com\/blog\/wp-json\/wp\/v2\/media?parent=3599"}],"wp:term":[{"taxonomy":"category","embeddable":true,"href":"http:\/\/www.frederic-poitou.com\/blog\/wp-json\/wp\/v2\/categories?post=3599"},{"taxonomy":"post_tag","embeddable":true,"href":"http:\/\/www.frederic-poitou.com\/blog\/wp-json\/wp\/v2\/tags?post=3599"}],"curies":[{"name":"wp","href":"https:\/\/api.w.org\/{rel}","templated":true}]}}