{"id":3536,"date":"2023-07-15T08:42:32","date_gmt":"2023-07-15T06:42:32","guid":{"rendered":"http:\/\/www.frederic-poitou.com\/blog\/?p=3536"},"modified":"2026-04-28T17:57:10","modified_gmt":"2026-04-28T15:57:10","slug":"jules-maigret-est-mort","status":"publish","type":"post","link":"http:\/\/www.frederic-poitou.com\/blog\/jules-maigret-est-mort\/","title":{"rendered":"UN BELGE EST MORT."},"content":{"rendered":"<p>Bruno Cr\u00e9mer est mort le 7 Ao\u00fbt dernier.<\/p>\n<p style=\"margin: 0.0px 0.0px 0.0px 0.0px; font: 13.0px Georgia;\">N\u00e9, pr\u00e8s de Paris, d&rsquo;une m\u00e8re d&rsquo;origine belge et d&rsquo;un p\u00e8re fran\u00e7ais (qui prend la nationalit\u00e9 belge, la France n&rsquo;ayant pas voulu l&rsquo;accepter comme soldat pour la\u00a0Premi\u00e8re Guerre mondiale), Bruno Cr\u00e9mer nourrit le go\u00fbt de la sc\u00e8ne d\u00e8s l&rsquo;adolescence. Il choisit la nationalit\u00e9 fran\u00e7aise \u00e0 18 ans.<\/p>\n<p style=\"margin: 0.0px 0.0px 0.0px 0.0px; font: 13.0px Georgia;\">D\u00e8s la fin de ses \u00e9tudes secondaires, il est admis au\u00a0Conservatoire national sup\u00e9rieur d&rsquo;art dramatique, o\u00f9 il prend des cours pendant 10 ans.<\/p>\n<p style=\"margin: 0.0px 0.0px 0.0px 0.0px; font: 13.0px Georgia;\">Il fait partie de la promotion\u00a01952, avec Annie Girardot,\u00a0Jean-Paul Belmondo,\u00a0Jean Rochefort,\u00a0Claude Rich,\u00a0Jean-Pierre Marielle<span style=\"font: 10.0px Georgia;\"> &#8230;<\/span><\/p>\n<p style=\"margin: 0.0px 0.0px 0.0px 0.0px; font: 13.0px Georgia; min-height: 15.0px;\">\n<p style=\"margin: 0.0px 0.0px 0.0px 0.0px; font: 13.0px Georgia;\">Il d\u00e9bute sur sc\u00e8ne en\u00a01953 au\u00a0th\u00e9\u00e2tre de l&rsquo;\u0152uvre dans\u00a0<em>Robinson<\/em> de\u00a0Jules Supervielle. Par la suite et apr\u00e8s dix ans sur les planches dans des pi\u00e8ces de\u00a0Shakespeare ,\u00a0Oscar Wilde etJean Anouilh, son r\u00f4le dans la\u00a0<em>317<\/em><span style=\"font: 11.0px Georgia;\"><em>e<\/em><\/span><em> Section<\/em> lui ouvre une carri\u00e8re au cin\u00e9ma. En\u00a02000, Bruno Cremer \u00e9crit un livre autobiographique\u00a0:\u00a0<em>Un certain jeune homme<\/em>.<\/p>\n<p style=\"margin: 0.0px 0.0px 0.0px 0.0px; font: 13.0px Georgia; min-height: 15.0px;\">\n<p style=\"margin: 0.0px 0.0px 0.0px 0.0px; font: 13.0px Georgia;\">Bruno Cr\u00e9mer est notamment c\u00e9l\u00e8bre pour son r\u00f4le <em>du Commissaire Jules Maigret de Georges Simenon<\/em>, \u00e0 la t\u00e9l\u00e9vision, r\u00f4le qu&rsquo;il endosse (dans le style de\u00a0Raymond Souplex) depuis\u00a01991. Apr\u00e8s plus de 50 \u00e9pisodes, arrive celui de \u00ab Maigret et l&rsquo;\u00e9toile du Nord\u00a0\u00bb, o\u00f9 sa voix est doubl\u00e9e (par\u00a0Vincent Grass) car il est atteint d&rsquo;un grave cancer \u00e0 la gorge, il d\u00e9cide alors d&rsquo;arr\u00eater ce travail, fin\u00a02006.<\/p>\n","protected":false},"excerpt":{"rendered":"<p>Bruno Cr\u00e9mer est mort le 7 Ao\u00fbt dernier. N\u00e9, pr\u00e8s de Paris, d&rsquo;une m\u00e8re d&rsquo;origine belge et d&rsquo;un p\u00e8re fran\u00e7ais (qui prend la nationalit\u00e9 belge, la France n&rsquo;ayant pas voulu l&rsquo;accepter comme soldat pour la\u00a0Premi\u00e8re Guerre mondiale), Bruno Cr\u00e9mer nourrit &hellip; <a href=\"http:\/\/www.frederic-poitou.com\/blog\/jules-maigret-est-mort\/\">Lire la suite\u00ad\u00ad<\/a><\/p>\n","protected":false},"author":4,"featured_media":0,"comment_status":"open","ping_status":"open","sticky":false,"template":"","format":"standard","meta":{"kt_blocks_editor_width":"","_exactmetrics_skip_tracking":false,"_exactmetrics_sitenote_active":false,"_exactmetrics_sitenote_note":"","_exactmetrics_sitenote_category":0,"footnotes":""},"categories":[48],"tags":[27],"class_list":["post-3536","post","type-post","status-publish","format-standard","hentry","category-accueil","tag-actualite"],"yoast_head":"<!-- This site is optimized with the Yoast SEO plugin v27.1.1 - https:\/\/yoast.com\/product\/yoast-seo-wordpress\/ -->\n<title>UN BELGE EST MORT. -<\/title>\n<meta name=\"robots\" content=\"index, follow, max-snippet:-1, max-image-preview:large, max-video-preview:-1\" \/>\n<link rel=\"canonical\" href=\"http:\/\/www.frederic-poitou.com\/blog\/jules-maigret-est-mort\/\" \/>\n<meta property=\"og:locale\" content=\"fr_FR\" \/>\n<meta property=\"og:type\" content=\"article\" \/>\n<meta property=\"og:title\" content=\"UN BELGE EST MORT. -\" \/>\n<meta property=\"og:description\" content=\"Bruno Cr\u00e9mer est mort le 7 Ao\u00fbt dernier. N\u00e9, pr\u00e8s de Paris, d&rsquo;une m\u00e8re d&rsquo;origine belge et d&rsquo;un p\u00e8re fran\u00e7ais (qui prend la nationalit\u00e9 belge, la France n&rsquo;ayant pas voulu l&rsquo;accepter comme soldat pour la\u00a0Premi\u00e8re Guerre mondiale), Bruno Cr\u00e9mer nourrit &hellip; Lire la suite\u00ad\u00ad\" \/>\n<meta property=\"og:url\" content=\"http:\/\/www.frederic-poitou.com\/blog\/jules-maigret-est-mort\/\" \/>\n<meta property=\"article:publisher\" content=\"https:\/\/www.facebook.com\/frederic.poitou\/\" \/>\n<meta property=\"article:published_time\" content=\"2023-07-15T06:42:32+00:00\" \/>\n<meta property=\"article:modified_time\" content=\"2026-04-28T15:57:10+00:00\" \/>\n<meta name=\"author\" content=\"Fr\u00e9d\u00e9ric Poitou\" \/>\n<meta name=\"twitter:card\" content=\"summary_large_image\" \/>\n<meta name=\"twitter:creator\" content=\"@fredericpoitou\" \/>\n<meta name=\"twitter:site\" content=\"@fredericpoitou\" \/>\n<meta name=\"twitter:label1\" content=\"\u00c9crit par\" \/>\n\t<meta name=\"twitter:data1\" content=\"Fr\u00e9d\u00e9ric Poitou\" \/>\n\t<meta name=\"twitter:label2\" content=\"Dur\u00e9e de lecture estim\u00e9e\" \/>\n\t<meta name=\"twitter:data2\" content=\"1 minute\" \/>\n<script type=\"application\/ld+json\" class=\"yoast-schema-graph\">{\"@context\":\"https:\/\/schema.org\",\"@graph\":[{\"@type\":\"Article\",\"@id\":\"http:\/\/www.frederic-poitou.com\/blog\/jules-maigret-est-mort\/#article\",\"isPartOf\":{\"@id\":\"http:\/\/www.frederic-poitou.com\/blog\/jules-maigret-est-mort\/\"},\"author\":{\"name\":\"Fr\u00e9d\u00e9ric Poitou\",\"@id\":\"https:\/\/www.frederic-poitou.com\/blog\/#\/schema\/person\/e2c2d05e978747818533fdce859a7799\"},\"headline\":\"UN BELGE EST MORT.\",\"datePublished\":\"2023-07-15T06:42:32+00:00\",\"dateModified\":\"2026-04-28T15:57:10+00:00\",\"mainEntityOfPage\":{\"@id\":\"http:\/\/www.frederic-poitou.com\/blog\/jules-maigret-est-mort\/\"},\"wordCount\":261,\"commentCount\":0,\"keywords\":[\"Actualit\u00e9\"],\"articleSection\":[\"Accueil\"],\"inLanguage\":\"fr-FR\",\"potentialAction\":[{\"@type\":\"CommentAction\",\"name\":\"Comment\",\"target\":[\"http:\/\/www.frederic-poitou.com\/blog\/jules-maigret-est-mort\/#respond\"]}]},{\"@type\":\"WebPage\",\"@id\":\"http:\/\/www.frederic-poitou.com\/blog\/jules-maigret-est-mort\/\",\"url\":\"http:\/\/www.frederic-poitou.com\/blog\/jules-maigret-est-mort\/\",\"name\":\"UN BELGE EST MORT. -\",\"isPartOf\":{\"@id\":\"https:\/\/www.frederic-poitou.com\/blog\/#website\"},\"datePublished\":\"2023-07-15T06:42:32+00:00\",\"dateModified\":\"2026-04-28T15:57:10+00:00\",\"author\":{\"@id\":\"https:\/\/www.frederic-poitou.com\/blog\/#\/schema\/person\/e2c2d05e978747818533fdce859a7799\"},\"breadcrumb\":{\"@id\":\"http:\/\/www.frederic-poitou.com\/blog\/jules-maigret-est-mort\/#breadcrumb\"},\"inLanguage\":\"fr-FR\",\"potentialAction\":[{\"@type\":\"ReadAction\",\"target\":[\"http:\/\/www.frederic-poitou.com\/blog\/jules-maigret-est-mort\/\"]}]},{\"@type\":\"BreadcrumbList\",\"@id\":\"http:\/\/www.frederic-poitou.com\/blog\/jules-maigret-est-mort\/#breadcrumb\",\"itemListElement\":[{\"@type\":\"ListItem\",\"position\":1,\"name\":\"Accueil\",\"item\":\"https:\/\/www.frederic-poitou.com\/blog\/\"},{\"@type\":\"ListItem\",\"position\":2,\"name\":\"UN BELGE EST MORT.\"}]},{\"@type\":\"WebSite\",\"@id\":\"https:\/\/www.frederic-poitou.com\/blog\/#website\",\"url\":\"https:\/\/www.frederic-poitou.com\/blog\/\",\"name\":\"\",\"description\":\"\",\"potentialAction\":[{\"@type\":\"SearchAction\",\"target\":{\"@type\":\"EntryPoint\",\"urlTemplate\":\"https:\/\/www.frederic-poitou.com\/blog\/?s={search_term_string}\"},\"query-input\":{\"@type\":\"PropertyValueSpecification\",\"valueRequired\":true,\"valueName\":\"search_term_string\"}}],\"inLanguage\":\"fr-FR\"},{\"@type\":\"Person\",\"@id\":\"https:\/\/www.frederic-poitou.com\/blog\/#\/schema\/person\/e2c2d05e978747818533fdce859a7799\",\"name\":\"Fr\u00e9d\u00e9ric Poitou\",\"image\":{\"@type\":\"ImageObject\",\"inLanguage\":\"fr-FR\",\"@id\":\"https:\/\/www.frederic-poitou.com\/blog\/#\/schema\/person\/image\/\",\"url\":\"https:\/\/secure.gravatar.com\/avatar\/1933bcca279a2feafd35d9e0a080c521e11beb51115fe4cfe02e2586ac13424a?s=96&d=mm&r=g\",\"contentUrl\":\"https:\/\/secure.gravatar.com\/avatar\/1933bcca279a2feafd35d9e0a080c521e11beb51115fe4cfe02e2586ac13424a?s=96&d=mm&r=g\",\"caption\":\"Fr\u00e9d\u00e9ric Poitou\"},\"description\":\"Fr\u00e9d\u00e9ric Poitou est n\u00e9 \u00e0 Rouen, et y a fait des \u00e9tudes au Conservatoire en musique-\u00e9tudes en section piano. Il s'est ensuite orient\u00e9 vers des \u00e9tudes scientifiques o\u00f9 il a obtenu un dipl\u00f4me d'ing\u00e9nieur, puis un doctorat en Chimie. Il est Expert Judiciaire en France, en Belgique et \u00e0 Luxembourg, et agr\u00e9e par les Institutions Europ\u00e9ennes.\",\"sameAs\":[\"http:\/\/www.frederic-poitou.com\",\"https:\/\/www.linkedin.com\/in\/frederic-poitou-b045a025\/\"]}]}<\/script>\n<!-- \/ Yoast SEO plugin. -->","yoast_head_json":{"title":"UN BELGE EST MORT. -","robots":{"index":"index","follow":"follow","max-snippet":"max-snippet:-1","max-image-preview":"max-image-preview:large","max-video-preview":"max-video-preview:-1"},"canonical":"http:\/\/www.frederic-poitou.com\/blog\/jules-maigret-est-mort\/","og_locale":"fr_FR","og_type":"article","og_title":"UN BELGE EST MORT. -","og_description":"Bruno Cr\u00e9mer est mort le 7 Ao\u00fbt dernier. N\u00e9, pr\u00e8s de Paris, d&rsquo;une m\u00e8re d&rsquo;origine belge et d&rsquo;un p\u00e8re fran\u00e7ais (qui prend la nationalit\u00e9 belge, la France n&rsquo;ayant pas voulu l&rsquo;accepter comme soldat pour la\u00a0Premi\u00e8re Guerre mondiale), Bruno Cr\u00e9mer nourrit &hellip; Lire la suite\u00ad\u00ad","og_url":"http:\/\/www.frederic-poitou.com\/blog\/jules-maigret-est-mort\/","article_publisher":"https:\/\/www.facebook.com\/frederic.poitou\/","article_published_time":"2023-07-15T06:42:32+00:00","article_modified_time":"2026-04-28T15:57:10+00:00","author":"Fr\u00e9d\u00e9ric Poitou","twitter_card":"summary_large_image","twitter_creator":"@fredericpoitou","twitter_site":"@fredericpoitou","twitter_misc":{"\u00c9crit par":"Fr\u00e9d\u00e9ric Poitou","Dur\u00e9e de lecture estim\u00e9e":"1 minute"},"schema":{"@context":"https:\/\/schema.org","@graph":[{"@type":"Article","@id":"http:\/\/www.frederic-poitou.com\/blog\/jules-maigret-est-mort\/#article","isPartOf":{"@id":"http:\/\/www.frederic-poitou.com\/blog\/jules-maigret-est-mort\/"},"author":{"name":"Fr\u00e9d\u00e9ric Poitou","@id":"https:\/\/www.frederic-poitou.com\/blog\/#\/schema\/person\/e2c2d05e978747818533fdce859a7799"},"headline":"UN BELGE EST MORT.","datePublished":"2023-07-15T06:42:32+00:00","dateModified":"2026-04-28T15:57:10+00:00","mainEntityOfPage":{"@id":"http:\/\/www.frederic-poitou.com\/blog\/jules-maigret-est-mort\/"},"wordCount":261,"commentCount":0,"keywords":["Actualit\u00e9"],"articleSection":["Accueil"],"inLanguage":"fr-FR","potentialAction":[{"@type":"CommentAction","name":"Comment","target":["http:\/\/www.frederic-poitou.com\/blog\/jules-maigret-est-mort\/#respond"]}]},{"@type":"WebPage","@id":"http:\/\/www.frederic-poitou.com\/blog\/jules-maigret-est-mort\/","url":"http:\/\/www.frederic-poitou.com\/blog\/jules-maigret-est-mort\/","name":"UN BELGE EST MORT. -","isPartOf":{"@id":"https:\/\/www.frederic-poitou.com\/blog\/#website"},"datePublished":"2023-07-15T06:42:32+00:00","dateModified":"2026-04-28T15:57:10+00:00","author":{"@id":"https:\/\/www.frederic-poitou.com\/blog\/#\/schema\/person\/e2c2d05e978747818533fdce859a7799"},"breadcrumb":{"@id":"http:\/\/www.frederic-poitou.com\/blog\/jules-maigret-est-mort\/#breadcrumb"},"inLanguage":"fr-FR","potentialAction":[{"@type":"ReadAction","target":["http:\/\/www.frederic-poitou.com\/blog\/jules-maigret-est-mort\/"]}]},{"@type":"BreadcrumbList","@id":"http:\/\/www.frederic-poitou.com\/blog\/jules-maigret-est-mort\/#breadcrumb","itemListElement":[{"@type":"ListItem","position":1,"name":"Accueil","item":"https:\/\/www.frederic-poitou.com\/blog\/"},{"@type":"ListItem","position":2,"name":"UN BELGE EST MORT."}]},{"@type":"WebSite","@id":"https:\/\/www.frederic-poitou.com\/blog\/#website","url":"https:\/\/www.frederic-poitou.com\/blog\/","name":"","description":"","potentialAction":[{"@type":"SearchAction","target":{"@type":"EntryPoint","urlTemplate":"https:\/\/www.frederic-poitou.com\/blog\/?s={search_term_string}"},"query-input":{"@type":"PropertyValueSpecification","valueRequired":true,"valueName":"search_term_string"}}],"inLanguage":"fr-FR"},{"@type":"Person","@id":"https:\/\/www.frederic-poitou.com\/blog\/#\/schema\/person\/e2c2d05e978747818533fdce859a7799","name":"Fr\u00e9d\u00e9ric Poitou","image":{"@type":"ImageObject","inLanguage":"fr-FR","@id":"https:\/\/www.frederic-poitou.com\/blog\/#\/schema\/person\/image\/","url":"https:\/\/secure.gravatar.com\/avatar\/1933bcca279a2feafd35d9e0a080c521e11beb51115fe4cfe02e2586ac13424a?s=96&d=mm&r=g","contentUrl":"https:\/\/secure.gravatar.com\/avatar\/1933bcca279a2feafd35d9e0a080c521e11beb51115fe4cfe02e2586ac13424a?s=96&d=mm&r=g","caption":"Fr\u00e9d\u00e9ric Poitou"},"description":"Fr\u00e9d\u00e9ric Poitou est n\u00e9 \u00e0 Rouen, et y a fait des \u00e9tudes au Conservatoire en musique-\u00e9tudes en section piano. Il s'est ensuite orient\u00e9 vers des \u00e9tudes scientifiques o\u00f9 il a obtenu un dipl\u00f4me d'ing\u00e9nieur, puis un doctorat en Chimie. Il est Expert Judiciaire en France, en Belgique et \u00e0 Luxembourg, et agr\u00e9e par les Institutions Europ\u00e9ennes.","sameAs":["http:\/\/www.frederic-poitou.com","https:\/\/www.linkedin.com\/in\/frederic-poitou-b045a025\/"]}]}},"_links":{"self":[{"href":"http:\/\/www.frederic-poitou.com\/blog\/wp-json\/wp\/v2\/posts\/3536","targetHints":{"allow":["GET"]}}],"collection":[{"href":"http:\/\/www.frederic-poitou.com\/blog\/wp-json\/wp\/v2\/posts"}],"about":[{"href":"http:\/\/www.frederic-poitou.com\/blog\/wp-json\/wp\/v2\/types\/post"}],"author":[{"embeddable":true,"href":"http:\/\/www.frederic-poitou.com\/blog\/wp-json\/wp\/v2\/users\/4"}],"replies":[{"embeddable":true,"href":"http:\/\/www.frederic-poitou.com\/blog\/wp-json\/wp\/v2\/comments?post=3536"}],"version-history":[{"count":1,"href":"http:\/\/www.frederic-poitou.com\/blog\/wp-json\/wp\/v2\/posts\/3536\/revisions"}],"predecessor-version":[{"id":10071,"href":"http:\/\/www.frederic-poitou.com\/blog\/wp-json\/wp\/v2\/posts\/3536\/revisions\/10071"}],"wp:attachment":[{"href":"http:\/\/www.frederic-poitou.com\/blog\/wp-json\/wp\/v2\/media?parent=3536"}],"wp:term":[{"taxonomy":"category","embeddable":true,"href":"http:\/\/www.frederic-poitou.com\/blog\/wp-json\/wp\/v2\/categories?post=3536"},{"taxonomy":"post_tag","embeddable":true,"href":"http:\/\/www.frederic-poitou.com\/blog\/wp-json\/wp\/v2\/tags?post=3536"}],"curies":[{"name":"wp","href":"https:\/\/api.w.org\/{rel}","templated":true}]}}