{"id":3495,"date":"2023-07-14T17:53:32","date_gmt":"2023-07-14T15:53:32","guid":{"rendered":"http:\/\/www.frederic-poitou.com\/blog\/?p=3495"},"modified":"2026-04-22T01:54:07","modified_gmt":"2026-04-21T23:54:07","slug":"les-belges-ont-vraiment-le-sens-de-lhumour","status":"publish","type":"post","link":"http:\/\/www.frederic-poitou.com\/blog\/les-belges-ont-vraiment-le-sens-de-lhumour\/","title":{"rendered":"LES BELGES ONT VRAIMENT LE SENS DE L&rsquo;HUMOUR !"},"content":{"rendered":"<p>L&rsquo;interminable feuilleton de la constitution d&rsquo;un nouveau gouvernement en Belgique inspire \u00e9videmment les humoristes !<\/p>\n<p>Sans entrer dans les d\u00e9tails s\u00e9mantiques, sachez que le Roi a nomm\u00e9 Elio di Rupo, socialiste wallon francophone, afin de \u00ab\u00a0pr\u00e9-former\u00a0\u00bb un gouvernement \u00e0 la suite d&rsquo;\u00e9lections l\u00e9gislatives remport\u00e9es haut la main par Bart de Weever (nationaliste flamand neerlandophone). Dit comme ca, c&rsquo;\u00e9tait d\u00e9j\u00e0 marrant !<\/p>\n<p>Si j&rsquo;ajoute quelques mots du vocabulaire politique belge, ca devient franchement marrant ! En effet, apr\u00e8s les \u00e9lections l\u00e9gislative, il revient au Roi de nommer le premier Ministre. Jusque l\u00e0, c&rsquo;est normal. Mais, \u00e9tant donn\u00e9 qu&rsquo;en Belgique, tout est compliqu\u00e9, pour en arriver l\u00e0, plusieurs \u00e9tapes sont souvent n\u00e9cessaires. Le Roi a donc la possibilit\u00e9 de nommer pr\u00e9alablement \u00e0 la constitution d&rsquo;un gouvernement plusieurs personnalit\u00e9s qu&rsquo;il charge de missions interm\u00e9diaires. Ainsi a-t-on d\u00e9j\u00e0 assist\u00e9 dans les ann\u00e9es pass\u00e9es en Belgique, \u00e0 la nomination d&rsquo;un d\u00e9mineur, d&rsquo;un m\u00e9diateur, d&rsquo;un explorateur, mais aussi d&rsquo;un facilitateur, d&rsquo;un informateur &#8230;(v\u00e9ridique !).<\/p>\n<p>Cette fois ci, Elio di Ruppo, qui r\u00eave de devenir Premier Ministre, mais qui sent bien que le coup est foireux, n&rsquo;a pas accept\u00e9 le poste de formateur, qui aurait pu le conduire \u00e0 donner sa d\u00e9mission si toutefois il ne parvenait pas \u00e0 constituer un gouvernement, ce qui l&rsquo;aurait affaibli politiquement parlant.<\/p>\n<p>Alors, le Roi l&rsquo;a nomm\u00e9 \u00ab\u00a0pr\u00e9-formateur\u00a0\u00bb ! C&rsquo;est gaguesque, mais r\u00e9\u00e8l.<\/p>\n<p>Ajoutez \u00e0 cela, un nom attribu\u00e9 \u00e0 chaque forme possible de coalition (rouge verte = socialistes et \u00e9colos, rouge-amarante = socialistes et sociaux-chr\u00e9tiens, bleue-romaine = lib\u00e9raux et sociaux-chr\u00e9tiens, violette = lib\u00e9raux et socialistes, tripartite classique = lib\u00e9raux, socialistes et sociaux chr\u00e9tiens, arc-en-ciel = lib\u00e9raux+Socialistes+Ecolos, olivier = socialistes+sociaux-chr\u00e9tiens+\u00e9colo, turquoise = lib\u00e9raux et \u00e9colos) le dessins suivant prend toute sa dimension ! (en arri\u00e8re plan : Elio di Rupo, le pr\u00e9-formateur affubl\u00e9 de son habituel noeud-pap\u00a0\u00bb rose !)<\/p>\n<p>Le Roi, qui en a marre des d\u00e9missions successives de ces gouvernements (pensez donc que le pays a connu 6 gouvernements en 6 ans, n&rsquo;a qu&rsquo;une seule envie : Se rendre \u00e0 Antibes, pour aller profiter de son yacht \u00e0 4,6 millions d&rsquo;Euros, avec Paola. Alors, le Roi consulte Paul, le Poulpe pr\u00e9dicateur, et en substance, lui demande : <em>\u00ab\u00a0Dis moi Paul. C&rsquo;est quand que je peux partir en vacances &#8230; ?\u00a0\u00bb<\/em><\/p>\n<p><img loading=\"lazy\" decoding=\"async\" class=\"aligncenter size-full wp-image-3496\" title=\"871NO_TEXT\" src=\"http:\/\/www.frederic-poitou.com\/blog\/wp-content\/871NO_TEXT.jpg\" alt=\"871NO_TEXT\" width=\"615\" height=\"554\" srcset=\"http:\/\/www.frederic-poitou.com\/blog\/wp-content\/871NO_TEXT.jpg 615w, http:\/\/www.frederic-poitou.com\/blog\/wp-content\/871NO_TEXT-300x270.jpg 300w\" sizes=\"auto, (max-width: 615px) 100vw, 615px\" \/><\/p>\n","protected":false},"excerpt":{"rendered":"<p>L&rsquo;interminable feuilleton de la constitution d&rsquo;un nouveau gouvernement en Belgique inspire \u00e9videmment les humoristes ! Sans entrer dans les d\u00e9tails s\u00e9mantiques, sachez que le Roi a nomm\u00e9 Elio di Rupo, socialiste wallon francophone, afin de \u00ab\u00a0pr\u00e9-former\u00a0\u00bb un gouvernement \u00e0 la &hellip; <a href=\"http:\/\/www.frederic-poitou.com\/blog\/les-belges-ont-vraiment-le-sens-de-lhumour\/\">Lire la suite\u00ad\u00ad<\/a><\/p>\n","protected":false},"author":4,"featured_media":0,"comment_status":"open","ping_status":"open","sticky":false,"template":"","format":"standard","meta":{"kt_blocks_editor_width":"","_exactmetrics_skip_tracking":false,"_exactmetrics_sitenote_active":false,"_exactmetrics_sitenote_note":"","_exactmetrics_sitenote_category":0,"footnotes":""},"categories":[1],"tags":[27,50,33,24],"class_list":["post-3495","post","type-post","status-publish","format-standard","hentry","category-politique-economie","tag-actualite","tag-politique-economie","tag-mouvement-reformateur","tag-politique"],"yoast_head":"<!-- This site is optimized with the Yoast SEO plugin v27.1.1 - https:\/\/yoast.com\/product\/yoast-seo-wordpress\/ -->\n<title>LES BELGES ONT VRAIMENT LE SENS DE L&#039;HUMOUR ! -<\/title>\n<meta name=\"robots\" content=\"index, follow, max-snippet:-1, max-image-preview:large, max-video-preview:-1\" \/>\n<link rel=\"canonical\" href=\"http:\/\/www.frederic-poitou.com\/blog\/les-belges-ont-vraiment-le-sens-de-lhumour\/\" \/>\n<meta property=\"og:locale\" content=\"fr_FR\" \/>\n<meta property=\"og:type\" content=\"article\" \/>\n<meta property=\"og:title\" content=\"LES BELGES ONT VRAIMENT LE SENS DE L&#039;HUMOUR ! -\" \/>\n<meta property=\"og:description\" content=\"L&rsquo;interminable feuilleton de la constitution d&rsquo;un nouveau gouvernement en Belgique inspire \u00e9videmment les humoristes ! Sans entrer dans les d\u00e9tails s\u00e9mantiques, sachez que le Roi a nomm\u00e9 Elio di Rupo, socialiste wallon francophone, afin de \u00ab\u00a0pr\u00e9-former\u00a0\u00bb un gouvernement \u00e0 la &hellip; Lire la suite\u00ad\u00ad\" \/>\n<meta property=\"og:url\" content=\"http:\/\/www.frederic-poitou.com\/blog\/les-belges-ont-vraiment-le-sens-de-lhumour\/\" \/>\n<meta property=\"article:publisher\" content=\"https:\/\/www.facebook.com\/frederic.poitou\/\" \/>\n<meta property=\"article:published_time\" content=\"2023-07-14T15:53:32+00:00\" \/>\n<meta property=\"article:modified_time\" content=\"2026-04-21T23:54:07+00:00\" \/>\n<meta property=\"og:image\" content=\"http:\/\/www.frederic-poitou.com\/blog\/wp-content\/871NO_TEXT.jpg\" \/>\n<meta name=\"author\" content=\"Fr\u00e9d\u00e9ric Poitou\" \/>\n<meta name=\"twitter:card\" content=\"summary_large_image\" \/>\n<meta name=\"twitter:creator\" content=\"@fredericpoitou\" \/>\n<meta name=\"twitter:site\" content=\"@fredericpoitou\" \/>\n<meta name=\"twitter:label1\" content=\"\u00c9crit par\" \/>\n\t<meta name=\"twitter:data1\" content=\"Fr\u00e9d\u00e9ric Poitou\" \/>\n\t<meta name=\"twitter:label2\" content=\"Dur\u00e9e de lecture estim\u00e9e\" \/>\n\t<meta name=\"twitter:data2\" content=\"2 minutes\" \/>\n<script type=\"application\/ld+json\" class=\"yoast-schema-graph\">{\"@context\":\"https:\/\/schema.org\",\"@graph\":[{\"@type\":\"Article\",\"@id\":\"http:\/\/www.frederic-poitou.com\/blog\/les-belges-ont-vraiment-le-sens-de-lhumour\/#article\",\"isPartOf\":{\"@id\":\"http:\/\/www.frederic-poitou.com\/blog\/les-belges-ont-vraiment-le-sens-de-lhumour\/\"},\"author\":{\"name\":\"Fr\u00e9d\u00e9ric Poitou\",\"@id\":\"http:\/\/www.frederic-poitou.com\/blog\/#\/schema\/person\/e2c2d05e978747818533fdce859a7799\"},\"headline\":\"LES BELGES ONT VRAIMENT LE SENS DE L&rsquo;HUMOUR !\",\"datePublished\":\"2023-07-14T15:53:32+00:00\",\"dateModified\":\"2026-04-21T23:54:07+00:00\",\"mainEntityOfPage\":{\"@id\":\"http:\/\/www.frederic-poitou.com\/blog\/les-belges-ont-vraiment-le-sens-de-lhumour\/\"},\"wordCount\":408,\"commentCount\":0,\"image\":{\"@id\":\"http:\/\/www.frederic-poitou.com\/blog\/les-belges-ont-vraiment-le-sens-de-lhumour\/#primaryimage\"},\"thumbnailUrl\":\"http:\/\/www.frederic-poitou.com\/blog\/wp-content\/871NO_TEXT.jpg\",\"keywords\":[\"Actualit\u00e9\",\"Divers\",\"MOUVEMENT REFORMATEUR\",\"Politique\"],\"articleSection\":[\"Divers\"],\"inLanguage\":\"fr-FR\",\"potentialAction\":[{\"@type\":\"CommentAction\",\"name\":\"Comment\",\"target\":[\"http:\/\/www.frederic-poitou.com\/blog\/les-belges-ont-vraiment-le-sens-de-lhumour\/#respond\"]}]},{\"@type\":\"WebPage\",\"@id\":\"http:\/\/www.frederic-poitou.com\/blog\/les-belges-ont-vraiment-le-sens-de-lhumour\/\",\"url\":\"http:\/\/www.frederic-poitou.com\/blog\/les-belges-ont-vraiment-le-sens-de-lhumour\/\",\"name\":\"LES BELGES ONT VRAIMENT LE SENS DE L'HUMOUR ! -\",\"isPartOf\":{\"@id\":\"http:\/\/www.frederic-poitou.com\/blog\/#website\"},\"primaryImageOfPage\":{\"@id\":\"http:\/\/www.frederic-poitou.com\/blog\/les-belges-ont-vraiment-le-sens-de-lhumour\/#primaryimage\"},\"image\":{\"@id\":\"http:\/\/www.frederic-poitou.com\/blog\/les-belges-ont-vraiment-le-sens-de-lhumour\/#primaryimage\"},\"thumbnailUrl\":\"http:\/\/www.frederic-poitou.com\/blog\/wp-content\/871NO_TEXT.jpg\",\"datePublished\":\"2023-07-14T15:53:32+00:00\",\"dateModified\":\"2026-04-21T23:54:07+00:00\",\"author\":{\"@id\":\"http:\/\/www.frederic-poitou.com\/blog\/#\/schema\/person\/e2c2d05e978747818533fdce859a7799\"},\"breadcrumb\":{\"@id\":\"http:\/\/www.frederic-poitou.com\/blog\/les-belges-ont-vraiment-le-sens-de-lhumour\/#breadcrumb\"},\"inLanguage\":\"fr-FR\",\"potentialAction\":[{\"@type\":\"ReadAction\",\"target\":[\"http:\/\/www.frederic-poitou.com\/blog\/les-belges-ont-vraiment-le-sens-de-lhumour\/\"]}]},{\"@type\":\"ImageObject\",\"inLanguage\":\"fr-FR\",\"@id\":\"http:\/\/www.frederic-poitou.com\/blog\/les-belges-ont-vraiment-le-sens-de-lhumour\/#primaryimage\",\"url\":\"http:\/\/www.frederic-poitou.com\/blog\/wp-content\/871NO_TEXT.jpg\",\"contentUrl\":\"http:\/\/www.frederic-poitou.com\/blog\/wp-content\/871NO_TEXT.jpg\",\"width\":\"615\",\"height\":\"554\"},{\"@type\":\"BreadcrumbList\",\"@id\":\"http:\/\/www.frederic-poitou.com\/blog\/les-belges-ont-vraiment-le-sens-de-lhumour\/#breadcrumb\",\"itemListElement\":[{\"@type\":\"ListItem\",\"position\":1,\"name\":\"Accueil\",\"item\":\"http:\/\/www.frederic-poitou.com\/blog\/\"},{\"@type\":\"ListItem\",\"position\":2,\"name\":\"LES BELGES ONT VRAIMENT LE SENS DE L&rsquo;HUMOUR !\"}]},{\"@type\":\"WebSite\",\"@id\":\"http:\/\/www.frederic-poitou.com\/blog\/#website\",\"url\":\"http:\/\/www.frederic-poitou.com\/blog\/\",\"name\":\"\",\"description\":\"\",\"potentialAction\":[{\"@type\":\"SearchAction\",\"target\":{\"@type\":\"EntryPoint\",\"urlTemplate\":\"http:\/\/www.frederic-poitou.com\/blog\/?s={search_term_string}\"},\"query-input\":{\"@type\":\"PropertyValueSpecification\",\"valueRequired\":true,\"valueName\":\"search_term_string\"}}],\"inLanguage\":\"fr-FR\"},{\"@type\":\"Person\",\"@id\":\"http:\/\/www.frederic-poitou.com\/blog\/#\/schema\/person\/e2c2d05e978747818533fdce859a7799\",\"name\":\"Fr\u00e9d\u00e9ric Poitou\",\"image\":{\"@type\":\"ImageObject\",\"inLanguage\":\"fr-FR\",\"@id\":\"http:\/\/www.frederic-poitou.com\/blog\/#\/schema\/person\/image\/\",\"url\":\"https:\/\/secure.gravatar.com\/avatar\/1933bcca279a2feafd35d9e0a080c521e11beb51115fe4cfe02e2586ac13424a?s=96&d=mm&r=g\",\"contentUrl\":\"https:\/\/secure.gravatar.com\/avatar\/1933bcca279a2feafd35d9e0a080c521e11beb51115fe4cfe02e2586ac13424a?s=96&d=mm&r=g\",\"caption\":\"Fr\u00e9d\u00e9ric Poitou\"},\"description\":\"Fr\u00e9d\u00e9ric Poitou est n\u00e9 \u00e0 Rouen, et y a fait des \u00e9tudes au Conservatoire en musique-\u00e9tudes en section piano. Il s'est ensuite orient\u00e9 vers des \u00e9tudes scientifiques o\u00f9 il a obtenu un dipl\u00f4me d'ing\u00e9nieur, puis un doctorat en Chimie. Il est Expert Judiciaire en France, en Belgique et \u00e0 Luxembourg, et agr\u00e9e par les Institutions Europ\u00e9ennes.\",\"sameAs\":[\"http:\/\/www.frederic-poitou.com\",\"https:\/\/www.linkedin.com\/in\/frederic-poitou-b045a025\/\"]}]}<\/script>\n<!-- \/ Yoast SEO plugin. -->","yoast_head_json":{"title":"LES BELGES ONT VRAIMENT LE SENS DE L'HUMOUR ! -","robots":{"index":"index","follow":"follow","max-snippet":"max-snippet:-1","max-image-preview":"max-image-preview:large","max-video-preview":"max-video-preview:-1"},"canonical":"http:\/\/www.frederic-poitou.com\/blog\/les-belges-ont-vraiment-le-sens-de-lhumour\/","og_locale":"fr_FR","og_type":"article","og_title":"LES BELGES ONT VRAIMENT LE SENS DE L'HUMOUR ! -","og_description":"L&rsquo;interminable feuilleton de la constitution d&rsquo;un nouveau gouvernement en Belgique inspire \u00e9videmment les humoristes ! Sans entrer dans les d\u00e9tails s\u00e9mantiques, sachez que le Roi a nomm\u00e9 Elio di Rupo, socialiste wallon francophone, afin de \u00ab\u00a0pr\u00e9-former\u00a0\u00bb un gouvernement \u00e0 la &hellip; Lire la suite\u00ad\u00ad","og_url":"http:\/\/www.frederic-poitou.com\/blog\/les-belges-ont-vraiment-le-sens-de-lhumour\/","article_publisher":"https:\/\/www.facebook.com\/frederic.poitou\/","article_published_time":"2023-07-14T15:53:32+00:00","article_modified_time":"2026-04-21T23:54:07+00:00","og_image":[{"url":"http:\/\/www.frederic-poitou.com\/blog\/wp-content\/871NO_TEXT.jpg","type":"","width":"","height":""}],"author":"Fr\u00e9d\u00e9ric Poitou","twitter_card":"summary_large_image","twitter_creator":"@fredericpoitou","twitter_site":"@fredericpoitou","twitter_misc":{"\u00c9crit par":"Fr\u00e9d\u00e9ric Poitou","Dur\u00e9e de lecture estim\u00e9e":"2 minutes"},"schema":{"@context":"https:\/\/schema.org","@graph":[{"@type":"Article","@id":"http:\/\/www.frederic-poitou.com\/blog\/les-belges-ont-vraiment-le-sens-de-lhumour\/#article","isPartOf":{"@id":"http:\/\/www.frederic-poitou.com\/blog\/les-belges-ont-vraiment-le-sens-de-lhumour\/"},"author":{"name":"Fr\u00e9d\u00e9ric Poitou","@id":"http:\/\/www.frederic-poitou.com\/blog\/#\/schema\/person\/e2c2d05e978747818533fdce859a7799"},"headline":"LES BELGES ONT VRAIMENT LE SENS DE L&rsquo;HUMOUR !","datePublished":"2023-07-14T15:53:32+00:00","dateModified":"2026-04-21T23:54:07+00:00","mainEntityOfPage":{"@id":"http:\/\/www.frederic-poitou.com\/blog\/les-belges-ont-vraiment-le-sens-de-lhumour\/"},"wordCount":408,"commentCount":0,"image":{"@id":"http:\/\/www.frederic-poitou.com\/blog\/les-belges-ont-vraiment-le-sens-de-lhumour\/#primaryimage"},"thumbnailUrl":"http:\/\/www.frederic-poitou.com\/blog\/wp-content\/871NO_TEXT.jpg","keywords":["Actualit\u00e9","Divers","MOUVEMENT REFORMATEUR","Politique"],"articleSection":["Divers"],"inLanguage":"fr-FR","potentialAction":[{"@type":"CommentAction","name":"Comment","target":["http:\/\/www.frederic-poitou.com\/blog\/les-belges-ont-vraiment-le-sens-de-lhumour\/#respond"]}]},{"@type":"WebPage","@id":"http:\/\/www.frederic-poitou.com\/blog\/les-belges-ont-vraiment-le-sens-de-lhumour\/","url":"http:\/\/www.frederic-poitou.com\/blog\/les-belges-ont-vraiment-le-sens-de-lhumour\/","name":"LES BELGES ONT VRAIMENT LE SENS DE L'HUMOUR ! -","isPartOf":{"@id":"http:\/\/www.frederic-poitou.com\/blog\/#website"},"primaryImageOfPage":{"@id":"http:\/\/www.frederic-poitou.com\/blog\/les-belges-ont-vraiment-le-sens-de-lhumour\/#primaryimage"},"image":{"@id":"http:\/\/www.frederic-poitou.com\/blog\/les-belges-ont-vraiment-le-sens-de-lhumour\/#primaryimage"},"thumbnailUrl":"http:\/\/www.frederic-poitou.com\/blog\/wp-content\/871NO_TEXT.jpg","datePublished":"2023-07-14T15:53:32+00:00","dateModified":"2026-04-21T23:54:07+00:00","author":{"@id":"http:\/\/www.frederic-poitou.com\/blog\/#\/schema\/person\/e2c2d05e978747818533fdce859a7799"},"breadcrumb":{"@id":"http:\/\/www.frederic-poitou.com\/blog\/les-belges-ont-vraiment-le-sens-de-lhumour\/#breadcrumb"},"inLanguage":"fr-FR","potentialAction":[{"@type":"ReadAction","target":["http:\/\/www.frederic-poitou.com\/blog\/les-belges-ont-vraiment-le-sens-de-lhumour\/"]}]},{"@type":"ImageObject","inLanguage":"fr-FR","@id":"http:\/\/www.frederic-poitou.com\/blog\/les-belges-ont-vraiment-le-sens-de-lhumour\/#primaryimage","url":"http:\/\/www.frederic-poitou.com\/blog\/wp-content\/871NO_TEXT.jpg","contentUrl":"http:\/\/www.frederic-poitou.com\/blog\/wp-content\/871NO_TEXT.jpg","width":"615","height":"554"},{"@type":"BreadcrumbList","@id":"http:\/\/www.frederic-poitou.com\/blog\/les-belges-ont-vraiment-le-sens-de-lhumour\/#breadcrumb","itemListElement":[{"@type":"ListItem","position":1,"name":"Accueil","item":"http:\/\/www.frederic-poitou.com\/blog\/"},{"@type":"ListItem","position":2,"name":"LES BELGES ONT VRAIMENT LE SENS DE L&rsquo;HUMOUR !"}]},{"@type":"WebSite","@id":"http:\/\/www.frederic-poitou.com\/blog\/#website","url":"http:\/\/www.frederic-poitou.com\/blog\/","name":"","description":"","potentialAction":[{"@type":"SearchAction","target":{"@type":"EntryPoint","urlTemplate":"http:\/\/www.frederic-poitou.com\/blog\/?s={search_term_string}"},"query-input":{"@type":"PropertyValueSpecification","valueRequired":true,"valueName":"search_term_string"}}],"inLanguage":"fr-FR"},{"@type":"Person","@id":"http:\/\/www.frederic-poitou.com\/blog\/#\/schema\/person\/e2c2d05e978747818533fdce859a7799","name":"Fr\u00e9d\u00e9ric Poitou","image":{"@type":"ImageObject","inLanguage":"fr-FR","@id":"http:\/\/www.frederic-poitou.com\/blog\/#\/schema\/person\/image\/","url":"https:\/\/secure.gravatar.com\/avatar\/1933bcca279a2feafd35d9e0a080c521e11beb51115fe4cfe02e2586ac13424a?s=96&d=mm&r=g","contentUrl":"https:\/\/secure.gravatar.com\/avatar\/1933bcca279a2feafd35d9e0a080c521e11beb51115fe4cfe02e2586ac13424a?s=96&d=mm&r=g","caption":"Fr\u00e9d\u00e9ric Poitou"},"description":"Fr\u00e9d\u00e9ric Poitou est n\u00e9 \u00e0 Rouen, et y a fait des \u00e9tudes au Conservatoire en musique-\u00e9tudes en section piano. Il s'est ensuite orient\u00e9 vers des \u00e9tudes scientifiques o\u00f9 il a obtenu un dipl\u00f4me d'ing\u00e9nieur, puis un doctorat en Chimie. Il est Expert Judiciaire en France, en Belgique et \u00e0 Luxembourg, et agr\u00e9e par les Institutions Europ\u00e9ennes.","sameAs":["http:\/\/www.frederic-poitou.com","https:\/\/www.linkedin.com\/in\/frederic-poitou-b045a025\/"]}]}},"_links":{"self":[{"href":"http:\/\/www.frederic-poitou.com\/blog\/wp-json\/wp\/v2\/posts\/3495","targetHints":{"allow":["GET"]}}],"collection":[{"href":"http:\/\/www.frederic-poitou.com\/blog\/wp-json\/wp\/v2\/posts"}],"about":[{"href":"http:\/\/www.frederic-poitou.com\/blog\/wp-json\/wp\/v2\/types\/post"}],"author":[{"embeddable":true,"href":"http:\/\/www.frederic-poitou.com\/blog\/wp-json\/wp\/v2\/users\/4"}],"replies":[{"embeddable":true,"href":"http:\/\/www.frederic-poitou.com\/blog\/wp-json\/wp\/v2\/comments?post=3495"}],"version-history":[{"count":1,"href":"http:\/\/www.frederic-poitou.com\/blog\/wp-json\/wp\/v2\/posts\/3495\/revisions"}],"predecessor-version":[{"id":10340,"href":"http:\/\/www.frederic-poitou.com\/blog\/wp-json\/wp\/v2\/posts\/3495\/revisions\/10340"}],"wp:attachment":[{"href":"http:\/\/www.frederic-poitou.com\/blog\/wp-json\/wp\/v2\/media?parent=3495"}],"wp:term":[{"taxonomy":"category","embeddable":true,"href":"http:\/\/www.frederic-poitou.com\/blog\/wp-json\/wp\/v2\/categories?post=3495"},{"taxonomy":"post_tag","embeddable":true,"href":"http:\/\/www.frederic-poitou.com\/blog\/wp-json\/wp\/v2\/tags?post=3495"}],"curies":[{"name":"wp","href":"https:\/\/api.w.org\/{rel}","templated":true}]}}