{"id":3473,"date":"2023-07-14T09:33:32","date_gmt":"2023-07-14T07:33:32","guid":{"rendered":"http:\/\/www.frederic-poitou.com\/blog\/?p=3473"},"modified":"2026-04-17T07:56:05","modified_gmt":"2026-04-17T05:56:05","slug":"le-501-est-a-la-mode","status":"publish","type":"post","link":"http:\/\/www.frederic-poitou.com\/blog\/le-501-est-a-la-mode\/","title":{"rendered":"LE 501 EST A LA MODE &#8230;"},"content":{"rendered":"<p style=\"text-align: justify;\">Jean Calvin aurait \u00a0501 ans.<\/p>\n<p style=\"text-align: justify;\"><img loading=\"lazy\" decoding=\"async\" class=\"alignleft size-full wp-image-3476\" style=\"margin: 20px; border: 20px solid black;\" title=\"calvin\" src=\"http:\/\/www.frederic-poitou.com\/blog\/wp-content\/calvin.jpg\" alt=\"calvin\" width=\"152\" height=\"180\" \/>Encore un excellent article publi\u00e9 sur le blog de <a href=\"http:\/\/www.jlturbet.net\" target=\"_blank\" rel=\"noopener noreferrer\">Jean Laurent Turbet<\/a>, et que je reprends in extenso, tout en vous conseillant de visiter son site. Un Franc-Ma\u00e7on, socialiste et protestant qui ose s&rsquo;afficher, c&rsquo;est d\u00e9j\u00e0 un acte militant !<\/p>\n<p style=\"text-align: justify;\"><span style=\"font-size: 10pt;\"><span style=\"font-family: verdana, geneva;\">Apr\u00e8s l&rsquo;ann\u00e9e 2009\u00a0qui a \u00e9t\u00e9\u00a0<em>l&rsquo;ann\u00e9e Calvin<\/em> (comm\u00e9morations importantes pour c\u00e9l\u00e9brer le 500\u00e8me anniversaire de sa naissance), j&rsquo;ai pens\u00e9 qu&rsquo;il fallait en ce jour anniversaire, parler de nouveau du Grand R\u00e9formateur.\u00a0<strong>Jean Calvin<\/strong> est en effet n\u00e9 le 10 juillet 1509 \u00e0 Noyon en Picardie, dans le nord de la France, sous le nom de Jean Cauvin. Il fut\u00a0 l&rsquo;un des grands th\u00e9ologiens et initiateurs du protestantisme qui compte aujourd&rsquo;hui quelque 60 millions de fid\u00e8les \u00e0 travers le monde, toutes familles confondues.<\/span><\/span><\/p>\n<p style=\"text-align: justify;\">Jean Calvin est \u00e9videmment le plus \u00e9minent des r\u00e9formateurs fran\u00e7ais et le plus grand th\u00e9ologien de son si\u00e8cle.<\/p>\n<p style=\"text-align: justify;\">En ce jour anniversaire il est logique de se poser la question de l&rsquo;h\u00e9ritage de Calvin, y compris et surtout dans le protestantisme fran\u00e7ais d&rsquo;aujourd&rsquo;hui.<\/p>\n<p style=\"text-align: justify;\">La doctrine de Calvin diff\u00e8re quelque peu de celle de \u00a0Martin Luther (1483-1546) qu&rsquo;il n&rsquo;a jamais rencontr\u00e9 personnellement. Calvin privil\u00e9gie la lecture de la Bible, le d\u00e9pouillement, le \u00ab\u00a0<em>salut par la foi<\/em>\u00ab\u00a0. Il faut comprendre que Calvin appartient \u00e0 la 2\u00e8me g\u00e9n\u00e9ration de la R\u00e9forme. Maintenant il ne s&rsquo;agit plus de lancer le mouvement mais de l&rsquo;\u00e9tablir durablement.<\/p>\n<p style=\"text-align: justify;\">Il est plus m\u00e9thodique et &#8211; on le dit souvent &#8211; plus intransigeant, moins passionn\u00e9, presque froid. Ce que d\u00e9mentent pourtant les ind\u00e9fectibles amiti\u00e9s qu&rsquo;il a pu avoir tout au long de sa vie.\u00a0Tout comme l&rsquo;amour sinc\u00e8re qu&rsquo;il portait \u00e0 sa femme, Idelette de Bure.<\/p>\n<p style=\"text-align: justify;\">Calvin se\u00a0distingue de Luther par la croyance en la \u00ab\u00a0<em>pr\u00e9destination<\/em>\u00a0\u00bb -Dieu a choisi pour l&rsquo;homme sa destin\u00e9e, ce qui n&rsquo;entrave pas la libert\u00e9 de l&rsquo;homme- et par son refus de toute hi\u00e9rarchie \u00e9piscopale.\u00a0<span style=\"color: #000000;\">Ce qui explique le tr\u00e8s grand attachement des r\u00e9form\u00e9s fran\u00e7ais d&rsquo;aujourd&rsquo;hui \u00e0 leur syst\u00e8me presbyt\u00e9ro-synodal.<\/span><br \/>\n<span style=\"color: #000000;\"><span style=\"font-family: verdana, geneva;\"><span style=\"font-size: 10pt;\"><br \/>\nCalvin a toujours \u00e9t\u00e9 tr\u00e8s discret sur\u00a0son enfance dont on ne connait en fin de compte assez peu de choses: il est n\u00e9 dans la petite ville de Noyon, au coeur du pays picard, d&rsquo;une m\u00e8re d\u00e9vote qui meurt alors qu&rsquo;il n&rsquo;a que six ans, et d&rsquo;un p\u00e8re autoritaire et procureur eccl\u00e9siastique, qui souhaite le destiner \u00e0 l&rsquo;Eglise. Son p\u00e8re mourra pourtant en d\u00e9licatesse avec les aurorit\u00e9s eccl\u00e9siastiques&#8230;\u00a0Il \u00e9tudie successivement \u00e0 Paris, Orl\u00e9ans et Bourges o\u00f9 il rencontre des disciples de Luther et se confronte aux id\u00e9es d&rsquo;Erasme et de Guillaume Bud\u00e9.<\/span><\/span><\/span><\/p>\n<p style=\"text-align: justify;\">Concernant sa \u00ab\u00a0conversion\u00a0\u00bb aux id\u00e9es de la R\u00e9forme, l\u00e0 encore nous n&rsquo;en savons presque rien puisque Calvin n&rsquo;en a jamais vraiment parl\u00e9 lui-m\u00eame. S&rsquo;agit-il d&rsquo;une conversion \u00e9clair, \u00e0 la fa\u00e7on de Paul sur le chemin de Damas, ou d&rsquo;une lente maturation? Le myst\u00e8re demeure encore.<\/p>\n<p style=\"text-align: justify;\">Il n&rsquo;en reste pas moins qu&rsquo;en\u00a01533, il devient un adversaire r\u00e9solu de l&rsquo;Eglise catholique, condamnant, comme Luther, le pouvoir du Pape et des conciles ou encore la confession, et est contraint de se cacher.<br \/>\n<span style=\"color: #000000;\"><span style=\"font-family: verdana, geneva;\"><span style=\"font-size: 10pt;\"><br \/>\n<span style=\"font-size: 10pt;\"><span style=\"font-family: verdana, geneva;\">Il gagne Angoul\u00e8me, puis B\u00e2le, en Suisse, o\u00f9 il publie en 1536 en latin (<em>Institutio religionis christianae<\/em>) son oeuvre majeure, \u00ab\u00a0<em>L&rsquo;Institution de la religion chr\u00e9tienne<\/em>\u00ab\u00a0. C&rsquo;est vraiment l&rsquo;ouvrage de sa vie, qu&rsquo;il traduit lui-m\u00eame en fran\u00e7ais en 1541. C&rsquo;est une oeuvre qu&rsquo;il ne cessera d&rsquo;enrichir au fil des ans. En 1561, il en publie une derni\u00e8re version, quelques ann\u00e9es seulement avant sa mort.<\/span><\/span><\/span><\/span><\/span><\/p>\n<p style=\"text-align: justify;\">Une nouvelle vie commence pour lui la m\u00eame ann\u00e9e, quand il est nomm\u00e9 professeur de th\u00e9ologie \u00e0 Gen\u00e8ve, o\u00f9 la r\u00e9forme a \u00e9t\u00e9 adopt\u00e9e. En effet, la cit\u00e9 fait appel \u00e0 Calvin, \u00e0 l&rsquo;instigation de Guillaume Farel. Il \u00e9dicte les\u00a0<em>Quatre Articles<\/em> et une\u00a0<em>Instruction<\/em> et\u00a0<em>Confessions de foi<\/em> pour doter l&rsquo;\u00c9glise r\u00e9form\u00e9e de Gen\u00e8ve d&rsquo;une solide armature disciplinaire et doctrinale.<\/p>\n<p style=\"text-align: justify;\">Fid\u00e8le \u00e0 son id\u00e9e que le croyant doit pouvoir se faire sa propre opinion des Ecritures &#8211;\u00a0et donc savoir lire ! &#8211;\u00a0il cr\u00e9e \u00e0 Gen\u00e8ve la premi\u00e8re \u00e9cole primaire, obligatoire, gratuite, ouverte aussi bien aux gar\u00e7ons qu&rsquo;aux filles.<\/p>\n<p style=\"text-align: justify;\">Mais en 1538 il doit quitter la ville o\u00f9 il ne reviendra qu&rsquo;en 1541, apr\u00e8s un passage \u00e0 Strasbourg o\u00f9 il cotoie Martin Bucer, un autre th\u00e9ologien de la r\u00e9forme protestante. Il veut faire de Gen\u00e8ve une cit\u00e9 \u00ab\u00a0mod\u00e8le\u00a0\u00bb et y impose un rigorisme que de nombreux fid\u00e8les jugent excessif, accusant m\u00eame de \u00ab\u00a0sorcellerie\u00a0\u00bb certaines victimes de la peste de 1545.<\/p>\n<p style=\"text-align: justify;\">Le point noir de l&rsquo;action de Calvin \u00e0 Gen\u00e8ve restera l&rsquo;ex\u00e9cution de l&rsquo;espagnol Michel Servet venu se refugier \u00e0 Gen\u00e8ve pour fuir les b\u00fbchers de l&rsquo;Inquisition car il r\u00e9futait la Trinit\u00e9. Un autre espagnol, S\u00e9bastien Castellion, s&rsquo;opposera \u00e0 Calvin pour plaider la libert\u00e9 de conscience.<\/p>\n<p style=\"text-align: justify;\">Mais l\u00e0 encore ne faisons pas d&rsquo;anachronisme. On 16\u00e8me si\u00e8cle il \u00e9tait plut\u00f4t reproch\u00e9 \u00e0 Calvin&#8230; sa trop grande tol\u00e9rance. En effet, un b\u00fbcher pour Servet (plus quelques autres pour quelques \u00ab\u00a0sorci\u00e8res\u00a0\u00bb), apparait comme bien peu par rapport aux milliers de b\u00fbchers de l&rsquo;Inquisition qui flambaient dans toute l&rsquo;Europe! Calvin \u00e9tait d&rsquo;aiileurs tr\u00e8s r\u00e9serv\u00e9 sur la mise \u00e0 mort de Servet et c&rsquo;est bien le Conseil qui en prit la d\u00e9cision finale.<br \/>\n<span style=\"color: #000000;\"><span style=\"font-family: verdana, geneva;\"><span style=\"font-size: 10pt;\"><br \/>\n<span style=\"font-size: 10pt;\"><span style=\"font-family: verdana, geneva;\">Jean Calvin meurt le 27 mai 1564 \u00e0 Gen\u00e8ve. Fid\u00e8le \u00e0 la haine qu&rsquo;il portait au culte des saints, il a souhait\u00e9 \u00eatre enterr\u00e9 dans une fosse commune pour que sa tombe ne devienne jamais ni un lieu de p\u00e9lerinage ni un lieu de d\u00e9votion pour de futurs disciples. On ne sait toujours pas aujourd&rsquo;hui o\u00f9 se trouve la tombe de Calvin.<\/span><\/span><\/span><\/span><\/span><\/p>\n<p style=\"text-align: justify;\">A\u00a0sa mort sa renommm\u00e9e est d\u00e9j\u00e0 universelle. L&rsquo;influence de sa th\u00e9ologie s&rsquo;est r\u00e9pandue en France, en Suisse romande\u00a0mais \u00e9galement\u00a0aux Pays-Bas, en Ecosse\u00a0et de mani\u00e8re plus diffuse, en Grande-Bretagne et aux Etats-Unis.<\/p>\n<p style=\"text-align: justify;\">Aujourd&rsquo;hui, les\u00a0<em>r\u00e9form\u00e9s<\/em> (calvinistes) repr\u00e9sentent quelque 50 \u00e0 60 millions de fid\u00e8les \u00e0 travers le monde.<\/p>\n<p style=\"text-align: justify;\">Que faut-il retenir de Calvin pour le 21\u00e8me si\u00e8cle? Non pas la partie contingente du Calvin du 16\u00e8me si\u00e8cle, par de nombreuses facettes encore un homme du Moyen-Age. Br\u00fbler des sorci\u00e8res aujourd&rsquo;hui non!<\/p>\n<p style=\"text-align: justify;\">Ce que je retiens c&rsquo;est son message d&rsquo;\u00e9thique et de responsabilit\u00e9, son organisation d\u00e9mocratique de la vie religieuse, son amour du savoir, de la connaissance et de l&rsquo;\u00e9tude. Ce sont pour moi les points cl\u00e9s de son message. Sur un plan plus ex\u00e9g\u00e9tique, Calvin, \u00e0 l&rsquo;inverse de Luther par exemple, n&rsquo;a jamais \u00e9t\u00e9 antis\u00e9mite et n&rsquo;a pas commis d&rsquo;\u00e9crits contre le juda\u00efsme et les juifs. Bien au contraire l&rsquo;\u00e9tude de l&rsquo;Ancien Testament et l&rsquo;apport du juda\u00efsme \u00e0 la foi chr\u00e9tienne \u00e9taient pour lui essentiels.<\/p>\n<p style=\"text-align: justify;\">Je ne pouvais pas ici en un court article faire quelque chose de d\u00e9taill\u00e9 ni d&rsquo;exaustif. C&rsquo;est pourquoi vous trouverez ci-dessous quelques ouvrages qui vous permettront d&rsquo;approfondir l&rsquo;histoire et la pens\u00e9e de Jean Calvin. A vous maintenant, suivant en cela une doctrine majeure du calvinisme, de vous faire votre propre opinion&#8230;<\/p>\n<p style=\"text-align: justify;\"><strong><span style=\"font-size: 10pt;\"><span style=\"font-family: verdana, geneva;\">\u00b0\u00a0<span style=\"text-decoration: underline;\">Livres\u00a0sur et de Calvin<\/span> :<br \/>\n<\/span><\/span><\/strong><span style=\"color: #000000;\"><span style=\"font-family: verdana, geneva;\"><span style=\"font-size: 10pt;\"><br \/>\n<span style=\"font-size: 10pt;\"><span style=\"font-family: verdana, geneva;\">\u00b0\u00a0<em>Jean Calvin<\/em> par Denis Crouzet chez Fayard, 1999, 480 pages\u00a0ISBN-10: 2213606765<br \/>\n<\/span><\/span><\/span><\/span><\/span><span style=\"color: #000000;\"><span style=\"font-family: verdana, geneva;\"><span style=\"font-size: 10pt;\"><span style=\"font-family: verdana, geneva;\">\u00b0\u00a0<em>Calvin. Au-del\u00e0 des l\u00e9gendes<\/em>, par Yves Krumenacker, 2009, Editeur \/ Edition : Bayard, ISBN 978-2227477636.<br \/>\n<\/span><\/span><\/span><\/span><span style=\"color: #000000;\"><span style=\"font-family: verdana, geneva;\"><span style=\"font-size: 10pt;\"><span style=\"font-family: verdana, geneva;\">\u00b0\u00a0<em>Calvin<\/em>, par Jean-Luc Mouton, Gallimard, Folio Biographies, 2009.<br \/>\n<\/span><\/span><\/span><\/span><span style=\"color: #000000;\"><span style=\"font-family: verdana, geneva;\"><span style=\"font-size: 10pt;\"><span style=\"font-family: verdana, geneva;\">\u00b0\u00a0<em>Calvin et la dynamique de la parole<\/em>, par Olivier Millet, 1992, Editeur : H. Champion, Paris. ISBN 2-85203-241-4.<br \/>\n<\/span><\/span><\/span><\/span><span style=\"color: #000000;\"><span style=\"font-family: verdana, geneva;\"><span style=\"font-size: 10pt;\"><span style=\"font-family: verdana, geneva;\">\u00b0\u00a0<em>Calvin : Un homme, une oeuvre, un auteur<\/em>, par Olivier Millet, \u00e9d. Infolio, 2009.<br \/>\n<\/span><\/span><\/span><\/span><span style=\"color: #000000;\"><span style=\"font-family: verdana, geneva;\"><span style=\"font-size: 10pt;\"><span style=\"font-family: verdana, geneva;\">\u00b0\u00a0<em>Calvin<\/em>, par Bernard Cottret, 1998, Editeur \/ Edition : Petite biblioth\u00e8que Payot, ISBN 2228891875<br \/>\n<\/span><\/span><\/span><\/span><span style=\"font-size: 10pt;\"><span style=\"font-family: verdana, geneva;\"><span style=\"color: #000000;\">\u00b0\u00a0<em>Calvin Mystique &#8211; au c\u0153ur de la pens\u00e9e du r\u00e9formateur<\/em>, par Carl A. Keller, 2001, Editeur : Labor et Fides, ISBN 2-8309-1002-8.<br \/>\n\u00b0\u00a0<em>Jean Calvin<\/em> : Introduction \u00e0 sa pens\u00e9e th\u00e9ologique, par Marc Vial \u00e9d. Labor et Fides, 2008.<br \/>\n\u00b0\u00a0<em>Calvin et le calvinisme : Cinq si\u00e8cles d&rsquo;influences sur l&rsquo;Eglise et la Soci\u00e9t\u00e9<\/em>, par<\/span> <span style=\"color: #000000;\">Ernst Hirzel<\/span><\/span><\/span> <span style=\"color: #000000;\"><span style=\"font-family: verdana, geneva;\"><span style=\"font-size: 10pt;\"><span style=\"font-size: 10pt;\"><span style=\"font-family: verdana, geneva;\">\u00e9d. Labor et Fides, 2008.<\/span><\/span><\/span><\/span><\/span><\/p>\n<p style=\"text-align: justify;\">\u00b0 Jean Calvin :\u00a0<em>Oeuvres<\/em> T1: Gallimard, La Pl\u00e9\u00efade, 2009.<br \/>\n\u00b0 Jean Calvin :\u00a0<em>L&rsquo;Institution de la R\u00e9ligion Chr\u00e9tienne<\/em> : en\u00a03 volumes: Kerygma ; Farel, 1995 (C&rsquo;est l&rsquo;\u00e9dition que j&rsquo;ai).<br \/>\n\u00b0 Jean Calvin :\u00a0<em>L&rsquo;Institution de la R\u00e9ligion Chr\u00e9tienne<\/em> : Excelsis 2009<\/p>\n<h5 style=\"text-align: justify;\"><span style=\"color: #000000;\"><span style=\"font-family: verdana, geneva;\"><span style=\"font-size: 10pt;\"><strong><span style=\"text-decoration: underline;\"><strong>\u00b0\u00a0<span style=\"text-decoration: underline;\">Pour aller plus loin<\/span><\/strong> :<\/span><\/strong><\/span><\/span><\/span><\/h5>\n<p>&nbsp;<\/p>\n<p style=\"text-align: justify;\"><strong>\u00b0\u00a0<a style=\"text-decoration: underline; color: #5675a4; font-size: 15px;\" href=\"http:\/\/www.jlturbet.net\/ext\/http:\/\/www.eglise-reformee-fr.org\/\" target=\"_blank\" rel=\"noopener noreferrer\"><span style=\"color: #810081; font-size: 10pt;\">Le site<\/span><\/a> de l&rsquo;Eglise R\u00e9form\u00e9e de France.<br \/>\n\u00b0\u00a0<a style=\"text-decoration: underline; color: #5675a4; font-size: 15px;\" href=\"http:\/\/www.jlturbet.net\/article-11248117.html\" target=\"_blank\" rel=\"noopener noreferrer\"><span style=\"color: #0000ff; font-size: 10pt;\">2009, ann\u00e9e Jean Calvin<\/span><\/a><br \/>\n\u00b0\u00a0<a style=\"text-decoration: underline; color: #5675a4; font-size: 15px;\" href=\"http:\/\/www.jlturbet.net\/article-18728569.html\" target=\"_blank\" rel=\"noopener noreferrer\"><span style=\"color: #0000ff; font-size: 10pt;\">Chronologie du Protestantisme et de la R\u00e9forme<\/span><\/a><br \/>\n\u00b0\u00a0<a style=\"text-decoration: underline; color: #5675a4; font-size: 15px;\" href=\"http:\/\/www.jlturbet.net\/article-5313312.html\" target=\"_blank\" rel=\"noopener noreferrer\"><span style=\"color: #0000ff; font-size: 10pt;\">Voyage virtuel dans l&rsquo;histoire du Protestantisme<\/span><\/a><br \/>\n\u00b0\u00a0<a style=\"text-decoration: underline; color: #5675a4; font-size: 15px;\" href=\"http:\/\/www.jlturbet.net\/article-2491066.html\" target=\"_blank\" rel=\"noopener noreferrer\"><span style=\"color: #0000ff; font-size: 10pt;\">Le protestantisme, minorit\u00e9 vivante<\/span><\/a><br \/>\n\u00b0\u00a0<a style=\"text-decoration: underline; color: #5675a4; font-size: 15px;\" href=\"http:\/\/www.jlturbet.net\/article-13579738.html\" target=\"_blank\" rel=\"noopener noreferrer\"><span style=\"color: #0000ff; font-size: 10pt;\">\u00ab\u00a0Appel \u00e0 l&rsquo;intelligence et au courage d&rsquo;\u00eatre protestant\u00a0\u00bb, par Olivier Abel<\/span><\/a><br \/>\n\u00b0\u00a0<a style=\"text-decoration: underline; color: #5675a4; font-size: 15px;\" href=\"http:\/\/www.jlturbet.net\/article-15809300.html\" target=\"_blank\" rel=\"noopener noreferrer\"><span style=\"color: #0000ff; font-size: 10pt;\">Profession pasteur<\/span><\/a><br \/>\n\u00b0\u00a0<a style=\"text-decoration: underline; color: #5675a4; font-size: 15px;\" href=\"http:\/\/www.jlturbet.net\/article-17508352.html\" target=\"_blank\" rel=\"noopener noreferrer\"><span style=\"color: #0000ff; font-size: 10pt;\">Protestantisme et Franc-Ma\u00e7onnerie<\/span><\/a><\/strong><\/p>\n<p>&nbsp;<\/p>\n","protected":false},"excerpt":{"rendered":"<p>Jean Calvin aurait \u00a0501 ans. Encore un excellent article publi\u00e9 sur le blog de Jean Laurent Turbet, et que je reprends in extenso, tout en vous conseillant de visiter son site. Un Franc-Ma\u00e7on, socialiste et protestant qui ose s&rsquo;afficher, c&rsquo;est &hellip; <a href=\"http:\/\/www.frederic-poitou.com\/blog\/le-501-est-a-la-mode\/\">Lire la suite\u00ad\u00ad<\/a><\/p>\n","protected":false},"author":4,"featured_media":9457,"comment_status":"open","ping_status":"open","sticky":false,"template":"","format":"standard","meta":{"kt_blocks_editor_width":"","_exactmetrics_skip_tracking":false,"_exactmetrics_sitenote_active":false,"_exactmetrics_sitenote_note":"","_exactmetrics_sitenote_category":0,"footnotes":""},"categories":[1],"tags":[21,16],"class_list":["post-3473","post","type-post","status-publish","format-standard","has-post-thumbnail","hentry","category-politique-economie","tag-arts-et-culture","tag-divers"],"yoast_head":"<!-- This site is optimized with the Yoast SEO plugin v27.1.1 - https:\/\/yoast.com\/product\/yoast-seo-wordpress\/ -->\n<title>LE 501 EST A LA MODE ... -<\/title>\n<meta name=\"robots\" content=\"index, follow, max-snippet:-1, max-image-preview:large, max-video-preview:-1\" \/>\n<link rel=\"canonical\" href=\"http:\/\/www.frederic-poitou.com\/blog\/le-501-est-a-la-mode\/\" \/>\n<meta property=\"og:locale\" content=\"fr_FR\" \/>\n<meta property=\"og:type\" content=\"article\" \/>\n<meta property=\"og:title\" content=\"LE 501 EST A LA MODE ... -\" \/>\n<meta property=\"og:description\" content=\"Jean Calvin aurait \u00a0501 ans. Encore un excellent article publi\u00e9 sur le blog de Jean Laurent Turbet, et que je reprends in extenso, tout en vous conseillant de visiter son site. Un Franc-Ma\u00e7on, socialiste et protestant qui ose s&rsquo;afficher, c&rsquo;est &hellip; Lire la suite\u00ad\u00ad\" \/>\n<meta property=\"og:url\" content=\"http:\/\/www.frederic-poitou.com\/blog\/le-501-est-a-la-mode\/\" \/>\n<meta property=\"article:publisher\" content=\"https:\/\/www.facebook.com\/frederic.poitou\/\" \/>\n<meta property=\"article:published_time\" content=\"2023-07-14T07:33:32+00:00\" \/>\n<meta property=\"article:modified_time\" content=\"2026-04-17T05:56:05+00:00\" \/>\n<meta property=\"og:image\" content=\"http:\/\/www.frederic-poitou.com\/blog\/wp-content\/2019\/11\/depositphotos_109694192-stock-photo-levis-jeans-label-close-up.jpg\" \/>\n\t<meta property=\"og:image:width\" content=\"1024\" \/>\n\t<meta property=\"og:image:height\" content=\"675\" \/>\n\t<meta property=\"og:image:type\" content=\"image\/jpeg\" \/>\n<meta name=\"author\" content=\"Fr\u00e9d\u00e9ric Poitou\" \/>\n<meta name=\"twitter:card\" content=\"summary_large_image\" \/>\n<meta name=\"twitter:creator\" content=\"@fredericpoitou\" \/>\n<meta name=\"twitter:site\" content=\"@fredericpoitou\" \/>\n<meta name=\"twitter:label1\" content=\"\u00c9crit par\" \/>\n\t<meta name=\"twitter:data1\" content=\"Fr\u00e9d\u00e9ric Poitou\" \/>\n\t<meta name=\"twitter:label2\" content=\"Dur\u00e9e de lecture estim\u00e9e\" \/>\n\t<meta name=\"twitter:data2\" content=\"7 minutes\" \/>\n<script type=\"application\/ld+json\" class=\"yoast-schema-graph\">{\"@context\":\"https:\/\/schema.org\",\"@graph\":[{\"@type\":\"Article\",\"@id\":\"http:\/\/www.frederic-poitou.com\/blog\/le-501-est-a-la-mode\/#article\",\"isPartOf\":{\"@id\":\"http:\/\/www.frederic-poitou.com\/blog\/le-501-est-a-la-mode\/\"},\"author\":{\"name\":\"Fr\u00e9d\u00e9ric Poitou\",\"@id\":\"http:\/\/www.frederic-poitou.com\/blog\/#\/schema\/person\/e2c2d05e978747818533fdce859a7799\"},\"headline\":\"LE 501 EST A LA MODE &#8230;\",\"datePublished\":\"2023-07-14T07:33:32+00:00\",\"dateModified\":\"2026-04-17T05:56:05+00:00\",\"mainEntityOfPage\":{\"@id\":\"http:\/\/www.frederic-poitou.com\/blog\/le-501-est-a-la-mode\/\"},\"wordCount\":1522,\"commentCount\":0,\"image\":{\"@id\":\"http:\/\/www.frederic-poitou.com\/blog\/le-501-est-a-la-mode\/#primaryimage\"},\"thumbnailUrl\":\"http:\/\/www.frederic-poitou.com\/blog\/wp-content\/2019\/11\/depositphotos_109694192-stock-photo-levis-jeans-label-close-up.jpg\",\"keywords\":[\"Arts et Culture\",\"DIVERS\"],\"articleSection\":[\"Divers\"],\"inLanguage\":\"fr-FR\",\"potentialAction\":[{\"@type\":\"CommentAction\",\"name\":\"Comment\",\"target\":[\"http:\/\/www.frederic-poitou.com\/blog\/le-501-est-a-la-mode\/#respond\"]}]},{\"@type\":\"WebPage\",\"@id\":\"http:\/\/www.frederic-poitou.com\/blog\/le-501-est-a-la-mode\/\",\"url\":\"http:\/\/www.frederic-poitou.com\/blog\/le-501-est-a-la-mode\/\",\"name\":\"LE 501 EST A LA MODE ... -\",\"isPartOf\":{\"@id\":\"http:\/\/www.frederic-poitou.com\/blog\/#website\"},\"primaryImageOfPage\":{\"@id\":\"http:\/\/www.frederic-poitou.com\/blog\/le-501-est-a-la-mode\/#primaryimage\"},\"image\":{\"@id\":\"http:\/\/www.frederic-poitou.com\/blog\/le-501-est-a-la-mode\/#primaryimage\"},\"thumbnailUrl\":\"http:\/\/www.frederic-poitou.com\/blog\/wp-content\/2019\/11\/depositphotos_109694192-stock-photo-levis-jeans-label-close-up.jpg\",\"datePublished\":\"2023-07-14T07:33:32+00:00\",\"dateModified\":\"2026-04-17T05:56:05+00:00\",\"author\":{\"@id\":\"http:\/\/www.frederic-poitou.com\/blog\/#\/schema\/person\/e2c2d05e978747818533fdce859a7799\"},\"breadcrumb\":{\"@id\":\"http:\/\/www.frederic-poitou.com\/blog\/le-501-est-a-la-mode\/#breadcrumb\"},\"inLanguage\":\"fr-FR\",\"potentialAction\":[{\"@type\":\"ReadAction\",\"target\":[\"http:\/\/www.frederic-poitou.com\/blog\/le-501-est-a-la-mode\/\"]}]},{\"@type\":\"ImageObject\",\"inLanguage\":\"fr-FR\",\"@id\":\"http:\/\/www.frederic-poitou.com\/blog\/le-501-est-a-la-mode\/#primaryimage\",\"url\":\"http:\/\/www.frederic-poitou.com\/blog\/wp-content\/2019\/11\/depositphotos_109694192-stock-photo-levis-jeans-label-close-up.jpg\",\"contentUrl\":\"http:\/\/www.frederic-poitou.com\/blog\/wp-content\/2019\/11\/depositphotos_109694192-stock-photo-levis-jeans-label-close-up.jpg\",\"width\":1024,\"height\":675},{\"@type\":\"BreadcrumbList\",\"@id\":\"http:\/\/www.frederic-poitou.com\/blog\/le-501-est-a-la-mode\/#breadcrumb\",\"itemListElement\":[{\"@type\":\"ListItem\",\"position\":1,\"name\":\"Accueil\",\"item\":\"http:\/\/www.frederic-poitou.com\/blog\/\"},{\"@type\":\"ListItem\",\"position\":2,\"name\":\"LE 501 EST A LA MODE &#8230;\"}]},{\"@type\":\"WebSite\",\"@id\":\"http:\/\/www.frederic-poitou.com\/blog\/#website\",\"url\":\"http:\/\/www.frederic-poitou.com\/blog\/\",\"name\":\"\",\"description\":\"\",\"potentialAction\":[{\"@type\":\"SearchAction\",\"target\":{\"@type\":\"EntryPoint\",\"urlTemplate\":\"http:\/\/www.frederic-poitou.com\/blog\/?s={search_term_string}\"},\"query-input\":{\"@type\":\"PropertyValueSpecification\",\"valueRequired\":true,\"valueName\":\"search_term_string\"}}],\"inLanguage\":\"fr-FR\"},{\"@type\":\"Person\",\"@id\":\"http:\/\/www.frederic-poitou.com\/blog\/#\/schema\/person\/e2c2d05e978747818533fdce859a7799\",\"name\":\"Fr\u00e9d\u00e9ric Poitou\",\"image\":{\"@type\":\"ImageObject\",\"inLanguage\":\"fr-FR\",\"@id\":\"http:\/\/www.frederic-poitou.com\/blog\/#\/schema\/person\/image\/\",\"url\":\"https:\/\/secure.gravatar.com\/avatar\/1933bcca279a2feafd35d9e0a080c521e11beb51115fe4cfe02e2586ac13424a?s=96&d=mm&r=g\",\"contentUrl\":\"https:\/\/secure.gravatar.com\/avatar\/1933bcca279a2feafd35d9e0a080c521e11beb51115fe4cfe02e2586ac13424a?s=96&d=mm&r=g\",\"caption\":\"Fr\u00e9d\u00e9ric Poitou\"},\"description\":\"Fr\u00e9d\u00e9ric Poitou est n\u00e9 \u00e0 Rouen, et y a fait des \u00e9tudes au Conservatoire en musique-\u00e9tudes en section piano. Il s'est ensuite orient\u00e9 vers des \u00e9tudes scientifiques o\u00f9 il a obtenu un dipl\u00f4me d'ing\u00e9nieur, puis un doctorat en Chimie. Il est Expert Judiciaire en France, en Belgique et \u00e0 Luxembourg, et agr\u00e9e par les Institutions Europ\u00e9ennes.\",\"sameAs\":[\"http:\/\/www.frederic-poitou.com\",\"https:\/\/www.linkedin.com\/in\/frederic-poitou-b045a025\/\"]}]}<\/script>\n<!-- \/ Yoast SEO plugin. -->","yoast_head_json":{"title":"LE 501 EST A LA MODE ... -","robots":{"index":"index","follow":"follow","max-snippet":"max-snippet:-1","max-image-preview":"max-image-preview:large","max-video-preview":"max-video-preview:-1"},"canonical":"http:\/\/www.frederic-poitou.com\/blog\/le-501-est-a-la-mode\/","og_locale":"fr_FR","og_type":"article","og_title":"LE 501 EST A LA MODE ... -","og_description":"Jean Calvin aurait \u00a0501 ans. Encore un excellent article publi\u00e9 sur le blog de Jean Laurent Turbet, et que je reprends in extenso, tout en vous conseillant de visiter son site. Un Franc-Ma\u00e7on, socialiste et protestant qui ose s&rsquo;afficher, c&rsquo;est &hellip; Lire la suite\u00ad\u00ad","og_url":"http:\/\/www.frederic-poitou.com\/blog\/le-501-est-a-la-mode\/","article_publisher":"https:\/\/www.facebook.com\/frederic.poitou\/","article_published_time":"2023-07-14T07:33:32+00:00","article_modified_time":"2026-04-17T05:56:05+00:00","og_image":[{"width":1024,"height":675,"url":"http:\/\/www.frederic-poitou.com\/blog\/wp-content\/2019\/11\/depositphotos_109694192-stock-photo-levis-jeans-label-close-up.jpg","type":"image\/jpeg"}],"author":"Fr\u00e9d\u00e9ric Poitou","twitter_card":"summary_large_image","twitter_creator":"@fredericpoitou","twitter_site":"@fredericpoitou","twitter_misc":{"\u00c9crit par":"Fr\u00e9d\u00e9ric Poitou","Dur\u00e9e de lecture estim\u00e9e":"7 minutes"},"schema":{"@context":"https:\/\/schema.org","@graph":[{"@type":"Article","@id":"http:\/\/www.frederic-poitou.com\/blog\/le-501-est-a-la-mode\/#article","isPartOf":{"@id":"http:\/\/www.frederic-poitou.com\/blog\/le-501-est-a-la-mode\/"},"author":{"name":"Fr\u00e9d\u00e9ric Poitou","@id":"http:\/\/www.frederic-poitou.com\/blog\/#\/schema\/person\/e2c2d05e978747818533fdce859a7799"},"headline":"LE 501 EST A LA MODE &#8230;","datePublished":"2023-07-14T07:33:32+00:00","dateModified":"2026-04-17T05:56:05+00:00","mainEntityOfPage":{"@id":"http:\/\/www.frederic-poitou.com\/blog\/le-501-est-a-la-mode\/"},"wordCount":1522,"commentCount":0,"image":{"@id":"http:\/\/www.frederic-poitou.com\/blog\/le-501-est-a-la-mode\/#primaryimage"},"thumbnailUrl":"http:\/\/www.frederic-poitou.com\/blog\/wp-content\/2019\/11\/depositphotos_109694192-stock-photo-levis-jeans-label-close-up.jpg","keywords":["Arts et Culture","DIVERS"],"articleSection":["Divers"],"inLanguage":"fr-FR","potentialAction":[{"@type":"CommentAction","name":"Comment","target":["http:\/\/www.frederic-poitou.com\/blog\/le-501-est-a-la-mode\/#respond"]}]},{"@type":"WebPage","@id":"http:\/\/www.frederic-poitou.com\/blog\/le-501-est-a-la-mode\/","url":"http:\/\/www.frederic-poitou.com\/blog\/le-501-est-a-la-mode\/","name":"LE 501 EST A LA MODE ... -","isPartOf":{"@id":"http:\/\/www.frederic-poitou.com\/blog\/#website"},"primaryImageOfPage":{"@id":"http:\/\/www.frederic-poitou.com\/blog\/le-501-est-a-la-mode\/#primaryimage"},"image":{"@id":"http:\/\/www.frederic-poitou.com\/blog\/le-501-est-a-la-mode\/#primaryimage"},"thumbnailUrl":"http:\/\/www.frederic-poitou.com\/blog\/wp-content\/2019\/11\/depositphotos_109694192-stock-photo-levis-jeans-label-close-up.jpg","datePublished":"2023-07-14T07:33:32+00:00","dateModified":"2026-04-17T05:56:05+00:00","author":{"@id":"http:\/\/www.frederic-poitou.com\/blog\/#\/schema\/person\/e2c2d05e978747818533fdce859a7799"},"breadcrumb":{"@id":"http:\/\/www.frederic-poitou.com\/blog\/le-501-est-a-la-mode\/#breadcrumb"},"inLanguage":"fr-FR","potentialAction":[{"@type":"ReadAction","target":["http:\/\/www.frederic-poitou.com\/blog\/le-501-est-a-la-mode\/"]}]},{"@type":"ImageObject","inLanguage":"fr-FR","@id":"http:\/\/www.frederic-poitou.com\/blog\/le-501-est-a-la-mode\/#primaryimage","url":"http:\/\/www.frederic-poitou.com\/blog\/wp-content\/2019\/11\/depositphotos_109694192-stock-photo-levis-jeans-label-close-up.jpg","contentUrl":"http:\/\/www.frederic-poitou.com\/blog\/wp-content\/2019\/11\/depositphotos_109694192-stock-photo-levis-jeans-label-close-up.jpg","width":1024,"height":675},{"@type":"BreadcrumbList","@id":"http:\/\/www.frederic-poitou.com\/blog\/le-501-est-a-la-mode\/#breadcrumb","itemListElement":[{"@type":"ListItem","position":1,"name":"Accueil","item":"http:\/\/www.frederic-poitou.com\/blog\/"},{"@type":"ListItem","position":2,"name":"LE 501 EST A LA MODE &#8230;"}]},{"@type":"WebSite","@id":"http:\/\/www.frederic-poitou.com\/blog\/#website","url":"http:\/\/www.frederic-poitou.com\/blog\/","name":"","description":"","potentialAction":[{"@type":"SearchAction","target":{"@type":"EntryPoint","urlTemplate":"http:\/\/www.frederic-poitou.com\/blog\/?s={search_term_string}"},"query-input":{"@type":"PropertyValueSpecification","valueRequired":true,"valueName":"search_term_string"}}],"inLanguage":"fr-FR"},{"@type":"Person","@id":"http:\/\/www.frederic-poitou.com\/blog\/#\/schema\/person\/e2c2d05e978747818533fdce859a7799","name":"Fr\u00e9d\u00e9ric Poitou","image":{"@type":"ImageObject","inLanguage":"fr-FR","@id":"http:\/\/www.frederic-poitou.com\/blog\/#\/schema\/person\/image\/","url":"https:\/\/secure.gravatar.com\/avatar\/1933bcca279a2feafd35d9e0a080c521e11beb51115fe4cfe02e2586ac13424a?s=96&d=mm&r=g","contentUrl":"https:\/\/secure.gravatar.com\/avatar\/1933bcca279a2feafd35d9e0a080c521e11beb51115fe4cfe02e2586ac13424a?s=96&d=mm&r=g","caption":"Fr\u00e9d\u00e9ric Poitou"},"description":"Fr\u00e9d\u00e9ric Poitou est n\u00e9 \u00e0 Rouen, et y a fait des \u00e9tudes au Conservatoire en musique-\u00e9tudes en section piano. Il s'est ensuite orient\u00e9 vers des \u00e9tudes scientifiques o\u00f9 il a obtenu un dipl\u00f4me d'ing\u00e9nieur, puis un doctorat en Chimie. Il est Expert Judiciaire en France, en Belgique et \u00e0 Luxembourg, et agr\u00e9e par les Institutions Europ\u00e9ennes.","sameAs":["http:\/\/www.frederic-poitou.com","https:\/\/www.linkedin.com\/in\/frederic-poitou-b045a025\/"]}]}},"_links":{"self":[{"href":"http:\/\/www.frederic-poitou.com\/blog\/wp-json\/wp\/v2\/posts\/3473","targetHints":{"allow":["GET"]}}],"collection":[{"href":"http:\/\/www.frederic-poitou.com\/blog\/wp-json\/wp\/v2\/posts"}],"about":[{"href":"http:\/\/www.frederic-poitou.com\/blog\/wp-json\/wp\/v2\/types\/post"}],"author":[{"embeddable":true,"href":"http:\/\/www.frederic-poitou.com\/blog\/wp-json\/wp\/v2\/users\/4"}],"replies":[{"embeddable":true,"href":"http:\/\/www.frederic-poitou.com\/blog\/wp-json\/wp\/v2\/comments?post=3473"}],"version-history":[{"count":2,"href":"http:\/\/www.frederic-poitou.com\/blog\/wp-json\/wp\/v2\/posts\/3473\/revisions"}],"predecessor-version":[{"id":9458,"href":"http:\/\/www.frederic-poitou.com\/blog\/wp-json\/wp\/v2\/posts\/3473\/revisions\/9458"}],"wp:featuredmedia":[{"embeddable":true,"href":"http:\/\/www.frederic-poitou.com\/blog\/wp-json\/wp\/v2\/media\/9457"}],"wp:attachment":[{"href":"http:\/\/www.frederic-poitou.com\/blog\/wp-json\/wp\/v2\/media?parent=3473"}],"wp:term":[{"taxonomy":"category","embeddable":true,"href":"http:\/\/www.frederic-poitou.com\/blog\/wp-json\/wp\/v2\/categories?post=3473"},{"taxonomy":"post_tag","embeddable":true,"href":"http:\/\/www.frederic-poitou.com\/blog\/wp-json\/wp\/v2\/tags?post=3473"}],"curies":[{"name":"wp","href":"https:\/\/api.w.org\/{rel}","templated":true}]}}