{"id":3101,"date":"2023-07-15T02:59:32","date_gmt":"2023-07-15T00:59:32","guid":{"rendered":"http:\/\/www.frederic-poitou.com\/blog\/?p=3101"},"modified":"2026-04-24T22:51:07","modified_gmt":"2026-04-24T20:51:07","slug":"tout-ca-ne-leur-rendra-pas-le-congo","status":"publish","type":"post","link":"http:\/\/www.frederic-poitou.com\/blog\/tout-ca-ne-leur-rendra-pas-le-congo\/","title":{"rendered":"TOUT CA NE LEUR RENDRA PAS LE CONGO !"},"content":{"rendered":"<p style=\"margin-top: 0px; margin-right: 0px; margin-bottom: 2px; margin-left: 0px; font-family: arial; font-size: 12px; font-weight: normal; color: black; text-align: justify; padding: 0px; border: 0px initial initial;\">Voici la chronique de Bernard Guetta sur France inter ce matin. Une excellente synth\u00e8se de la situation g\u00e9opolitique belge, la meilleure que j&rsquo;ai lue, et qui r\u00e9sume bien la situation, incompr\u00e9hensible, surr\u00e9aliste et totalement ubuesque pour un fran\u00e7ais !<\/p>\n<p style=\"margin-top: 0px; margin-right: 0px; margin-bottom: 2px; margin-left: 0px; font-family: arial; font-size: 12px; font-weight: normal; color: black; text-align: justify; padding: 0px; border: 0px initial initial;\">\n<p style=\"margin-top: 0px; margin-right: 0px; margin-bottom: 2px; margin-left: 0px; font-family: arial; font-size: 12px; font-weight: normal; color: black; text-align: justify; padding: 0px; border: 0px initial initial;\"><em>\u00ab\u00a0Cela ne se passe pas en Afrique, continent aux fronti\u00e8res contestables et contest\u00e9es. Cela ne se passe non plus dans les Balkans o\u00f9 l\u2019\u00e9clatement de la Yougoslavie et l\u2019inextricable m\u00e9lange des peuples et des religions avaient provoqu\u00e9, dans la derni\u00e8re d\u00e9cennie du si\u00e8cle pass\u00e9, une guerre de partage d\u2019un territoire autrefois commun.<\/em><\/p>\n<p style=\"margin-top: 0px; margin-right: 0px; margin-bottom: 2px; margin-left: 0px; font-family: arial; font-size: 12px; font-weight: normal; color: black; text-align: justify; padding: 0px; border: 0px initial initial;\"><em><br \/>\n<\/em><\/p>\n<p style=\"margin-top: 0px; margin-right: 0px; margin-bottom: 2px; margin-left: 0px; font-family: arial; font-size: 12px; font-weight: normal; color: black; text-align: justify; padding: 0px; border: 0px initial initial;\"><em>Cela se passe, hier, en Belgique, au c\u0153ur de l\u2019Europe, dans un pays dont la capitale est \u00e9galement celle de l\u2019Union europ\u00e9enne, qu&rsquo;il pr\u00e9side qui plus est au second semestre. Le gouvernement vient de tomber. Il a chut\u00e9 sur une affaire de droits linguistiques dans la banlieue de Bruxelles parce que cette ville francophone est situ\u00e9e dans la partie flamande du Royaume, que ses habitants d\u00e9bordent sur sa p\u00e9riph\u00e9rie et que la population flamande leur refuse l\u2019usage de leur langue dans la vie administrative car elle craint d\u2019\u00eatre d\u00e9bord\u00e9e par les francophones dans ses municipalit\u00e9s, de ne plus s\u2019y sentir chez elle.<\/em><\/p>\n<p style=\"margin-top: 0px; margin-right: 0px; margin-bottom: 2px; margin-left: 0px; font-family: arial; font-size: 12px; font-weight: normal; color: black; text-align: justify; padding: 0px; border: 0px initial initial;\"><em>C\u2019est une affaire de rien, un conflit local mais ce qui se joue dans ce bras-de-fer, c\u2019est tout le rapport de force entre Flamands et Wallons, une bataille politique entre pauvres devenus riches et riches devenus pauvres. Tout un temps, la richesse belge avait \u00e9t\u00e9 wallonne car c\u2019\u00e9tait en Wallonie que s\u2019\u00e9tait d\u00e9velopp\u00e9e l\u2019industrie nationale, li\u00e9e aux mines et \u00e0 la sid\u00e9rurgie. C\u2019est l\u00e0 qu\u2019\u00e9taient la bourgeoisie, les intellectuels, les gens cultiv\u00e9s et distingu\u00e9s qui n\u2019avaient que m\u00e9pris pour ces paysans flamands suppos\u00e9s parler un mauvais patois n\u00e9erlandais mais le d\u00e9clin a frapp\u00e9 le charbon et l\u2019acier. La Wallonie s\u2019est appauvrie pendant que les Flandres s\u2019enrichissaient dans le tertiaire et d\u00e9sormais, m\u00e9lange de revanche sociale et d\u2019\u00e9go\u00efsme r\u00e9gional, les Flamands ne veulent plus que leurs imp\u00f4ts financent la Wallonie, exactement comme l\u2019Italie du Nord ne veut plus financer celle du Sud.<\/em><\/p>\n<p style=\"margin-top: 0px; margin-right: 0px; margin-bottom: 2px; margin-left: 0px; font-family: arial; font-size: 12px; font-weight: normal; color: black; text-align: justify; padding: 0px; border: 0px initial initial;\"><em>Entre ces deux parties d\u2019un royaume devenu f\u00e9d\u00e9ral et coup\u00e9, d\u2019Est en Ouest, par une fronti\u00e8re linguistique constituant un v\u00e9ritable mur, l\u2019opposition est totale. Elle est, heureusement, non violente mais si passionnelle et exacerb\u00e9e que, lorsque le gouvernement est tomb\u00e9, des \u00e9lus de l\u2019extr\u00eame droite flamande ont entonn\u00e9 l\u2019hymne ind\u00e9pendantiste de la Flandre en plein Parlement tandis que des militants de leur parti faisaient tomber une banderole d\u2019un balcon int\u00e9rieur sur laquelle on lisait : \u00ab C\u2019est le moment de l\u2019ind\u00e9pendance \u00bb. A l\u2019ext\u00e9rieur, un petit groupe de jeunes nationalistes flamands scandaient la m\u00eame chose mais en plus cru. \u00ab Que la Belgique cr\u00e8ve ! \u00bb, disaient-ils et l\u2019\u00e9clatement de ce pays n\u2019est plus, \u00e0 terme, une hypoth\u00e8se \u00e0 \u00e9carter.<\/em><\/p>\n<p style=\"margin-top: 0px; margin-right: 0px; margin-bottom: 2px; margin-left: 0px; font-family: arial; font-size: 12px; font-weight: normal; color: black; text-align: justify; padding: 0px; border: 0px initial initial;\"><em>Ce n\u2019est bien s\u00fbr pas in\u00e9luctable mais l\u2019antagonisme entre les deux populations ne cesse de s\u2019approfondir et les ind\u00e9pendantistes flamands fr\u00f4lent les 40% de soutien dans les sondages. Dans une crise devenue permanente, quelque chose se brise dans ce pays qui a une histoire de r\u00e9sistance aux autres depuis la conqu\u00eate des Gaules par C\u00e9sar mais qui n\u2019en est pas moins une cr\u00e9ation des puissances europ\u00e9ennes qui ne remonte qu\u2019\u00e0 1831. Ce royaume peut \u00e9clater, comme la Tch\u00e9coslovaquie, apr\u00e8s tout, l\u2019avait fait en 1992, il y a dix-huit ans seulement.\u00a0\u00bb<\/em><\/p>\n","protected":false},"excerpt":{"rendered":"<p>Voici la chronique de Bernard Guetta sur France inter ce matin. Une excellente synth\u00e8se de la situation g\u00e9opolitique belge, la meilleure que j&rsquo;ai lue, et qui r\u00e9sume bien la situation, incompr\u00e9hensible, surr\u00e9aliste et totalement ubuesque pour un fran\u00e7ais ! \u00ab\u00a0Cela &hellip; <a href=\"http:\/\/www.frederic-poitou.com\/blog\/tout-ca-ne-leur-rendra-pas-le-congo\/\">Lire la suite\u00ad\u00ad<\/a><\/p>\n","protected":false},"author":4,"featured_media":0,"comment_status":"open","ping_status":"open","sticky":false,"template":"","format":"standard","meta":{"kt_blocks_editor_width":"","_exactmetrics_skip_tracking":false,"_exactmetrics_sitenote_active":false,"_exactmetrics_sitenote_note":"","_exactmetrics_sitenote_category":0,"footnotes":""},"categories":[48],"tags":[27,24,28],"class_list":["post-3101","post","type-post","status-publish","format-standard","hentry","category-accueil","tag-actualite","tag-politique","tag-wallonie"],"yoast_head":"<!-- This site is optimized with the Yoast SEO plugin v27.1.1 - https:\/\/yoast.com\/product\/yoast-seo-wordpress\/ -->\n<title>TOUT CA NE LEUR RENDRA PAS LE CONGO ! -<\/title>\n<meta name=\"robots\" content=\"index, follow, max-snippet:-1, max-image-preview:large, max-video-preview:-1\" \/>\n<link rel=\"canonical\" href=\"http:\/\/www.frederic-poitou.com\/blog\/tout-ca-ne-leur-rendra-pas-le-congo\/\" \/>\n<meta property=\"og:locale\" content=\"fr_FR\" \/>\n<meta property=\"og:type\" content=\"article\" \/>\n<meta property=\"og:title\" content=\"TOUT CA NE LEUR RENDRA PAS LE CONGO ! -\" \/>\n<meta property=\"og:description\" content=\"Voici la chronique de Bernard Guetta sur France inter ce matin. Une excellente synth\u00e8se de la situation g\u00e9opolitique belge, la meilleure que j&rsquo;ai lue, et qui r\u00e9sume bien la situation, incompr\u00e9hensible, surr\u00e9aliste et totalement ubuesque pour un fran\u00e7ais ! \u00ab\u00a0Cela &hellip; Lire la suite\u00ad\u00ad\" \/>\n<meta property=\"og:url\" content=\"http:\/\/www.frederic-poitou.com\/blog\/tout-ca-ne-leur-rendra-pas-le-congo\/\" \/>\n<meta property=\"article:publisher\" content=\"https:\/\/www.facebook.com\/frederic.poitou\/\" \/>\n<meta property=\"article:published_time\" content=\"2023-07-15T00:59:32+00:00\" \/>\n<meta property=\"article:modified_time\" content=\"2026-04-24T20:51:07+00:00\" \/>\n<meta name=\"author\" content=\"Fr\u00e9d\u00e9ric Poitou\" \/>\n<meta name=\"twitter:card\" content=\"summary_large_image\" \/>\n<meta name=\"twitter:creator\" content=\"@fredericpoitou\" \/>\n<meta name=\"twitter:site\" content=\"@fredericpoitou\" \/>\n<meta name=\"twitter:label1\" content=\"\u00c9crit par\" \/>\n\t<meta name=\"twitter:data1\" content=\"Fr\u00e9d\u00e9ric Poitou\" \/>\n\t<meta name=\"twitter:label2\" content=\"Dur\u00e9e de lecture estim\u00e9e\" \/>\n\t<meta name=\"twitter:data2\" content=\"3 minutes\" \/>\n<script type=\"application\/ld+json\" class=\"yoast-schema-graph\">{\"@context\":\"https:\/\/schema.org\",\"@graph\":[{\"@type\":\"Article\",\"@id\":\"http:\/\/www.frederic-poitou.com\/blog\/tout-ca-ne-leur-rendra-pas-le-congo\/#article\",\"isPartOf\":{\"@id\":\"http:\/\/www.frederic-poitou.com\/blog\/tout-ca-ne-leur-rendra-pas-le-congo\/\"},\"author\":{\"name\":\"Fr\u00e9d\u00e9ric Poitou\",\"@id\":\"http:\/\/www.frederic-poitou.com\/blog\/#\/schema\/person\/e2c2d05e978747818533fdce859a7799\"},\"headline\":\"TOUT CA NE LEUR RENDRA PAS LE CONGO !\",\"datePublished\":\"2023-07-15T00:59:32+00:00\",\"dateModified\":\"2026-04-24T20:51:07+00:00\",\"mainEntityOfPage\":{\"@id\":\"http:\/\/www.frederic-poitou.com\/blog\/tout-ca-ne-leur-rendra-pas-le-congo\/\"},\"wordCount\":639,\"commentCount\":0,\"keywords\":[\"Actualit\u00e9\",\"Politique\",\"WALLONIE\"],\"articleSection\":[\"Accueil\"],\"inLanguage\":\"fr-FR\",\"potentialAction\":[{\"@type\":\"CommentAction\",\"name\":\"Comment\",\"target\":[\"http:\/\/www.frederic-poitou.com\/blog\/tout-ca-ne-leur-rendra-pas-le-congo\/#respond\"]}]},{\"@type\":\"WebPage\",\"@id\":\"http:\/\/www.frederic-poitou.com\/blog\/tout-ca-ne-leur-rendra-pas-le-congo\/\",\"url\":\"http:\/\/www.frederic-poitou.com\/blog\/tout-ca-ne-leur-rendra-pas-le-congo\/\",\"name\":\"TOUT CA NE LEUR RENDRA PAS LE CONGO ! -\",\"isPartOf\":{\"@id\":\"http:\/\/www.frederic-poitou.com\/blog\/#website\"},\"datePublished\":\"2023-07-15T00:59:32+00:00\",\"dateModified\":\"2026-04-24T20:51:07+00:00\",\"author\":{\"@id\":\"http:\/\/www.frederic-poitou.com\/blog\/#\/schema\/person\/e2c2d05e978747818533fdce859a7799\"},\"breadcrumb\":{\"@id\":\"http:\/\/www.frederic-poitou.com\/blog\/tout-ca-ne-leur-rendra-pas-le-congo\/#breadcrumb\"},\"inLanguage\":\"fr-FR\",\"potentialAction\":[{\"@type\":\"ReadAction\",\"target\":[\"http:\/\/www.frederic-poitou.com\/blog\/tout-ca-ne-leur-rendra-pas-le-congo\/\"]}]},{\"@type\":\"BreadcrumbList\",\"@id\":\"http:\/\/www.frederic-poitou.com\/blog\/tout-ca-ne-leur-rendra-pas-le-congo\/#breadcrumb\",\"itemListElement\":[{\"@type\":\"ListItem\",\"position\":1,\"name\":\"Accueil\",\"item\":\"http:\/\/www.frederic-poitou.com\/blog\/\"},{\"@type\":\"ListItem\",\"position\":2,\"name\":\"TOUT CA NE LEUR RENDRA PAS LE CONGO !\"}]},{\"@type\":\"WebSite\",\"@id\":\"http:\/\/www.frederic-poitou.com\/blog\/#website\",\"url\":\"http:\/\/www.frederic-poitou.com\/blog\/\",\"name\":\"\",\"description\":\"\",\"potentialAction\":[{\"@type\":\"SearchAction\",\"target\":{\"@type\":\"EntryPoint\",\"urlTemplate\":\"http:\/\/www.frederic-poitou.com\/blog\/?s={search_term_string}\"},\"query-input\":{\"@type\":\"PropertyValueSpecification\",\"valueRequired\":true,\"valueName\":\"search_term_string\"}}],\"inLanguage\":\"fr-FR\"},{\"@type\":\"Person\",\"@id\":\"http:\/\/www.frederic-poitou.com\/blog\/#\/schema\/person\/e2c2d05e978747818533fdce859a7799\",\"name\":\"Fr\u00e9d\u00e9ric Poitou\",\"image\":{\"@type\":\"ImageObject\",\"inLanguage\":\"fr-FR\",\"@id\":\"http:\/\/www.frederic-poitou.com\/blog\/#\/schema\/person\/image\/\",\"url\":\"https:\/\/secure.gravatar.com\/avatar\/1933bcca279a2feafd35d9e0a080c521e11beb51115fe4cfe02e2586ac13424a?s=96&d=mm&r=g\",\"contentUrl\":\"https:\/\/secure.gravatar.com\/avatar\/1933bcca279a2feafd35d9e0a080c521e11beb51115fe4cfe02e2586ac13424a?s=96&d=mm&r=g\",\"caption\":\"Fr\u00e9d\u00e9ric Poitou\"},\"description\":\"Fr\u00e9d\u00e9ric Poitou est n\u00e9 \u00e0 Rouen, et y a fait des \u00e9tudes au Conservatoire en musique-\u00e9tudes en section piano. Il s'est ensuite orient\u00e9 vers des \u00e9tudes scientifiques o\u00f9 il a obtenu un dipl\u00f4me d'ing\u00e9nieur, puis un doctorat en Chimie. Il est Expert Judiciaire en France, en Belgique et \u00e0 Luxembourg, et agr\u00e9e par les Institutions Europ\u00e9ennes.\",\"sameAs\":[\"http:\/\/www.frederic-poitou.com\",\"https:\/\/www.linkedin.com\/in\/frederic-poitou-b045a025\/\"]}]}<\/script>\n<!-- \/ Yoast SEO plugin. -->","yoast_head_json":{"title":"TOUT CA NE LEUR RENDRA PAS LE CONGO ! -","robots":{"index":"index","follow":"follow","max-snippet":"max-snippet:-1","max-image-preview":"max-image-preview:large","max-video-preview":"max-video-preview:-1"},"canonical":"http:\/\/www.frederic-poitou.com\/blog\/tout-ca-ne-leur-rendra-pas-le-congo\/","og_locale":"fr_FR","og_type":"article","og_title":"TOUT CA NE LEUR RENDRA PAS LE CONGO ! -","og_description":"Voici la chronique de Bernard Guetta sur France inter ce matin. Une excellente synth\u00e8se de la situation g\u00e9opolitique belge, la meilleure que j&rsquo;ai lue, et qui r\u00e9sume bien la situation, incompr\u00e9hensible, surr\u00e9aliste et totalement ubuesque pour un fran\u00e7ais ! \u00ab\u00a0Cela &hellip; Lire la suite\u00ad\u00ad","og_url":"http:\/\/www.frederic-poitou.com\/blog\/tout-ca-ne-leur-rendra-pas-le-congo\/","article_publisher":"https:\/\/www.facebook.com\/frederic.poitou\/","article_published_time":"2023-07-15T00:59:32+00:00","article_modified_time":"2026-04-24T20:51:07+00:00","author":"Fr\u00e9d\u00e9ric Poitou","twitter_card":"summary_large_image","twitter_creator":"@fredericpoitou","twitter_site":"@fredericpoitou","twitter_misc":{"\u00c9crit par":"Fr\u00e9d\u00e9ric Poitou","Dur\u00e9e de lecture estim\u00e9e":"3 minutes"},"schema":{"@context":"https:\/\/schema.org","@graph":[{"@type":"Article","@id":"http:\/\/www.frederic-poitou.com\/blog\/tout-ca-ne-leur-rendra-pas-le-congo\/#article","isPartOf":{"@id":"http:\/\/www.frederic-poitou.com\/blog\/tout-ca-ne-leur-rendra-pas-le-congo\/"},"author":{"name":"Fr\u00e9d\u00e9ric Poitou","@id":"http:\/\/www.frederic-poitou.com\/blog\/#\/schema\/person\/e2c2d05e978747818533fdce859a7799"},"headline":"TOUT CA NE LEUR RENDRA PAS LE CONGO !","datePublished":"2023-07-15T00:59:32+00:00","dateModified":"2026-04-24T20:51:07+00:00","mainEntityOfPage":{"@id":"http:\/\/www.frederic-poitou.com\/blog\/tout-ca-ne-leur-rendra-pas-le-congo\/"},"wordCount":639,"commentCount":0,"keywords":["Actualit\u00e9","Politique","WALLONIE"],"articleSection":["Accueil"],"inLanguage":"fr-FR","potentialAction":[{"@type":"CommentAction","name":"Comment","target":["http:\/\/www.frederic-poitou.com\/blog\/tout-ca-ne-leur-rendra-pas-le-congo\/#respond"]}]},{"@type":"WebPage","@id":"http:\/\/www.frederic-poitou.com\/blog\/tout-ca-ne-leur-rendra-pas-le-congo\/","url":"http:\/\/www.frederic-poitou.com\/blog\/tout-ca-ne-leur-rendra-pas-le-congo\/","name":"TOUT CA NE LEUR RENDRA PAS LE CONGO ! -","isPartOf":{"@id":"http:\/\/www.frederic-poitou.com\/blog\/#website"},"datePublished":"2023-07-15T00:59:32+00:00","dateModified":"2026-04-24T20:51:07+00:00","author":{"@id":"http:\/\/www.frederic-poitou.com\/blog\/#\/schema\/person\/e2c2d05e978747818533fdce859a7799"},"breadcrumb":{"@id":"http:\/\/www.frederic-poitou.com\/blog\/tout-ca-ne-leur-rendra-pas-le-congo\/#breadcrumb"},"inLanguage":"fr-FR","potentialAction":[{"@type":"ReadAction","target":["http:\/\/www.frederic-poitou.com\/blog\/tout-ca-ne-leur-rendra-pas-le-congo\/"]}]},{"@type":"BreadcrumbList","@id":"http:\/\/www.frederic-poitou.com\/blog\/tout-ca-ne-leur-rendra-pas-le-congo\/#breadcrumb","itemListElement":[{"@type":"ListItem","position":1,"name":"Accueil","item":"http:\/\/www.frederic-poitou.com\/blog\/"},{"@type":"ListItem","position":2,"name":"TOUT CA NE LEUR RENDRA PAS LE CONGO !"}]},{"@type":"WebSite","@id":"http:\/\/www.frederic-poitou.com\/blog\/#website","url":"http:\/\/www.frederic-poitou.com\/blog\/","name":"","description":"","potentialAction":[{"@type":"SearchAction","target":{"@type":"EntryPoint","urlTemplate":"http:\/\/www.frederic-poitou.com\/blog\/?s={search_term_string}"},"query-input":{"@type":"PropertyValueSpecification","valueRequired":true,"valueName":"search_term_string"}}],"inLanguage":"fr-FR"},{"@type":"Person","@id":"http:\/\/www.frederic-poitou.com\/blog\/#\/schema\/person\/e2c2d05e978747818533fdce859a7799","name":"Fr\u00e9d\u00e9ric Poitou","image":{"@type":"ImageObject","inLanguage":"fr-FR","@id":"http:\/\/www.frederic-poitou.com\/blog\/#\/schema\/person\/image\/","url":"https:\/\/secure.gravatar.com\/avatar\/1933bcca279a2feafd35d9e0a080c521e11beb51115fe4cfe02e2586ac13424a?s=96&d=mm&r=g","contentUrl":"https:\/\/secure.gravatar.com\/avatar\/1933bcca279a2feafd35d9e0a080c521e11beb51115fe4cfe02e2586ac13424a?s=96&d=mm&r=g","caption":"Fr\u00e9d\u00e9ric Poitou"},"description":"Fr\u00e9d\u00e9ric Poitou est n\u00e9 \u00e0 Rouen, et y a fait des \u00e9tudes au Conservatoire en musique-\u00e9tudes en section piano. Il s'est ensuite orient\u00e9 vers des \u00e9tudes scientifiques o\u00f9 il a obtenu un dipl\u00f4me d'ing\u00e9nieur, puis un doctorat en Chimie. Il est Expert Judiciaire en France, en Belgique et \u00e0 Luxembourg, et agr\u00e9e par les Institutions Europ\u00e9ennes.","sameAs":["http:\/\/www.frederic-poitou.com","https:\/\/www.linkedin.com\/in\/frederic-poitou-b045a025\/"]}]}},"_links":{"self":[{"href":"http:\/\/www.frederic-poitou.com\/blog\/wp-json\/wp\/v2\/posts\/3101","targetHints":{"allow":["GET"]}}],"collection":[{"href":"http:\/\/www.frederic-poitou.com\/blog\/wp-json\/wp\/v2\/posts"}],"about":[{"href":"http:\/\/www.frederic-poitou.com\/blog\/wp-json\/wp\/v2\/types\/post"}],"author":[{"embeddable":true,"href":"http:\/\/www.frederic-poitou.com\/blog\/wp-json\/wp\/v2\/users\/4"}],"replies":[{"embeddable":true,"href":"http:\/\/www.frederic-poitou.com\/blog\/wp-json\/wp\/v2\/comments?post=3101"}],"version-history":[{"count":1,"href":"http:\/\/www.frederic-poitou.com\/blog\/wp-json\/wp\/v2\/posts\/3101\/revisions"}],"predecessor-version":[{"id":10030,"href":"http:\/\/www.frederic-poitou.com\/blog\/wp-json\/wp\/v2\/posts\/3101\/revisions\/10030"}],"wp:attachment":[{"href":"http:\/\/www.frederic-poitou.com\/blog\/wp-json\/wp\/v2\/media?parent=3101"}],"wp:term":[{"taxonomy":"category","embeddable":true,"href":"http:\/\/www.frederic-poitou.com\/blog\/wp-json\/wp\/v2\/categories?post=3101"},{"taxonomy":"post_tag","embeddable":true,"href":"http:\/\/www.frederic-poitou.com\/blog\/wp-json\/wp\/v2\/tags?post=3101"}],"curies":[{"name":"wp","href":"https:\/\/api.w.org\/{rel}","templated":true}]}}