{"id":3081,"date":"2023-07-15T05:59:32","date_gmt":"2023-07-15T03:59:32","guid":{"rendered":"http:\/\/www.frederic-poitou.com\/blog\/?p=3081"},"modified":"2026-04-27T17:44:39","modified_gmt":"2026-04-27T15:44:39","slug":"la-belgique-repart-en-vrille","status":"publish","type":"post","link":"http:\/\/www.frederic-poitou.com\/blog\/la-belgique-repart-en-vrille\/","title":{"rendered":"LA BELGIQUE REPART EN VRILLE &#8230; !"},"content":{"rendered":"<p>Apr\u00e8s quelques mois de calme, et l&rsquo;annonce de la nomination d&rsquo;Herman Van Rompuy \u00e0 la Pr\u00e9sidence du Conseil Europ\u00e9\u00e8en qui pouvait \u00eatre l&rsquo;occasion pour la Belgique de se stabiliser, et reprendre la place qu&rsquo;elle m\u00e9rite, c&rsquo;est malheureusement de nouveau le chaos en Belgique.<\/p>\n<p>Au moment o\u00f9 il fallait que les deux communaut\u00e9s se serrent les coudes pour arriver \u00e0 une concorde d&rsquo;int\u00e9r\u00eat national, dans le cadre de la loi BHV, Yves Leterme, 1er Ministre, est parti ce matin pr\u00e9senter sa d\u00e9mission au Roi. Ce dernier r\u00e9serve sa r\u00e9ponse.<\/p>\n<p>Pour celui qui ne connait pas le contexte, ca semble surr\u00e9aliste, mais cette fois-ci, on commence \u00e0 parler de fin de r\u00e9gime.<\/p>\n<p>Et l&rsquo;on reparle d&rsquo;une forme de rattachement de la Wallonie \u00e0 la France,<\/p>\n<p>Et l&rsquo;on reparle d&rsquo;une s\u00e9paration d&rsquo;avec les Flamands, argument d&rsquo;autant plus valable dans l&rsquo;hypoth\u00e8se d&rsquo;une succession du Roi Albert II, son fils Philippe ne faisant pas l&rsquo;unanimit\u00e9 chez les Flamands.<\/p>\n<p>Bref. C&rsquo;est le foutoir, comme d&rsquo;hab\u00a0\u00bb en Belgique, mais cette fois ci, ca sent le roussi &#8230;<\/p>\n<p><span style=\"color: #ffffff;\">&#8212;&#8212;&#8212;&#8212;&#8212;&#8212;&#8212;&#8212;&#8212;&#8212;&#8212;&#8212;&#8212;&#8212;&#8212;&#8212;&#8212;&#8212;&#8212;&#8212;&#8212;&#8212;&#8212;&#8212;&#8212;&#8212;&#8212;&#8212;&#8212;&#8212;&#8212;&#8212;&#8212;&#8212;&#8212;&#8212;&#8212;&#8212;&#8212;&#8212;&#8212;&#8212;&#8212;&#8212;&#8212;&#8212;&#8212;&#8212;&#8212;&#8212;&#8212;&#8212;&#8212;&#8212;&#8212;&#8212;&#8212;&#8212;&#8212;&#8212;&#8212;&#8212;&#8212;&#8212;&#8212;&#8212;&#8212;&#8212;&#8212;&#8212;&#8211;<\/span><\/p>\n<p><img decoding=\"async\" src=\"http:\/\/q.liberation.fr\/photo\/id\/142766\/r\/03\/02\/w\/459\/m\/1271940729\" alt=\"Yves Leterme, le 20 avril \u00e0 Bruxelles.\" \/><\/p>\n<p style=\"margin-top: 0px; margin-right: 0px; margin-bottom: 5px; margin-left: 0px; font-family: Verdana, Arial, Helvetica, sans-serif; line-height: 1.4em; display: block; padding: 0px;\">Le gouvernement belge dirig\u00e9 par Yves Leterme a d\u00e9cid\u00e9 jeudi de pr\u00e9senter sa d\u00e9mission suite \u00e0 un conflit linguistique entre francophones et Flamands, alors que le pays doit prendre dans deux mois la pr\u00e9sidence tournante de l&rsquo;UE.<\/p>\n<p style=\"margin-top: 0px; margin-right: 0px; margin-bottom: 5px; margin-left: 0px; font-family: Verdana, Arial, Helvetica, sans-serif; line-height: 1.4em; display: block; padding: 0px;\"><em>\u00abIl n&rsquo;y a pas d&rsquo;autre issue que la d\u00e9mission du gouvernement\u00bb<\/em>, a d\u00e9clar\u00e9 le ministre des Finances Didier Reynders, en indiquant qu&rsquo;il\u00a0<em>\u00abregrettait\u00bb<\/em> cette issue et appelant \u00e0 tout faire pour \u00e9viter\u00a0<em>\u00abque le pays ne s&rsquo;enfonce dans la crise\u00bb<\/em>.\u00a0<em>\u00abIl n&rsquo;est pas facile de trouver un accord avec les partenaires n\u00e9erlandophones, surtout quand ils sont nationalistes\u00bb<\/em>, a-t-il accus\u00e9.<\/p>\n<h5 style=\"text-align: center;\"><a href=\"http:\/\/www.liberation.fr\/monde\/0101631628-le-gouvernement-belge-demissionne\" target=\"_blank\" rel=\"noopener\">lire la suite<\/a><\/h5>\n","protected":false},"excerpt":{"rendered":"<p>Apr\u00e8s quelques mois de calme, et l&rsquo;annonce de la nomination d&rsquo;Herman Van Rompuy \u00e0 la Pr\u00e9sidence du Conseil Europ\u00e9\u00e8en qui pouvait \u00eatre l&rsquo;occasion pour la Belgique de se stabiliser, et reprendre la place qu&rsquo;elle m\u00e9rite, c&rsquo;est malheureusement de nouveau le &hellip; <a href=\"http:\/\/www.frederic-poitou.com\/blog\/la-belgique-repart-en-vrille\/\">Lire la suite\u00ad\u00ad<\/a><\/p>\n","protected":false},"author":4,"featured_media":0,"comment_status":"open","ping_status":"open","sticky":false,"template":"","format":"standard","meta":{"kt_blocks_editor_width":"","_exactmetrics_skip_tracking":false,"_exactmetrics_sitenote_active":false,"_exactmetrics_sitenote_note":"","_exactmetrics_sitenote_category":0,"footnotes":""},"categories":[1],"tags":[27,50,33,24],"class_list":["post-3081","post","type-post","status-publish","format-standard","hentry","category-politique-economie","tag-actualite","tag-politique-economie","tag-mouvement-reformateur","tag-politique"],"yoast_head":"<!-- This site is optimized with the Yoast SEO plugin v27.1.1 - https:\/\/yoast.com\/product\/yoast-seo-wordpress\/ -->\n<title>LA BELGIQUE REPART EN VRILLE ... ! -<\/title>\n<meta name=\"robots\" content=\"index, follow, max-snippet:-1, max-image-preview:large, max-video-preview:-1\" \/>\n<link rel=\"canonical\" href=\"https:\/\/www.frederic-poitou.com\/blog\/la-belgique-repart-en-vrille\/\" \/>\n<meta property=\"og:locale\" content=\"fr_FR\" \/>\n<meta property=\"og:type\" content=\"article\" \/>\n<meta property=\"og:title\" content=\"LA BELGIQUE REPART EN VRILLE ... ! -\" \/>\n<meta property=\"og:description\" content=\"Apr\u00e8s quelques mois de calme, et l&rsquo;annonce de la nomination d&rsquo;Herman Van Rompuy \u00e0 la Pr\u00e9sidence du Conseil Europ\u00e9\u00e8en qui pouvait \u00eatre l&rsquo;occasion pour la Belgique de se stabiliser, et reprendre la place qu&rsquo;elle m\u00e9rite, c&rsquo;est malheureusement de nouveau le &hellip; Lire la suite\u00ad\u00ad\" \/>\n<meta property=\"og:url\" content=\"https:\/\/www.frederic-poitou.com\/blog\/la-belgique-repart-en-vrille\/\" \/>\n<meta property=\"article:publisher\" content=\"https:\/\/www.facebook.com\/frederic.poitou\/\" \/>\n<meta property=\"article:published_time\" content=\"2023-07-15T03:59:32+00:00\" \/>\n<meta property=\"article:modified_time\" content=\"2026-04-27T15:44:39+00:00\" \/>\n<meta property=\"og:image\" content=\"http:\/\/q.liberation.fr\/photo\/id\/142766\/r\/03\/02\/w\/459\/m\/1271940729\" \/>\n<meta name=\"author\" content=\"Fr\u00e9d\u00e9ric Poitou\" \/>\n<meta name=\"twitter:card\" content=\"summary_large_image\" \/>\n<meta name=\"twitter:creator\" content=\"@fredericpoitou\" \/>\n<meta name=\"twitter:site\" content=\"@fredericpoitou\" \/>\n<meta name=\"twitter:label1\" content=\"\u00c9crit par\" \/>\n\t<meta name=\"twitter:data1\" content=\"Fr\u00e9d\u00e9ric Poitou\" \/>\n\t<meta name=\"twitter:label2\" content=\"Dur\u00e9e de lecture estim\u00e9e\" \/>\n\t<meta name=\"twitter:data2\" content=\"1 minute\" \/>\n<script type=\"application\/ld+json\" class=\"yoast-schema-graph\">{\"@context\":\"https:\/\/schema.org\",\"@graph\":[{\"@type\":\"Article\",\"@id\":\"https:\/\/www.frederic-poitou.com\/blog\/la-belgique-repart-en-vrille\/#article\",\"isPartOf\":{\"@id\":\"https:\/\/www.frederic-poitou.com\/blog\/la-belgique-repart-en-vrille\/\"},\"author\":{\"name\":\"Fr\u00e9d\u00e9ric Poitou\",\"@id\":\"https:\/\/www.frederic-poitou.com\/blog\/#\/schema\/person\/e2c2d05e978747818533fdce859a7799\"},\"headline\":\"LA BELGIQUE REPART EN VRILLE &#8230; !\",\"datePublished\":\"2023-07-15T03:59:32+00:00\",\"dateModified\":\"2026-04-27T15:44:39+00:00\",\"mainEntityOfPage\":{\"@id\":\"https:\/\/www.frederic-poitou.com\/blog\/la-belgique-repart-en-vrille\/\"},\"wordCount\":313,\"commentCount\":0,\"image\":{\"@id\":\"https:\/\/www.frederic-poitou.com\/blog\/la-belgique-repart-en-vrille\/#primaryimage\"},\"thumbnailUrl\":\"http:\/\/q.liberation.fr\/photo\/id\/142766\/r\/03\/02\/w\/459\/m\/1271940729\",\"keywords\":[\"Actualit\u00e9\",\"Divers\",\"MOUVEMENT REFORMATEUR\",\"Politique\"],\"articleSection\":[\"Divers\"],\"inLanguage\":\"fr-FR\",\"potentialAction\":[{\"@type\":\"CommentAction\",\"name\":\"Comment\",\"target\":[\"https:\/\/www.frederic-poitou.com\/blog\/la-belgique-repart-en-vrille\/#respond\"]}]},{\"@type\":\"WebPage\",\"@id\":\"https:\/\/www.frederic-poitou.com\/blog\/la-belgique-repart-en-vrille\/\",\"url\":\"https:\/\/www.frederic-poitou.com\/blog\/la-belgique-repart-en-vrille\/\",\"name\":\"LA BELGIQUE REPART EN VRILLE ... ! -\",\"isPartOf\":{\"@id\":\"https:\/\/www.frederic-poitou.com\/blog\/#website\"},\"primaryImageOfPage\":{\"@id\":\"https:\/\/www.frederic-poitou.com\/blog\/la-belgique-repart-en-vrille\/#primaryimage\"},\"image\":{\"@id\":\"https:\/\/www.frederic-poitou.com\/blog\/la-belgique-repart-en-vrille\/#primaryimage\"},\"thumbnailUrl\":\"http:\/\/q.liberation.fr\/photo\/id\/142766\/r\/03\/02\/w\/459\/m\/1271940729\",\"datePublished\":\"2023-07-15T03:59:32+00:00\",\"dateModified\":\"2026-04-27T15:44:39+00:00\",\"author\":{\"@id\":\"https:\/\/www.frederic-poitou.com\/blog\/#\/schema\/person\/e2c2d05e978747818533fdce859a7799\"},\"breadcrumb\":{\"@id\":\"https:\/\/www.frederic-poitou.com\/blog\/la-belgique-repart-en-vrille\/#breadcrumb\"},\"inLanguage\":\"fr-FR\",\"potentialAction\":[{\"@type\":\"ReadAction\",\"target\":[\"https:\/\/www.frederic-poitou.com\/blog\/la-belgique-repart-en-vrille\/\"]}]},{\"@type\":\"ImageObject\",\"inLanguage\":\"fr-FR\",\"@id\":\"https:\/\/www.frederic-poitou.com\/blog\/la-belgique-repart-en-vrille\/#primaryimage\",\"url\":\"http:\/\/q.liberation.fr\/photo\/id\/142766\/r\/03\/02\/w\/459\/m\/1271940729\",\"contentUrl\":\"http:\/\/q.liberation.fr\/photo\/id\/142766\/r\/03\/02\/w\/459\/m\/1271940729\"},{\"@type\":\"BreadcrumbList\",\"@id\":\"https:\/\/www.frederic-poitou.com\/blog\/la-belgique-repart-en-vrille\/#breadcrumb\",\"itemListElement\":[{\"@type\":\"ListItem\",\"position\":1,\"name\":\"Accueil\",\"item\":\"https:\/\/www.frederic-poitou.com\/blog\/\"},{\"@type\":\"ListItem\",\"position\":2,\"name\":\"LA BELGIQUE REPART EN VRILLE &#8230; !\"}]},{\"@type\":\"WebSite\",\"@id\":\"https:\/\/www.frederic-poitou.com\/blog\/#website\",\"url\":\"https:\/\/www.frederic-poitou.com\/blog\/\",\"name\":\"\",\"description\":\"\",\"potentialAction\":[{\"@type\":\"SearchAction\",\"target\":{\"@type\":\"EntryPoint\",\"urlTemplate\":\"https:\/\/www.frederic-poitou.com\/blog\/?s={search_term_string}\"},\"query-input\":{\"@type\":\"PropertyValueSpecification\",\"valueRequired\":true,\"valueName\":\"search_term_string\"}}],\"inLanguage\":\"fr-FR\"},{\"@type\":\"Person\",\"@id\":\"https:\/\/www.frederic-poitou.com\/blog\/#\/schema\/person\/e2c2d05e978747818533fdce859a7799\",\"name\":\"Fr\u00e9d\u00e9ric Poitou\",\"image\":{\"@type\":\"ImageObject\",\"inLanguage\":\"fr-FR\",\"@id\":\"https:\/\/www.frederic-poitou.com\/blog\/#\/schema\/person\/image\/\",\"url\":\"https:\/\/secure.gravatar.com\/avatar\/1933bcca279a2feafd35d9e0a080c521e11beb51115fe4cfe02e2586ac13424a?s=96&d=mm&r=g\",\"contentUrl\":\"https:\/\/secure.gravatar.com\/avatar\/1933bcca279a2feafd35d9e0a080c521e11beb51115fe4cfe02e2586ac13424a?s=96&d=mm&r=g\",\"caption\":\"Fr\u00e9d\u00e9ric Poitou\"},\"description\":\"Fr\u00e9d\u00e9ric Poitou est n\u00e9 \u00e0 Rouen, et y a fait des \u00e9tudes au Conservatoire en musique-\u00e9tudes en section piano. Il s'est ensuite orient\u00e9 vers des \u00e9tudes scientifiques o\u00f9 il a obtenu un dipl\u00f4me d'ing\u00e9nieur, puis un doctorat en Chimie. Il est Expert Judiciaire en France, en Belgique et \u00e0 Luxembourg, et agr\u00e9e par les Institutions Europ\u00e9ennes.\",\"sameAs\":[\"http:\/\/www.frederic-poitou.com\",\"https:\/\/www.linkedin.com\/in\/frederic-poitou-b045a025\/\"]}]}<\/script>\n<!-- \/ Yoast SEO plugin. -->","yoast_head_json":{"title":"LA BELGIQUE REPART EN VRILLE ... ! -","robots":{"index":"index","follow":"follow","max-snippet":"max-snippet:-1","max-image-preview":"max-image-preview:large","max-video-preview":"max-video-preview:-1"},"canonical":"https:\/\/www.frederic-poitou.com\/blog\/la-belgique-repart-en-vrille\/","og_locale":"fr_FR","og_type":"article","og_title":"LA BELGIQUE REPART EN VRILLE ... ! -","og_description":"Apr\u00e8s quelques mois de calme, et l&rsquo;annonce de la nomination d&rsquo;Herman Van Rompuy \u00e0 la Pr\u00e9sidence du Conseil Europ\u00e9\u00e8en qui pouvait \u00eatre l&rsquo;occasion pour la Belgique de se stabiliser, et reprendre la place qu&rsquo;elle m\u00e9rite, c&rsquo;est malheureusement de nouveau le &hellip; Lire la suite\u00ad\u00ad","og_url":"https:\/\/www.frederic-poitou.com\/blog\/la-belgique-repart-en-vrille\/","article_publisher":"https:\/\/www.facebook.com\/frederic.poitou\/","article_published_time":"2023-07-15T03:59:32+00:00","article_modified_time":"2026-04-27T15:44:39+00:00","og_image":[{"url":"http:\/\/q.liberation.fr\/photo\/id\/142766\/r\/03\/02\/w\/459\/m\/1271940729","type":"","width":"","height":""}],"author":"Fr\u00e9d\u00e9ric Poitou","twitter_card":"summary_large_image","twitter_creator":"@fredericpoitou","twitter_site":"@fredericpoitou","twitter_misc":{"\u00c9crit par":"Fr\u00e9d\u00e9ric Poitou","Dur\u00e9e de lecture estim\u00e9e":"1 minute"},"schema":{"@context":"https:\/\/schema.org","@graph":[{"@type":"Article","@id":"https:\/\/www.frederic-poitou.com\/blog\/la-belgique-repart-en-vrille\/#article","isPartOf":{"@id":"https:\/\/www.frederic-poitou.com\/blog\/la-belgique-repart-en-vrille\/"},"author":{"name":"Fr\u00e9d\u00e9ric Poitou","@id":"https:\/\/www.frederic-poitou.com\/blog\/#\/schema\/person\/e2c2d05e978747818533fdce859a7799"},"headline":"LA BELGIQUE REPART EN VRILLE &#8230; !","datePublished":"2023-07-15T03:59:32+00:00","dateModified":"2026-04-27T15:44:39+00:00","mainEntityOfPage":{"@id":"https:\/\/www.frederic-poitou.com\/blog\/la-belgique-repart-en-vrille\/"},"wordCount":313,"commentCount":0,"image":{"@id":"https:\/\/www.frederic-poitou.com\/blog\/la-belgique-repart-en-vrille\/#primaryimage"},"thumbnailUrl":"http:\/\/q.liberation.fr\/photo\/id\/142766\/r\/03\/02\/w\/459\/m\/1271940729","keywords":["Actualit\u00e9","Divers","MOUVEMENT REFORMATEUR","Politique"],"articleSection":["Divers"],"inLanguage":"fr-FR","potentialAction":[{"@type":"CommentAction","name":"Comment","target":["https:\/\/www.frederic-poitou.com\/blog\/la-belgique-repart-en-vrille\/#respond"]}]},{"@type":"WebPage","@id":"https:\/\/www.frederic-poitou.com\/blog\/la-belgique-repart-en-vrille\/","url":"https:\/\/www.frederic-poitou.com\/blog\/la-belgique-repart-en-vrille\/","name":"LA BELGIQUE REPART EN VRILLE ... ! -","isPartOf":{"@id":"https:\/\/www.frederic-poitou.com\/blog\/#website"},"primaryImageOfPage":{"@id":"https:\/\/www.frederic-poitou.com\/blog\/la-belgique-repart-en-vrille\/#primaryimage"},"image":{"@id":"https:\/\/www.frederic-poitou.com\/blog\/la-belgique-repart-en-vrille\/#primaryimage"},"thumbnailUrl":"http:\/\/q.liberation.fr\/photo\/id\/142766\/r\/03\/02\/w\/459\/m\/1271940729","datePublished":"2023-07-15T03:59:32+00:00","dateModified":"2026-04-27T15:44:39+00:00","author":{"@id":"https:\/\/www.frederic-poitou.com\/blog\/#\/schema\/person\/e2c2d05e978747818533fdce859a7799"},"breadcrumb":{"@id":"https:\/\/www.frederic-poitou.com\/blog\/la-belgique-repart-en-vrille\/#breadcrumb"},"inLanguage":"fr-FR","potentialAction":[{"@type":"ReadAction","target":["https:\/\/www.frederic-poitou.com\/blog\/la-belgique-repart-en-vrille\/"]}]},{"@type":"ImageObject","inLanguage":"fr-FR","@id":"https:\/\/www.frederic-poitou.com\/blog\/la-belgique-repart-en-vrille\/#primaryimage","url":"http:\/\/q.liberation.fr\/photo\/id\/142766\/r\/03\/02\/w\/459\/m\/1271940729","contentUrl":"http:\/\/q.liberation.fr\/photo\/id\/142766\/r\/03\/02\/w\/459\/m\/1271940729"},{"@type":"BreadcrumbList","@id":"https:\/\/www.frederic-poitou.com\/blog\/la-belgique-repart-en-vrille\/#breadcrumb","itemListElement":[{"@type":"ListItem","position":1,"name":"Accueil","item":"https:\/\/www.frederic-poitou.com\/blog\/"},{"@type":"ListItem","position":2,"name":"LA BELGIQUE REPART EN VRILLE &#8230; !"}]},{"@type":"WebSite","@id":"https:\/\/www.frederic-poitou.com\/blog\/#website","url":"https:\/\/www.frederic-poitou.com\/blog\/","name":"","description":"","potentialAction":[{"@type":"SearchAction","target":{"@type":"EntryPoint","urlTemplate":"https:\/\/www.frederic-poitou.com\/blog\/?s={search_term_string}"},"query-input":{"@type":"PropertyValueSpecification","valueRequired":true,"valueName":"search_term_string"}}],"inLanguage":"fr-FR"},{"@type":"Person","@id":"https:\/\/www.frederic-poitou.com\/blog\/#\/schema\/person\/e2c2d05e978747818533fdce859a7799","name":"Fr\u00e9d\u00e9ric Poitou","image":{"@type":"ImageObject","inLanguage":"fr-FR","@id":"https:\/\/www.frederic-poitou.com\/blog\/#\/schema\/person\/image\/","url":"https:\/\/secure.gravatar.com\/avatar\/1933bcca279a2feafd35d9e0a080c521e11beb51115fe4cfe02e2586ac13424a?s=96&d=mm&r=g","contentUrl":"https:\/\/secure.gravatar.com\/avatar\/1933bcca279a2feafd35d9e0a080c521e11beb51115fe4cfe02e2586ac13424a?s=96&d=mm&r=g","caption":"Fr\u00e9d\u00e9ric Poitou"},"description":"Fr\u00e9d\u00e9ric Poitou est n\u00e9 \u00e0 Rouen, et y a fait des \u00e9tudes au Conservatoire en musique-\u00e9tudes en section piano. Il s'est ensuite orient\u00e9 vers des \u00e9tudes scientifiques o\u00f9 il a obtenu un dipl\u00f4me d'ing\u00e9nieur, puis un doctorat en Chimie. Il est Expert Judiciaire en France, en Belgique et \u00e0 Luxembourg, et agr\u00e9e par les Institutions Europ\u00e9ennes.","sameAs":["http:\/\/www.frederic-poitou.com","https:\/\/www.linkedin.com\/in\/frederic-poitou-b045a025\/"]}]}},"_links":{"self":[{"href":"http:\/\/www.frederic-poitou.com\/blog\/wp-json\/wp\/v2\/posts\/3081","targetHints":{"allow":["GET"]}}],"collection":[{"href":"http:\/\/www.frederic-poitou.com\/blog\/wp-json\/wp\/v2\/posts"}],"about":[{"href":"http:\/\/www.frederic-poitou.com\/blog\/wp-json\/wp\/v2\/types\/post"}],"author":[{"embeddable":true,"href":"http:\/\/www.frederic-poitou.com\/blog\/wp-json\/wp\/v2\/users\/4"}],"replies":[{"embeddable":true,"href":"http:\/\/www.frederic-poitou.com\/blog\/wp-json\/wp\/v2\/comments?post=3081"}],"version-history":[{"count":1,"href":"http:\/\/www.frederic-poitou.com\/blog\/wp-json\/wp\/v2\/posts\/3081\/revisions"}],"predecessor-version":[{"id":10028,"href":"http:\/\/www.frederic-poitou.com\/blog\/wp-json\/wp\/v2\/posts\/3081\/revisions\/10028"}],"wp:attachment":[{"href":"http:\/\/www.frederic-poitou.com\/blog\/wp-json\/wp\/v2\/media?parent=3081"}],"wp:term":[{"taxonomy":"category","embeddable":true,"href":"http:\/\/www.frederic-poitou.com\/blog\/wp-json\/wp\/v2\/categories?post=3081"},{"taxonomy":"post_tag","embeddable":true,"href":"http:\/\/www.frederic-poitou.com\/blog\/wp-json\/wp\/v2\/tags?post=3081"}],"curies":[{"name":"wp","href":"https:\/\/api.w.org\/{rel}","templated":true}]}}