{"id":2901,"date":"2023-07-15T14:12:32","date_gmt":"2023-07-15T12:12:32","guid":{"rendered":"http:\/\/www.frederic-poitou.com\/blog\/?p=2901"},"modified":"2026-04-30T11:46:15","modified_gmt":"2026-04-30T09:46:15","slug":"le-celibat-des-pretres","status":"publish","type":"post","link":"http:\/\/www.frederic-poitou.com\/blog\/le-celibat-des-pretres\/","title":{"rendered":"LE CELIBAT DES PR\u00caTRES"},"content":{"rendered":"<p>Les affaires de p\u00e9dophilie pour lesquelles le Pape a r\u00e9cemment demand\u00e9 pardon (sans toutefois condamner les coupables &#8230;) relancent la question du c\u00e9libat des pr\u00eatres.<\/p>\n<p>Il y avait \u00e0 ce sujet dimanche dernier, un excellent article dans la Provence. Six questions simples pos\u00e9es \u00e0 Nicolas de Br\u00e9mond d&rsquo;Ars, pr\u00eatre et sociologue \u00e0 EHESS donne quelques r\u00e9ponses simples, mais particuli\u00e8rement concises et pertinentes sur le sujet :\u00a0<span style=\"line-height: normal;\">Pour Nicolas de Bremond d&rsquo;Ars, le c\u00e9libat iI n&rsquo;est qu&rsquo;une tradition apparue pour la\u00a0premi\u00e8re fois au IV* si\u00e8cle.<\/span><\/p>\n<p style=\"margin: 0.0px 0.0px 0.0px 0.0px; font: 13.0px Georgia; min-height: 15.0px;\">&#8212;&#8212;&#8212;&#8212;&#8212;&#8212;&#8212;&#8212;&#8212;<\/p>\n<p style=\"margin: 0.0px 0.0px 0.0px 0.0px; font: 13.0px Georgia;\"><strong>Le c\u00e9libat des pr\u00eatres est-il pr\u00e9vu dans la Bible?<\/strong><\/p>\n<p style=\"margin: 0.0px 0.0px 0.0px 0.0px; font: 13.0px Georgia; min-height: 15.0px;\"><em>Absolument pas. D&rsquo;ailleurs, dans les \u00e9glises d&rsquo;Orient, qui d\u00e9pendent de Rome, le manage des pr\u00eatres est autoris\u00e9. En Occident, un pr\u00eatre qui se marierait conserverait le droit de dire la messe et de donner les sacrements. En fait, quand un pr\u00eatre se marie, c&rsquo;est son \u00e9v\u00eaque qui lui interdit de donner les sacrements, en se fondant sur la \u00ab\u00a0discipline\u00a0\u00bb.<\/em><\/p>\n<p style=\"margin: 0.0px 0.0px 0.0px 0.0px; font: 13.0px Georgia; min-height: 15.0px;\">\n<p style=\"margin: 0.0px 0.0px 0.0px 0.0px; font: 13.0px Georgia;\"><strong>Aucune bulle papale, aucune encyclique n&rsquo;oblige au c\u00e9libat des pr\u00eatres ?<\/strong><\/p>\n<p style=\"margin: 0.0px 0.0px 0.0px 0.0px; font: 13.0px Georgia; min-height: 15.0px;\"><em>Non. C&rsquo;est une tradition apparue au IV si\u00e8cle. Auparavant, les pr\u00eatres, et m\u00eame les \u00e9v\u00eaques, comme Saint-Hilaire fondateur du dioc\u00e8se de Poitiers, \u00e9taient mari\u00e9s. Mais ce si\u00e8cle a vu le d\u00e9veloppement des monast\u00e8res. Or les moines, eux, doivent \u00eatre c\u00e9libataires. Et comme les moines \u00e9lisaient les \u00e9v\u00eaques parmi eux, les \u00e9v\u00eaques se sont petit a petit retrouves c\u00e9libataires. Ensuite, au XIIeme si\u00e8cle, dans une Europe uniquement chr\u00e9tienne, il y a eu des rapports de forces tr\u00e8s durs entre I&rsquo;Eglise de Rome d&rsquo;une part, et les diff\u00e9rents rois de I&rsquo;autre. II en a r\u00e9sult\u00e9 une s\u00e9paration des pouvoirs : Le temporel pour les souverains, le spirituel pour I&rsquo;Eglise, dont les membres ont obtenu des avantages en mati\u00e8re d&rsquo;exemption d&rsquo;imp\u00f4ts notamment. En contrepartie, pour se diff\u00e9rencier du peuple, ils devaient se montrer irr\u00e9prochables, donc renoncer a la sexualit\u00e9. donc au manage&#8230;<\/em><\/p>\n<p style=\"margin: 0.0px 0.0px 0.0px 0.0px; font: 13.0px Georgia; min-height: 15.0px;\">\n<p style=\"margin: 0.0px 0.0px 0.0px 0.0px; font: 13.0px Georgia;\"><strong>Les chr\u00e9tiens de France seraient-ils favorables a cette r\u00e9volution ?<\/strong><\/p>\n<p style=\"margin: 0.0px 0.0px 0.0px 0.0px; font: 13.0px Georgia; min-height: 15.0px;\"><em>Le peuple, oui. Dans tous les synodes de dioc\u00e8se ou d&rsquo;\u00e9v\u00each\u00e9, cette question est toujours pos\u00e9e. Je pense que majoritairement les fid\u00e8les en Occident y sont favorables.<\/em><\/p>\n<p style=\"margin: 0.0px 0.0px 0.0px 0.0px; font: 13.0px Georgia; min-height: 15.0px;\">\n<p style=\"margin: 0.0px 0.0px 0.0px 0.0px; font: 13.0px Georgia;\"><strong>Puisque ce n&rsquo;est pas un probl\u00e8me th\u00e9ologique mais une question de discipline qui rel\u00e8ve des \u00e9v\u00eaques, pourquoi la conf\u00e9rence \u00e9piscopale ne r\u00e9alise pas ce que demandent les fid\u00e8les ?<\/strong><\/p>\n<p style=\"margin: 0.0px 0.0px 0.0px 0.0px; font: 13.0px Georgia; min-height: 15.0px;\"><em>La conf\u00e9rence des \u00e9v\u00eaques prend des positions coll\u00e9giales, or tous ne partagent pas le m\u00eame avis. De plus, le carri\u00e9risme existe aussi ici, et des \u00e9v\u00eaques qui veulent, par exemple, devenir cardinaux, ne veulent pas \u00eatre mal vus de Rome&#8230;<\/em><\/p>\n<p style=\"margin: 0.0px 0.0px 0.0px 0.0px; font: 13.0px Georgia; min-height: 15.0px;\">\n<p style=\"margin: 0.0px 0.0px 0.0px 0.0px; font: 13.0px Georgia;\"><strong>Car le pape, lui, y est selon vous oppose pour des raisons dogmatiques?<\/strong><\/p>\n<p style=\"margin: 0.0px 0.0px 0.0px 0.0px; font: 13.0px Georgia; min-height: 15.0px;\"><em>Peut-\u00eatre mais pas uniquement. Nous voyons cette question depuis notre point de vue d&rsquo;occidentaux, mais Rome doit aussi g\u00e9rer les \u00e9glises d&rsquo;Asie et d&rsquo;Afrique. Une telle \u00e9volution pourrait bouleverser les \u00e9quilibres sur ces continents. Je ne suis pas sur qu&rsquo;il y ait a Rome une seule personne qui ait les moyens intellectuels de penser la globalisation des cons\u00e9quences du mariage des pr\u00eatres dans I&rsquo;ensemble de la chr\u00e9tient\u00e9.<\/em><\/p>\n<p style=\"margin: 0.0px 0.0px 0.0px 0.0px; font: 13.0px Georgia; min-height: 15.0px;\">\n<p style=\"margin: 0.0px 0.0px 0.0px 0.0px; font: 13.0px Georgia;\"><strong>Quelles seraient les autres raisons de cette opposition ?<\/strong><\/p>\n<p style=\"margin: 0.0px 0.0px 0.0px 0.0px; font: 13.0px Georgia; min-height: 15.0px;\"><em>Rome vit toujours comme quand la chr\u00e9tient\u00e9 \u00e9tait la seule religion d&rsquo;Europe et qu&rsquo;elle d\u00e9tenait le pouvoir spirituel face au pouvoir temporel des \u00c9tats. Mais depuis, d&rsquo;autres religions se sont implant\u00e9es.<\/em><\/p>\n<p style=\"margin: 0.0px 0.0px 0.0px 0.0px; font: 13.0px Georgia;\"><em>Bien sur, I&rsquo;Eglise catholique s&rsquo;est engag\u00e9e dans un dialogue interreligieux. Mais en consid\u00e9rant pour soi-m\u00eame une place pr\u00e9\u00e9minente. Or, dans sa tour d&rsquo;ivoire, car les fid\u00e8les ne le vivent pas ainsi, renoncer au c\u00e9libat des pr\u00eatres serait pour le Vatican renoncer a sa pr\u00e9\u00e9minence dans I&rsquo;exercice du pouvoir spirituel en Europe.<\/em><\/p>\n<p style=\"margin: 0.0px 0.0px 0.0px 0.0px; font: 13.0px Georgia; min-height: 15.0px;\">\n<p style=\"margin: 0.0px 0.0px 0.0px 0.0px; font: 13.0px Georgia; min-height: 15.0px;\"><span style=\"color: #ffffff;\">&#8212;&#8212;&#8212;&#8212;&#8212;-<\/span><\/p>\n<p style=\"margin: 0.0px 0.0px 0.0px 0.0px; font: 13.0px Georgia; min-height: 15.0px;\">\n<p style=\"margin: 0.0px 0.0px 0.0px 0.0px; font: 13.0px Georgia;\">Propos recueillis par Thierry NOIR<\/p>\n<p style=\"margin: 0.0px 0.0px 0.0px 0.0px; font: 13.0px Georgia; min-height: 15.0px;\">\n<p style=\"margin: 0.0px 0.0px 0.0px 0.0px; font: 13.0px Georgia; min-height: 15.0px;\"><span style=\"color: #ffffff;\">&#8212;&#8212;&#8212;&#8212;&#8212;-<\/span><\/p>\n<p style=\"margin: 0.0px 0.0px 0.0px 0.0px; font: 13.0px Georgia;\"><em>* Nicolas de Bremond d&rsquo;Ars, 54 ans, ordonne pr\u00eatre en 1986, est sociologue a I&rsquo;Observatoire interdisciplinaire du fait religieux de I&rsquo;lnstitut des hautes \u00e9tudes en sciences sociales. Dernier ouvrage de sociologie paru: \u00ab\u00a0Dieu aime-t-il I&rsquo;argent?\u00a0\u00bb, \u00c9ditions I&rsquo;Harma<\/em><\/p>\n","protected":false},"excerpt":{"rendered":"<p>Les affaires de p\u00e9dophilie pour lesquelles le Pape a r\u00e9cemment demand\u00e9 pardon (sans toutefois condamner les coupables &#8230;) relancent la question du c\u00e9libat des pr\u00eatres. Il y avait \u00e0 ce sujet dimanche dernier, un excellent article dans la Provence. Six &hellip; <a href=\"http:\/\/www.frederic-poitou.com\/blog\/le-celibat-des-pretres\/\">Lire la suite\u00ad\u00ad<\/a><\/p>\n","protected":false},"author":4,"featured_media":0,"comment_status":"closed","ping_status":"open","sticky":false,"template":"","format":"standard","meta":{"kt_blocks_editor_width":"","_exactmetrics_skip_tracking":false,"_exactmetrics_sitenote_active":false,"_exactmetrics_sitenote_note":"","_exactmetrics_sitenote_category":0,"footnotes":""},"categories":[1],"tags":[27,16,24],"class_list":["post-2901","post","type-post","status-publish","format-standard","hentry","category-politique-economie","tag-actualite","tag-divers","tag-politique"],"yoast_head":"<!-- This site is optimized with the Yoast SEO plugin v27.1.1 - https:\/\/yoast.com\/product\/yoast-seo-wordpress\/ -->\n<title>LE CELIBAT DES PR\u00caTRES -<\/title>\n<meta name=\"robots\" content=\"index, follow, max-snippet:-1, max-image-preview:large, max-video-preview:-1\" \/>\n<link rel=\"canonical\" href=\"https:\/\/www.frederic-poitou.com\/blog\/le-celibat-des-pretres\/\" \/>\n<meta property=\"og:locale\" content=\"fr_FR\" \/>\n<meta property=\"og:type\" content=\"article\" \/>\n<meta property=\"og:title\" content=\"LE CELIBAT DES PR\u00caTRES -\" \/>\n<meta property=\"og:description\" content=\"Les affaires de p\u00e9dophilie pour lesquelles le Pape a r\u00e9cemment demand\u00e9 pardon (sans toutefois condamner les coupables &#8230;) relancent la question du c\u00e9libat des pr\u00eatres. Il y avait \u00e0 ce sujet dimanche dernier, un excellent article dans la Provence. Six &hellip; Lire la suite\u00ad\u00ad\" \/>\n<meta property=\"og:url\" content=\"https:\/\/www.frederic-poitou.com\/blog\/le-celibat-des-pretres\/\" \/>\n<meta property=\"article:publisher\" content=\"https:\/\/www.facebook.com\/frederic.poitou\/\" \/>\n<meta property=\"article:published_time\" content=\"2023-07-15T12:12:32+00:00\" \/>\n<meta property=\"article:modified_time\" content=\"2026-04-30T09:46:15+00:00\" \/>\n<meta name=\"author\" content=\"Fr\u00e9d\u00e9ric Poitou\" \/>\n<meta name=\"twitter:card\" content=\"summary_large_image\" \/>\n<meta name=\"twitter:creator\" content=\"@fredericpoitou\" \/>\n<meta name=\"twitter:site\" content=\"@fredericpoitou\" \/>\n<meta name=\"twitter:label1\" content=\"\u00c9crit par\" \/>\n\t<meta name=\"twitter:data1\" content=\"Fr\u00e9d\u00e9ric Poitou\" \/>\n\t<meta name=\"twitter:label2\" content=\"Dur\u00e9e de lecture estim\u00e9e\" \/>\n\t<meta name=\"twitter:data2\" content=\"3 minutes\" \/>\n<script type=\"application\/ld+json\" class=\"yoast-schema-graph\">{\"@context\":\"https:\/\/schema.org\",\"@graph\":[{\"@type\":\"Article\",\"@id\":\"https:\/\/www.frederic-poitou.com\/blog\/le-celibat-des-pretres\/#article\",\"isPartOf\":{\"@id\":\"https:\/\/www.frederic-poitou.com\/blog\/le-celibat-des-pretres\/\"},\"author\":{\"name\":\"Fr\u00e9d\u00e9ric Poitou\",\"@id\":\"https:\/\/www.frederic-poitou.com\/blog\/#\/schema\/person\/e2c2d05e978747818533fdce859a7799\"},\"headline\":\"LE CELIBAT DES PR\u00caTRES\",\"datePublished\":\"2023-07-15T12:12:32+00:00\",\"dateModified\":\"2026-04-30T09:46:15+00:00\",\"mainEntityOfPage\":{\"@id\":\"https:\/\/www.frederic-poitou.com\/blog\/le-celibat-des-pretres\/\"},\"wordCount\":732,\"keywords\":[\"Actualit\u00e9\",\"DIVERS\",\"Politique\"],\"articleSection\":[\"Divers\"],\"inLanguage\":\"fr-FR\"},{\"@type\":\"WebPage\",\"@id\":\"https:\/\/www.frederic-poitou.com\/blog\/le-celibat-des-pretres\/\",\"url\":\"https:\/\/www.frederic-poitou.com\/blog\/le-celibat-des-pretres\/\",\"name\":\"LE CELIBAT DES PR\u00caTRES -\",\"isPartOf\":{\"@id\":\"https:\/\/www.frederic-poitou.com\/blog\/#website\"},\"datePublished\":\"2023-07-15T12:12:32+00:00\",\"dateModified\":\"2026-04-30T09:46:15+00:00\",\"author\":{\"@id\":\"https:\/\/www.frederic-poitou.com\/blog\/#\/schema\/person\/e2c2d05e978747818533fdce859a7799\"},\"breadcrumb\":{\"@id\":\"https:\/\/www.frederic-poitou.com\/blog\/le-celibat-des-pretres\/#breadcrumb\"},\"inLanguage\":\"fr-FR\",\"potentialAction\":[{\"@type\":\"ReadAction\",\"target\":[\"https:\/\/www.frederic-poitou.com\/blog\/le-celibat-des-pretres\/\"]}]},{\"@type\":\"BreadcrumbList\",\"@id\":\"https:\/\/www.frederic-poitou.com\/blog\/le-celibat-des-pretres\/#breadcrumb\",\"itemListElement\":[{\"@type\":\"ListItem\",\"position\":1,\"name\":\"Accueil\",\"item\":\"https:\/\/www.frederic-poitou.com\/blog\/\"},{\"@type\":\"ListItem\",\"position\":2,\"name\":\"LE CELIBAT DES PR\u00caTRES\"}]},{\"@type\":\"WebSite\",\"@id\":\"https:\/\/www.frederic-poitou.com\/blog\/#website\",\"url\":\"https:\/\/www.frederic-poitou.com\/blog\/\",\"name\":\"\",\"description\":\"\",\"potentialAction\":[{\"@type\":\"SearchAction\",\"target\":{\"@type\":\"EntryPoint\",\"urlTemplate\":\"https:\/\/www.frederic-poitou.com\/blog\/?s={search_term_string}\"},\"query-input\":{\"@type\":\"PropertyValueSpecification\",\"valueRequired\":true,\"valueName\":\"search_term_string\"}}],\"inLanguage\":\"fr-FR\"},{\"@type\":\"Person\",\"@id\":\"https:\/\/www.frederic-poitou.com\/blog\/#\/schema\/person\/e2c2d05e978747818533fdce859a7799\",\"name\":\"Fr\u00e9d\u00e9ric Poitou\",\"image\":{\"@type\":\"ImageObject\",\"inLanguage\":\"fr-FR\",\"@id\":\"https:\/\/www.frederic-poitou.com\/blog\/#\/schema\/person\/image\/\",\"url\":\"https:\/\/secure.gravatar.com\/avatar\/1933bcca279a2feafd35d9e0a080c521e11beb51115fe4cfe02e2586ac13424a?s=96&d=mm&r=g\",\"contentUrl\":\"https:\/\/secure.gravatar.com\/avatar\/1933bcca279a2feafd35d9e0a080c521e11beb51115fe4cfe02e2586ac13424a?s=96&d=mm&r=g\",\"caption\":\"Fr\u00e9d\u00e9ric Poitou\"},\"description\":\"Fr\u00e9d\u00e9ric Poitou est n\u00e9 \u00e0 Rouen, et y a fait des \u00e9tudes au Conservatoire en musique-\u00e9tudes en section piano. Il s'est ensuite orient\u00e9 vers des \u00e9tudes scientifiques o\u00f9 il a obtenu un dipl\u00f4me d'ing\u00e9nieur, puis un doctorat en Chimie. Il est Expert Judiciaire en France, en Belgique et \u00e0 Luxembourg, et agr\u00e9e par les Institutions Europ\u00e9ennes.\",\"sameAs\":[\"http:\/\/www.frederic-poitou.com\",\"https:\/\/www.linkedin.com\/in\/frederic-poitou-b045a025\/\"]}]}<\/script>\n<!-- \/ Yoast SEO plugin. -->","yoast_head_json":{"title":"LE CELIBAT DES PR\u00caTRES -","robots":{"index":"index","follow":"follow","max-snippet":"max-snippet:-1","max-image-preview":"max-image-preview:large","max-video-preview":"max-video-preview:-1"},"canonical":"https:\/\/www.frederic-poitou.com\/blog\/le-celibat-des-pretres\/","og_locale":"fr_FR","og_type":"article","og_title":"LE CELIBAT DES PR\u00caTRES -","og_description":"Les affaires de p\u00e9dophilie pour lesquelles le Pape a r\u00e9cemment demand\u00e9 pardon (sans toutefois condamner les coupables &#8230;) relancent la question du c\u00e9libat des pr\u00eatres. Il y avait \u00e0 ce sujet dimanche dernier, un excellent article dans la Provence. Six &hellip; Lire la suite\u00ad\u00ad","og_url":"https:\/\/www.frederic-poitou.com\/blog\/le-celibat-des-pretres\/","article_publisher":"https:\/\/www.facebook.com\/frederic.poitou\/","article_published_time":"2023-07-15T12:12:32+00:00","article_modified_time":"2026-04-30T09:46:15+00:00","author":"Fr\u00e9d\u00e9ric Poitou","twitter_card":"summary_large_image","twitter_creator":"@fredericpoitou","twitter_site":"@fredericpoitou","twitter_misc":{"\u00c9crit par":"Fr\u00e9d\u00e9ric Poitou","Dur\u00e9e de lecture estim\u00e9e":"3 minutes"},"schema":{"@context":"https:\/\/schema.org","@graph":[{"@type":"Article","@id":"https:\/\/www.frederic-poitou.com\/blog\/le-celibat-des-pretres\/#article","isPartOf":{"@id":"https:\/\/www.frederic-poitou.com\/blog\/le-celibat-des-pretres\/"},"author":{"name":"Fr\u00e9d\u00e9ric Poitou","@id":"https:\/\/www.frederic-poitou.com\/blog\/#\/schema\/person\/e2c2d05e978747818533fdce859a7799"},"headline":"LE CELIBAT DES PR\u00caTRES","datePublished":"2023-07-15T12:12:32+00:00","dateModified":"2026-04-30T09:46:15+00:00","mainEntityOfPage":{"@id":"https:\/\/www.frederic-poitou.com\/blog\/le-celibat-des-pretres\/"},"wordCount":732,"keywords":["Actualit\u00e9","DIVERS","Politique"],"articleSection":["Divers"],"inLanguage":"fr-FR"},{"@type":"WebPage","@id":"https:\/\/www.frederic-poitou.com\/blog\/le-celibat-des-pretres\/","url":"https:\/\/www.frederic-poitou.com\/blog\/le-celibat-des-pretres\/","name":"LE CELIBAT DES PR\u00caTRES -","isPartOf":{"@id":"https:\/\/www.frederic-poitou.com\/blog\/#website"},"datePublished":"2023-07-15T12:12:32+00:00","dateModified":"2026-04-30T09:46:15+00:00","author":{"@id":"https:\/\/www.frederic-poitou.com\/blog\/#\/schema\/person\/e2c2d05e978747818533fdce859a7799"},"breadcrumb":{"@id":"https:\/\/www.frederic-poitou.com\/blog\/le-celibat-des-pretres\/#breadcrumb"},"inLanguage":"fr-FR","potentialAction":[{"@type":"ReadAction","target":["https:\/\/www.frederic-poitou.com\/blog\/le-celibat-des-pretres\/"]}]},{"@type":"BreadcrumbList","@id":"https:\/\/www.frederic-poitou.com\/blog\/le-celibat-des-pretres\/#breadcrumb","itemListElement":[{"@type":"ListItem","position":1,"name":"Accueil","item":"https:\/\/www.frederic-poitou.com\/blog\/"},{"@type":"ListItem","position":2,"name":"LE CELIBAT DES PR\u00caTRES"}]},{"@type":"WebSite","@id":"https:\/\/www.frederic-poitou.com\/blog\/#website","url":"https:\/\/www.frederic-poitou.com\/blog\/","name":"","description":"","potentialAction":[{"@type":"SearchAction","target":{"@type":"EntryPoint","urlTemplate":"https:\/\/www.frederic-poitou.com\/blog\/?s={search_term_string}"},"query-input":{"@type":"PropertyValueSpecification","valueRequired":true,"valueName":"search_term_string"}}],"inLanguage":"fr-FR"},{"@type":"Person","@id":"https:\/\/www.frederic-poitou.com\/blog\/#\/schema\/person\/e2c2d05e978747818533fdce859a7799","name":"Fr\u00e9d\u00e9ric Poitou","image":{"@type":"ImageObject","inLanguage":"fr-FR","@id":"https:\/\/www.frederic-poitou.com\/blog\/#\/schema\/person\/image\/","url":"https:\/\/secure.gravatar.com\/avatar\/1933bcca279a2feafd35d9e0a080c521e11beb51115fe4cfe02e2586ac13424a?s=96&d=mm&r=g","contentUrl":"https:\/\/secure.gravatar.com\/avatar\/1933bcca279a2feafd35d9e0a080c521e11beb51115fe4cfe02e2586ac13424a?s=96&d=mm&r=g","caption":"Fr\u00e9d\u00e9ric Poitou"},"description":"Fr\u00e9d\u00e9ric Poitou est n\u00e9 \u00e0 Rouen, et y a fait des \u00e9tudes au Conservatoire en musique-\u00e9tudes en section piano. Il s'est ensuite orient\u00e9 vers des \u00e9tudes scientifiques o\u00f9 il a obtenu un dipl\u00f4me d'ing\u00e9nieur, puis un doctorat en Chimie. Il est Expert Judiciaire en France, en Belgique et \u00e0 Luxembourg, et agr\u00e9e par les Institutions Europ\u00e9ennes.","sameAs":["http:\/\/www.frederic-poitou.com","https:\/\/www.linkedin.com\/in\/frederic-poitou-b045a025\/"]}]}},"_links":{"self":[{"href":"http:\/\/www.frederic-poitou.com\/blog\/wp-json\/wp\/v2\/posts\/2901","targetHints":{"allow":["GET"]}}],"collection":[{"href":"http:\/\/www.frederic-poitou.com\/blog\/wp-json\/wp\/v2\/posts"}],"about":[{"href":"http:\/\/www.frederic-poitou.com\/blog\/wp-json\/wp\/v2\/types\/post"}],"author":[{"embeddable":true,"href":"http:\/\/www.frederic-poitou.com\/blog\/wp-json\/wp\/v2\/users\/4"}],"replies":[{"embeddable":true,"href":"http:\/\/www.frederic-poitou.com\/blog\/wp-json\/wp\/v2\/comments?post=2901"}],"version-history":[{"count":1,"href":"http:\/\/www.frederic-poitou.com\/blog\/wp-json\/wp\/v2\/posts\/2901\/revisions"}],"predecessor-version":[{"id":9945,"href":"http:\/\/www.frederic-poitou.com\/blog\/wp-json\/wp\/v2\/posts\/2901\/revisions\/9945"}],"wp:attachment":[{"href":"http:\/\/www.frederic-poitou.com\/blog\/wp-json\/wp\/v2\/media?parent=2901"}],"wp:term":[{"taxonomy":"category","embeddable":true,"href":"http:\/\/www.frederic-poitou.com\/blog\/wp-json\/wp\/v2\/categories?post=2901"},{"taxonomy":"post_tag","embeddable":true,"href":"http:\/\/www.frederic-poitou.com\/blog\/wp-json\/wp\/v2\/tags?post=2901"}],"curies":[{"name":"wp","href":"https:\/\/api.w.org\/{rel}","templated":true}]}}