{"id":2300,"date":"2023-07-14T18:13:32","date_gmt":"2023-07-14T16:13:32","guid":{"rendered":"http:\/\/www.frederic-poitou.com\/blog\/?p=2300"},"modified":"2026-04-22T03:49:33","modified_gmt":"2026-04-22T01:49:33","slug":"au-theatre-ce-soir-a-coudoux","status":"publish","type":"post","link":"http:\/\/www.frederic-poitou.com\/blog\/au-theatre-ce-soir-a-coudoux\/","title":{"rendered":"AU THEATRE CE SOIR, A COUDOUX"},"content":{"rendered":"<p>Notre village produit aussi de la culture via ces habitants.<\/p>\n<p>Nous en avons eu ce soit une \u00e9clatante d\u00e9monstration avec la repr\u00e9sentation de la compagnie &lsquo;la Colline Douce\u00a0\u00bb, devant une assembl\u00e9ede plus de 200 personnes.<\/p>\n<p>Deux petites pi\u00e8ces (sayn\u00e8tes humoristiques, et deux femmes pour un fant\u00f4me) jou\u00e9es par des coudoucens, avec parfois humour, parfois tendresse, parfois m\u00e9lancolie.<\/p>\n<p>Mais avec beaucoup de passion, mise en sc\u00e8ne dans un d\u00e9cor simple, mais tr\u00e8s art-d\u00e9co, rendant notre salle des f\u00eates digne des plus belles soir\u00e9es t\u00e9l\u00e9vis\u00e9es du \u00ab\u00a0Th\u00e9\u00e2tre ce soir\u00a0\u00bb.<\/p>\n<p>Mention sp\u00e9ciale pour Mr Gimenez. Il a os\u00e9 se confronter au public, c&rsquo;est difficile, et il s&rsquo;en est tr\u00e8s bien sorti. Bref, un grand bravo \u00e0 tous.<\/p>\n<p>Seul mon appareil photo d\u00e9faillait, et je n&rsquo;ai malheureusement pas de photo \u00e0 vous proposer. Gageons que ceux qui liront cet article auront la bonne id\u00e9e de m&rsquo;en adresser une. Elle sera imm\u00e9diatement int\u00e9gr\u00e9e dans cet article !<\/p>\n<p>Merci la colline douce.<\/p>\n","protected":false},"excerpt":{"rendered":"<p>Notre village produit aussi de la culture via ces habitants. Nous en avons eu ce soit une \u00e9clatante d\u00e9monstration avec la repr\u00e9sentation de la compagnie &lsquo;la Colline Douce\u00a0\u00bb, devant une assembl\u00e9ede plus de 200 personnes. Deux petites pi\u00e8ces (sayn\u00e8tes humoristiques, &hellip; <a href=\"http:\/\/www.frederic-poitou.com\/blog\/au-theatre-ce-soir-a-coudoux\/\">Lire la suite\u00ad\u00ad<\/a><\/p>\n","protected":false},"author":4,"featured_media":0,"comment_status":"open","ping_status":"open","sticky":false,"template":"","format":"standard","meta":{"kt_blocks_editor_width":"","_exactmetrics_skip_tracking":false,"_exactmetrics_sitenote_active":false,"_exactmetrics_sitenote_note":"","_exactmetrics_sitenote_category":0,"footnotes":""},"categories":[48],"tags":[27,21],"class_list":["post-2300","post","type-post","status-publish","format-standard","hentry","category-accueil","tag-actualite","tag-arts-et-culture"],"yoast_head":"<!-- This site is optimized with the Yoast SEO plugin v27.1.1 - https:\/\/yoast.com\/product\/yoast-seo-wordpress\/ -->\n<title>AU THEATRE CE SOIR, A COUDOUX -<\/title>\n<meta name=\"robots\" content=\"index, follow, max-snippet:-1, max-image-preview:large, max-video-preview:-1\" \/>\n<link rel=\"canonical\" href=\"http:\/\/www.frederic-poitou.com\/blog\/au-theatre-ce-soir-a-coudoux\/\" \/>\n<meta property=\"og:locale\" content=\"fr_FR\" \/>\n<meta property=\"og:type\" content=\"article\" \/>\n<meta property=\"og:title\" content=\"AU THEATRE CE SOIR, A COUDOUX -\" \/>\n<meta property=\"og:description\" content=\"Notre village produit aussi de la culture via ces habitants. Nous en avons eu ce soit une \u00e9clatante d\u00e9monstration avec la repr\u00e9sentation de la compagnie &lsquo;la Colline Douce\u00a0\u00bb, devant une assembl\u00e9ede plus de 200 personnes. Deux petites pi\u00e8ces (sayn\u00e8tes humoristiques, &hellip; Lire la suite\u00ad\u00ad\" \/>\n<meta property=\"og:url\" content=\"http:\/\/www.frederic-poitou.com\/blog\/au-theatre-ce-soir-a-coudoux\/\" \/>\n<meta property=\"article:publisher\" content=\"https:\/\/www.facebook.com\/frederic.poitou\/\" \/>\n<meta property=\"article:published_time\" content=\"2023-07-14T16:13:32+00:00\" \/>\n<meta property=\"article:modified_time\" content=\"2026-04-22T01:49:33+00:00\" \/>\n<meta name=\"author\" content=\"Fr\u00e9d\u00e9ric Poitou\" \/>\n<meta name=\"twitter:card\" content=\"summary_large_image\" \/>\n<meta name=\"twitter:creator\" content=\"@fredericpoitou\" \/>\n<meta name=\"twitter:site\" content=\"@fredericpoitou\" \/>\n<meta name=\"twitter:label1\" content=\"\u00c9crit par\" \/>\n\t<meta name=\"twitter:data1\" content=\"Fr\u00e9d\u00e9ric Poitou\" \/>\n\t<meta name=\"twitter:label2\" content=\"Dur\u00e9e de lecture estim\u00e9e\" \/>\n\t<meta name=\"twitter:data2\" content=\"1 minute\" \/>\n<script type=\"application\/ld+json\" class=\"yoast-schema-graph\">{\"@context\":\"https:\/\/schema.org\",\"@graph\":[{\"@type\":\"Article\",\"@id\":\"http:\/\/www.frederic-poitou.com\/blog\/au-theatre-ce-soir-a-coudoux\/#article\",\"isPartOf\":{\"@id\":\"http:\/\/www.frederic-poitou.com\/blog\/au-theatre-ce-soir-a-coudoux\/\"},\"author\":{\"name\":\"Fr\u00e9d\u00e9ric Poitou\",\"@id\":\"https:\/\/www.frederic-poitou.com\/blog\/#\/schema\/person\/e2c2d05e978747818533fdce859a7799\"},\"headline\":\"AU THEATRE CE SOIR, A COUDOUX\",\"datePublished\":\"2023-07-14T16:13:32+00:00\",\"dateModified\":\"2026-04-22T01:49:33+00:00\",\"mainEntityOfPage\":{\"@id\":\"http:\/\/www.frederic-poitou.com\/blog\/au-theatre-ce-soir-a-coudoux\/\"},\"wordCount\":187,\"commentCount\":0,\"keywords\":[\"Actualit\u00e9\",\"Arts et Culture\"],\"articleSection\":[\"Accueil\"],\"inLanguage\":\"fr-FR\",\"potentialAction\":[{\"@type\":\"CommentAction\",\"name\":\"Comment\",\"target\":[\"http:\/\/www.frederic-poitou.com\/blog\/au-theatre-ce-soir-a-coudoux\/#respond\"]}]},{\"@type\":\"WebPage\",\"@id\":\"http:\/\/www.frederic-poitou.com\/blog\/au-theatre-ce-soir-a-coudoux\/\",\"url\":\"http:\/\/www.frederic-poitou.com\/blog\/au-theatre-ce-soir-a-coudoux\/\",\"name\":\"AU THEATRE CE SOIR, A COUDOUX -\",\"isPartOf\":{\"@id\":\"https:\/\/www.frederic-poitou.com\/blog\/#website\"},\"datePublished\":\"2023-07-14T16:13:32+00:00\",\"dateModified\":\"2026-04-22T01:49:33+00:00\",\"author\":{\"@id\":\"https:\/\/www.frederic-poitou.com\/blog\/#\/schema\/person\/e2c2d05e978747818533fdce859a7799\"},\"breadcrumb\":{\"@id\":\"http:\/\/www.frederic-poitou.com\/blog\/au-theatre-ce-soir-a-coudoux\/#breadcrumb\"},\"inLanguage\":\"fr-FR\",\"potentialAction\":[{\"@type\":\"ReadAction\",\"target\":[\"http:\/\/www.frederic-poitou.com\/blog\/au-theatre-ce-soir-a-coudoux\/\"]}]},{\"@type\":\"BreadcrumbList\",\"@id\":\"http:\/\/www.frederic-poitou.com\/blog\/au-theatre-ce-soir-a-coudoux\/#breadcrumb\",\"itemListElement\":[{\"@type\":\"ListItem\",\"position\":1,\"name\":\"Accueil\",\"item\":\"https:\/\/www.frederic-poitou.com\/blog\/\"},{\"@type\":\"ListItem\",\"position\":2,\"name\":\"AU THEATRE CE SOIR, A COUDOUX\"}]},{\"@type\":\"WebSite\",\"@id\":\"https:\/\/www.frederic-poitou.com\/blog\/#website\",\"url\":\"https:\/\/www.frederic-poitou.com\/blog\/\",\"name\":\"\",\"description\":\"\",\"potentialAction\":[{\"@type\":\"SearchAction\",\"target\":{\"@type\":\"EntryPoint\",\"urlTemplate\":\"https:\/\/www.frederic-poitou.com\/blog\/?s={search_term_string}\"},\"query-input\":{\"@type\":\"PropertyValueSpecification\",\"valueRequired\":true,\"valueName\":\"search_term_string\"}}],\"inLanguage\":\"fr-FR\"},{\"@type\":\"Person\",\"@id\":\"https:\/\/www.frederic-poitou.com\/blog\/#\/schema\/person\/e2c2d05e978747818533fdce859a7799\",\"name\":\"Fr\u00e9d\u00e9ric Poitou\",\"image\":{\"@type\":\"ImageObject\",\"inLanguage\":\"fr-FR\",\"@id\":\"https:\/\/www.frederic-poitou.com\/blog\/#\/schema\/person\/image\/\",\"url\":\"https:\/\/secure.gravatar.com\/avatar\/1933bcca279a2feafd35d9e0a080c521e11beb51115fe4cfe02e2586ac13424a?s=96&d=mm&r=g\",\"contentUrl\":\"https:\/\/secure.gravatar.com\/avatar\/1933bcca279a2feafd35d9e0a080c521e11beb51115fe4cfe02e2586ac13424a?s=96&d=mm&r=g\",\"caption\":\"Fr\u00e9d\u00e9ric Poitou\"},\"description\":\"Fr\u00e9d\u00e9ric Poitou est n\u00e9 \u00e0 Rouen, et y a fait des \u00e9tudes au Conservatoire en musique-\u00e9tudes en section piano. Il s'est ensuite orient\u00e9 vers des \u00e9tudes scientifiques o\u00f9 il a obtenu un dipl\u00f4me d'ing\u00e9nieur, puis un doctorat en Chimie. Il est Expert Judiciaire en France, en Belgique et \u00e0 Luxembourg, et agr\u00e9e par les Institutions Europ\u00e9ennes.\",\"sameAs\":[\"http:\/\/www.frederic-poitou.com\",\"https:\/\/www.linkedin.com\/in\/frederic-poitou-b045a025\/\"]}]}<\/script>\n<!-- \/ Yoast SEO plugin. -->","yoast_head_json":{"title":"AU THEATRE CE SOIR, A COUDOUX -","robots":{"index":"index","follow":"follow","max-snippet":"max-snippet:-1","max-image-preview":"max-image-preview:large","max-video-preview":"max-video-preview:-1"},"canonical":"http:\/\/www.frederic-poitou.com\/blog\/au-theatre-ce-soir-a-coudoux\/","og_locale":"fr_FR","og_type":"article","og_title":"AU THEATRE CE SOIR, A COUDOUX -","og_description":"Notre village produit aussi de la culture via ces habitants. Nous en avons eu ce soit une \u00e9clatante d\u00e9monstration avec la repr\u00e9sentation de la compagnie &lsquo;la Colline Douce\u00a0\u00bb, devant une assembl\u00e9ede plus de 200 personnes. Deux petites pi\u00e8ces (sayn\u00e8tes humoristiques, &hellip; Lire la suite\u00ad\u00ad","og_url":"http:\/\/www.frederic-poitou.com\/blog\/au-theatre-ce-soir-a-coudoux\/","article_publisher":"https:\/\/www.facebook.com\/frederic.poitou\/","article_published_time":"2023-07-14T16:13:32+00:00","article_modified_time":"2026-04-22T01:49:33+00:00","author":"Fr\u00e9d\u00e9ric Poitou","twitter_card":"summary_large_image","twitter_creator":"@fredericpoitou","twitter_site":"@fredericpoitou","twitter_misc":{"\u00c9crit par":"Fr\u00e9d\u00e9ric Poitou","Dur\u00e9e de lecture estim\u00e9e":"1 minute"},"schema":{"@context":"https:\/\/schema.org","@graph":[{"@type":"Article","@id":"http:\/\/www.frederic-poitou.com\/blog\/au-theatre-ce-soir-a-coudoux\/#article","isPartOf":{"@id":"http:\/\/www.frederic-poitou.com\/blog\/au-theatre-ce-soir-a-coudoux\/"},"author":{"name":"Fr\u00e9d\u00e9ric Poitou","@id":"https:\/\/www.frederic-poitou.com\/blog\/#\/schema\/person\/e2c2d05e978747818533fdce859a7799"},"headline":"AU THEATRE CE SOIR, A COUDOUX","datePublished":"2023-07-14T16:13:32+00:00","dateModified":"2026-04-22T01:49:33+00:00","mainEntityOfPage":{"@id":"http:\/\/www.frederic-poitou.com\/blog\/au-theatre-ce-soir-a-coudoux\/"},"wordCount":187,"commentCount":0,"keywords":["Actualit\u00e9","Arts et Culture"],"articleSection":["Accueil"],"inLanguage":"fr-FR","potentialAction":[{"@type":"CommentAction","name":"Comment","target":["http:\/\/www.frederic-poitou.com\/blog\/au-theatre-ce-soir-a-coudoux\/#respond"]}]},{"@type":"WebPage","@id":"http:\/\/www.frederic-poitou.com\/blog\/au-theatre-ce-soir-a-coudoux\/","url":"http:\/\/www.frederic-poitou.com\/blog\/au-theatre-ce-soir-a-coudoux\/","name":"AU THEATRE CE SOIR, A COUDOUX -","isPartOf":{"@id":"https:\/\/www.frederic-poitou.com\/blog\/#website"},"datePublished":"2023-07-14T16:13:32+00:00","dateModified":"2026-04-22T01:49:33+00:00","author":{"@id":"https:\/\/www.frederic-poitou.com\/blog\/#\/schema\/person\/e2c2d05e978747818533fdce859a7799"},"breadcrumb":{"@id":"http:\/\/www.frederic-poitou.com\/blog\/au-theatre-ce-soir-a-coudoux\/#breadcrumb"},"inLanguage":"fr-FR","potentialAction":[{"@type":"ReadAction","target":["http:\/\/www.frederic-poitou.com\/blog\/au-theatre-ce-soir-a-coudoux\/"]}]},{"@type":"BreadcrumbList","@id":"http:\/\/www.frederic-poitou.com\/blog\/au-theatre-ce-soir-a-coudoux\/#breadcrumb","itemListElement":[{"@type":"ListItem","position":1,"name":"Accueil","item":"https:\/\/www.frederic-poitou.com\/blog\/"},{"@type":"ListItem","position":2,"name":"AU THEATRE CE SOIR, A COUDOUX"}]},{"@type":"WebSite","@id":"https:\/\/www.frederic-poitou.com\/blog\/#website","url":"https:\/\/www.frederic-poitou.com\/blog\/","name":"","description":"","potentialAction":[{"@type":"SearchAction","target":{"@type":"EntryPoint","urlTemplate":"https:\/\/www.frederic-poitou.com\/blog\/?s={search_term_string}"},"query-input":{"@type":"PropertyValueSpecification","valueRequired":true,"valueName":"search_term_string"}}],"inLanguage":"fr-FR"},{"@type":"Person","@id":"https:\/\/www.frederic-poitou.com\/blog\/#\/schema\/person\/e2c2d05e978747818533fdce859a7799","name":"Fr\u00e9d\u00e9ric Poitou","image":{"@type":"ImageObject","inLanguage":"fr-FR","@id":"https:\/\/www.frederic-poitou.com\/blog\/#\/schema\/person\/image\/","url":"https:\/\/secure.gravatar.com\/avatar\/1933bcca279a2feafd35d9e0a080c521e11beb51115fe4cfe02e2586ac13424a?s=96&d=mm&r=g","contentUrl":"https:\/\/secure.gravatar.com\/avatar\/1933bcca279a2feafd35d9e0a080c521e11beb51115fe4cfe02e2586ac13424a?s=96&d=mm&r=g","caption":"Fr\u00e9d\u00e9ric Poitou"},"description":"Fr\u00e9d\u00e9ric Poitou est n\u00e9 \u00e0 Rouen, et y a fait des \u00e9tudes au Conservatoire en musique-\u00e9tudes en section piano. Il s'est ensuite orient\u00e9 vers des \u00e9tudes scientifiques o\u00f9 il a obtenu un dipl\u00f4me d'ing\u00e9nieur, puis un doctorat en Chimie. Il est Expert Judiciaire en France, en Belgique et \u00e0 Luxembourg, et agr\u00e9e par les Institutions Europ\u00e9ennes.","sameAs":["http:\/\/www.frederic-poitou.com","https:\/\/www.linkedin.com\/in\/frederic-poitou-b045a025\/"]}]}},"_links":{"self":[{"href":"http:\/\/www.frederic-poitou.com\/blog\/wp-json\/wp\/v2\/posts\/2300","targetHints":{"allow":["GET"]}}],"collection":[{"href":"http:\/\/www.frederic-poitou.com\/blog\/wp-json\/wp\/v2\/posts"}],"about":[{"href":"http:\/\/www.frederic-poitou.com\/blog\/wp-json\/wp\/v2\/types\/post"}],"author":[{"embeddable":true,"href":"http:\/\/www.frederic-poitou.com\/blog\/wp-json\/wp\/v2\/users\/4"}],"replies":[{"embeddable":true,"href":"http:\/\/www.frederic-poitou.com\/blog\/wp-json\/wp\/v2\/comments?post=2300"}],"version-history":[{"count":1,"href":"http:\/\/www.frederic-poitou.com\/blog\/wp-json\/wp\/v2\/posts\/2300\/revisions"}],"predecessor-version":[{"id":9939,"href":"http:\/\/www.frederic-poitou.com\/blog\/wp-json\/wp\/v2\/posts\/2300\/revisions\/9939"}],"wp:attachment":[{"href":"http:\/\/www.frederic-poitou.com\/blog\/wp-json\/wp\/v2\/media?parent=2300"}],"wp:term":[{"taxonomy":"category","embeddable":true,"href":"http:\/\/www.frederic-poitou.com\/blog\/wp-json\/wp\/v2\/categories?post=2300"},{"taxonomy":"post_tag","embeddable":true,"href":"http:\/\/www.frederic-poitou.com\/blog\/wp-json\/wp\/v2\/tags?post=2300"}],"curies":[{"name":"wp","href":"https:\/\/api.w.org\/{rel}","templated":true}]}}