{"id":2295,"date":"2023-07-14T14:01:32","date_gmt":"2023-07-14T12:01:32","guid":{"rendered":"http:\/\/www.frederic-poitou.com\/blog\/?p=2295"},"modified":"2026-04-20T16:49:02","modified_gmt":"2026-04-20T14:49:02","slug":"de-la-culture-pour-les-cites-vous-revez","status":"publish","type":"post","link":"http:\/\/www.frederic-poitou.com\/blog\/de-la-culture-pour-les-cites-vous-revez\/","title":{"rendered":"DE LA CULTURE POUR LES PAUVRES ? CA VA PAS ?"},"content":{"rendered":"<h5><em>L\u2019Orchestre National de Lille, dirig\u00e9 par Jean Claude CASADESUS a donn\u00e9 deux magnifiques concerts au Hong Kong Cultural Centre. Le chef d&rsquo;orchestre avait invit\u00e9 aux r\u00e9p\u00e9titions 500 \u00e9l\u00e8ves du Lyc\u00e9e fran\u00e7ais, issus de quartiers dits \u00ab\u00a0difficiles\u00a0\u00bb &#8230; (interview donn\u00e9 \u00e0 \u00ab\u00a0aujourd&rsquo;hui la Chine\u00a0\u00bb)<\/em><\/h5>\n<p style=\"margin: 0.0px 0.0px 0.0px 0.0px; font: 13.0px Helvetica;\">Les Casadesus sont une grande famille artistique\u00a0: Jean-Claude est le fils de la com\u00e9dienne Gis\u00e8le Casadesus, et le p\u00e8re de la chanteuse Caroline Casadesus (mari\u00e9e \u00e0 Didier Lockwood) et d&rsquo;Olivier Casadesus. Il est actuellement Chef du Philharmonique de Lille.<\/p>\n<p style=\"margin: 0.0px 0.0px 0.0px 0.0px; font: 13.0px Helvetica;\">Chef d&rsquo;orchestre prestigieux et personnalit\u00e9 d&rsquo;exception, Jean-Claude Casadesus est aussi connu pour sa passion \u00e0 transmettre la musique partout l\u00e0 o\u00f9 elle ne va que rarement : en prison, \u00e0 l&rsquo;h\u00f4pital, aupr\u00e8s des enfants.<\/p>\n<p style=\"margin: 0.0px 0.0px 0.0px 0.0px; font: 13.0px Helvetica;\">il partage sa passion avec les \u00e9tudiants de l&rsquo;Orchestre fran\u00e7ais des Jeunes, pr\u00e8s des musiciens de l&rsquo;Orchestre national de Lille, et m\u00eame devant des cadres de la grande distribution &#8230;<\/p>\n<p style=\"margin: 0.0px 0.0px 0.0px 0.0px; font: 13.0px Helvetica;\">Bravo Monsieur Casadesus. Vous \u00eates dans le vrai. Proposer l&rsquo;excellence aux enfants n\u00e9s dans les quartiers difficiles, comme vous l&rsquo;aviez d\u00e9j\u00e0 fait \u00e0 Douais, c&rsquo;est leur permettre de s&rsquo;\u00e9lever. L&rsquo;excellence ne se situe pas dans le nivellement par le bas, mais dans les propositions ambitieuses. Il suffit de s&rsquo;en donner les moyens &#8230;<\/p>\n<p style=\"margin: 0.0px 0.0px 0.0px 0.0px; font: 13.0px Helvetica;\">la culture doit \u00eatre sociale, non pas en la nivelant vers le bas, mais en l&rsquo;attirant vers le haut, vers l&rsquo;excellence.<\/p>\n<p style=\"margin: 0.0px 0.0px 0.0px 0.0px; font: 13.0px Helvetica;\">-:-:-:-:-:-:-:-:-:-:-:-:-:-:-:-:-:-:-:-:-:-:-:-:-:-:-:-:-:-:-:-:-:-:-:-:-:-:-:-:-:-:-:-:-:-:-:-:-:-:-:-:-:-:-:-:-:-:-:-:-:-:-:-:-:-:-:-:-:-:-:-:-:-:-:<\/p>\n<p><strong>C\u2019est assez exceptionnel qu\u2019un orchestre symphonique ouvre les portes des r\u00e9p\u00e9titions \u00e0 des enfants. Est-ce une volont\u00e9 de votre part, une action p\u00e9dagogique ?<\/strong><br \/>\n<img loading=\"lazy\" decoding=\"async\" class=\"alignleft size-full wp-image-9416\" src=\"http:\/\/www.frederic-poitou.com\/blog\/wp-content\/2009\/12\/AVT_Jean-Claude-Casadesus_9547.jpeg\" alt=\"\" width=\"265\" height=\"237\" \/><br \/>\nJe crois que c\u2019est tr\u00e8s important de contribuer \u00e0 cr\u00e9er un d\u00e9sir, notre mission d\u2019artistes implique de transmettre. Lorsque que j\u2019ai commenc\u00e9 avec mon orchestre dans le Nord, un de mes premiers objectifs a \u00e9t\u00e9 de r\u00e9unir des enfants qui n\u2019avaient aucune raison de rencontrer un orchestre symphonique et je crois qu\u2019ils ont ressenti \u00e7\u00e0 \u2013 surtout qu\u2019il s\u2019agissait d\u2019enfants de quartiers souvent difficiles \u2013 comme un hommage rendu \u00e0 leur jeune dignit\u00e9 de pouvoir assister \u00e0 ces r\u00e9p\u00e9titions o\u00f9 des adultes se mettent en question. De temps en temps, je les pla\u00e7ais \u00e0 c\u00f4t\u00e9 des musiciens pour qu\u2019ils voient comment se construit une symphonie ou un concerto. Ils ont pris conscience que la p\u00e9dagogie de l\u2019erreur qu\u2019on leur enseigne en classe \u00ab tu recommenceras jusqu\u2019\u00e0 ce que ce soit bien, que ce soit mieux \u00bb. Dans le fond, c\u2019est une valeur que nous nous appliquons tous les jours en essayant d\u2019\u00eatre meilleurs le lendemain que la veille, \u00e7\u00e0 donne du sens ! En plus, ils d\u00e9couvrent le plaisir du son, de la musique, de l\u2019harmonie \u00e0 laquelle ils assistent, et le but, c\u2019est d\u2019essayer de former, pas forc\u00e9ment des musiciens professionnels mais des m\u00e9lomanes, d\u2019essayer de transmettre ce qui est notre humus, c&rsquo;est-\u00e0-dire l\u2019\u00e9motion indicible qui est contenue dans la musique. Il faut donc avoir une orchestre de qualit\u00e9, montrer aux gens auxquels on essaye de transmettre notre \u00e9motion que l\u2019exigence est d\u2019abord la premi\u00e8re des valeurs auxquelles nous nous consacrons et puis ensuite, on voyage dans un pays magique ! C\u2019est un pays magique la musique, un pays o\u00f9 le r\u00eave est permis, o\u00f9 c\u2019est la traduction la plus po\u00e9tique de la vie et je crois que les enfants qui sont des \u00ab \u00e9ponges \u00bb sont tr\u00e8s sensibles \u00e0 ce qu\u2019on leur transmet. Et si on leur explique, si leurs professeurs suivent \u00e9videmment en amont puis ensuite en aval ce \u00e0 quoi ils ont assist\u00e9 et bien, on dit que la musique adoucit les m\u0153urs mais je crois qu\u2019elle contribue \u00e0 rester \u00e0 dimension humaine et \u00e0 r\u00e9duire les distances qui existent parfois entre les individus qui n\u2019ont jamais rencontr\u00e9 cette forme artistique.<\/p>\n<p><strong>Un retour aux sources en quelque sorte pour cette g\u00e9n\u00e9ration qui \u00e0 tendance \u00e0 ne conna\u00eetre que la musique \u00e9lectronique, cette rencontre leur a permis de d\u00e9couvrir que la musique se faisait avec des instruments acoustiques, les enfants ne l\u2019imaginaient pas et \u00e9taient comme dans un r\u00eave en sortant <\/strong>!<\/p>\n<p>C\u00e0 c\u2019est la r\u00e9compense ce que vous dites, c\u2019est un grand bonheur ! Les instruments acoustiques, c\u2019est la vie m\u00eame. Le musicien fabrique sa propre sonorit\u00e9, son propre son, c\u2019est une \u00e9ph\u00e9m\u00e9ride permanente. Nous sommes dans un \u00e9tat de tension, d\u2019urgence, de fragilit\u00e9 sur un plateau et, par opposition donc \u00e0 la musique \u00e9lectronique qui est enregistr\u00e9e, \u00ab pr\u00e9fabriqu\u00e9e \u00bb, \u00e7\u00e0 a quelque chose de tr\u00e8s humain, c&rsquo;est-\u00e0-dire que c\u2019est un artisanat qui est, Dieu merci, quelquefois transcend\u00e9 en art, mais c\u2019est d\u2019abord le savoir faire, le coup de crayon, le tour de main du bon artisan qui ensuite va pouvoir transmettre au fond son \u00e9motion. Et les enfants sont sensibles \u00e0 cela et \u00e0 Lille, dans mes abonnements aujourd\u2019hui, j\u2019ai un grand pourcentage de parents qui ont connus l\u2019Orchestre lorsqu\u2019ils avaient 8 ans qui viennent avec leurs enfants de 8 ans !<\/p>\n<p><strong>Cela a-t-il suscit\u00e9 des vocations ?<\/strong><\/p>\n<p>Oui, il y en a qui sont inscrits dans des \u00e9coles de musique, il y en a qui ont voulu jouer d\u2019un instrument et puis surtout, il y a aussi de bons m\u00e9lomanes et on a besoin de bons m\u00e9lomanes !<\/p>\n<p><strong>Un bilan de ce passage \u00e0 Hong Kong ?<\/strong><\/p>\n<p>Ce voyage \u00e0 Hong Kong est formidable, parce que c\u2019est la troisi\u00e8me fois que nous venons dans cette ville et c\u2019est une grande joie de pouvoir \u00eatre ambassadeurs de notre r\u00e9gion, de notre pays et de pouvoir transmettre au fond ce langage qui est le langage du c\u0153ur.<\/p>\n<p>&#8212;&#8212;&#8212;&#8212;&#8212;&#8212;&#8212;&#8212;&#8212;&#8212;&#8212;&#8212;&#8212;&#8212;&#8212;&#8212;&#8212;&#8212;&#8212;&#8212;&#8212;&#8212;&#8212;&#8212;&#8212;&#8212;&#8212;&#8212;&#8212;&#8212;&#8212;&#8212;&#8212;&#8212;&#8212;&#8212;&#8212;&#8212;&#8212;&#8212;&#8212;<\/p>\n","protected":false},"excerpt":{"rendered":"<p>L\u2019Orchestre National de Lille, dirig\u00e9 par Jean Claude CASADESUS a donn\u00e9 deux magnifiques concerts au Hong Kong Cultural Centre. Le chef d&rsquo;orchestre avait invit\u00e9 aux r\u00e9p\u00e9titions 500 \u00e9l\u00e8ves du Lyc\u00e9e fran\u00e7ais, issus de quartiers dits \u00ab\u00a0difficiles\u00a0\u00bb &#8230; (interview donn\u00e9 \u00e0 &hellip; <a href=\"http:\/\/www.frederic-poitou.com\/blog\/de-la-culture-pour-les-cites-vous-revez\/\">Lire la suite\u00ad\u00ad<\/a><\/p>\n","protected":false},"author":4,"featured_media":9416,"comment_status":"open","ping_status":"open","sticky":false,"template":"","format":"standard","meta":{"kt_blocks_editor_width":"","_exactmetrics_skip_tracking":false,"_exactmetrics_sitenote_active":false,"_exactmetrics_sitenote_note":"","_exactmetrics_sitenote_category":0,"footnotes":""},"categories":[44,1,51,54],"tags":[27,21,23,16,24],"class_list":["post-2295","post","type-post","status-publish","format-standard","has-post-thumbnail","hentry","category-culture","category-politique-economie","category-politique","category-societe","tag-actualite","tag-arts-et-culture","tag-belgique-2","tag-divers","tag-politique"],"yoast_head":"<!-- This site is optimized with the Yoast SEO plugin v27.1.1 - https:\/\/yoast.com\/product\/yoast-seo-wordpress\/ -->\n<title>DE LA CULTURE POUR LES PAUVRES ? CA VA PAS ? -<\/title>\n<meta name=\"robots\" content=\"index, follow, max-snippet:-1, max-image-preview:large, max-video-preview:-1\" \/>\n<link rel=\"canonical\" href=\"https:\/\/www.frederic-poitou.com\/blog\/de-la-culture-pour-les-cites-vous-revez\/\" \/>\n<meta property=\"og:locale\" content=\"fr_FR\" \/>\n<meta property=\"og:type\" content=\"article\" \/>\n<meta property=\"og:title\" content=\"DE LA CULTURE POUR LES PAUVRES ? CA VA PAS ? -\" \/>\n<meta property=\"og:description\" content=\"L\u2019Orchestre National de Lille, dirig\u00e9 par Jean Claude CASADESUS a donn\u00e9 deux magnifiques concerts au Hong Kong Cultural Centre. Le chef d&rsquo;orchestre avait invit\u00e9 aux r\u00e9p\u00e9titions 500 \u00e9l\u00e8ves du Lyc\u00e9e fran\u00e7ais, issus de quartiers dits \u00ab\u00a0difficiles\u00a0\u00bb &#8230; (interview donn\u00e9 \u00e0 &hellip; Lire la suite\u00ad\u00ad\" \/>\n<meta property=\"og:url\" content=\"https:\/\/www.frederic-poitou.com\/blog\/de-la-culture-pour-les-cites-vous-revez\/\" \/>\n<meta property=\"article:publisher\" content=\"https:\/\/www.facebook.com\/frederic.poitou\/\" \/>\n<meta property=\"article:published_time\" content=\"2023-07-14T12:01:32+00:00\" \/>\n<meta property=\"article:modified_time\" content=\"2026-04-20T14:49:02+00:00\" \/>\n<meta property=\"og:image\" content=\"https:\/\/www.frederic-poitou.com\/blog\/wp-content\/2009\/12\/AVT_Jean-Claude-Casadesus_9547.jpeg\" \/>\n\t<meta property=\"og:image:width\" content=\"265\" \/>\n\t<meta property=\"og:image:height\" content=\"237\" \/>\n\t<meta property=\"og:image:type\" content=\"image\/jpeg\" \/>\n<meta name=\"author\" content=\"Fr\u00e9d\u00e9ric Poitou\" \/>\n<meta name=\"twitter:card\" content=\"summary_large_image\" \/>\n<meta name=\"twitter:creator\" content=\"@fredericpoitou\" \/>\n<meta name=\"twitter:site\" content=\"@fredericpoitou\" \/>\n<meta name=\"twitter:label1\" content=\"\u00c9crit par\" \/>\n\t<meta name=\"twitter:data1\" content=\"Fr\u00e9d\u00e9ric Poitou\" \/>\n\t<meta name=\"twitter:label2\" content=\"Dur\u00e9e de lecture estim\u00e9e\" \/>\n\t<meta name=\"twitter:data2\" content=\"5 minutes\" \/>\n<script type=\"application\/ld+json\" class=\"yoast-schema-graph\">{\"@context\":\"https:\/\/schema.org\",\"@graph\":[{\"@type\":\"Article\",\"@id\":\"https:\/\/www.frederic-poitou.com\/blog\/de-la-culture-pour-les-cites-vous-revez\/#article\",\"isPartOf\":{\"@id\":\"https:\/\/www.frederic-poitou.com\/blog\/de-la-culture-pour-les-cites-vous-revez\/\"},\"author\":{\"name\":\"Fr\u00e9d\u00e9ric Poitou\",\"@id\":\"http:\/\/www.frederic-poitou.com\/blog\/#\/schema\/person\/e2c2d05e978747818533fdce859a7799\"},\"headline\":\"DE LA CULTURE POUR LES PAUVRES ? CA VA PAS ?\",\"datePublished\":\"2023-07-14T12:01:32+00:00\",\"dateModified\":\"2026-04-20T14:49:02+00:00\",\"mainEntityOfPage\":{\"@id\":\"https:\/\/www.frederic-poitou.com\/blog\/de-la-culture-pour-les-cites-vous-revez\/\"},\"wordCount\":1050,\"commentCount\":0,\"image\":{\"@id\":\"https:\/\/www.frederic-poitou.com\/blog\/de-la-culture-pour-les-cites-vous-revez\/#primaryimage\"},\"thumbnailUrl\":\"http:\/\/www.frederic-poitou.com\/blog\/wp-content\/2009\/12\/AVT_Jean-Claude-Casadesus_9547.jpeg\",\"keywords\":[\"Actualit\u00e9\",\"Arts et Culture\",\"Belgique\",\"DIVERS\",\"Politique\"],\"articleSection\":[\"Culture\",\"Divers\",\"Politique\",\"Soci\u00e9t\u00e9\"],\"inLanguage\":\"fr-FR\",\"potentialAction\":[{\"@type\":\"CommentAction\",\"name\":\"Comment\",\"target\":[\"https:\/\/www.frederic-poitou.com\/blog\/de-la-culture-pour-les-cites-vous-revez\/#respond\"]}]},{\"@type\":\"WebPage\",\"@id\":\"https:\/\/www.frederic-poitou.com\/blog\/de-la-culture-pour-les-cites-vous-revez\/\",\"url\":\"https:\/\/www.frederic-poitou.com\/blog\/de-la-culture-pour-les-cites-vous-revez\/\",\"name\":\"DE LA CULTURE POUR LES PAUVRES ? CA VA PAS ? -\",\"isPartOf\":{\"@id\":\"http:\/\/www.frederic-poitou.com\/blog\/#website\"},\"primaryImageOfPage\":{\"@id\":\"https:\/\/www.frederic-poitou.com\/blog\/de-la-culture-pour-les-cites-vous-revez\/#primaryimage\"},\"image\":{\"@id\":\"https:\/\/www.frederic-poitou.com\/blog\/de-la-culture-pour-les-cites-vous-revez\/#primaryimage\"},\"thumbnailUrl\":\"http:\/\/www.frederic-poitou.com\/blog\/wp-content\/2009\/12\/AVT_Jean-Claude-Casadesus_9547.jpeg\",\"datePublished\":\"2023-07-14T12:01:32+00:00\",\"dateModified\":\"2026-04-20T14:49:02+00:00\",\"author\":{\"@id\":\"http:\/\/www.frederic-poitou.com\/blog\/#\/schema\/person\/e2c2d05e978747818533fdce859a7799\"},\"breadcrumb\":{\"@id\":\"https:\/\/www.frederic-poitou.com\/blog\/de-la-culture-pour-les-cites-vous-revez\/#breadcrumb\"},\"inLanguage\":\"fr-FR\",\"potentialAction\":[{\"@type\":\"ReadAction\",\"target\":[\"https:\/\/www.frederic-poitou.com\/blog\/de-la-culture-pour-les-cites-vous-revez\/\"]}]},{\"@type\":\"ImageObject\",\"inLanguage\":\"fr-FR\",\"@id\":\"https:\/\/www.frederic-poitou.com\/blog\/de-la-culture-pour-les-cites-vous-revez\/#primaryimage\",\"url\":\"http:\/\/www.frederic-poitou.com\/blog\/wp-content\/2009\/12\/AVT_Jean-Claude-Casadesus_9547.jpeg\",\"contentUrl\":\"http:\/\/www.frederic-poitou.com\/blog\/wp-content\/2009\/12\/AVT_Jean-Claude-Casadesus_9547.jpeg\",\"width\":265,\"height\":237},{\"@type\":\"BreadcrumbList\",\"@id\":\"https:\/\/www.frederic-poitou.com\/blog\/de-la-culture-pour-les-cites-vous-revez\/#breadcrumb\",\"itemListElement\":[{\"@type\":\"ListItem\",\"position\":1,\"name\":\"Accueil\",\"item\":\"http:\/\/www.frederic-poitou.com\/blog\/\"},{\"@type\":\"ListItem\",\"position\":2,\"name\":\"DE LA CULTURE POUR LES PAUVRES ? CA VA PAS ?\"}]},{\"@type\":\"WebSite\",\"@id\":\"http:\/\/www.frederic-poitou.com\/blog\/#website\",\"url\":\"http:\/\/www.frederic-poitou.com\/blog\/\",\"name\":\"\",\"description\":\"\",\"potentialAction\":[{\"@type\":\"SearchAction\",\"target\":{\"@type\":\"EntryPoint\",\"urlTemplate\":\"http:\/\/www.frederic-poitou.com\/blog\/?s={search_term_string}\"},\"query-input\":{\"@type\":\"PropertyValueSpecification\",\"valueRequired\":true,\"valueName\":\"search_term_string\"}}],\"inLanguage\":\"fr-FR\"},{\"@type\":\"Person\",\"@id\":\"http:\/\/www.frederic-poitou.com\/blog\/#\/schema\/person\/e2c2d05e978747818533fdce859a7799\",\"name\":\"Fr\u00e9d\u00e9ric Poitou\",\"image\":{\"@type\":\"ImageObject\",\"inLanguage\":\"fr-FR\",\"@id\":\"http:\/\/www.frederic-poitou.com\/blog\/#\/schema\/person\/image\/\",\"url\":\"https:\/\/secure.gravatar.com\/avatar\/1933bcca279a2feafd35d9e0a080c521e11beb51115fe4cfe02e2586ac13424a?s=96&d=mm&r=g\",\"contentUrl\":\"https:\/\/secure.gravatar.com\/avatar\/1933bcca279a2feafd35d9e0a080c521e11beb51115fe4cfe02e2586ac13424a?s=96&d=mm&r=g\",\"caption\":\"Fr\u00e9d\u00e9ric Poitou\"},\"description\":\"Fr\u00e9d\u00e9ric Poitou est n\u00e9 \u00e0 Rouen, et y a fait des \u00e9tudes au Conservatoire en musique-\u00e9tudes en section piano. Il s'est ensuite orient\u00e9 vers des \u00e9tudes scientifiques o\u00f9 il a obtenu un dipl\u00f4me d'ing\u00e9nieur, puis un doctorat en Chimie. Il est Expert Judiciaire en France, en Belgique et \u00e0 Luxembourg, et agr\u00e9e par les Institutions Europ\u00e9ennes.\",\"sameAs\":[\"http:\/\/www.frederic-poitou.com\",\"https:\/\/www.linkedin.com\/in\/frederic-poitou-b045a025\/\"]}]}<\/script>\n<!-- \/ Yoast SEO plugin. -->","yoast_head_json":{"title":"DE LA CULTURE POUR LES PAUVRES ? CA VA PAS ? -","robots":{"index":"index","follow":"follow","max-snippet":"max-snippet:-1","max-image-preview":"max-image-preview:large","max-video-preview":"max-video-preview:-1"},"canonical":"https:\/\/www.frederic-poitou.com\/blog\/de-la-culture-pour-les-cites-vous-revez\/","og_locale":"fr_FR","og_type":"article","og_title":"DE LA CULTURE POUR LES PAUVRES ? CA VA PAS ? -","og_description":"L\u2019Orchestre National de Lille, dirig\u00e9 par Jean Claude CASADESUS a donn\u00e9 deux magnifiques concerts au Hong Kong Cultural Centre. Le chef d&rsquo;orchestre avait invit\u00e9 aux r\u00e9p\u00e9titions 500 \u00e9l\u00e8ves du Lyc\u00e9e fran\u00e7ais, issus de quartiers dits \u00ab\u00a0difficiles\u00a0\u00bb &#8230; (interview donn\u00e9 \u00e0 &hellip; Lire la suite\u00ad\u00ad","og_url":"https:\/\/www.frederic-poitou.com\/blog\/de-la-culture-pour-les-cites-vous-revez\/","article_publisher":"https:\/\/www.facebook.com\/frederic.poitou\/","article_published_time":"2023-07-14T12:01:32+00:00","article_modified_time":"2026-04-20T14:49:02+00:00","og_image":[{"width":265,"height":237,"url":"https:\/\/www.frederic-poitou.com\/blog\/wp-content\/2009\/12\/AVT_Jean-Claude-Casadesus_9547.jpeg","type":"image\/jpeg"}],"author":"Fr\u00e9d\u00e9ric Poitou","twitter_card":"summary_large_image","twitter_creator":"@fredericpoitou","twitter_site":"@fredericpoitou","twitter_misc":{"\u00c9crit par":"Fr\u00e9d\u00e9ric Poitou","Dur\u00e9e de lecture estim\u00e9e":"5 minutes"},"schema":{"@context":"https:\/\/schema.org","@graph":[{"@type":"Article","@id":"https:\/\/www.frederic-poitou.com\/blog\/de-la-culture-pour-les-cites-vous-revez\/#article","isPartOf":{"@id":"https:\/\/www.frederic-poitou.com\/blog\/de-la-culture-pour-les-cites-vous-revez\/"},"author":{"name":"Fr\u00e9d\u00e9ric Poitou","@id":"http:\/\/www.frederic-poitou.com\/blog\/#\/schema\/person\/e2c2d05e978747818533fdce859a7799"},"headline":"DE LA CULTURE POUR LES PAUVRES ? CA VA PAS ?","datePublished":"2023-07-14T12:01:32+00:00","dateModified":"2026-04-20T14:49:02+00:00","mainEntityOfPage":{"@id":"https:\/\/www.frederic-poitou.com\/blog\/de-la-culture-pour-les-cites-vous-revez\/"},"wordCount":1050,"commentCount":0,"image":{"@id":"https:\/\/www.frederic-poitou.com\/blog\/de-la-culture-pour-les-cites-vous-revez\/#primaryimage"},"thumbnailUrl":"http:\/\/www.frederic-poitou.com\/blog\/wp-content\/2009\/12\/AVT_Jean-Claude-Casadesus_9547.jpeg","keywords":["Actualit\u00e9","Arts et Culture","Belgique","DIVERS","Politique"],"articleSection":["Culture","Divers","Politique","Soci\u00e9t\u00e9"],"inLanguage":"fr-FR","potentialAction":[{"@type":"CommentAction","name":"Comment","target":["https:\/\/www.frederic-poitou.com\/blog\/de-la-culture-pour-les-cites-vous-revez\/#respond"]}]},{"@type":"WebPage","@id":"https:\/\/www.frederic-poitou.com\/blog\/de-la-culture-pour-les-cites-vous-revez\/","url":"https:\/\/www.frederic-poitou.com\/blog\/de-la-culture-pour-les-cites-vous-revez\/","name":"DE LA CULTURE POUR LES PAUVRES ? CA VA PAS ? -","isPartOf":{"@id":"http:\/\/www.frederic-poitou.com\/blog\/#website"},"primaryImageOfPage":{"@id":"https:\/\/www.frederic-poitou.com\/blog\/de-la-culture-pour-les-cites-vous-revez\/#primaryimage"},"image":{"@id":"https:\/\/www.frederic-poitou.com\/blog\/de-la-culture-pour-les-cites-vous-revez\/#primaryimage"},"thumbnailUrl":"http:\/\/www.frederic-poitou.com\/blog\/wp-content\/2009\/12\/AVT_Jean-Claude-Casadesus_9547.jpeg","datePublished":"2023-07-14T12:01:32+00:00","dateModified":"2026-04-20T14:49:02+00:00","author":{"@id":"http:\/\/www.frederic-poitou.com\/blog\/#\/schema\/person\/e2c2d05e978747818533fdce859a7799"},"breadcrumb":{"@id":"https:\/\/www.frederic-poitou.com\/blog\/de-la-culture-pour-les-cites-vous-revez\/#breadcrumb"},"inLanguage":"fr-FR","potentialAction":[{"@type":"ReadAction","target":["https:\/\/www.frederic-poitou.com\/blog\/de-la-culture-pour-les-cites-vous-revez\/"]}]},{"@type":"ImageObject","inLanguage":"fr-FR","@id":"https:\/\/www.frederic-poitou.com\/blog\/de-la-culture-pour-les-cites-vous-revez\/#primaryimage","url":"http:\/\/www.frederic-poitou.com\/blog\/wp-content\/2009\/12\/AVT_Jean-Claude-Casadesus_9547.jpeg","contentUrl":"http:\/\/www.frederic-poitou.com\/blog\/wp-content\/2009\/12\/AVT_Jean-Claude-Casadesus_9547.jpeg","width":265,"height":237},{"@type":"BreadcrumbList","@id":"https:\/\/www.frederic-poitou.com\/blog\/de-la-culture-pour-les-cites-vous-revez\/#breadcrumb","itemListElement":[{"@type":"ListItem","position":1,"name":"Accueil","item":"http:\/\/www.frederic-poitou.com\/blog\/"},{"@type":"ListItem","position":2,"name":"DE LA CULTURE POUR LES PAUVRES ? CA VA PAS ?"}]},{"@type":"WebSite","@id":"http:\/\/www.frederic-poitou.com\/blog\/#website","url":"http:\/\/www.frederic-poitou.com\/blog\/","name":"","description":"","potentialAction":[{"@type":"SearchAction","target":{"@type":"EntryPoint","urlTemplate":"http:\/\/www.frederic-poitou.com\/blog\/?s={search_term_string}"},"query-input":{"@type":"PropertyValueSpecification","valueRequired":true,"valueName":"search_term_string"}}],"inLanguage":"fr-FR"},{"@type":"Person","@id":"http:\/\/www.frederic-poitou.com\/blog\/#\/schema\/person\/e2c2d05e978747818533fdce859a7799","name":"Fr\u00e9d\u00e9ric Poitou","image":{"@type":"ImageObject","inLanguage":"fr-FR","@id":"http:\/\/www.frederic-poitou.com\/blog\/#\/schema\/person\/image\/","url":"https:\/\/secure.gravatar.com\/avatar\/1933bcca279a2feafd35d9e0a080c521e11beb51115fe4cfe02e2586ac13424a?s=96&d=mm&r=g","contentUrl":"https:\/\/secure.gravatar.com\/avatar\/1933bcca279a2feafd35d9e0a080c521e11beb51115fe4cfe02e2586ac13424a?s=96&d=mm&r=g","caption":"Fr\u00e9d\u00e9ric Poitou"},"description":"Fr\u00e9d\u00e9ric Poitou est n\u00e9 \u00e0 Rouen, et y a fait des \u00e9tudes au Conservatoire en musique-\u00e9tudes en section piano. Il s'est ensuite orient\u00e9 vers des \u00e9tudes scientifiques o\u00f9 il a obtenu un dipl\u00f4me d'ing\u00e9nieur, puis un doctorat en Chimie. Il est Expert Judiciaire en France, en Belgique et \u00e0 Luxembourg, et agr\u00e9e par les Institutions Europ\u00e9ennes.","sameAs":["http:\/\/www.frederic-poitou.com","https:\/\/www.linkedin.com\/in\/frederic-poitou-b045a025\/"]}]}},"_links":{"self":[{"href":"http:\/\/www.frederic-poitou.com\/blog\/wp-json\/wp\/v2\/posts\/2295","targetHints":{"allow":["GET"]}}],"collection":[{"href":"http:\/\/www.frederic-poitou.com\/blog\/wp-json\/wp\/v2\/posts"}],"about":[{"href":"http:\/\/www.frederic-poitou.com\/blog\/wp-json\/wp\/v2\/types\/post"}],"author":[{"embeddable":true,"href":"http:\/\/www.frederic-poitou.com\/blog\/wp-json\/wp\/v2\/users\/4"}],"replies":[{"embeddable":true,"href":"http:\/\/www.frederic-poitou.com\/blog\/wp-json\/wp\/v2\/comments?post=2295"}],"version-history":[{"count":2,"href":"http:\/\/www.frederic-poitou.com\/blog\/wp-json\/wp\/v2\/posts\/2295\/revisions"}],"predecessor-version":[{"id":9418,"href":"http:\/\/www.frederic-poitou.com\/blog\/wp-json\/wp\/v2\/posts\/2295\/revisions\/9418"}],"wp:featuredmedia":[{"embeddable":true,"href":"http:\/\/www.frederic-poitou.com\/blog\/wp-json\/wp\/v2\/media\/9416"}],"wp:attachment":[{"href":"http:\/\/www.frederic-poitou.com\/blog\/wp-json\/wp\/v2\/media?parent=2295"}],"wp:term":[{"taxonomy":"category","embeddable":true,"href":"http:\/\/www.frederic-poitou.com\/blog\/wp-json\/wp\/v2\/categories?post=2295"},{"taxonomy":"post_tag","embeddable":true,"href":"http:\/\/www.frederic-poitou.com\/blog\/wp-json\/wp\/v2\/tags?post=2295"}],"curies":[{"name":"wp","href":"https:\/\/api.w.org\/{rel}","templated":true}]}}