{"id":2285,"date":"2023-07-14T23:24:32","date_gmt":"2023-07-14T21:24:32","guid":{"rendered":"http:\/\/www.frederic-poitou.com\/blog\/?p=2285"},"modified":"2026-04-23T17:37:07","modified_gmt":"2026-04-23T15:37:07","slug":"lhomme-a-la-pipe-de-liege","status":"publish","type":"post","link":"http:\/\/www.frederic-poitou.com\/blog\/lhomme-a-la-pipe-de-liege\/","title":{"rendered":"L&rsquo;HOMME A LA PIPE DE LIEGE &#8230;"},"content":{"rendered":"<p>Connaissez vous l&rsquo;homme \u00e0 la Pipe de Li\u00e8ge ?<\/p>\n<p>Oui, bien sur. Il vous suffira d&rsquo;\u00e9couter les deux g\u00e9n\u00e9riques ci-apr\u00e8s pour le reconna\u00eetre. Il a jalonn\u00e9 les ann\u00e9es d&rsquo;or de la t\u00e9l\u00e9vision fran\u00e7aise, par l&rsquo;interm\u00e9diaire de Jean Gabin, puis Jean Richard, et a pris une autre dimension avec Bruno Cremer.<\/p>\n<p>Ainsi &#8230;<\/p>\n<div style=\"text-align: center;\"><object classid=\"clsid:d27cdb6e-ae6d-11cf-96b8-444553540000\" width=\"420\" height=\"339\" codebase=\"http:\/\/download.macromedia.com\/pub\/shockwave\/cabs\/flash\/swflash.cab#version=6,0,40,0\"><param name=\"allowFullScreen\" value=\"true\" \/><param name=\"allowScriptAccess\" value=\"always\" \/><param name=\"src\" value=\"http:\/\/www.dailymotion.com\/swf\/x7k19c\" \/><param name=\"allowfullscreen\" value=\"true\" \/><embed type=\"application\/x-shockwave-flash\" width=\"420\" height=\"339\" src=\"http:\/\/www.dailymotion.com\/swf\/x7k19c\" allowscriptaccess=\"always\" allowfullscreen=\"true\"><\/embed><\/object><\/div>\n<div style=\"text-align: left;\"><\/div>\n<div style=\"text-align: left;\">Une coprod France 2, RTBF, TV Suisse Romande bien sur !<\/div>\n<div style=\"text-align: left;\">En \u00e9coutant ca, on se croirait dans la R\u00e9publique Libre d&rsquo;Outre-Meuse &#8230; non ?<\/div>\n","protected":false},"excerpt":{"rendered":"<p>Connaissez vous l&rsquo;homme \u00e0 la Pipe de Li\u00e8ge ? Oui, bien sur. Il vous suffira d&rsquo;\u00e9couter les deux g\u00e9n\u00e9riques ci-apr\u00e8s pour le reconna\u00eetre. Il a jalonn\u00e9 les ann\u00e9es d&rsquo;or de la t\u00e9l\u00e9vision fran\u00e7aise, par l&rsquo;interm\u00e9diaire de Jean Gabin, puis Jean &hellip; <a href=\"http:\/\/www.frederic-poitou.com\/blog\/lhomme-a-la-pipe-de-liege\/\">Lire la suite\u00ad\u00ad<\/a><\/p>\n","protected":false},"author":4,"featured_media":0,"comment_status":"open","ping_status":"open","sticky":false,"template":"","format":"standard","meta":{"kt_blocks_editor_width":"","_exactmetrics_skip_tracking":false,"_exactmetrics_sitenote_active":false,"_exactmetrics_sitenote_note":"","_exactmetrics_sitenote_category":0,"footnotes":""},"categories":[48],"tags":[27,21],"class_list":["post-2285","post","type-post","status-publish","format-standard","hentry","category-accueil","tag-actualite","tag-arts-et-culture"],"yoast_head":"<!-- This site is optimized with the Yoast SEO plugin v27.1.1 - https:\/\/yoast.com\/product\/yoast-seo-wordpress\/ -->\n<title>L&#039;HOMME A LA PIPE DE LIEGE ... -<\/title>\n<meta name=\"robots\" content=\"index, follow, max-snippet:-1, max-image-preview:large, max-video-preview:-1\" \/>\n<link rel=\"canonical\" href=\"http:\/\/www.frederic-poitou.com\/blog\/lhomme-a-la-pipe-de-liege\/\" \/>\n<meta property=\"og:locale\" content=\"fr_FR\" \/>\n<meta property=\"og:type\" content=\"article\" \/>\n<meta property=\"og:title\" content=\"L&#039;HOMME A LA PIPE DE LIEGE ... -\" \/>\n<meta property=\"og:description\" content=\"Connaissez vous l&rsquo;homme \u00e0 la Pipe de Li\u00e8ge ? Oui, bien sur. Il vous suffira d&rsquo;\u00e9couter les deux g\u00e9n\u00e9riques ci-apr\u00e8s pour le reconna\u00eetre. Il a jalonn\u00e9 les ann\u00e9es d&rsquo;or de la t\u00e9l\u00e9vision fran\u00e7aise, par l&rsquo;interm\u00e9diaire de Jean Gabin, puis Jean &hellip; Lire la suite\u00ad\u00ad\" \/>\n<meta property=\"og:url\" content=\"http:\/\/www.frederic-poitou.com\/blog\/lhomme-a-la-pipe-de-liege\/\" \/>\n<meta property=\"article:publisher\" content=\"https:\/\/www.facebook.com\/frederic.poitou\/\" \/>\n<meta property=\"article:published_time\" content=\"2023-07-14T21:24:32+00:00\" \/>\n<meta property=\"article:modified_time\" content=\"2026-04-23T15:37:07+00:00\" \/>\n<meta name=\"author\" content=\"Fr\u00e9d\u00e9ric Poitou\" \/>\n<meta name=\"twitter:card\" content=\"summary_large_image\" \/>\n<meta name=\"twitter:creator\" content=\"@fredericpoitou\" \/>\n<meta name=\"twitter:site\" content=\"@fredericpoitou\" \/>\n<meta name=\"twitter:label1\" content=\"\u00c9crit par\" \/>\n\t<meta name=\"twitter:data1\" content=\"Fr\u00e9d\u00e9ric Poitou\" \/>\n<script type=\"application\/ld+json\" class=\"yoast-schema-graph\">{\"@context\":\"https:\/\/schema.org\",\"@graph\":[{\"@type\":\"Article\",\"@id\":\"http:\/\/www.frederic-poitou.com\/blog\/lhomme-a-la-pipe-de-liege\/#article\",\"isPartOf\":{\"@id\":\"http:\/\/www.frederic-poitou.com\/blog\/lhomme-a-la-pipe-de-liege\/\"},\"author\":{\"name\":\"Fr\u00e9d\u00e9ric Poitou\",\"@id\":\"http:\/\/www.frederic-poitou.com\/blog\/#\/schema\/person\/e2c2d05e978747818533fdce859a7799\"},\"headline\":\"L&rsquo;HOMME A LA PIPE DE LIEGE &#8230;\",\"datePublished\":\"2023-07-14T21:24:32+00:00\",\"dateModified\":\"2026-04-23T15:37:07+00:00\",\"mainEntityOfPage\":{\"@id\":\"http:\/\/www.frederic-poitou.com\/blog\/lhomme-a-la-pipe-de-liege\/\"},\"wordCount\":93,\"commentCount\":0,\"keywords\":[\"Actualit\u00e9\",\"Arts et Culture\"],\"articleSection\":[\"Accueil\"],\"inLanguage\":\"fr-FR\",\"potentialAction\":[{\"@type\":\"CommentAction\",\"name\":\"Comment\",\"target\":[\"http:\/\/www.frederic-poitou.com\/blog\/lhomme-a-la-pipe-de-liege\/#respond\"]}]},{\"@type\":\"WebPage\",\"@id\":\"http:\/\/www.frederic-poitou.com\/blog\/lhomme-a-la-pipe-de-liege\/\",\"url\":\"http:\/\/www.frederic-poitou.com\/blog\/lhomme-a-la-pipe-de-liege\/\",\"name\":\"L'HOMME A LA PIPE DE LIEGE ... -\",\"isPartOf\":{\"@id\":\"http:\/\/www.frederic-poitou.com\/blog\/#website\"},\"datePublished\":\"2023-07-14T21:24:32+00:00\",\"dateModified\":\"2026-04-23T15:37:07+00:00\",\"author\":{\"@id\":\"http:\/\/www.frederic-poitou.com\/blog\/#\/schema\/person\/e2c2d05e978747818533fdce859a7799\"},\"breadcrumb\":{\"@id\":\"http:\/\/www.frederic-poitou.com\/blog\/lhomme-a-la-pipe-de-liege\/#breadcrumb\"},\"inLanguage\":\"fr-FR\",\"potentialAction\":[{\"@type\":\"ReadAction\",\"target\":[\"http:\/\/www.frederic-poitou.com\/blog\/lhomme-a-la-pipe-de-liege\/\"]}]},{\"@type\":\"BreadcrumbList\",\"@id\":\"http:\/\/www.frederic-poitou.com\/blog\/lhomme-a-la-pipe-de-liege\/#breadcrumb\",\"itemListElement\":[{\"@type\":\"ListItem\",\"position\":1,\"name\":\"Accueil\",\"item\":\"http:\/\/www.frederic-poitou.com\/blog\/\"},{\"@type\":\"ListItem\",\"position\":2,\"name\":\"L&rsquo;HOMME A LA PIPE DE LIEGE &#8230;\"}]},{\"@type\":\"WebSite\",\"@id\":\"http:\/\/www.frederic-poitou.com\/blog\/#website\",\"url\":\"http:\/\/www.frederic-poitou.com\/blog\/\",\"name\":\"\",\"description\":\"\",\"potentialAction\":[{\"@type\":\"SearchAction\",\"target\":{\"@type\":\"EntryPoint\",\"urlTemplate\":\"http:\/\/www.frederic-poitou.com\/blog\/?s={search_term_string}\"},\"query-input\":{\"@type\":\"PropertyValueSpecification\",\"valueRequired\":true,\"valueName\":\"search_term_string\"}}],\"inLanguage\":\"fr-FR\"},{\"@type\":\"Person\",\"@id\":\"http:\/\/www.frederic-poitou.com\/blog\/#\/schema\/person\/e2c2d05e978747818533fdce859a7799\",\"name\":\"Fr\u00e9d\u00e9ric Poitou\",\"image\":{\"@type\":\"ImageObject\",\"inLanguage\":\"fr-FR\",\"@id\":\"http:\/\/www.frederic-poitou.com\/blog\/#\/schema\/person\/image\/\",\"url\":\"https:\/\/secure.gravatar.com\/avatar\/1933bcca279a2feafd35d9e0a080c521e11beb51115fe4cfe02e2586ac13424a?s=96&d=mm&r=g\",\"contentUrl\":\"https:\/\/secure.gravatar.com\/avatar\/1933bcca279a2feafd35d9e0a080c521e11beb51115fe4cfe02e2586ac13424a?s=96&d=mm&r=g\",\"caption\":\"Fr\u00e9d\u00e9ric Poitou\"},\"description\":\"Fr\u00e9d\u00e9ric Poitou est n\u00e9 \u00e0 Rouen, et y a fait des \u00e9tudes au Conservatoire en musique-\u00e9tudes en section piano. Il s'est ensuite orient\u00e9 vers des \u00e9tudes scientifiques o\u00f9 il a obtenu un dipl\u00f4me d'ing\u00e9nieur, puis un doctorat en Chimie. Il est Expert Judiciaire en France, en Belgique et \u00e0 Luxembourg, et agr\u00e9e par les Institutions Europ\u00e9ennes.\",\"sameAs\":[\"http:\/\/www.frederic-poitou.com\",\"https:\/\/www.linkedin.com\/in\/frederic-poitou-b045a025\/\"]}]}<\/script>\n<!-- \/ Yoast SEO plugin. -->","yoast_head_json":{"title":"L'HOMME A LA PIPE DE LIEGE ... -","robots":{"index":"index","follow":"follow","max-snippet":"max-snippet:-1","max-image-preview":"max-image-preview:large","max-video-preview":"max-video-preview:-1"},"canonical":"http:\/\/www.frederic-poitou.com\/blog\/lhomme-a-la-pipe-de-liege\/","og_locale":"fr_FR","og_type":"article","og_title":"L'HOMME A LA PIPE DE LIEGE ... -","og_description":"Connaissez vous l&rsquo;homme \u00e0 la Pipe de Li\u00e8ge ? Oui, bien sur. Il vous suffira d&rsquo;\u00e9couter les deux g\u00e9n\u00e9riques ci-apr\u00e8s pour le reconna\u00eetre. Il a jalonn\u00e9 les ann\u00e9es d&rsquo;or de la t\u00e9l\u00e9vision fran\u00e7aise, par l&rsquo;interm\u00e9diaire de Jean Gabin, puis Jean &hellip; Lire la suite\u00ad\u00ad","og_url":"http:\/\/www.frederic-poitou.com\/blog\/lhomme-a-la-pipe-de-liege\/","article_publisher":"https:\/\/www.facebook.com\/frederic.poitou\/","article_published_time":"2023-07-14T21:24:32+00:00","article_modified_time":"2026-04-23T15:37:07+00:00","author":"Fr\u00e9d\u00e9ric Poitou","twitter_card":"summary_large_image","twitter_creator":"@fredericpoitou","twitter_site":"@fredericpoitou","twitter_misc":{"\u00c9crit par":"Fr\u00e9d\u00e9ric Poitou"},"schema":{"@context":"https:\/\/schema.org","@graph":[{"@type":"Article","@id":"http:\/\/www.frederic-poitou.com\/blog\/lhomme-a-la-pipe-de-liege\/#article","isPartOf":{"@id":"http:\/\/www.frederic-poitou.com\/blog\/lhomme-a-la-pipe-de-liege\/"},"author":{"name":"Fr\u00e9d\u00e9ric Poitou","@id":"http:\/\/www.frederic-poitou.com\/blog\/#\/schema\/person\/e2c2d05e978747818533fdce859a7799"},"headline":"L&rsquo;HOMME A LA PIPE DE LIEGE &#8230;","datePublished":"2023-07-14T21:24:32+00:00","dateModified":"2026-04-23T15:37:07+00:00","mainEntityOfPage":{"@id":"http:\/\/www.frederic-poitou.com\/blog\/lhomme-a-la-pipe-de-liege\/"},"wordCount":93,"commentCount":0,"keywords":["Actualit\u00e9","Arts et Culture"],"articleSection":["Accueil"],"inLanguage":"fr-FR","potentialAction":[{"@type":"CommentAction","name":"Comment","target":["http:\/\/www.frederic-poitou.com\/blog\/lhomme-a-la-pipe-de-liege\/#respond"]}]},{"@type":"WebPage","@id":"http:\/\/www.frederic-poitou.com\/blog\/lhomme-a-la-pipe-de-liege\/","url":"http:\/\/www.frederic-poitou.com\/blog\/lhomme-a-la-pipe-de-liege\/","name":"L'HOMME A LA PIPE DE LIEGE ... -","isPartOf":{"@id":"http:\/\/www.frederic-poitou.com\/blog\/#website"},"datePublished":"2023-07-14T21:24:32+00:00","dateModified":"2026-04-23T15:37:07+00:00","author":{"@id":"http:\/\/www.frederic-poitou.com\/blog\/#\/schema\/person\/e2c2d05e978747818533fdce859a7799"},"breadcrumb":{"@id":"http:\/\/www.frederic-poitou.com\/blog\/lhomme-a-la-pipe-de-liege\/#breadcrumb"},"inLanguage":"fr-FR","potentialAction":[{"@type":"ReadAction","target":["http:\/\/www.frederic-poitou.com\/blog\/lhomme-a-la-pipe-de-liege\/"]}]},{"@type":"BreadcrumbList","@id":"http:\/\/www.frederic-poitou.com\/blog\/lhomme-a-la-pipe-de-liege\/#breadcrumb","itemListElement":[{"@type":"ListItem","position":1,"name":"Accueil","item":"http:\/\/www.frederic-poitou.com\/blog\/"},{"@type":"ListItem","position":2,"name":"L&rsquo;HOMME A LA PIPE DE LIEGE &#8230;"}]},{"@type":"WebSite","@id":"http:\/\/www.frederic-poitou.com\/blog\/#website","url":"http:\/\/www.frederic-poitou.com\/blog\/","name":"","description":"","potentialAction":[{"@type":"SearchAction","target":{"@type":"EntryPoint","urlTemplate":"http:\/\/www.frederic-poitou.com\/blog\/?s={search_term_string}"},"query-input":{"@type":"PropertyValueSpecification","valueRequired":true,"valueName":"search_term_string"}}],"inLanguage":"fr-FR"},{"@type":"Person","@id":"http:\/\/www.frederic-poitou.com\/blog\/#\/schema\/person\/e2c2d05e978747818533fdce859a7799","name":"Fr\u00e9d\u00e9ric Poitou","image":{"@type":"ImageObject","inLanguage":"fr-FR","@id":"http:\/\/www.frederic-poitou.com\/blog\/#\/schema\/person\/image\/","url":"https:\/\/secure.gravatar.com\/avatar\/1933bcca279a2feafd35d9e0a080c521e11beb51115fe4cfe02e2586ac13424a?s=96&d=mm&r=g","contentUrl":"https:\/\/secure.gravatar.com\/avatar\/1933bcca279a2feafd35d9e0a080c521e11beb51115fe4cfe02e2586ac13424a?s=96&d=mm&r=g","caption":"Fr\u00e9d\u00e9ric Poitou"},"description":"Fr\u00e9d\u00e9ric Poitou est n\u00e9 \u00e0 Rouen, et y a fait des \u00e9tudes au Conservatoire en musique-\u00e9tudes en section piano. Il s'est ensuite orient\u00e9 vers des \u00e9tudes scientifiques o\u00f9 il a obtenu un dipl\u00f4me d'ing\u00e9nieur, puis un doctorat en Chimie. Il est Expert Judiciaire en France, en Belgique et \u00e0 Luxembourg, et agr\u00e9e par les Institutions Europ\u00e9ennes.","sameAs":["http:\/\/www.frederic-poitou.com","https:\/\/www.linkedin.com\/in\/frederic-poitou-b045a025\/"]}]}},"_links":{"self":[{"href":"http:\/\/www.frederic-poitou.com\/blog\/wp-json\/wp\/v2\/posts\/2285","targetHints":{"allow":["GET"]}}],"collection":[{"href":"http:\/\/www.frederic-poitou.com\/blog\/wp-json\/wp\/v2\/posts"}],"about":[{"href":"http:\/\/www.frederic-poitou.com\/blog\/wp-json\/wp\/v2\/types\/post"}],"author":[{"embeddable":true,"href":"http:\/\/www.frederic-poitou.com\/blog\/wp-json\/wp\/v2\/users\/4"}],"replies":[{"embeddable":true,"href":"http:\/\/www.frederic-poitou.com\/blog\/wp-json\/wp\/v2\/comments?post=2285"}],"version-history":[{"count":1,"href":"http:\/\/www.frederic-poitou.com\/blog\/wp-json\/wp\/v2\/posts\/2285\/revisions"}],"predecessor-version":[{"id":9890,"href":"http:\/\/www.frederic-poitou.com\/blog\/wp-json\/wp\/v2\/posts\/2285\/revisions\/9890"}],"wp:attachment":[{"href":"http:\/\/www.frederic-poitou.com\/blog\/wp-json\/wp\/v2\/media?parent=2285"}],"wp:term":[{"taxonomy":"category","embeddable":true,"href":"http:\/\/www.frederic-poitou.com\/blog\/wp-json\/wp\/v2\/categories?post=2285"},{"taxonomy":"post_tag","embeddable":true,"href":"http:\/\/www.frederic-poitou.com\/blog\/wp-json\/wp\/v2\/tags?post=2285"}],"curies":[{"name":"wp","href":"https:\/\/api.w.org\/{rel}","templated":true}]}}