{"id":2273,"date":"2023-07-14T18:07:32","date_gmt":"2023-07-14T16:07:32","guid":{"rendered":"http:\/\/www.frederic-poitou.com\/blog\/?p=2273"},"modified":"2026-04-22T03:47:39","modified_gmt":"2026-04-22T01:47:39","slug":"sondage-sur-les-clochers-en-arabie-saoudite","status":"publish","type":"post","link":"http:\/\/www.frederic-poitou.com\/blog\/sondage-sur-les-clochers-en-arabie-saoudite\/","title":{"rendered":"SONDAGE SUR LES CLOCHERS EN ARABIE SAOUDITE."},"content":{"rendered":"<p style=\"text-align: left;\">Actuellement, un grand d\u00e9bat s&rsquo;impose en Europe, en Suisse en particulier sur les minarets que la communaut\u00e9 musulmane souhaiterait construire.<\/p>\n<p style=\"text-align: left;\">Je n&rsquo;ai aucun commentaire \u00e0 ce sujet, mais la communaut\u00e9 catholique d&rsquo;Arabie Saoudite a elle aussi sollicit\u00e9 r\u00e9cemment l&rsquo;autorisation de construire une Eglise avec un clocher sur le territoire Saoudien.<\/p>\n<p style=\"text-align: left;\">C&rsquo;est amusant, car ce serait une juste \u00e9quit\u00e9, non ?<\/p>\n<p style=\"text-align: left;\">Et vous, qu&rsquo;en pensez vous ?<\/p>\n<p style=\"text-align: center;\">[polldaddy poll=\u00a0\u00bb2363291&Prime;]\n","protected":false},"excerpt":{"rendered":"<p>Actuellement, un grand d\u00e9bat s&rsquo;impose en Europe, en Suisse en particulier sur les minarets que la communaut\u00e9 musulmane souhaiterait construire. Je n&rsquo;ai aucun commentaire \u00e0 ce sujet, mais la communaut\u00e9 catholique d&rsquo;Arabie Saoudite a elle aussi sollicit\u00e9 r\u00e9cemment l&rsquo;autorisation de &hellip; <a href=\"http:\/\/www.frederic-poitou.com\/blog\/sondage-sur-les-clochers-en-arabie-saoudite\/\">Lire la suite\u00ad\u00ad<\/a><\/p>\n","protected":false},"author":4,"featured_media":0,"comment_status":"open","ping_status":"open","sticky":false,"template":"","format":"standard","meta":{"kt_blocks_editor_width":"","_exactmetrics_skip_tracking":false,"_exactmetrics_sitenote_active":false,"_exactmetrics_sitenote_note":"","_exactmetrics_sitenote_category":0,"footnotes":""},"categories":[1],"tags":[27,50,26,25,24,34],"class_list":["post-2273","post","type-post","status-publish","format-standard","hentry","category-politique-economie","tag-actualite","tag-politique-economie","tag-laicite","tag-parti-radical","tag-politique","tag-sondages"],"yoast_head":"<!-- This site is optimized with the Yoast SEO plugin v27.1.1 - https:\/\/yoast.com\/product\/yoast-seo-wordpress\/ -->\n<title>SONDAGE SUR LES CLOCHERS EN ARABIE SAOUDITE. -<\/title>\n<meta name=\"robots\" content=\"index, follow, max-snippet:-1, max-image-preview:large, max-video-preview:-1\" \/>\n<link rel=\"canonical\" href=\"http:\/\/www.frederic-poitou.com\/blog\/sondage-sur-les-clochers-en-arabie-saoudite\/\" \/>\n<meta property=\"og:locale\" content=\"fr_FR\" \/>\n<meta property=\"og:type\" content=\"article\" \/>\n<meta property=\"og:title\" content=\"SONDAGE SUR LES CLOCHERS EN ARABIE SAOUDITE. -\" \/>\n<meta property=\"og:description\" content=\"Actuellement, un grand d\u00e9bat s&rsquo;impose en Europe, en Suisse en particulier sur les minarets que la communaut\u00e9 musulmane souhaiterait construire. Je n&rsquo;ai aucun commentaire \u00e0 ce sujet, mais la communaut\u00e9 catholique d&rsquo;Arabie Saoudite a elle aussi sollicit\u00e9 r\u00e9cemment l&rsquo;autorisation de &hellip; Lire la suite\u00ad\u00ad\" \/>\n<meta property=\"og:url\" content=\"http:\/\/www.frederic-poitou.com\/blog\/sondage-sur-les-clochers-en-arabie-saoudite\/\" \/>\n<meta property=\"article:publisher\" content=\"https:\/\/www.facebook.com\/frederic.poitou\/\" \/>\n<meta property=\"article:published_time\" content=\"2023-07-14T16:07:32+00:00\" \/>\n<meta property=\"article:modified_time\" content=\"2026-04-22T01:47:39+00:00\" \/>\n<meta name=\"author\" content=\"Fr\u00e9d\u00e9ric Poitou\" \/>\n<meta name=\"twitter:card\" content=\"summary_large_image\" \/>\n<meta name=\"twitter:creator\" content=\"@fredericpoitou\" \/>\n<meta name=\"twitter:site\" content=\"@fredericpoitou\" \/>\n<meta name=\"twitter:label1\" content=\"\u00c9crit par\" \/>\n\t<meta name=\"twitter:data1\" content=\"Fr\u00e9d\u00e9ric Poitou\" \/>\n<script type=\"application\/ld+json\" class=\"yoast-schema-graph\">{\"@context\":\"https:\/\/schema.org\",\"@graph\":[{\"@type\":\"Article\",\"@id\":\"http:\/\/www.frederic-poitou.com\/blog\/sondage-sur-les-clochers-en-arabie-saoudite\/#article\",\"isPartOf\":{\"@id\":\"http:\/\/www.frederic-poitou.com\/blog\/sondage-sur-les-clochers-en-arabie-saoudite\/\"},\"author\":{\"name\":\"Fr\u00e9d\u00e9ric Poitou\",\"@id\":\"http:\/\/www.frederic-poitou.com\/blog\/#\/schema\/person\/e2c2d05e978747818533fdce859a7799\"},\"headline\":\"SONDAGE SUR LES CLOCHERS EN ARABIE SAOUDITE.\",\"datePublished\":\"2023-07-14T16:07:32+00:00\",\"dateModified\":\"2026-04-22T01:47:39+00:00\",\"mainEntityOfPage\":{\"@id\":\"http:\/\/www.frederic-poitou.com\/blog\/sondage-sur-les-clochers-en-arabie-saoudite\/\"},\"wordCount\":80,\"commentCount\":0,\"keywords\":[\"Actualit\u00e9\",\"Divers\",\"La\u00efcit\u00e9\",\"PARTI RADICAL\",\"Politique\",\"SONDAGES\"],\"articleSection\":[\"Divers\"],\"inLanguage\":\"fr-FR\",\"potentialAction\":[{\"@type\":\"CommentAction\",\"name\":\"Comment\",\"target\":[\"http:\/\/www.frederic-poitou.com\/blog\/sondage-sur-les-clochers-en-arabie-saoudite\/#respond\"]}]},{\"@type\":\"WebPage\",\"@id\":\"http:\/\/www.frederic-poitou.com\/blog\/sondage-sur-les-clochers-en-arabie-saoudite\/\",\"url\":\"http:\/\/www.frederic-poitou.com\/blog\/sondage-sur-les-clochers-en-arabie-saoudite\/\",\"name\":\"SONDAGE SUR LES CLOCHERS EN ARABIE SAOUDITE. -\",\"isPartOf\":{\"@id\":\"http:\/\/www.frederic-poitou.com\/blog\/#website\"},\"datePublished\":\"2023-07-14T16:07:32+00:00\",\"dateModified\":\"2026-04-22T01:47:39+00:00\",\"author\":{\"@id\":\"http:\/\/www.frederic-poitou.com\/blog\/#\/schema\/person\/e2c2d05e978747818533fdce859a7799\"},\"breadcrumb\":{\"@id\":\"http:\/\/www.frederic-poitou.com\/blog\/sondage-sur-les-clochers-en-arabie-saoudite\/#breadcrumb\"},\"inLanguage\":\"fr-FR\",\"potentialAction\":[{\"@type\":\"ReadAction\",\"target\":[\"http:\/\/www.frederic-poitou.com\/blog\/sondage-sur-les-clochers-en-arabie-saoudite\/\"]}]},{\"@type\":\"BreadcrumbList\",\"@id\":\"http:\/\/www.frederic-poitou.com\/blog\/sondage-sur-les-clochers-en-arabie-saoudite\/#breadcrumb\",\"itemListElement\":[{\"@type\":\"ListItem\",\"position\":1,\"name\":\"Accueil\",\"item\":\"http:\/\/www.frederic-poitou.com\/blog\/\"},{\"@type\":\"ListItem\",\"position\":2,\"name\":\"SONDAGE SUR LES CLOCHERS EN ARABIE SAOUDITE.\"}]},{\"@type\":\"WebSite\",\"@id\":\"http:\/\/www.frederic-poitou.com\/blog\/#website\",\"url\":\"http:\/\/www.frederic-poitou.com\/blog\/\",\"name\":\"\",\"description\":\"\",\"potentialAction\":[{\"@type\":\"SearchAction\",\"target\":{\"@type\":\"EntryPoint\",\"urlTemplate\":\"http:\/\/www.frederic-poitou.com\/blog\/?s={search_term_string}\"},\"query-input\":{\"@type\":\"PropertyValueSpecification\",\"valueRequired\":true,\"valueName\":\"search_term_string\"}}],\"inLanguage\":\"fr-FR\"},{\"@type\":\"Person\",\"@id\":\"http:\/\/www.frederic-poitou.com\/blog\/#\/schema\/person\/e2c2d05e978747818533fdce859a7799\",\"name\":\"Fr\u00e9d\u00e9ric Poitou\",\"image\":{\"@type\":\"ImageObject\",\"inLanguage\":\"fr-FR\",\"@id\":\"http:\/\/www.frederic-poitou.com\/blog\/#\/schema\/person\/image\/\",\"url\":\"https:\/\/secure.gravatar.com\/avatar\/1933bcca279a2feafd35d9e0a080c521e11beb51115fe4cfe02e2586ac13424a?s=96&d=mm&r=g\",\"contentUrl\":\"https:\/\/secure.gravatar.com\/avatar\/1933bcca279a2feafd35d9e0a080c521e11beb51115fe4cfe02e2586ac13424a?s=96&d=mm&r=g\",\"caption\":\"Fr\u00e9d\u00e9ric Poitou\"},\"description\":\"Fr\u00e9d\u00e9ric Poitou est n\u00e9 \u00e0 Rouen, et y a fait des \u00e9tudes au Conservatoire en musique-\u00e9tudes en section piano. Il s'est ensuite orient\u00e9 vers des \u00e9tudes scientifiques o\u00f9 il a obtenu un dipl\u00f4me d'ing\u00e9nieur, puis un doctorat en Chimie. Il est Expert Judiciaire en France, en Belgique et \u00e0 Luxembourg, et agr\u00e9e par les Institutions Europ\u00e9ennes.\",\"sameAs\":[\"http:\/\/www.frederic-poitou.com\",\"https:\/\/www.linkedin.com\/in\/frederic-poitou-b045a025\/\"]}]}<\/script>\n<!-- \/ Yoast SEO plugin. -->","yoast_head_json":{"title":"SONDAGE SUR LES CLOCHERS EN ARABIE SAOUDITE. -","robots":{"index":"index","follow":"follow","max-snippet":"max-snippet:-1","max-image-preview":"max-image-preview:large","max-video-preview":"max-video-preview:-1"},"canonical":"http:\/\/www.frederic-poitou.com\/blog\/sondage-sur-les-clochers-en-arabie-saoudite\/","og_locale":"fr_FR","og_type":"article","og_title":"SONDAGE SUR LES CLOCHERS EN ARABIE SAOUDITE. -","og_description":"Actuellement, un grand d\u00e9bat s&rsquo;impose en Europe, en Suisse en particulier sur les minarets que la communaut\u00e9 musulmane souhaiterait construire. Je n&rsquo;ai aucun commentaire \u00e0 ce sujet, mais la communaut\u00e9 catholique d&rsquo;Arabie Saoudite a elle aussi sollicit\u00e9 r\u00e9cemment l&rsquo;autorisation de &hellip; Lire la suite\u00ad\u00ad","og_url":"http:\/\/www.frederic-poitou.com\/blog\/sondage-sur-les-clochers-en-arabie-saoudite\/","article_publisher":"https:\/\/www.facebook.com\/frederic.poitou\/","article_published_time":"2023-07-14T16:07:32+00:00","article_modified_time":"2026-04-22T01:47:39+00:00","author":"Fr\u00e9d\u00e9ric Poitou","twitter_card":"summary_large_image","twitter_creator":"@fredericpoitou","twitter_site":"@fredericpoitou","twitter_misc":{"\u00c9crit par":"Fr\u00e9d\u00e9ric Poitou"},"schema":{"@context":"https:\/\/schema.org","@graph":[{"@type":"Article","@id":"http:\/\/www.frederic-poitou.com\/blog\/sondage-sur-les-clochers-en-arabie-saoudite\/#article","isPartOf":{"@id":"http:\/\/www.frederic-poitou.com\/blog\/sondage-sur-les-clochers-en-arabie-saoudite\/"},"author":{"name":"Fr\u00e9d\u00e9ric Poitou","@id":"http:\/\/www.frederic-poitou.com\/blog\/#\/schema\/person\/e2c2d05e978747818533fdce859a7799"},"headline":"SONDAGE SUR LES CLOCHERS EN ARABIE SAOUDITE.","datePublished":"2023-07-14T16:07:32+00:00","dateModified":"2026-04-22T01:47:39+00:00","mainEntityOfPage":{"@id":"http:\/\/www.frederic-poitou.com\/blog\/sondage-sur-les-clochers-en-arabie-saoudite\/"},"wordCount":80,"commentCount":0,"keywords":["Actualit\u00e9","Divers","La\u00efcit\u00e9","PARTI RADICAL","Politique","SONDAGES"],"articleSection":["Divers"],"inLanguage":"fr-FR","potentialAction":[{"@type":"CommentAction","name":"Comment","target":["http:\/\/www.frederic-poitou.com\/blog\/sondage-sur-les-clochers-en-arabie-saoudite\/#respond"]}]},{"@type":"WebPage","@id":"http:\/\/www.frederic-poitou.com\/blog\/sondage-sur-les-clochers-en-arabie-saoudite\/","url":"http:\/\/www.frederic-poitou.com\/blog\/sondage-sur-les-clochers-en-arabie-saoudite\/","name":"SONDAGE SUR LES CLOCHERS EN ARABIE SAOUDITE. -","isPartOf":{"@id":"http:\/\/www.frederic-poitou.com\/blog\/#website"},"datePublished":"2023-07-14T16:07:32+00:00","dateModified":"2026-04-22T01:47:39+00:00","author":{"@id":"http:\/\/www.frederic-poitou.com\/blog\/#\/schema\/person\/e2c2d05e978747818533fdce859a7799"},"breadcrumb":{"@id":"http:\/\/www.frederic-poitou.com\/blog\/sondage-sur-les-clochers-en-arabie-saoudite\/#breadcrumb"},"inLanguage":"fr-FR","potentialAction":[{"@type":"ReadAction","target":["http:\/\/www.frederic-poitou.com\/blog\/sondage-sur-les-clochers-en-arabie-saoudite\/"]}]},{"@type":"BreadcrumbList","@id":"http:\/\/www.frederic-poitou.com\/blog\/sondage-sur-les-clochers-en-arabie-saoudite\/#breadcrumb","itemListElement":[{"@type":"ListItem","position":1,"name":"Accueil","item":"http:\/\/www.frederic-poitou.com\/blog\/"},{"@type":"ListItem","position":2,"name":"SONDAGE SUR LES CLOCHERS EN ARABIE SAOUDITE."}]},{"@type":"WebSite","@id":"http:\/\/www.frederic-poitou.com\/blog\/#website","url":"http:\/\/www.frederic-poitou.com\/blog\/","name":"","description":"","potentialAction":[{"@type":"SearchAction","target":{"@type":"EntryPoint","urlTemplate":"http:\/\/www.frederic-poitou.com\/blog\/?s={search_term_string}"},"query-input":{"@type":"PropertyValueSpecification","valueRequired":true,"valueName":"search_term_string"}}],"inLanguage":"fr-FR"},{"@type":"Person","@id":"http:\/\/www.frederic-poitou.com\/blog\/#\/schema\/person\/e2c2d05e978747818533fdce859a7799","name":"Fr\u00e9d\u00e9ric Poitou","image":{"@type":"ImageObject","inLanguage":"fr-FR","@id":"http:\/\/www.frederic-poitou.com\/blog\/#\/schema\/person\/image\/","url":"https:\/\/secure.gravatar.com\/avatar\/1933bcca279a2feafd35d9e0a080c521e11beb51115fe4cfe02e2586ac13424a?s=96&d=mm&r=g","contentUrl":"https:\/\/secure.gravatar.com\/avatar\/1933bcca279a2feafd35d9e0a080c521e11beb51115fe4cfe02e2586ac13424a?s=96&d=mm&r=g","caption":"Fr\u00e9d\u00e9ric Poitou"},"description":"Fr\u00e9d\u00e9ric Poitou est n\u00e9 \u00e0 Rouen, et y a fait des \u00e9tudes au Conservatoire en musique-\u00e9tudes en section piano. Il s'est ensuite orient\u00e9 vers des \u00e9tudes scientifiques o\u00f9 il a obtenu un dipl\u00f4me d'ing\u00e9nieur, puis un doctorat en Chimie. Il est Expert Judiciaire en France, en Belgique et \u00e0 Luxembourg, et agr\u00e9e par les Institutions Europ\u00e9ennes.","sameAs":["http:\/\/www.frederic-poitou.com","https:\/\/www.linkedin.com\/in\/frederic-poitou-b045a025\/"]}]}},"_links":{"self":[{"href":"http:\/\/www.frederic-poitou.com\/blog\/wp-json\/wp\/v2\/posts\/2273","targetHints":{"allow":["GET"]}}],"collection":[{"href":"http:\/\/www.frederic-poitou.com\/blog\/wp-json\/wp\/v2\/posts"}],"about":[{"href":"http:\/\/www.frederic-poitou.com\/blog\/wp-json\/wp\/v2\/types\/post"}],"author":[{"embeddable":true,"href":"http:\/\/www.frederic-poitou.com\/blog\/wp-json\/wp\/v2\/users\/4"}],"replies":[{"embeddable":true,"href":"http:\/\/www.frederic-poitou.com\/blog\/wp-json\/wp\/v2\/comments?post=2273"}],"version-history":[{"count":1,"href":"http:\/\/www.frederic-poitou.com\/blog\/wp-json\/wp\/v2\/posts\/2273\/revisions"}],"predecessor-version":[{"id":9873,"href":"http:\/\/www.frederic-poitou.com\/blog\/wp-json\/wp\/v2\/posts\/2273\/revisions\/9873"}],"wp:attachment":[{"href":"http:\/\/www.frederic-poitou.com\/blog\/wp-json\/wp\/v2\/media?parent=2273"}],"wp:term":[{"taxonomy":"category","embeddable":true,"href":"http:\/\/www.frederic-poitou.com\/blog\/wp-json\/wp\/v2\/categories?post=2273"},{"taxonomy":"post_tag","embeddable":true,"href":"http:\/\/www.frederic-poitou.com\/blog\/wp-json\/wp\/v2\/tags?post=2273"}],"curies":[{"name":"wp","href":"https:\/\/api.w.org\/{rel}","templated":true}]}}