{"id":2206,"date":"2023-07-13T15:29:32","date_gmt":"2023-07-13T13:29:32","guid":{"rendered":"http:\/\/www.frederic-poitou.com\/blog\/?p=2206"},"modified":"2026-04-09T19:02:28","modified_gmt":"2026-04-09T17:02:28","slug":"il-y-dans-tes-yeux","status":"publish","type":"post","link":"http:\/\/www.frederic-poitou.com\/blog\/il-y-dans-tes-yeux\/","title":{"rendered":"IL Y A DANS TES YEUX"},"content":{"rendered":"<p style=\"line-height: 26px; padding: 0px; margin: 0px;\">Enfin la Renaissance de la Chanson Fran\u00e7aise. La vraie, la belle, l\u2019engag\u00e9e, la rebelle, la po\u00e9tique.<\/p>\n<p style=\"line-height: 26px; padding: 0px; margin: 0px;\">Apr\u00e8s\u00a0<a style=\"text-decoration: none; color: #5e8402; display: inline !important;\" href=\"http:\/\/www.frederic-poitou.com\/blog\/?p=1908\" target=\"_self\" rel=\"noopener noreferrer\">Abd Al Malik<\/a>,\u00a0<a class=\"aligncenter\" style=\"display: inline !important;\" href=\"http:\/\/www.frederic-poitou.com\/blog\/?p=2067\" target=\"_blank\" rel=\"noopener noreferrer\">Benjamin Biolay<\/a> une autre merveille de po\u00e9sie sombre, mais pudique nous est offerte par Anis.<\/p>\n<p style=\"line-height: 26px; padding: 0px; margin: 0px;\">M\u00eame rapport entre ces trois immenses talents qu&rsquo;il y a entre \u00a0la \u00ab\u00a0Star Ac\u201d, Fun Radio et\u00a0<a class=\"aligncenter\" style=\"display: inline !important;\" href=\"http:\/\/sites.radiofrance.fr\/chaines\/fip\/accueil\/\" target=\"_blank\" rel=\"noopener noreferrer\">FIP<\/a> &#8230;<\/p>\n<p style=\"line-height: 26px; padding: 0px; margin: 0px;\">La conclusion ? La culture de l\u2019excellence est possible pour tous, \u00e0 condition qu\u2019on la propose. La culture, c\u2019est oser l\u2019exceptionnel.<\/p>\n<p style=\"line-height: 26px; padding: 0px; margin: 0px;\">\n<p style=\"line-height: 26px; padding: 0px; margin: 0px;\">\n<small>embedded by <a href=\"http:\/\/wordpress.org\/extend\/plugins\/embedded-video-with-link\/\" title=\"plugin page\"><em>Embedded Video<\/em><\/a><\/small><br \/>\n<!-- generated by WordPress plugin Embedded Video -->\n\n<p style=\"line-height: 26px; padding: 0px; margin: 0px;\">\n<p style=\"text-align: center;\">\n","protected":false},"excerpt":{"rendered":"<p>Enfin la Renaissance de la Chanson Fran\u00e7aise. La vraie, la belle, l\u2019engag\u00e9e, la rebelle, la po\u00e9tique. Apr\u00e8s\u00a0Abd Al Malik,\u00a0Benjamin Biolay une autre merveille de po\u00e9sie sombre, mais pudique nous est offerte par Anis. M\u00eame rapport entre ces trois immenses talents &hellip; <a href=\"http:\/\/www.frederic-poitou.com\/blog\/il-y-dans-tes-yeux\/\">Lire la suite\u00ad\u00ad<\/a><\/p>\n","protected":false},"author":4,"featured_media":0,"comment_status":"open","ping_status":"open","sticky":false,"template":"","format":"standard","meta":{"kt_blocks_editor_width":"","_exactmetrics_skip_tracking":false,"_exactmetrics_sitenote_active":false,"_exactmetrics_sitenote_note":"","_exactmetrics_sitenote_category":0,"footnotes":""},"categories":[1],"tags":[27,21,23,50],"class_list":["post-2206","post","type-post","status-publish","format-standard","hentry","category-politique-economie","tag-actualite","tag-arts-et-culture","tag-belgique-2","tag-politique-economie"],"yoast_head":"<!-- This site is optimized with the Yoast SEO plugin v27.1.1 - https:\/\/yoast.com\/product\/yoast-seo-wordpress\/ -->\n<title>IL Y A DANS TES YEUX -<\/title>\n<meta name=\"robots\" content=\"index, follow, max-snippet:-1, max-image-preview:large, max-video-preview:-1\" \/>\n<link rel=\"canonical\" href=\"http:\/\/www.frederic-poitou.com\/blog\/il-y-dans-tes-yeux\/\" \/>\n<meta property=\"og:locale\" content=\"fr_FR\" \/>\n<meta property=\"og:type\" content=\"article\" \/>\n<meta property=\"og:title\" content=\"IL Y A DANS TES YEUX -\" \/>\n<meta property=\"og:description\" content=\"Enfin la Renaissance de la Chanson Fran\u00e7aise. La vraie, la belle, l\u2019engag\u00e9e, la rebelle, la po\u00e9tique. Apr\u00e8s\u00a0Abd Al Malik,\u00a0Benjamin Biolay une autre merveille de po\u00e9sie sombre, mais pudique nous est offerte par Anis. M\u00eame rapport entre ces trois immenses talents &hellip; Lire la suite\u00ad\u00ad\" \/>\n<meta property=\"og:url\" content=\"http:\/\/www.frederic-poitou.com\/blog\/il-y-dans-tes-yeux\/\" \/>\n<meta property=\"article:publisher\" content=\"https:\/\/www.facebook.com\/frederic.poitou\/\" \/>\n<meta property=\"article:published_time\" content=\"2023-07-13T13:29:32+00:00\" \/>\n<meta property=\"article:modified_time\" content=\"2026-04-09T17:02:28+00:00\" \/>\n<meta name=\"author\" content=\"Fr\u00e9d\u00e9ric Poitou\" \/>\n<meta name=\"twitter:card\" content=\"summary_large_image\" \/>\n<meta name=\"twitter:creator\" content=\"@fredericpoitou\" \/>\n<meta name=\"twitter:site\" content=\"@fredericpoitou\" \/>\n<meta name=\"twitter:label1\" content=\"\u00c9crit par\" \/>\n\t<meta name=\"twitter:data1\" content=\"Fr\u00e9d\u00e9ric Poitou\" \/>\n<script type=\"application\/ld+json\" class=\"yoast-schema-graph\">{\"@context\":\"https:\/\/schema.org\",\"@graph\":[{\"@type\":\"Article\",\"@id\":\"http:\/\/www.frederic-poitou.com\/blog\/il-y-dans-tes-yeux\/#article\",\"isPartOf\":{\"@id\":\"http:\/\/www.frederic-poitou.com\/blog\/il-y-dans-tes-yeux\/\"},\"author\":{\"name\":\"Fr\u00e9d\u00e9ric Poitou\",\"@id\":\"http:\/\/www.frederic-poitou.com\/blog\/#\/schema\/person\/e2c2d05e978747818533fdce859a7799\"},\"headline\":\"IL Y A DANS TES YEUX\",\"datePublished\":\"2023-07-13T13:29:32+00:00\",\"dateModified\":\"2026-04-09T17:02:28+00:00\",\"mainEntityOfPage\":{\"@id\":\"http:\/\/www.frederic-poitou.com\/blog\/il-y-dans-tes-yeux\/\"},\"wordCount\":91,\"commentCount\":0,\"keywords\":[\"Actualit\u00e9\",\"Arts et Culture\",\"Belgique\",\"Divers\"],\"articleSection\":[\"Divers\"],\"inLanguage\":\"fr-FR\",\"potentialAction\":[{\"@type\":\"CommentAction\",\"name\":\"Comment\",\"target\":[\"http:\/\/www.frederic-poitou.com\/blog\/il-y-dans-tes-yeux\/#respond\"]}]},{\"@type\":\"WebPage\",\"@id\":\"http:\/\/www.frederic-poitou.com\/blog\/il-y-dans-tes-yeux\/\",\"url\":\"http:\/\/www.frederic-poitou.com\/blog\/il-y-dans-tes-yeux\/\",\"name\":\"IL Y A DANS TES YEUX -\",\"isPartOf\":{\"@id\":\"http:\/\/www.frederic-poitou.com\/blog\/#website\"},\"datePublished\":\"2023-07-13T13:29:32+00:00\",\"dateModified\":\"2026-04-09T17:02:28+00:00\",\"author\":{\"@id\":\"http:\/\/www.frederic-poitou.com\/blog\/#\/schema\/person\/e2c2d05e978747818533fdce859a7799\"},\"breadcrumb\":{\"@id\":\"http:\/\/www.frederic-poitou.com\/blog\/il-y-dans-tes-yeux\/#breadcrumb\"},\"inLanguage\":\"fr-FR\",\"potentialAction\":[{\"@type\":\"ReadAction\",\"target\":[\"http:\/\/www.frederic-poitou.com\/blog\/il-y-dans-tes-yeux\/\"]}]},{\"@type\":\"BreadcrumbList\",\"@id\":\"http:\/\/www.frederic-poitou.com\/blog\/il-y-dans-tes-yeux\/#breadcrumb\",\"itemListElement\":[{\"@type\":\"ListItem\",\"position\":1,\"name\":\"Accueil\",\"item\":\"http:\/\/www.frederic-poitou.com\/blog\/\"},{\"@type\":\"ListItem\",\"position\":2,\"name\":\"IL Y A DANS TES YEUX\"}]},{\"@type\":\"WebSite\",\"@id\":\"http:\/\/www.frederic-poitou.com\/blog\/#website\",\"url\":\"http:\/\/www.frederic-poitou.com\/blog\/\",\"name\":\"\",\"description\":\"\",\"potentialAction\":[{\"@type\":\"SearchAction\",\"target\":{\"@type\":\"EntryPoint\",\"urlTemplate\":\"http:\/\/www.frederic-poitou.com\/blog\/?s={search_term_string}\"},\"query-input\":{\"@type\":\"PropertyValueSpecification\",\"valueRequired\":true,\"valueName\":\"search_term_string\"}}],\"inLanguage\":\"fr-FR\"},{\"@type\":\"Person\",\"@id\":\"http:\/\/www.frederic-poitou.com\/blog\/#\/schema\/person\/e2c2d05e978747818533fdce859a7799\",\"name\":\"Fr\u00e9d\u00e9ric Poitou\",\"image\":{\"@type\":\"ImageObject\",\"inLanguage\":\"fr-FR\",\"@id\":\"http:\/\/www.frederic-poitou.com\/blog\/#\/schema\/person\/image\/\",\"url\":\"https:\/\/secure.gravatar.com\/avatar\/1933bcca279a2feafd35d9e0a080c521e11beb51115fe4cfe02e2586ac13424a?s=96&d=mm&r=g\",\"contentUrl\":\"https:\/\/secure.gravatar.com\/avatar\/1933bcca279a2feafd35d9e0a080c521e11beb51115fe4cfe02e2586ac13424a?s=96&d=mm&r=g\",\"caption\":\"Fr\u00e9d\u00e9ric Poitou\"},\"description\":\"Fr\u00e9d\u00e9ric Poitou est n\u00e9 \u00e0 Rouen, et y a fait des \u00e9tudes au Conservatoire en musique-\u00e9tudes en section piano. Il s'est ensuite orient\u00e9 vers des \u00e9tudes scientifiques o\u00f9 il a obtenu un dipl\u00f4me d'ing\u00e9nieur, puis un doctorat en Chimie. Il est Expert Judiciaire en France, en Belgique et \u00e0 Luxembourg, et agr\u00e9e par les Institutions Europ\u00e9ennes.\",\"sameAs\":[\"http:\/\/www.frederic-poitou.com\",\"https:\/\/www.linkedin.com\/in\/frederic-poitou-b045a025\/\"]}]}<\/script>\n<!-- \/ Yoast SEO plugin. -->","yoast_head_json":{"title":"IL Y A DANS TES YEUX -","robots":{"index":"index","follow":"follow","max-snippet":"max-snippet:-1","max-image-preview":"max-image-preview:large","max-video-preview":"max-video-preview:-1"},"canonical":"http:\/\/www.frederic-poitou.com\/blog\/il-y-dans-tes-yeux\/","og_locale":"fr_FR","og_type":"article","og_title":"IL Y A DANS TES YEUX -","og_description":"Enfin la Renaissance de la Chanson Fran\u00e7aise. La vraie, la belle, l\u2019engag\u00e9e, la rebelle, la po\u00e9tique. Apr\u00e8s\u00a0Abd Al Malik,\u00a0Benjamin Biolay une autre merveille de po\u00e9sie sombre, mais pudique nous est offerte par Anis. M\u00eame rapport entre ces trois immenses talents &hellip; Lire la suite\u00ad\u00ad","og_url":"http:\/\/www.frederic-poitou.com\/blog\/il-y-dans-tes-yeux\/","article_publisher":"https:\/\/www.facebook.com\/frederic.poitou\/","article_published_time":"2023-07-13T13:29:32+00:00","article_modified_time":"2026-04-09T17:02:28+00:00","author":"Fr\u00e9d\u00e9ric Poitou","twitter_card":"summary_large_image","twitter_creator":"@fredericpoitou","twitter_site":"@fredericpoitou","twitter_misc":{"\u00c9crit par":"Fr\u00e9d\u00e9ric Poitou"},"schema":{"@context":"https:\/\/schema.org","@graph":[{"@type":"Article","@id":"http:\/\/www.frederic-poitou.com\/blog\/il-y-dans-tes-yeux\/#article","isPartOf":{"@id":"http:\/\/www.frederic-poitou.com\/blog\/il-y-dans-tes-yeux\/"},"author":{"name":"Fr\u00e9d\u00e9ric Poitou","@id":"http:\/\/www.frederic-poitou.com\/blog\/#\/schema\/person\/e2c2d05e978747818533fdce859a7799"},"headline":"IL Y A DANS TES YEUX","datePublished":"2023-07-13T13:29:32+00:00","dateModified":"2026-04-09T17:02:28+00:00","mainEntityOfPage":{"@id":"http:\/\/www.frederic-poitou.com\/blog\/il-y-dans-tes-yeux\/"},"wordCount":91,"commentCount":0,"keywords":["Actualit\u00e9","Arts et Culture","Belgique","Divers"],"articleSection":["Divers"],"inLanguage":"fr-FR","potentialAction":[{"@type":"CommentAction","name":"Comment","target":["http:\/\/www.frederic-poitou.com\/blog\/il-y-dans-tes-yeux\/#respond"]}]},{"@type":"WebPage","@id":"http:\/\/www.frederic-poitou.com\/blog\/il-y-dans-tes-yeux\/","url":"http:\/\/www.frederic-poitou.com\/blog\/il-y-dans-tes-yeux\/","name":"IL Y A DANS TES YEUX -","isPartOf":{"@id":"http:\/\/www.frederic-poitou.com\/blog\/#website"},"datePublished":"2023-07-13T13:29:32+00:00","dateModified":"2026-04-09T17:02:28+00:00","author":{"@id":"http:\/\/www.frederic-poitou.com\/blog\/#\/schema\/person\/e2c2d05e978747818533fdce859a7799"},"breadcrumb":{"@id":"http:\/\/www.frederic-poitou.com\/blog\/il-y-dans-tes-yeux\/#breadcrumb"},"inLanguage":"fr-FR","potentialAction":[{"@type":"ReadAction","target":["http:\/\/www.frederic-poitou.com\/blog\/il-y-dans-tes-yeux\/"]}]},{"@type":"BreadcrumbList","@id":"http:\/\/www.frederic-poitou.com\/blog\/il-y-dans-tes-yeux\/#breadcrumb","itemListElement":[{"@type":"ListItem","position":1,"name":"Accueil","item":"http:\/\/www.frederic-poitou.com\/blog\/"},{"@type":"ListItem","position":2,"name":"IL Y A DANS TES YEUX"}]},{"@type":"WebSite","@id":"http:\/\/www.frederic-poitou.com\/blog\/#website","url":"http:\/\/www.frederic-poitou.com\/blog\/","name":"","description":"","potentialAction":[{"@type":"SearchAction","target":{"@type":"EntryPoint","urlTemplate":"http:\/\/www.frederic-poitou.com\/blog\/?s={search_term_string}"},"query-input":{"@type":"PropertyValueSpecification","valueRequired":true,"valueName":"search_term_string"}}],"inLanguage":"fr-FR"},{"@type":"Person","@id":"http:\/\/www.frederic-poitou.com\/blog\/#\/schema\/person\/e2c2d05e978747818533fdce859a7799","name":"Fr\u00e9d\u00e9ric Poitou","image":{"@type":"ImageObject","inLanguage":"fr-FR","@id":"http:\/\/www.frederic-poitou.com\/blog\/#\/schema\/person\/image\/","url":"https:\/\/secure.gravatar.com\/avatar\/1933bcca279a2feafd35d9e0a080c521e11beb51115fe4cfe02e2586ac13424a?s=96&d=mm&r=g","contentUrl":"https:\/\/secure.gravatar.com\/avatar\/1933bcca279a2feafd35d9e0a080c521e11beb51115fe4cfe02e2586ac13424a?s=96&d=mm&r=g","caption":"Fr\u00e9d\u00e9ric Poitou"},"description":"Fr\u00e9d\u00e9ric Poitou est n\u00e9 \u00e0 Rouen, et y a fait des \u00e9tudes au Conservatoire en musique-\u00e9tudes en section piano. Il s'est ensuite orient\u00e9 vers des \u00e9tudes scientifiques o\u00f9 il a obtenu un dipl\u00f4me d'ing\u00e9nieur, puis un doctorat en Chimie. Il est Expert Judiciaire en France, en Belgique et \u00e0 Luxembourg, et agr\u00e9e par les Institutions Europ\u00e9ennes.","sameAs":["http:\/\/www.frederic-poitou.com","https:\/\/www.linkedin.com\/in\/frederic-poitou-b045a025\/"]}]}},"_links":{"self":[{"href":"http:\/\/www.frederic-poitou.com\/blog\/wp-json\/wp\/v2\/posts\/2206","targetHints":{"allow":["GET"]}}],"collection":[{"href":"http:\/\/www.frederic-poitou.com\/blog\/wp-json\/wp\/v2\/posts"}],"about":[{"href":"http:\/\/www.frederic-poitou.com\/blog\/wp-json\/wp\/v2\/types\/post"}],"author":[{"embeddable":true,"href":"http:\/\/www.frederic-poitou.com\/blog\/wp-json\/wp\/v2\/users\/4"}],"replies":[{"embeddable":true,"href":"http:\/\/www.frederic-poitou.com\/blog\/wp-json\/wp\/v2\/comments?post=2206"}],"version-history":[{"count":1,"href":"http:\/\/www.frederic-poitou.com\/blog\/wp-json\/wp\/v2\/posts\/2206\/revisions"}],"predecessor-version":[{"id":9831,"href":"http:\/\/www.frederic-poitou.com\/blog\/wp-json\/wp\/v2\/posts\/2206\/revisions\/9831"}],"wp:attachment":[{"href":"http:\/\/www.frederic-poitou.com\/blog\/wp-json\/wp\/v2\/media?parent=2206"}],"wp:term":[{"taxonomy":"category","embeddable":true,"href":"http:\/\/www.frederic-poitou.com\/blog\/wp-json\/wp\/v2\/categories?post=2206"},{"taxonomy":"post_tag","embeddable":true,"href":"http:\/\/www.frederic-poitou.com\/blog\/wp-json\/wp\/v2\/tags?post=2206"}],"curies":[{"name":"wp","href":"https:\/\/api.w.org\/{rel}","templated":true}]}}