{"id":2194,"date":"2023-07-15T06:06:32","date_gmt":"2023-07-15T04:06:32","guid":{"rendered":"http:\/\/www.frederic-poitou.com\/blog\/?p=2194"},"modified":"2026-04-27T17:50:50","modified_gmt":"2026-04-27T15:50:50","slug":"la-reforme-en-chantant","status":"publish","type":"post","link":"http:\/\/www.frederic-poitou.com\/blog\/la-reforme-en-chantant\/","title":{"rendered":"LA REFORME EN CHANTANT"},"content":{"rendered":"<p>Un succ\u00e8s important pour le concert gratuit offert ce soir par la municipalit\u00e9 et le Petit Choeur de la Rue Villars.<\/p>\n<p>Une mise en sc\u00e8ne pleine d&rsquo;entrain, dynamique, orchestr\u00e9e par Yolande Oechsner de Coninck (au pupitre, \u00e0 la flute, \u00e0 la guitare), un choeur \u00e9quilibr\u00e9, un r\u00e9citant presque persifleur.<\/p>\n<p>C&rsquo;\u00e9tait la premi\u00e8re pierre d&rsquo;un futur festival Baroque, \u00ab\u00a0<em>Coudoux en Baroque<\/em>\u00a0\u00bb qui doit faire de notre village, une r\u00e9f\u00e9rence en terme de culture, car la culture, c&rsquo;est la vie, c&rsquo;est la libert\u00e9, c&rsquo;est l&rsquo;\u00e9l\u00e9vation.<\/p>\n<p>Les prochaines \u00e9tapes seront un concert de musique ancienne, puis un quatuor \u00e0 cordes, puis deux pianistes, puis le \u00ab\u00a0philhar\u00a0\u00bb de la CPA.<\/p>\n<p>Ensuite, viendra l&rsquo;intiative Barock&rsquo;n&rsquo;roll, un festival pour les jeunes.<\/p>\n<p>Plusieurs communes de la CPA regardent Coudoux comme une commune qui bouge d&rsquo;un point de vue culturel, et c&rsquo;est tr\u00e8s bien.<\/p>\n<p>La Culture, c&rsquo;est \u00e9tonner les gens, les surprendre, les provoquer. C&rsquo;est ainsi que l&rsquo;on cr\u00e9e une dynamique.<\/p>\n<p>Bravo \u00e0 Mich\u00e8le Fargues d&rsquo;oser nous proposer r\u00e9guli\u00e8rement des spectacles de qualit\u00e9, souvent gratuits, qui introduisent \u00e0 Coudoux une dimension de culture et d&rsquo;innovation que l&rsquo;on n&rsquo;avait jamais connu au village.<\/p>\n<p>Fr\u00e9d\u00e9ric<\/p>\n<p style=\"text-align: center;\">\n<div style=\"text-align: center;\"><object classid=\"clsid:d27cdb6e-ae6d-11cf-96b8-444553540000\" width=\"420\" height=\"339\" codebase=\"http:\/\/download.macromedia.com\/pub\/shockwave\/cabs\/flash\/swflash.cab#version=6,0,40,0\"><param name=\"allowFullScreen\" value=\"true\" \/><param name=\"allowScriptAccess\" value=\"always\" \/><param name=\"src\" value=\"http:\/\/www.dailymotion.com\/swf\/xb7xgx\" \/><param name=\"allowfullscreen\" value=\"true\" \/><embed type=\"application\/x-shockwave-flash\" width=\"420\" height=\"339\" src=\"http:\/\/www.dailymotion.com\/swf\/xb7xgx\" allowscriptaccess=\"always\" allowfullscreen=\"true\"><\/embed><\/object><br \/>\n<strong><em><br \/>\n<\/em><\/strong><\/div>\n","protected":false},"excerpt":{"rendered":"<p>Un succ\u00e8s important pour le concert gratuit offert ce soir par la municipalit\u00e9 et le Petit Choeur de la Rue Villars. Une mise en sc\u00e8ne pleine d&rsquo;entrain, dynamique, orchestr\u00e9e par Yolande Oechsner de Coninck (au pupitre, \u00e0 la flute, \u00e0 &hellip; <a href=\"http:\/\/www.frederic-poitou.com\/blog\/la-reforme-en-chantant\/\">Lire la suite\u00ad\u00ad<\/a><\/p>\n","protected":false},"author":4,"featured_media":0,"comment_status":"open","ping_status":"open","sticky":false,"template":"","format":"standard","meta":{"kt_blocks_editor_width":"","_exactmetrics_skip_tracking":false,"_exactmetrics_sitenote_active":false,"_exactmetrics_sitenote_note":"","_exactmetrics_sitenote_category":0,"footnotes":""},"categories":[1],"tags":[27,21,23,50],"class_list":["post-2194","post","type-post","status-publish","format-standard","hentry","category-politique-economie","tag-actualite","tag-arts-et-culture","tag-belgique-2","tag-politique-economie"],"yoast_head":"<!-- This site is optimized with the Yoast SEO plugin v27.1.1 - https:\/\/yoast.com\/product\/yoast-seo-wordpress\/ -->\n<title>LA REFORME EN CHANTANT -<\/title>\n<meta name=\"robots\" content=\"index, follow, max-snippet:-1, max-image-preview:large, max-video-preview:-1\" \/>\n<link rel=\"canonical\" href=\"http:\/\/www.frederic-poitou.com\/blog\/la-reforme-en-chantant\/\" \/>\n<meta property=\"og:locale\" content=\"fr_FR\" \/>\n<meta property=\"og:type\" content=\"article\" \/>\n<meta property=\"og:title\" content=\"LA REFORME EN CHANTANT -\" \/>\n<meta property=\"og:description\" content=\"Un succ\u00e8s important pour le concert gratuit offert ce soir par la municipalit\u00e9 et le Petit Choeur de la Rue Villars. Une mise en sc\u00e8ne pleine d&rsquo;entrain, dynamique, orchestr\u00e9e par Yolande Oechsner de Coninck (au pupitre, \u00e0 la flute, \u00e0 &hellip; Lire la suite\u00ad\u00ad\" \/>\n<meta property=\"og:url\" content=\"http:\/\/www.frederic-poitou.com\/blog\/la-reforme-en-chantant\/\" \/>\n<meta property=\"article:publisher\" content=\"https:\/\/www.facebook.com\/frederic.poitou\/\" \/>\n<meta property=\"article:published_time\" content=\"2023-07-15T04:06:32+00:00\" \/>\n<meta property=\"article:modified_time\" content=\"2026-04-27T15:50:50+00:00\" \/>\n<meta name=\"author\" content=\"Fr\u00e9d\u00e9ric Poitou\" \/>\n<meta name=\"twitter:card\" content=\"summary_large_image\" \/>\n<meta name=\"twitter:creator\" content=\"@fredericpoitou\" \/>\n<meta name=\"twitter:site\" content=\"@fredericpoitou\" \/>\n<meta name=\"twitter:label1\" content=\"\u00c9crit par\" \/>\n\t<meta name=\"twitter:data1\" content=\"Fr\u00e9d\u00e9ric Poitou\" \/>\n\t<meta name=\"twitter:label2\" content=\"Dur\u00e9e de lecture estim\u00e9e\" \/>\n\t<meta name=\"twitter:data2\" content=\"1 minute\" \/>\n<script type=\"application\/ld+json\" class=\"yoast-schema-graph\">{\"@context\":\"https:\/\/schema.org\",\"@graph\":[{\"@type\":\"Article\",\"@id\":\"http:\/\/www.frederic-poitou.com\/blog\/la-reforme-en-chantant\/#article\",\"isPartOf\":{\"@id\":\"http:\/\/www.frederic-poitou.com\/blog\/la-reforme-en-chantant\/\"},\"author\":{\"name\":\"Fr\u00e9d\u00e9ric Poitou\",\"@id\":\"http:\/\/www.frederic-poitou.com\/blog\/#\/schema\/person\/e2c2d05e978747818533fdce859a7799\"},\"headline\":\"LA REFORME EN CHANTANT\",\"datePublished\":\"2023-07-15T04:06:32+00:00\",\"dateModified\":\"2026-04-27T15:50:50+00:00\",\"mainEntityOfPage\":{\"@id\":\"http:\/\/www.frederic-poitou.com\/blog\/la-reforme-en-chantant\/\"},\"wordCount\":218,\"commentCount\":0,\"keywords\":[\"Actualit\u00e9\",\"Arts et Culture\",\"Belgique\",\"Divers\"],\"articleSection\":[\"Divers\"],\"inLanguage\":\"fr-FR\",\"potentialAction\":[{\"@type\":\"CommentAction\",\"name\":\"Comment\",\"target\":[\"http:\/\/www.frederic-poitou.com\/blog\/la-reforme-en-chantant\/#respond\"]}]},{\"@type\":\"WebPage\",\"@id\":\"http:\/\/www.frederic-poitou.com\/blog\/la-reforme-en-chantant\/\",\"url\":\"http:\/\/www.frederic-poitou.com\/blog\/la-reforme-en-chantant\/\",\"name\":\"LA REFORME EN CHANTANT -\",\"isPartOf\":{\"@id\":\"http:\/\/www.frederic-poitou.com\/blog\/#website\"},\"datePublished\":\"2023-07-15T04:06:32+00:00\",\"dateModified\":\"2026-04-27T15:50:50+00:00\",\"author\":{\"@id\":\"http:\/\/www.frederic-poitou.com\/blog\/#\/schema\/person\/e2c2d05e978747818533fdce859a7799\"},\"breadcrumb\":{\"@id\":\"http:\/\/www.frederic-poitou.com\/blog\/la-reforme-en-chantant\/#breadcrumb\"},\"inLanguage\":\"fr-FR\",\"potentialAction\":[{\"@type\":\"ReadAction\",\"target\":[\"http:\/\/www.frederic-poitou.com\/blog\/la-reforme-en-chantant\/\"]}]},{\"@type\":\"BreadcrumbList\",\"@id\":\"http:\/\/www.frederic-poitou.com\/blog\/la-reforme-en-chantant\/#breadcrumb\",\"itemListElement\":[{\"@type\":\"ListItem\",\"position\":1,\"name\":\"Accueil\",\"item\":\"http:\/\/www.frederic-poitou.com\/blog\/\"},{\"@type\":\"ListItem\",\"position\":2,\"name\":\"LA REFORME EN CHANTANT\"}]},{\"@type\":\"WebSite\",\"@id\":\"http:\/\/www.frederic-poitou.com\/blog\/#website\",\"url\":\"http:\/\/www.frederic-poitou.com\/blog\/\",\"name\":\"\",\"description\":\"\",\"potentialAction\":[{\"@type\":\"SearchAction\",\"target\":{\"@type\":\"EntryPoint\",\"urlTemplate\":\"http:\/\/www.frederic-poitou.com\/blog\/?s={search_term_string}\"},\"query-input\":{\"@type\":\"PropertyValueSpecification\",\"valueRequired\":true,\"valueName\":\"search_term_string\"}}],\"inLanguage\":\"fr-FR\"},{\"@type\":\"Person\",\"@id\":\"http:\/\/www.frederic-poitou.com\/blog\/#\/schema\/person\/e2c2d05e978747818533fdce859a7799\",\"name\":\"Fr\u00e9d\u00e9ric Poitou\",\"image\":{\"@type\":\"ImageObject\",\"inLanguage\":\"fr-FR\",\"@id\":\"http:\/\/www.frederic-poitou.com\/blog\/#\/schema\/person\/image\/\",\"url\":\"https:\/\/secure.gravatar.com\/avatar\/1933bcca279a2feafd35d9e0a080c521e11beb51115fe4cfe02e2586ac13424a?s=96&d=mm&r=g\",\"contentUrl\":\"https:\/\/secure.gravatar.com\/avatar\/1933bcca279a2feafd35d9e0a080c521e11beb51115fe4cfe02e2586ac13424a?s=96&d=mm&r=g\",\"caption\":\"Fr\u00e9d\u00e9ric Poitou\"},\"description\":\"Fr\u00e9d\u00e9ric Poitou est n\u00e9 \u00e0 Rouen, et y a fait des \u00e9tudes au Conservatoire en musique-\u00e9tudes en section piano. Il s'est ensuite orient\u00e9 vers des \u00e9tudes scientifiques o\u00f9 il a obtenu un dipl\u00f4me d'ing\u00e9nieur, puis un doctorat en Chimie. Il est Expert Judiciaire en France, en Belgique et \u00e0 Luxembourg, et agr\u00e9e par les Institutions Europ\u00e9ennes.\",\"sameAs\":[\"http:\/\/www.frederic-poitou.com\",\"https:\/\/www.linkedin.com\/in\/frederic-poitou-b045a025\/\"]}]}<\/script>\n<!-- \/ Yoast SEO plugin. -->","yoast_head_json":{"title":"LA REFORME EN CHANTANT -","robots":{"index":"index","follow":"follow","max-snippet":"max-snippet:-1","max-image-preview":"max-image-preview:large","max-video-preview":"max-video-preview:-1"},"canonical":"http:\/\/www.frederic-poitou.com\/blog\/la-reforme-en-chantant\/","og_locale":"fr_FR","og_type":"article","og_title":"LA REFORME EN CHANTANT -","og_description":"Un succ\u00e8s important pour le concert gratuit offert ce soir par la municipalit\u00e9 et le Petit Choeur de la Rue Villars. Une mise en sc\u00e8ne pleine d&rsquo;entrain, dynamique, orchestr\u00e9e par Yolande Oechsner de Coninck (au pupitre, \u00e0 la flute, \u00e0 &hellip; Lire la suite\u00ad\u00ad","og_url":"http:\/\/www.frederic-poitou.com\/blog\/la-reforme-en-chantant\/","article_publisher":"https:\/\/www.facebook.com\/frederic.poitou\/","article_published_time":"2023-07-15T04:06:32+00:00","article_modified_time":"2026-04-27T15:50:50+00:00","author":"Fr\u00e9d\u00e9ric Poitou","twitter_card":"summary_large_image","twitter_creator":"@fredericpoitou","twitter_site":"@fredericpoitou","twitter_misc":{"\u00c9crit par":"Fr\u00e9d\u00e9ric Poitou","Dur\u00e9e de lecture estim\u00e9e":"1 minute"},"schema":{"@context":"https:\/\/schema.org","@graph":[{"@type":"Article","@id":"http:\/\/www.frederic-poitou.com\/blog\/la-reforme-en-chantant\/#article","isPartOf":{"@id":"http:\/\/www.frederic-poitou.com\/blog\/la-reforme-en-chantant\/"},"author":{"name":"Fr\u00e9d\u00e9ric Poitou","@id":"http:\/\/www.frederic-poitou.com\/blog\/#\/schema\/person\/e2c2d05e978747818533fdce859a7799"},"headline":"LA REFORME EN CHANTANT","datePublished":"2023-07-15T04:06:32+00:00","dateModified":"2026-04-27T15:50:50+00:00","mainEntityOfPage":{"@id":"http:\/\/www.frederic-poitou.com\/blog\/la-reforme-en-chantant\/"},"wordCount":218,"commentCount":0,"keywords":["Actualit\u00e9","Arts et Culture","Belgique","Divers"],"articleSection":["Divers"],"inLanguage":"fr-FR","potentialAction":[{"@type":"CommentAction","name":"Comment","target":["http:\/\/www.frederic-poitou.com\/blog\/la-reforme-en-chantant\/#respond"]}]},{"@type":"WebPage","@id":"http:\/\/www.frederic-poitou.com\/blog\/la-reforme-en-chantant\/","url":"http:\/\/www.frederic-poitou.com\/blog\/la-reforme-en-chantant\/","name":"LA REFORME EN CHANTANT -","isPartOf":{"@id":"http:\/\/www.frederic-poitou.com\/blog\/#website"},"datePublished":"2023-07-15T04:06:32+00:00","dateModified":"2026-04-27T15:50:50+00:00","author":{"@id":"http:\/\/www.frederic-poitou.com\/blog\/#\/schema\/person\/e2c2d05e978747818533fdce859a7799"},"breadcrumb":{"@id":"http:\/\/www.frederic-poitou.com\/blog\/la-reforme-en-chantant\/#breadcrumb"},"inLanguage":"fr-FR","potentialAction":[{"@type":"ReadAction","target":["http:\/\/www.frederic-poitou.com\/blog\/la-reforme-en-chantant\/"]}]},{"@type":"BreadcrumbList","@id":"http:\/\/www.frederic-poitou.com\/blog\/la-reforme-en-chantant\/#breadcrumb","itemListElement":[{"@type":"ListItem","position":1,"name":"Accueil","item":"http:\/\/www.frederic-poitou.com\/blog\/"},{"@type":"ListItem","position":2,"name":"LA REFORME EN CHANTANT"}]},{"@type":"WebSite","@id":"http:\/\/www.frederic-poitou.com\/blog\/#website","url":"http:\/\/www.frederic-poitou.com\/blog\/","name":"","description":"","potentialAction":[{"@type":"SearchAction","target":{"@type":"EntryPoint","urlTemplate":"http:\/\/www.frederic-poitou.com\/blog\/?s={search_term_string}"},"query-input":{"@type":"PropertyValueSpecification","valueRequired":true,"valueName":"search_term_string"}}],"inLanguage":"fr-FR"},{"@type":"Person","@id":"http:\/\/www.frederic-poitou.com\/blog\/#\/schema\/person\/e2c2d05e978747818533fdce859a7799","name":"Fr\u00e9d\u00e9ric Poitou","image":{"@type":"ImageObject","inLanguage":"fr-FR","@id":"http:\/\/www.frederic-poitou.com\/blog\/#\/schema\/person\/image\/","url":"https:\/\/secure.gravatar.com\/avatar\/1933bcca279a2feafd35d9e0a080c521e11beb51115fe4cfe02e2586ac13424a?s=96&d=mm&r=g","contentUrl":"https:\/\/secure.gravatar.com\/avatar\/1933bcca279a2feafd35d9e0a080c521e11beb51115fe4cfe02e2586ac13424a?s=96&d=mm&r=g","caption":"Fr\u00e9d\u00e9ric Poitou"},"description":"Fr\u00e9d\u00e9ric Poitou est n\u00e9 \u00e0 Rouen, et y a fait des \u00e9tudes au Conservatoire en musique-\u00e9tudes en section piano. Il s'est ensuite orient\u00e9 vers des \u00e9tudes scientifiques o\u00f9 il a obtenu un dipl\u00f4me d'ing\u00e9nieur, puis un doctorat en Chimie. Il est Expert Judiciaire en France, en Belgique et \u00e0 Luxembourg, et agr\u00e9e par les Institutions Europ\u00e9ennes.","sameAs":["http:\/\/www.frederic-poitou.com","https:\/\/www.linkedin.com\/in\/frederic-poitou-b045a025\/"]}]}},"_links":{"self":[{"href":"http:\/\/www.frederic-poitou.com\/blog\/wp-json\/wp\/v2\/posts\/2194","targetHints":{"allow":["GET"]}}],"collection":[{"href":"http:\/\/www.frederic-poitou.com\/blog\/wp-json\/wp\/v2\/posts"}],"about":[{"href":"http:\/\/www.frederic-poitou.com\/blog\/wp-json\/wp\/v2\/types\/post"}],"author":[{"embeddable":true,"href":"http:\/\/www.frederic-poitou.com\/blog\/wp-json\/wp\/v2\/users\/4"}],"replies":[{"embeddable":true,"href":"http:\/\/www.frederic-poitou.com\/blog\/wp-json\/wp\/v2\/comments?post=2194"}],"version-history":[{"count":1,"href":"http:\/\/www.frederic-poitou.com\/blog\/wp-json\/wp\/v2\/posts\/2194\/revisions"}],"predecessor-version":[{"id":9828,"href":"http:\/\/www.frederic-poitou.com\/blog\/wp-json\/wp\/v2\/posts\/2194\/revisions\/9828"}],"wp:attachment":[{"href":"http:\/\/www.frederic-poitou.com\/blog\/wp-json\/wp\/v2\/media?parent=2194"}],"wp:term":[{"taxonomy":"category","embeddable":true,"href":"http:\/\/www.frederic-poitou.com\/blog\/wp-json\/wp\/v2\/categories?post=2194"},{"taxonomy":"post_tag","embeddable":true,"href":"http:\/\/www.frederic-poitou.com\/blog\/wp-json\/wp\/v2\/tags?post=2194"}],"curies":[{"name":"wp","href":"https:\/\/api.w.org\/{rel}","templated":true}]}}