{"id":1584,"date":"2024-01-20T08:15:21","date_gmt":"2024-01-20T07:15:21","guid":{"rendered":"http:\/\/www.frederic-poitou.com\/blog\/?p=1584"},"modified":"2024-01-20T08:28:56","modified_gmt":"2024-01-20T07:28:56","slug":"comment-ca-jte-tape-la-gene","status":"publish","type":"post","link":"http:\/\/www.frederic-poitou.com\/blog\/comment-ca-jte-tape-la-gene\/","title":{"rendered":"PAS WESH-WESH LES YEUVES &#8230;"},"content":{"rendered":"<p>Pas wesh-wesh les\u00a0<span class=\"Apple-style-span\">yeuves qu&rsquo;ont le seum de ne rien entrave, mais ieum, j&rsquo;m&rsquo;en balec !<br \/>\n<\/span><br \/>\nAyant eu le plaisir de partager mes vacances avec une tribu d&rsquo;ado, j&rsquo;ai d\u00e9couvert le bonheur de ne pas tout comprendre, ni au vocabulaire, ni au comportement. L&rsquo;\u00e9quipe\u00a0m&rsquo;a r\u00e9pondu que j&rsquo;leur taperai la g\u00eane en disco moi qui proposais juste d&rsquo;accompagner les filles ! Je r\u00eave &#8230;<\/p>\n<p>Moi qui porte des Dockside, des 501, et des polos bleus sur des bermudas blancs, je leur taperais la g\u00eane, \u00e0 eux, avec leurs boutons, leurs jeans trou\u00e9s, leur d\u00e9marche sans direction ?<\/p>\n<p>Tous les psychologues ont travaill\u00e9 sur le sujet &#8211; <em>faut bien qu&rsquo;ils bossent sur quelque chose pour justifier leur propre fonction<\/em> &#8211; je ne me prononcerai pas sur la th\u00e9orie socio-psychanalytico-comportementaliste de l&rsquo;\u00e2ge ado.\u00a0Je me suis en revanche int\u00e9ress\u00e9 \u00ab\u00a0zoum-zoum\u00a0\u00bb \u00e0 cette prose, que Jack Lang qualifiait de Beaudelairienne, juste histoire de pas \u00eatre trop largu\u00e9, pour \u00eatre cal\u00e9 et avoir le bon ice &#8230; M\u00eame si, comme toutes les modes, il est vou\u00e9 \u00e0 l&rsquo;obsolescence, il vaut mieux en connaitre les ficelles de ce \u00ab\u00a0parler jeun&rsquo;s\u00a0\u00bb !<\/p>\n<p>Tant qu&rsquo;il y aura des ados, l&rsquo;argot ne dispara\u00eetra pas, c&rsquo;est \u00e9vident. Le Fran\u00e7ais continuera d&rsquo;\u00e9voluer, ce qui est &#8211; para\u00eet-il &#8211; bon signe.<\/p>\n<p>L&rsquo;\u00e9volution technologique y est pour beaucoup, notamment avec l&rsquo;invention du vocabulaire \u00ab\u00a0texto\u00a0\u00bb, mais d&rsquo;autres facteurs interviennent aussi \u00e0 mon avis, dans la lente \u00e9rosion de la langue vers le moins, plut\u00f4t que vers le plus.<\/p>\n<ul>\n<li>la mode \u00ab\u00a0banlieue\u00a0\u00bb, un peu rebelle, un peu provoc&rsquo;, un peu anar. Normal, c&rsquo;est l&rsquo;\u00e2ge !<\/li>\n<li>le besoin de s&rsquo;identifier comme dans une famille, un groupe dont les adultes &#8211; parents en particulier &#8211; sont volontairement exclus,<\/li>\n<li>l&rsquo;influence non n\u00e9gligeable de la tendance \u00ab\u00a0arabo-musulmane\u00a0\u00bb, avec l&rsquo;introduction dans le jargon ado de tr\u00e8s nombreux mots issus de l&rsquo;arabe fran\u00e7is\u00e9<\/li>\n<li>la n\u00e9cessit\u00e9 de raccourcir la s\u00e9mantique pour la rendre \u00ab\u00a0twittable\u00a0\u00bb, c&rsquo;est \u00e0 dire format\u00e9 pour \u00eatre \u00e9crite rapidement, avec d&rsquo;innombrables raccourcis.<\/li>\n<\/ul>\n<p>Assez curieusement, des mots issus du verlan des ann\u00e9es 1980, ou d\u2019un argot beaucoup ancien (principalement ann\u00e9es 50 \u00e0 Paris), sont toujours utilis\u00e9s, mais de nombreux nouveaux termes sont apparus ces derni\u00e8res ann\u00e9es.<\/p>\n<p>Les SMS m\u00e9riteraient un article \u00e0 eux seuls tant ils entra\u00eenent une recomposition de la grammaire et, surtout, de l\u2019orthographe, au point d&rsquo;avoir fait l&rsquo;objet d&rsquo;un <a href=\"http:\/\/www.dictionnaire-sms.com\/abc.html\" target=\"_blank\" rel=\"noopener noreferrer\">dictionnaire en ligne<\/a> !<\/p>\n<p>Tout a commenc\u00e9 avec le : ), signifiant le sourire, puis lol signifiant litt\u00e9ralement \u00ab\u00a0laughing out loud\u00a0\u00bb, \u00ab\u00a0<em>riant \u00e0 voix forte<\/em>\u00ab\u00a0. Certains linguistes distingu\u00e9s semblent partag\u00e9s sur le sujet, lui pr\u00e9f\u00e9rant l&rsquo;origine &lsquo;Lot Of Laughing\u00a0\u00bb, litt\u00e9ralement \u00ab\u00a0<em>pleins de sourires<\/em>\u00ab\u00a0. Bref, c&rsquo;\u00e9tait d\u00e9j\u00e0 tr\u00e8s Beaudelaire.<\/p>\n<p>Arrive la math\u00e9matique sup\u00e9rieure, avec l&rsquo;apparition de certains chiffres, en particulier\u00a0<em>2 <\/em>et\u00a0<em>4 <\/em>qui jouent en anglais un r\u00f4le vedette et remplacent les pr\u00e9positions\u00a0<em>to <\/em>(\u00e0 ou vers) et\u00a0<em>for <\/em>(pour).<\/p>\n<p>Ca se complique un peu, lorsqu&rsquo;on m\u00e9lange les langues pour en faire des acronymes ! Les exemples suivants, je me souviens les avoir d\u00e9j\u00e0 lus dans un train de banlieue entre Sidcup et Londres, en &#8230; 1976 \u00a0!<\/p>\n<p>Si certains de ces nouveaux acronymes peuvent se comprendre facilement (<em>u <\/em>pour\u00a0<em>you <\/em>et\u00a0<em>ur <\/em>pour\u00a0<em>your<\/em>), \u00eatre assez logiques (<em>b4 <\/em>pour\u00a0<em>before<\/em>), indiquer les sons que les lettres font (<em>qt <\/em>pour\u00a0<em>cutie <\/em>et\u00a0<em>cu <\/em>pour\u00a0<em>see you<\/em>), servir d\u2019abr\u00e9viations (<em>cuz <\/em>pour<em>because<\/em>), \u00eatre de simples initiales (<em>bff <\/em>pour\u00a0<em>best friends forever<\/em>), quelques-uns d\u2019entre eux sont quelque peu \u00e9tranges (<em>peeps <\/em>for\u00a0<em>people<\/em>). Ce qui donne cette d\u00e9licieuse d\u00e9claration d&rsquo;amour &#8230;.<\/p>\n<p><em>In the peeps wld,U R mi bff and I luv U 4 ever<\/em><\/p>\n<p>Et, dans certains cas, l\u2019expression argotique est plus longue que celle qu\u2019elle a remplac\u00e9e (<em>i luv u <\/em>est maintenant\u00a0<em>i heart u<\/em>) !<\/p>\n<p>\u00ab\u00a0<em>Capiche, yo ? <\/em>\u00bb (tu piges, quoi ?)<\/p>\n<p>Bref, c&rsquo;est pas facile. Et moi qui croyais que mes ados, neveux, leurs cousins et fils, me consid\u00e9raient presque comme l&rsquo;un des leurs, je me suis rendu compte que ca n&rsquo;\u00e9tait probablement plus le cas !<\/p>\n<p>En m\u00eame temps, on ne peut pas trop leur en vouloir si leur vocabulaire s&rsquo;appauvrit de \u00ab\u00a0fonds\u00a0\u00bb pour s&rsquo;enrichir de \u00ab\u00a0formes\u00a0\u00bb. Quand on lit les quelques perles suivantes issue des s\u00e9ries de t\u00e9l\u00e9-r\u00e9alit\u00e9 dont C8, Baba alias Cyril Hanouna et TF1 les abreuvent.<\/p>\n<p>Je leur aurais \u00ab\u00a0t<em>ap\u00e9 la g\u00eane<\/em>\u00ab\u00a0, en leur mettant \u00ab\u00a0<em>trop mis la honte<\/em>\u00a0\u00bb \u00e0 la gamine &#8230; Bah merde alors !<\/p>\n<p><img loading=\"lazy\" decoding=\"async\" class=\"alignleft size-full wp-image-10388\" src=\"http:\/\/www.frederic-poitou.com\/blog\/wp-content\/2023\/04\/R6ZKWXILYQGKXCFDNYF22RWPWE.jpg\" alt=\"\" width=\"622\" height=\"1230\" srcset=\"http:\/\/www.frederic-poitou.com\/blog\/wp-content\/2023\/04\/R6ZKWXILYQGKXCFDNYF22RWPWE.jpg 622w, http:\/\/www.frederic-poitou.com\/blog\/wp-content\/2023\/04\/R6ZKWXILYQGKXCFDNYF22RWPWE-152x300.jpg 152w, http:\/\/www.frederic-poitou.com\/blog\/wp-content\/2023\/04\/R6ZKWXILYQGKXCFDNYF22RWPWE-518x1024.jpg 518w\" sizes=\"auto, (max-width: 622px) 100vw, 622px\" \/><\/p>\n","protected":false},"excerpt":{"rendered":"<p>Pas wesh-wesh les\u00a0yeuves qu&rsquo;ont le seum de ne rien entrave, mais ieum, j&rsquo;m&rsquo;en balec ! Ayant eu le plaisir de partager mes vacances avec une tribu d&rsquo;ado, j&rsquo;ai d\u00e9couvert le bonheur de ne pas tout comprendre, ni au vocabulaire, ni &hellip; <a href=\"http:\/\/www.frederic-poitou.com\/blog\/comment-ca-jte-tape-la-gene\/\">Lire la suite\u00ad\u00ad<\/a><\/p>\n","protected":false},"author":4,"featured_media":6873,"comment_status":"open","ping_status":"open","sticky":false,"template":"","format":"standard","meta":{"kt_blocks_editor_width":"","_exactmetrics_skip_tracking":false,"_exactmetrics_sitenote_active":false,"_exactmetrics_sitenote_note":"","_exactmetrics_sitenote_category":0,"footnotes":""},"categories":[48,44,1,54],"tags":[16],"class_list":["post-1584","post","type-post","status-publish","format-standard","has-post-thumbnail","hentry","category-accueil","category-culture","category-politique-economie","category-societe","tag-divers"],"yoast_head":"<!-- This site is optimized with the Yoast SEO plugin v27.1.1 - https:\/\/yoast.com\/product\/yoast-seo-wordpress\/ -->\n<title>PAS WESH-WESH LES YEUVES ... -<\/title>\n<meta name=\"robots\" content=\"index, follow, max-snippet:-1, max-image-preview:large, max-video-preview:-1\" \/>\n<link rel=\"canonical\" href=\"http:\/\/www.frederic-poitou.com\/blog\/comment-ca-jte-tape-la-gene\/\" \/>\n<meta property=\"og:locale\" content=\"fr_FR\" \/>\n<meta property=\"og:type\" content=\"article\" \/>\n<meta property=\"og:title\" content=\"PAS WESH-WESH LES YEUVES ... -\" \/>\n<meta property=\"og:description\" content=\"Pas wesh-wesh les\u00a0yeuves qu&rsquo;ont le seum de ne rien entrave, mais ieum, j&rsquo;m&rsquo;en balec ! Ayant eu le plaisir de partager mes vacances avec une tribu d&rsquo;ado, j&rsquo;ai d\u00e9couvert le bonheur de ne pas tout comprendre, ni au vocabulaire, ni &hellip; Lire la suite\u00ad\u00ad\" \/>\n<meta property=\"og:url\" content=\"http:\/\/www.frederic-poitou.com\/blog\/comment-ca-jte-tape-la-gene\/\" \/>\n<meta property=\"article:publisher\" content=\"https:\/\/www.facebook.com\/frederic.poitou\/\" \/>\n<meta property=\"article:published_time\" content=\"2024-01-20T07:15:21+00:00\" \/>\n<meta property=\"article:modified_time\" content=\"2024-01-20T07:28:56+00:00\" \/>\n<meta property=\"og:image\" content=\"http:\/\/www.frederic-poitou.com\/blog\/wp-content\/2009\/08\/14649965352_6d6822efe0_o-770x360.jpg\" \/>\n\t<meta property=\"og:image:width\" content=\"770\" \/>\n\t<meta property=\"og:image:height\" content=\"360\" \/>\n\t<meta property=\"og:image:type\" content=\"image\/jpeg\" \/>\n<meta name=\"author\" content=\"Fr\u00e9d\u00e9ric Poitou\" \/>\n<meta name=\"twitter:card\" content=\"summary_large_image\" \/>\n<meta name=\"twitter:creator\" content=\"@fredericpoitou\" \/>\n<meta name=\"twitter:site\" content=\"@fredericpoitou\" \/>\n<meta name=\"twitter:label1\" content=\"\u00c9crit par\" \/>\n\t<meta name=\"twitter:data1\" content=\"Fr\u00e9d\u00e9ric Poitou\" \/>\n\t<meta name=\"twitter:label2\" content=\"Dur\u00e9e de lecture estim\u00e9e\" \/>\n\t<meta name=\"twitter:data2\" content=\"4 minutes\" \/>\n<script type=\"application\/ld+json\" class=\"yoast-schema-graph\">{\"@context\":\"https:\/\/schema.org\",\"@graph\":[{\"@type\":\"Article\",\"@id\":\"http:\/\/www.frederic-poitou.com\/blog\/comment-ca-jte-tape-la-gene\/#article\",\"isPartOf\":{\"@id\":\"http:\/\/www.frederic-poitou.com\/blog\/comment-ca-jte-tape-la-gene\/\"},\"author\":{\"name\":\"Fr\u00e9d\u00e9ric Poitou\",\"@id\":\"http:\/\/www.frederic-poitou.com\/blog\/#\/schema\/person\/e2c2d05e978747818533fdce859a7799\"},\"headline\":\"PAS WESH-WESH LES YEUVES &#8230;\",\"datePublished\":\"2024-01-20T07:15:21+00:00\",\"dateModified\":\"2024-01-20T07:28:56+00:00\",\"mainEntityOfPage\":{\"@id\":\"http:\/\/www.frederic-poitou.com\/blog\/comment-ca-jte-tape-la-gene\/\"},\"wordCount\":779,\"commentCount\":0,\"image\":{\"@id\":\"http:\/\/www.frederic-poitou.com\/blog\/comment-ca-jte-tape-la-gene\/#primaryimage\"},\"thumbnailUrl\":\"http:\/\/www.frederic-poitou.com\/blog\/wp-content\/2009\/08\/14649965352_6d6822efe0_o-770x360.jpg\",\"keywords\":[\"DIVERS\"],\"articleSection\":[\"Accueil\",\"Culture\",\"Divers\",\"Soci\u00e9t\u00e9\"],\"inLanguage\":\"fr-FR\",\"potentialAction\":[{\"@type\":\"CommentAction\",\"name\":\"Comment\",\"target\":[\"http:\/\/www.frederic-poitou.com\/blog\/comment-ca-jte-tape-la-gene\/#respond\"]}]},{\"@type\":\"WebPage\",\"@id\":\"http:\/\/www.frederic-poitou.com\/blog\/comment-ca-jte-tape-la-gene\/\",\"url\":\"http:\/\/www.frederic-poitou.com\/blog\/comment-ca-jte-tape-la-gene\/\",\"name\":\"PAS WESH-WESH LES YEUVES ... -\",\"isPartOf\":{\"@id\":\"http:\/\/www.frederic-poitou.com\/blog\/#website\"},\"primaryImageOfPage\":{\"@id\":\"http:\/\/www.frederic-poitou.com\/blog\/comment-ca-jte-tape-la-gene\/#primaryimage\"},\"image\":{\"@id\":\"http:\/\/www.frederic-poitou.com\/blog\/comment-ca-jte-tape-la-gene\/#primaryimage\"},\"thumbnailUrl\":\"http:\/\/www.frederic-poitou.com\/blog\/wp-content\/2009\/08\/14649965352_6d6822efe0_o-770x360.jpg\",\"datePublished\":\"2024-01-20T07:15:21+00:00\",\"dateModified\":\"2024-01-20T07:28:56+00:00\",\"author\":{\"@id\":\"http:\/\/www.frederic-poitou.com\/blog\/#\/schema\/person\/e2c2d05e978747818533fdce859a7799\"},\"breadcrumb\":{\"@id\":\"http:\/\/www.frederic-poitou.com\/blog\/comment-ca-jte-tape-la-gene\/#breadcrumb\"},\"inLanguage\":\"fr-FR\",\"potentialAction\":[{\"@type\":\"ReadAction\",\"target\":[\"http:\/\/www.frederic-poitou.com\/blog\/comment-ca-jte-tape-la-gene\/\"]}]},{\"@type\":\"ImageObject\",\"inLanguage\":\"fr-FR\",\"@id\":\"http:\/\/www.frederic-poitou.com\/blog\/comment-ca-jte-tape-la-gene\/#primaryimage\",\"url\":\"http:\/\/www.frederic-poitou.com\/blog\/wp-content\/2009\/08\/14649965352_6d6822efe0_o-770x360.jpg\",\"contentUrl\":\"http:\/\/www.frederic-poitou.com\/blog\/wp-content\/2009\/08\/14649965352_6d6822efe0_o-770x360.jpg\",\"width\":770,\"height\":360},{\"@type\":\"BreadcrumbList\",\"@id\":\"http:\/\/www.frederic-poitou.com\/blog\/comment-ca-jte-tape-la-gene\/#breadcrumb\",\"itemListElement\":[{\"@type\":\"ListItem\",\"position\":1,\"name\":\"Accueil\",\"item\":\"http:\/\/www.frederic-poitou.com\/blog\/\"},{\"@type\":\"ListItem\",\"position\":2,\"name\":\"PAS WESH-WESH LES YEUVES &#8230;\"}]},{\"@type\":\"WebSite\",\"@id\":\"http:\/\/www.frederic-poitou.com\/blog\/#website\",\"url\":\"http:\/\/www.frederic-poitou.com\/blog\/\",\"name\":\"\",\"description\":\"\",\"potentialAction\":[{\"@type\":\"SearchAction\",\"target\":{\"@type\":\"EntryPoint\",\"urlTemplate\":\"http:\/\/www.frederic-poitou.com\/blog\/?s={search_term_string}\"},\"query-input\":{\"@type\":\"PropertyValueSpecification\",\"valueRequired\":true,\"valueName\":\"search_term_string\"}}],\"inLanguage\":\"fr-FR\"},{\"@type\":\"Person\",\"@id\":\"http:\/\/www.frederic-poitou.com\/blog\/#\/schema\/person\/e2c2d05e978747818533fdce859a7799\",\"name\":\"Fr\u00e9d\u00e9ric Poitou\",\"image\":{\"@type\":\"ImageObject\",\"inLanguage\":\"fr-FR\",\"@id\":\"http:\/\/www.frederic-poitou.com\/blog\/#\/schema\/person\/image\/\",\"url\":\"https:\/\/secure.gravatar.com\/avatar\/1933bcca279a2feafd35d9e0a080c521e11beb51115fe4cfe02e2586ac13424a?s=96&d=mm&r=g\",\"contentUrl\":\"https:\/\/secure.gravatar.com\/avatar\/1933bcca279a2feafd35d9e0a080c521e11beb51115fe4cfe02e2586ac13424a?s=96&d=mm&r=g\",\"caption\":\"Fr\u00e9d\u00e9ric Poitou\"},\"description\":\"Fr\u00e9d\u00e9ric Poitou est n\u00e9 \u00e0 Rouen, et y a fait des \u00e9tudes au Conservatoire en musique-\u00e9tudes en section piano. Il s'est ensuite orient\u00e9 vers des \u00e9tudes scientifiques o\u00f9 il a obtenu un dipl\u00f4me d'ing\u00e9nieur, puis un doctorat en Chimie. Il est Expert Judiciaire en France, en Belgique et \u00e0 Luxembourg, et agr\u00e9e par les Institutions Europ\u00e9ennes.\",\"sameAs\":[\"http:\/\/www.frederic-poitou.com\",\"https:\/\/www.linkedin.com\/in\/frederic-poitou-b045a025\/\"]}]}<\/script>\n<!-- \/ Yoast SEO plugin. -->","yoast_head_json":{"title":"PAS WESH-WESH LES YEUVES ... -","robots":{"index":"index","follow":"follow","max-snippet":"max-snippet:-1","max-image-preview":"max-image-preview:large","max-video-preview":"max-video-preview:-1"},"canonical":"http:\/\/www.frederic-poitou.com\/blog\/comment-ca-jte-tape-la-gene\/","og_locale":"fr_FR","og_type":"article","og_title":"PAS WESH-WESH LES YEUVES ... -","og_description":"Pas wesh-wesh les\u00a0yeuves qu&rsquo;ont le seum de ne rien entrave, mais ieum, j&rsquo;m&rsquo;en balec ! Ayant eu le plaisir de partager mes vacances avec une tribu d&rsquo;ado, j&rsquo;ai d\u00e9couvert le bonheur de ne pas tout comprendre, ni au vocabulaire, ni &hellip; Lire la suite\u00ad\u00ad","og_url":"http:\/\/www.frederic-poitou.com\/blog\/comment-ca-jte-tape-la-gene\/","article_publisher":"https:\/\/www.facebook.com\/frederic.poitou\/","article_published_time":"2024-01-20T07:15:21+00:00","article_modified_time":"2024-01-20T07:28:56+00:00","og_image":[{"width":770,"height":360,"url":"http:\/\/www.frederic-poitou.com\/blog\/wp-content\/2009\/08\/14649965352_6d6822efe0_o-770x360.jpg","type":"image\/jpeg"}],"author":"Fr\u00e9d\u00e9ric Poitou","twitter_card":"summary_large_image","twitter_creator":"@fredericpoitou","twitter_site":"@fredericpoitou","twitter_misc":{"\u00c9crit par":"Fr\u00e9d\u00e9ric Poitou","Dur\u00e9e de lecture estim\u00e9e":"4 minutes"},"schema":{"@context":"https:\/\/schema.org","@graph":[{"@type":"Article","@id":"http:\/\/www.frederic-poitou.com\/blog\/comment-ca-jte-tape-la-gene\/#article","isPartOf":{"@id":"http:\/\/www.frederic-poitou.com\/blog\/comment-ca-jte-tape-la-gene\/"},"author":{"name":"Fr\u00e9d\u00e9ric Poitou","@id":"http:\/\/www.frederic-poitou.com\/blog\/#\/schema\/person\/e2c2d05e978747818533fdce859a7799"},"headline":"PAS WESH-WESH LES YEUVES &#8230;","datePublished":"2024-01-20T07:15:21+00:00","dateModified":"2024-01-20T07:28:56+00:00","mainEntityOfPage":{"@id":"http:\/\/www.frederic-poitou.com\/blog\/comment-ca-jte-tape-la-gene\/"},"wordCount":779,"commentCount":0,"image":{"@id":"http:\/\/www.frederic-poitou.com\/blog\/comment-ca-jte-tape-la-gene\/#primaryimage"},"thumbnailUrl":"http:\/\/www.frederic-poitou.com\/blog\/wp-content\/2009\/08\/14649965352_6d6822efe0_o-770x360.jpg","keywords":["DIVERS"],"articleSection":["Accueil","Culture","Divers","Soci\u00e9t\u00e9"],"inLanguage":"fr-FR","potentialAction":[{"@type":"CommentAction","name":"Comment","target":["http:\/\/www.frederic-poitou.com\/blog\/comment-ca-jte-tape-la-gene\/#respond"]}]},{"@type":"WebPage","@id":"http:\/\/www.frederic-poitou.com\/blog\/comment-ca-jte-tape-la-gene\/","url":"http:\/\/www.frederic-poitou.com\/blog\/comment-ca-jte-tape-la-gene\/","name":"PAS WESH-WESH LES YEUVES ... -","isPartOf":{"@id":"http:\/\/www.frederic-poitou.com\/blog\/#website"},"primaryImageOfPage":{"@id":"http:\/\/www.frederic-poitou.com\/blog\/comment-ca-jte-tape-la-gene\/#primaryimage"},"image":{"@id":"http:\/\/www.frederic-poitou.com\/blog\/comment-ca-jte-tape-la-gene\/#primaryimage"},"thumbnailUrl":"http:\/\/www.frederic-poitou.com\/blog\/wp-content\/2009\/08\/14649965352_6d6822efe0_o-770x360.jpg","datePublished":"2024-01-20T07:15:21+00:00","dateModified":"2024-01-20T07:28:56+00:00","author":{"@id":"http:\/\/www.frederic-poitou.com\/blog\/#\/schema\/person\/e2c2d05e978747818533fdce859a7799"},"breadcrumb":{"@id":"http:\/\/www.frederic-poitou.com\/blog\/comment-ca-jte-tape-la-gene\/#breadcrumb"},"inLanguage":"fr-FR","potentialAction":[{"@type":"ReadAction","target":["http:\/\/www.frederic-poitou.com\/blog\/comment-ca-jte-tape-la-gene\/"]}]},{"@type":"ImageObject","inLanguage":"fr-FR","@id":"http:\/\/www.frederic-poitou.com\/blog\/comment-ca-jte-tape-la-gene\/#primaryimage","url":"http:\/\/www.frederic-poitou.com\/blog\/wp-content\/2009\/08\/14649965352_6d6822efe0_o-770x360.jpg","contentUrl":"http:\/\/www.frederic-poitou.com\/blog\/wp-content\/2009\/08\/14649965352_6d6822efe0_o-770x360.jpg","width":770,"height":360},{"@type":"BreadcrumbList","@id":"http:\/\/www.frederic-poitou.com\/blog\/comment-ca-jte-tape-la-gene\/#breadcrumb","itemListElement":[{"@type":"ListItem","position":1,"name":"Accueil","item":"http:\/\/www.frederic-poitou.com\/blog\/"},{"@type":"ListItem","position":2,"name":"PAS WESH-WESH LES YEUVES &#8230;"}]},{"@type":"WebSite","@id":"http:\/\/www.frederic-poitou.com\/blog\/#website","url":"http:\/\/www.frederic-poitou.com\/blog\/","name":"","description":"","potentialAction":[{"@type":"SearchAction","target":{"@type":"EntryPoint","urlTemplate":"http:\/\/www.frederic-poitou.com\/blog\/?s={search_term_string}"},"query-input":{"@type":"PropertyValueSpecification","valueRequired":true,"valueName":"search_term_string"}}],"inLanguage":"fr-FR"},{"@type":"Person","@id":"http:\/\/www.frederic-poitou.com\/blog\/#\/schema\/person\/e2c2d05e978747818533fdce859a7799","name":"Fr\u00e9d\u00e9ric Poitou","image":{"@type":"ImageObject","inLanguage":"fr-FR","@id":"http:\/\/www.frederic-poitou.com\/blog\/#\/schema\/person\/image\/","url":"https:\/\/secure.gravatar.com\/avatar\/1933bcca279a2feafd35d9e0a080c521e11beb51115fe4cfe02e2586ac13424a?s=96&d=mm&r=g","contentUrl":"https:\/\/secure.gravatar.com\/avatar\/1933bcca279a2feafd35d9e0a080c521e11beb51115fe4cfe02e2586ac13424a?s=96&d=mm&r=g","caption":"Fr\u00e9d\u00e9ric Poitou"},"description":"Fr\u00e9d\u00e9ric Poitou est n\u00e9 \u00e0 Rouen, et y a fait des \u00e9tudes au Conservatoire en musique-\u00e9tudes en section piano. Il s'est ensuite orient\u00e9 vers des \u00e9tudes scientifiques o\u00f9 il a obtenu un dipl\u00f4me d'ing\u00e9nieur, puis un doctorat en Chimie. Il est Expert Judiciaire en France, en Belgique et \u00e0 Luxembourg, et agr\u00e9e par les Institutions Europ\u00e9ennes.","sameAs":["http:\/\/www.frederic-poitou.com","https:\/\/www.linkedin.com\/in\/frederic-poitou-b045a025\/"]}]}},"_links":{"self":[{"href":"http:\/\/www.frederic-poitou.com\/blog\/wp-json\/wp\/v2\/posts\/1584","targetHints":{"allow":["GET"]}}],"collection":[{"href":"http:\/\/www.frederic-poitou.com\/blog\/wp-json\/wp\/v2\/posts"}],"about":[{"href":"http:\/\/www.frederic-poitou.com\/blog\/wp-json\/wp\/v2\/types\/post"}],"author":[{"embeddable":true,"href":"http:\/\/www.frederic-poitou.com\/blog\/wp-json\/wp\/v2\/users\/4"}],"replies":[{"embeddable":true,"href":"http:\/\/www.frederic-poitou.com\/blog\/wp-json\/wp\/v2\/comments?post=1584"}],"version-history":[{"count":7,"href":"http:\/\/www.frederic-poitou.com\/blog\/wp-json\/wp\/v2\/posts\/1584\/revisions"}],"predecessor-version":[{"id":10389,"href":"http:\/\/www.frederic-poitou.com\/blog\/wp-json\/wp\/v2\/posts\/1584\/revisions\/10389"}],"wp:featuredmedia":[{"embeddable":true,"href":"http:\/\/www.frederic-poitou.com\/blog\/wp-json\/wp\/v2\/media\/6873"}],"wp:attachment":[{"href":"http:\/\/www.frederic-poitou.com\/blog\/wp-json\/wp\/v2\/media?parent=1584"}],"wp:term":[{"taxonomy":"category","embeddable":true,"href":"http:\/\/www.frederic-poitou.com\/blog\/wp-json\/wp\/v2\/categories?post=1584"},{"taxonomy":"post_tag","embeddable":true,"href":"http:\/\/www.frederic-poitou.com\/blog\/wp-json\/wp\/v2\/tags?post=1584"}],"curies":[{"name":"wp","href":"https:\/\/api.w.org\/{rel}","templated":true}]}}